{"id":94113,"date":"2020-09-01T08:00:43","date_gmt":"2020-09-01T15:00:43","guid":{"rendered":"https:\/\/www.sonoraenequipo.com.mx\/?p=94113"},"modified":"2020-09-01T13:31:23","modified_gmt":"2020-09-01T20:31:23","slug":"preparado-isspe-para-recibir-a-cadetes-en-forma-presencial-arias-soto","status":"publish","type":"post","link":"https:\/\/www.sonoraenequipo.com.mx\/preparado-isspe-para-recibir-a-cadetes-en-forma-presencial-arias-soto\/","title":{"rendered":"Preparado Isspe para recibir a cadetes en forma presencial: Arias Soto"},"content":{"rendered":"<p>HERMOSILLO, SONORA. MX. \u2014\u00a0 El Instituto Superior de Seguridad P\u00fablica del Estado (Isspe) se encuentra preparado para regresar a la nueva realidad retomando labores de preparaci\u00f3n acad\u00e9mica bajo estrictas medidas sanitarias por la pandemia por Covid-19, inform\u00f3 el Comandante Juan Miguel Arias Soto.<\/p>\n<p>&nbsp;<\/p>\n<p>&nbsp;<\/p>\n<p> <\/p>\n<p>&nbsp;<\/p>\n<p>&nbsp;<\/p>\n<p>El director general del Isspe explic\u00f3 que se encuentran en espera de la autorizaci\u00f3n del sector salud para que los cadetes regresen a sus clases presenciales, para lo cual se realizaron protocolos y acciones de limpieza en las instalaciones.<\/p>\n<p>&nbsp;<\/p>\n<p><em>\u201cHay clases que el Secretariado exige sean en forma presencial, mismas que deben concluir antes del 31 de diciembre, se les ha dado en plataformas la capacitaci\u00f3n, pero ya tienen que darse las clases pr\u00e1cticas\u201d,<\/em> se\u00f1al\u00f3.<\/p>\n<p>&nbsp;<\/p>\n<p>Durante la emergencia sanitaria por Covid-19, mencion\u00f3, se han realizado una serie de remodelaciones, as\u00ed como la construcci\u00f3n de aulas y una cancha de pasto sint\u00e9tico.<\/p>\n<p>&nbsp;<\/p>\n<p>Coment\u00f3 que en d\u00edas pasados el secretario de Seguridad P\u00fablica, Jos\u00e9 David Anaya Cooley realiz\u00f3 un recorrido por las instalaciones del Instituto, para corroborar las adecuaciones que se llevan a cabo.<\/p>\n<p>&nbsp;<\/p>\n<p>Para reforzar el cuidado de la salud de los estudiantes, dijo, se adquirieron cubrebocas, caretas, lentes de protecci\u00f3n, suficiente gel sanitizante y se practicar\u00e1n pruebas de detecci\u00f3n al ingreso, con el prop\u00f3sito de evitar contagios.<\/p>\n<p>&nbsp;<\/p>\n<p>En el rubro de deporte, por ser uno de los aspectos de importancia durante la formaci\u00f3n que Isspe brinda, se construy\u00f3 una cancha de futbol sint\u00e9tica, misma que servir\u00e1 de esparcimiento a los cadetes en sus tiempos libres, se\u00f1al\u00f3.<\/p>\n<p>&nbsp;<\/p>\n<p>Arias Soto agreg\u00f3 que tambi\u00e9n se cre\u00f3 una nueva \u00e1rea destinada al archivo, dado que el Isspe est\u00e1 generando documentaci\u00f3n comprobatoria de las capacitaciones que imparte a m\u00e1s de 50 municipios de 20 estados del pa\u00eds.<\/p>\n<p>(PUBLICADO EL 01\/09\/2020)<\/p>\n","protected":false},"excerpt":{"rendered":"<p>HERMOSILLO, SONORA. MX. \u2014\u00a0 El Instituto Superior de Seguridad P\u00fablica del Estado (Isspe) se encuentra&#8230;<\/p>\n","protected":false},"author":1,"featured_media":94114,"comment_status":"open","ping_status":"open","sticky":false,"template":"","format":"standard","meta":{"_monsterinsights_skip_tracking":false,"_monsterinsights_sitenote_active":false,"_monsterinsights_sitenote_note":"","_monsterinsights_sitenote_category":0,"footnotes":""},"categories":[22],"tags":[],"class_list":["post"],"yoast_head":" \n<title>Sonora en Equipo. Preparado Isspe para recibir a cadetes en forma presencial: Arias Soto Sonora<\/title>\n<meta name=\"description\" content=\"HERMOSILLO, SONORA. MX. \u2014\u00a0 El Instituto Superior de Seguridad P\u00fablica del Estado (Isspe) se encuentra preparado para regresar a la nueva realidad En Sonora en Equipo publicamos toda la informaci\u00f3n de Sonora, M\u00e9xico y el Mundo de manera oportuna y busca que la libertad de expresi\u00f3n sea real. Visita nuestro medio informativo publicado desde Hermosillo, Sonora. %\" \/>\n<meta name=\"robots\" content=\"index, follow, max-snippet:-1, max-image-preview:large, max-video-preview:-1\" \/>\n<link rel=\"canonical\" href=\"https:\/\/www.sonoraenequipo.com.mx\/preparado-isspe-para-recibir-a-cadetes-en-forma-presencial-arias-soto\/\" \/>\n<meta property=\"og:locale\" content=\"es_ES\" \/>\n<meta property=\"og:type\" content=\"article\" \/>\n<meta property=\"og:title\" content=\"Sonora en Equipo. Preparado Isspe para recibir a cadetes en forma presencial: Arias Soto Sonora\" \/>\n<meta property=\"og:description\" content=\"HERMOSILLO, SONORA. MX. \u2014\u00a0 El Instituto Superior de Seguridad P\u00fablica del Estado (Isspe) se encuentra preparado para regresar a la nueva realidad En Sonora en Equipo publicamos toda la informaci\u00f3n de Sonora, M\u00e9xico y el Mundo de manera oportuna y busca que la libertad de expresi\u00f3n sea real. Visita nuestro medio informativo publicado desde Hermosillo, Sonora. %\" \/>\n<meta property=\"og:url\" content=\"https:\/\/www.sonoraenequipo.com.mx\/preparado-isspe-para-recibir-a-cadetes-en-forma-presencial-arias-soto\/\" \/>\n<meta property=\"og:site_name\" content=\"Sonora en Equipo.\" \/>\n<meta property=\"article:publisher\" content=\"https:\/\/www.facebook.com\/SonoraEE\/\" \/>\n<meta property=\"article:author\" content=\"https:\/\/www.facebook.com\/SonoraEE\" \/>\n<meta property=\"article:published_time\" content=\"2020-09-01T15:00:43+00:00\" \/>\n<meta property=\"article:modified_time\" content=\"2020-09-01T20:31:23+00:00\" \/>\n<meta property=\"og:image\" content=\"https:\/\/www.sonoraenequipo.com.mx\/storage\/2020\/09\/isspe_opt.jpg\" \/>\n\t<meta property=\"og:image:width\" content=\"534\" \/>\n\t<meta property=\"og:image:height\" content=\"400\" \/>\n\t<meta property=\"og:image:type\" content=\"image\/jpeg\" \/>\n<meta name=\"author\" content=\"enequipo\" \/>\n<meta name=\"twitter:card\" content=\"summary_large_image\" \/>\n<meta name=\"twitter:creator\" content=\"@sonoraenequipo\" \/>\n<meta name=\"twitter:site\" content=\"@sonoraenequipo\" \/>\n<meta name=\"twitter:label1\" content=\"Escrito por\" \/>\n\t<meta name=\"twitter:data1\" content=\"enequipo\" \/>\n\t<meta name=\"twitter:label2\" content=\"Tiempo de lectura\" \/>\n\t<meta name=\"twitter:data2\" content=\"2 minutos\" \/>\n<script type=\"application\/ld+json\" class=\"yoast-schema-graph\">{\"@context\":\"https:\/\/schema.org\",\"@graph\":[{\"@type\":\"Article\",\"@id\":\"https:\/\/www.sonoraenequipo.com.mx\/preparado-isspe-para-recibir-a-cadetes-en-forma-presencial-arias-soto\/#article\",\"isPartOf\":{\"@id\":\"https:\/\/www.sonoraenequipo.com.mx\/preparado-isspe-para-recibir-a-cadetes-en-forma-presencial-arias-soto\/\"},\"author\":{\"name\":\"enequipo\",\"@id\":\"https:\/\/www.sonoraenequipo.com.mx\/#\/schema\/person\/50102df0fb23a8fa9e8effad8fa81386\"},\"headline\":\"Preparado Isspe para recibir a cadetes en forma presencial: Arias Soto\",\"datePublished\":\"2020-09-01T15:00:43+00:00\",\"dateModified\":\"2020-09-01T20:31:23+00:00\",\"mainEntityOfPage\":{\"@id\":\"https:\/\/www.sonoraenequipo.com.mx\/preparado-isspe-para-recibir-a-cadetes-en-forma-presencial-arias-soto\/\"},\"wordCount\":326,\"commentCount\":0,\"publisher\":{\"@id\":\"https:\/\/www.sonoraenequipo.com.mx\/#organization\"},\"image\":{\"@id\":\"https:\/\/www.sonoraenequipo.com.mx\/preparado-isspe-para-recibir-a-cadetes-en-forma-presencial-arias-soto\/#primaryimage\"},\"thumbnailUrl\":\"https:\/\/www.sonoraenequipo.com.mx\/storage\/2020\/09\/isspe_opt.jpg\",\"articleSection\":[\"Sonora\"],\"inLanguage\":\"es\",\"potentialAction\":[{\"@type\":\"CommentAction\",\"name\":\"Comment\",\"target\":[\"https:\/\/www.sonoraenequipo.com.mx\/preparado-isspe-para-recibir-a-cadetes-en-forma-presencial-arias-soto\/#respond\"]}]},{\"@type\":\"WebPage\",\"@id\":\"https:\/\/www.sonoraenequipo.com.mx\/preparado-isspe-para-recibir-a-cadetes-en-forma-presencial-arias-soto\/\",\"url\":\"https:\/\/www.sonoraenequipo.com.mx\/preparado-isspe-para-recibir-a-cadetes-en-forma-presencial-arias-soto\/\",\"name\":\"Sonora en Equipo. Preparado Isspe para recibir a cadetes en forma presencial: Arias Soto Sonora\",\"isPartOf\":{\"@id\":\"https:\/\/www.sonoraenequipo.com.mx\/#website\"},\"primaryImageOfPage\":{\"@id\":\"https:\/\/www.sonoraenequipo.com.mx\/preparado-isspe-para-recibir-a-cadetes-en-forma-presencial-arias-soto\/#primaryimage\"},\"image\":{\"@id\":\"https:\/\/www.sonoraenequipo.com.mx\/preparado-isspe-para-recibir-a-cadetes-en-forma-presencial-arias-soto\/#primaryimage\"},\"thumbnailUrl\":\"https:\/\/www.sonoraenequipo.com.mx\/storage\/2020\/09\/isspe_opt.jpg\",\"datePublished\":\"2020-09-01T15:00:43+00:00\",\"dateModified\":\"2020-09-01T20:31:23+00:00\",\"description\":\"HERMOSILLO, SONORA. MX. \u2014\u00a0 El Instituto Superior de Seguridad P\u00fablica del Estado (Isspe) se encuentra preparado para regresar a la nueva realidad En Sonora en Equipo publicamos toda la informaci\u00f3n de Sonora, M\u00e9xico y el Mundo de manera oportuna y busca que la libertad de expresi\u00f3n sea real. Visita nuestro medio informativo publicado desde Hermosillo, Sonora. %\",\"breadcrumb\":{\"@id\":\"https:\/\/www.sonoraenequipo.com.mx\/preparado-isspe-para-recibir-a-cadetes-en-forma-presencial-arias-soto\/#breadcrumb\"},\"inLanguage\":\"es\",\"potentialAction\":[{\"@type\":\"ReadAction\",\"target\":[\"https:\/\/www.sonoraenequipo.com.mx\/preparado-isspe-para-recibir-a-cadetes-en-forma-presencial-arias-soto\/\"]}]},{\"@type\":\"ImageObject\",\"inLanguage\":\"es\",\"@id\":\"https:\/\/www.sonoraenequipo.com.mx\/preparado-isspe-para-recibir-a-cadetes-en-forma-presencial-arias-soto\/#primaryimage\",\"url\":\"https:\/\/www.sonoraenequipo.com.mx\/storage\/2020\/09\/isspe_opt.jpg\",\"contentUrl\":\"https:\/\/www.sonoraenequipo.com.mx\/storage\/2020\/09\/isspe_opt.jpg\",\"width\":534,\"height\":400},{\"@type\":\"BreadcrumbList\",\"@id\":\"https:\/\/www.sonoraenequipo.com.mx\/preparado-isspe-para-recibir-a-cadetes-en-forma-presencial-arias-soto\/#breadcrumb\",\"itemListElement\":[{\"@type\":\"ListItem\",\"position\":1,\"name\":\"Portada\",\"item\":\"https:\/\/www.sonoraenequipo.com.mx\/\"},{\"@type\":\"ListItem\",\"position\":2,\"name\":\"Preparado Isspe para recibir a cadetes en forma presencial: Arias Soto\"}]},{\"@type\":\"WebSite\",\"@id\":\"https:\/\/www.sonoraenequipo.com.mx\/#website\",\"url\":\"https:\/\/www.sonoraenequipo.com.mx\/\",\"name\":\"Sonora en Equipo.\",\"description\":\"Diario en l\u00ednea con Noticias desde Hermosillo, Sonora\",\"publisher\":{\"@id\":\"https:\/\/www.sonoraenequipo.com.mx\/#organization\"},\"potentialAction\":[{\"@type\":\"SearchAction\",\"target\":{\"@type\":\"EntryPoint\",\"urlTemplate\":\"https:\/\/www.sonoraenequipo.com.mx\/?s={search_term_string}\"},\"query-input\":{\"@type\":\"PropertyValueSpecification\",\"valueRequired\":true,\"valueName\":\"search_term_string\"}}],\"inLanguage\":\"es\"},{\"@type\":\"Organization\",\"@id\":\"https:\/\/www.sonoraenequipo.com.mx\/#organization\",\"name\":\"Sonoraenequipo.com.mx\",\"url\":\"https:\/\/www.sonoraenequipo.com.mx\/\",\"logo\":{\"@type\":\"ImageObject\",\"inLanguage\":\"es\",\"@id\":\"https:\/\/www.sonoraenequipo.com.mx\/#\/schema\/logo\/image\/\",\"url\":\"https:\/\/www.sonoraenequipo.com.mx\/storage\/2019\/01\/sonoraenequipo_opt.png\",\"contentUrl\":\"https:\/\/www.sonoraenequipo.com.mx\/storage\/2019\/01\/sonoraenequipo_opt.png\",\"width\":375,\"height\":125,\"caption\":\"Sonoraenequipo.com.mx\"},\"image\":{\"@id\":\"https:\/\/www.sonoraenequipo.com.mx\/#\/schema\/logo\/image\/\"},\"sameAs\":[\"https:\/\/www.facebook.com\/SonoraEE\/\",\"https:\/\/x.com\/sonoraenequipo\",\"https:\/\/www.youtube.com\/channel\/UC338nW-lPEYmJQs4ZABQ1SQ\"]},{\"@type\":\"Person\",\"@id\":\"https:\/\/www.sonoraenequipo.com.mx\/#\/schema\/person\/50102df0fb23a8fa9e8effad8fa81386\",\"name\":\"enequipo\",\"image\":{\"@type\":\"ImageObject\",\"inLanguage\":\"es\",\"@id\":\"https:\/\/www.sonoraenequipo.com.mx\/#\/schema\/person\/image\/\",\"url\":\"https:\/\/secure.gravatar.com\/avatar\/049821681b589dabc0bc20695993ccebb09f5b5d4d790cd9251b97faac7c652b?s=96&d=blank&r=g\",\"contentUrl\":\"https:\/\/secure.gravatar.com\/avatar\/049821681b589dabc0bc20695993ccebb09f5b5d4d790cd9251b97faac7c652b?s=96&d=blank&r=g\",\"caption\":\"enequipo\"},\"sameAs\":[\"https:\/\/www.facebook.com\/SonoraEE\"]}]}<\/script>\n ","yoast_head_json":{"title":"Sonora en Equipo. Preparado Isspe para recibir a cadetes en forma presencial: Arias Soto Sonora","description":"HERMOSILLO, SONORA. MX. \u2014\u00a0 El Instituto Superior de Seguridad P\u00fablica del Estado (Isspe) se encuentra preparado para regresar a la nueva realidad En Sonora en Equipo publicamos toda la informaci\u00f3n de Sonora, M\u00e9xico y el Mundo de manera oportuna y busca que la libertad de expresi\u00f3n sea real. Visita nuestro medio informativo publicado desde Hermosillo, Sonora. %","robots":{"index":"index","follow":"follow","max-snippet":"max-snippet:-1","max-image-preview":"max-image-preview:large","max-video-preview":"max-video-preview:-1"},"canonical":"https:\/\/www.sonoraenequipo.com.mx\/preparado-isspe-para-recibir-a-cadetes-en-forma-presencial-arias-soto\/","og_locale":"es_ES","og_type":"article","og_title":"Sonora en Equipo. Preparado Isspe para recibir a cadetes en forma presencial: Arias Soto Sonora","og_description":"HERMOSILLO, SONORA. MX. \u2014\u00a0 El Instituto Superior de Seguridad P\u00fablica del Estado (Isspe) se encuentra preparado para regresar a la nueva realidad En Sonora en Equipo publicamos toda la informaci\u00f3n de Sonora, M\u00e9xico y el Mundo de manera oportuna y busca que la libertad de expresi\u00f3n sea real. Visita nuestro medio informativo publicado desde Hermosillo, Sonora. %","og_url":"https:\/\/www.sonoraenequipo.com.mx\/preparado-isspe-para-recibir-a-cadetes-en-forma-presencial-arias-soto\/","og_site_name":"Sonora en Equipo.","article_publisher":"https:\/\/www.facebook.com\/SonoraEE\/","article_author":"https:\/\/www.facebook.com\/SonoraEE","article_published_time":"2020-09-01T15:00:43+00:00","article_modified_time":"2020-09-01T20:31:23+00:00","og_image":[{"width":534,"height":400,"url":"https:\/\/www.sonoraenequipo.com.mx\/storage\/2020\/09\/isspe_opt.jpg","type":"image\/jpeg"}],"author":"enequipo","twitter_card":"summary_large_image","twitter_creator":"@sonoraenequipo","twitter_site":"@sonoraenequipo","twitter_misc":{"Escrito por":"enequipo","Tiempo de lectura":"2 minutos"},"schema":{"@context":"https:\/\/schema.org","@graph":[{"@type":"Article","@id":"https:\/\/www.sonoraenequipo.com.mx\/preparado-isspe-para-recibir-a-cadetes-en-forma-presencial-arias-soto\/#article","isPartOf":{"@id":"https:\/\/www.sonoraenequipo.com.mx\/preparado-isspe-para-recibir-a-cadetes-en-forma-presencial-arias-soto\/"},"author":{"name":"enequipo","@id":"https:\/\/www.sonoraenequipo.com.mx\/#\/schema\/person\/50102df0fb23a8fa9e8effad8fa81386"},"headline":"Preparado Isspe para recibir a cadetes en forma presencial: Arias Soto","datePublished":"2020-09-01T15:00:43+00:00","dateModified":"2020-09-01T20:31:23+00:00","mainEntityOfPage":{"@id":"https:\/\/www.sonoraenequipo.com.mx\/preparado-isspe-para-recibir-a-cadetes-en-forma-presencial-arias-soto\/"},"wordCount":326,"commentCount":0,"publisher":{"@id":"https:\/\/www.sonoraenequipo.com.mx\/#organization"},"image":{"@id":"https:\/\/www.sonoraenequipo.com.mx\/preparado-isspe-para-recibir-a-cadetes-en-forma-presencial-arias-soto\/#primaryimage"},"thumbnailUrl":"https:\/\/www.sonoraenequipo.com.mx\/storage\/2020\/09\/isspe_opt.jpg","articleSection":["Sonora"],"inLanguage":"es","potentialAction":[{"@type":"CommentAction","name":"Comment","target":["https:\/\/www.sonoraenequipo.com.mx\/preparado-isspe-para-recibir-a-cadetes-en-forma-presencial-arias-soto\/#respond"]}]},{"@type":"WebPage","@id":"https:\/\/www.sonoraenequipo.com.mx\/preparado-isspe-para-recibir-a-cadetes-en-forma-presencial-arias-soto\/","url":"https:\/\/www.sonoraenequipo.com.mx\/preparado-isspe-para-recibir-a-cadetes-en-forma-presencial-arias-soto\/","name":"Sonora en Equipo. Preparado Isspe para recibir a cadetes en forma presencial: Arias Soto Sonora","isPartOf":{"@id":"https:\/\/www.sonoraenequipo.com.mx\/#website"},"primaryImageOfPage":{"@id":"https:\/\/www.sonoraenequipo.com.mx\/preparado-isspe-para-recibir-a-cadetes-en-forma-presencial-arias-soto\/#primaryimage"},"image":{"@id":"https:\/\/www.sonoraenequipo.com.mx\/preparado-isspe-para-recibir-a-cadetes-en-forma-presencial-arias-soto\/#primaryimage"},"thumbnailUrl":"https:\/\/www.sonoraenequipo.com.mx\/storage\/2020\/09\/isspe_opt.jpg","datePublished":"2020-09-01T15:00:43+00:00","dateModified":"2020-09-01T20:31:23+00:00","description":"HERMOSILLO, SONORA. MX. \u2014\u00a0 El Instituto Superior de Seguridad P\u00fablica del Estado (Isspe) se encuentra preparado para regresar a la nueva realidad En Sonora en Equipo publicamos toda la informaci\u00f3n de Sonora, M\u00e9xico y el Mundo de manera oportuna y busca que la libertad de expresi\u00f3n sea real. Visita nuestro medio informativo publicado desde Hermosillo, Sonora. %","breadcrumb":{"@id":"https:\/\/www.sonoraenequipo.com.mx\/preparado-isspe-para-recibir-a-cadetes-en-forma-presencial-arias-soto\/#breadcrumb"},"inLanguage":"es","potentialAction":[{"@type":"ReadAction","target":["https:\/\/www.sonoraenequipo.com.mx\/preparado-isspe-para-recibir-a-cadetes-en-forma-presencial-arias-soto\/"]}]},{"@type":"ImageObject","inLanguage":"es","@id":"https:\/\/www.sonoraenequipo.com.mx\/preparado-isspe-para-recibir-a-cadetes-en-forma-presencial-arias-soto\/#primaryimage","url":"https:\/\/www.sonoraenequipo.com.mx\/storage\/2020\/09\/isspe_opt.jpg","contentUrl":"https:\/\/www.sonoraenequipo.com.mx\/storage\/2020\/09\/isspe_opt.jpg","width":534,"height":400},{"@type":"BreadcrumbList","@id":"https:\/\/www.sonoraenequipo.com.mx\/preparado-isspe-para-recibir-a-cadetes-en-forma-presencial-arias-soto\/#breadcrumb","itemListElement":[{"@type":"ListItem","position":1,"name":"Portada","item":"https:\/\/www.sonoraenequipo.com.mx\/"},{"@type":"ListItem","position":2,"name":"Preparado Isspe para recibir a cadetes en forma presencial: Arias Soto"}]},{"@type":"WebSite","@id":"https:\/\/www.sonoraenequipo.com.mx\/#website","url":"https:\/\/www.sonoraenequipo.com.mx\/","name":"Sonora en Equipo.","description":"Diario en l\u00ednea con Noticias desde Hermosillo, Sonora","publisher":{"@id":"https:\/\/www.sonoraenequipo.com.mx\/#organization"},"potentialAction":[{"@type":"SearchAction","target":{"@type":"EntryPoint","urlTemplate":"https:\/\/www.sonoraenequipo.com.mx\/?s={search_term_string}"},"query-input":{"@type":"PropertyValueSpecification","valueRequired":true,"valueName":"search_term_string"}}],"inLanguage":"es"},{"@type":"Organization","@id":"https:\/\/www.sonoraenequipo.com.mx\/#organization","name":"Sonoraenequipo.com.mx","url":"https:\/\/www.sonoraenequipo.com.mx\/","logo":{"@type":"ImageObject","inLanguage":"es","@id":"https:\/\/www.sonoraenequipo.com.mx\/#\/schema\/logo\/image\/","url":"https:\/\/www.sonoraenequipo.com.mx\/storage\/2019\/01\/sonoraenequipo_opt.png","contentUrl":"https:\/\/www.sonoraenequipo.com.mx\/storage\/2019\/01\/sonoraenequipo_opt.png","width":375,"height":125,"caption":"Sonoraenequipo.com.mx"},"image":{"@id":"https:\/\/www.sonoraenequipo.com.mx\/#\/schema\/logo\/image\/"},"sameAs":["https:\/\/www.facebook.com\/SonoraEE\/","https:\/\/x.com\/sonoraenequipo","https:\/\/www.youtube.com\/channel\/UC338nW-lPEYmJQs4ZABQ1SQ"]},{"@type":"Person","@id":"https:\/\/www.sonoraenequipo.com.mx\/#\/schema\/person\/50102df0fb23a8fa9e8effad8fa81386","name":"enequipo","image":{"@type":"ImageObject","inLanguage":"es","@id":"https:\/\/www.sonoraenequipo.com.mx\/#\/schema\/person\/image\/","url":"https:\/\/secure.gravatar.com\/avatar\/049821681b589dabc0bc20695993ccebb09f5b5d4d790cd9251b97faac7c652b?s=96&d=blank&r=g","contentUrl":"https:\/\/secure.gravatar.com\/avatar\/049821681b589dabc0bc20695993ccebb09f5b5d4d790cd9251b97faac7c652b?s=96&d=blank&r=g","caption":"enequipo"},"sameAs":["https:\/\/www.facebook.com\/SonoraEE"]}]}},"jetpack_featured_media_url":"https:\/\/www.sonoraenequipo.com.mx\/storage\/2020\/09\/isspe_opt.jpg","_links":{"self":[{"href":"https:\/\/www.sonoraenequipo.com.mx\/api\/wp\/v2\/posts\/94113","targetHints":{"allow":["GET"]}}],"collection":[{"href":"https:\/\/www.sonoraenequipo.com.mx\/api\/wp\/v2\/posts"}],"about":[{"href":"https:\/\/www.sonoraenequipo.com.mx\/api\/wp\/v2\/types\/post"}],"author":[{"embeddable":true,"href":"https:\/\/www.sonoraenequipo.com.mx\/api\/wp\/v2\/users\/1"}],"replies":[{"embeddable":true,"href":"https:\/\/www.sonoraenequipo.com.mx\/api\/wp\/v2\/comments?post=94113"}],"version-history":[{"count":0,"href":"https:\/\/www.sonoraenequipo.com.mx\/api\/wp\/v2\/posts\/94113\/revisions"}],"wp:featuredmedia":[{"embeddable":true,"href":"https:\/\/www.sonoraenequipo.com.mx\/api\/wp\/v2\/media\/94114"}],"wp:attachment":[{"href":"https:\/\/www.sonoraenequipo.com.mx\/api\/wp\/v2\/media?parent=94113"}],"wp:term":[{"taxonomy":"category","embeddable":true,"href":"https:\/\/www.sonoraenequipo.com.mx\/api\/wp\/v2\/categories?post=94113"},{"taxonomy":"post_tag","embeddable":true,"href":"https:\/\/www.sonoraenequipo.com.mx\/api\/wp\/v2\/tags?post=94113"}],"curies":[{"name":"wp","href":"https:\/\/api.w.org\/{rel}","templated":true}]}}