{"id":94120,"date":"2020-09-01T10:30:54","date_gmt":"2020-09-01T17:30:54","guid":{"rendered":"https:\/\/www.sonoraenequipo.com.mx\/?p=94120"},"modified":"2020-09-01T14:05:18","modified_gmt":"2020-09-01T21:05:18","slug":"coparmex-firma-convenio-de-colaboracion-con-la-contraloria","status":"publish","type":"post","link":"https:\/\/www.sonoraenequipo.com.mx\/coparmex-firma-convenio-de-colaboracion-con-la-contraloria\/","title":{"rendered":"Coparmex Firma convenio de colaboraci\u00f3n con la Contralor\u00eda"},"content":{"rendered":"<p>HERMOSILLO, SONORA. MX. \u2014 Para establecer las bases de manera formal en la vinculaci\u00f3n y cooperaci\u00f3n entre la Secretar\u00eda de la Contralor\u00eda General del Estado y la Confederaci\u00f3n Patronal de la Rep\u00fablica Mexicana (Coparmex) Sonora Norte, se llev\u00f3 a cabo una firma de convenio virtual, con el que promover\u00e1n una pol\u00edtica de integridad empresarial como lo establece la Ley Estatal de Responsabilidades, entre los socios de esta c\u00e1mara empresarial.<\/p>\n<p>&nbsp;<\/p>\n<p> <\/p>\n<p>&nbsp;<\/p>\n<p>Miguel \u00c1ngel Murillo Aispuro, secretario de la Contralor\u00eda General, acompa\u00f1ado de Josefina Rodr\u00edguez Espinoza, directora general de la Contralor\u00eda Social, explic\u00f3 que tanto las empresas como el Estado tienen mucho qu\u00e9 hacer para enfrentar el problema de la corrupci\u00f3n y es a trav\u00e9s de convenios que incluyen compromisos compartidos como el que se firm\u00f3, que se puede lograr.<\/p>\n<p>&nbsp;<\/p>\n<p>&nbsp;<\/p>\n<p>Murillo Aispuro se\u00f1al\u00f3 que las empresas requieren tener sus pol\u00edticas de integridad bien definidas y asimiladas por sus componentes, as\u00ed como el Estado hace su esfuerzo por implementar estrategias de gesti\u00f3n orientadas a la integridad, por lo que es conveniente que todas las empresas adem\u00e1s de implementar sus pol\u00edtica de integridad se comprometan a su cumplimiento.<\/p>\n<p>&nbsp;<\/p>\n<p>&nbsp;<\/p>\n<p><em>\u201cLa gobernadora Claudia Pavlovich ha sido muy clara en su constructiva relaci\u00f3n con las empresas sonorenses: Claridad, Transparencia y Di\u00e1logo, por eso, tambi\u00e9n como Contralor\u00eda General y por todo lo que he dicho, me responsabilizo y estoy cierto que el convenio que hoy firmamos es un paso m\u00e1s en un camino lleno de escollos, pero que sus propuestas por la integridad ser\u00e1n exitosas para beneficiar a los y las sonorenses\u201d,<\/em> manifest\u00f3.<\/p>\n<p>&nbsp;<\/p>\n<p>&nbsp;<\/p>\n<p>Arturo Fern\u00e1ndez, presidente de Coparmex Sonora Norte, celebr\u00f3 la firma de este convenio y destac\u00f3 que entre los compromisos de esta c\u00e1mara empresarial se encuentran: organizar en coordinaci\u00f3n con la Secretar\u00eda de la Contralor\u00eda una agenda de reuniones con los afiliados para que reciban una capacitaci\u00f3n sobre \u00e9tica e integridad empresarial; la implementaci\u00f3n de una pol\u00edtica de integridad; difundir una gu\u00eda pr\u00e1ctica para la difusi\u00f3n de estos temas; entre otras acciones.<\/p>\n<p>&nbsp;<\/p>\n<p>&nbsp;<\/p>\n<p><em>\u201cCoparmex fue uno de los primeros en reconocer que el problema de la corrupci\u00f3n se debe atacar desde el sector p\u00fablico, pero tambi\u00e9n desde la trinchera de la integridad empresarial, esta es una gran lucha que se encuentra en el centro de un M\u00e9xico competitivo; solo trabajando juntos el sector empresarial, el sector p\u00fablico y sociedad civil, es que podremos ir construyendo el M\u00e9xico que todos queremos y que todos nos merecemos\u201d,<\/em> expres\u00f3.<\/p>\n<p>&nbsp;<\/p>\n<p>&nbsp;<\/p>\n<p>Francisco Morales Gort\u00e1rez, presidente de la Comisi\u00f3n Anticorrupci\u00f3n de Coparmex Sonora Norte, detall\u00f3 que la integridad se ha convertido en la columna vertebral de los principios y valores de toda organizaci\u00f3n, por ello, la importancia de esta firma de convenio que los ayudar\u00e1 a promover la integridad empresarial en cada uno de los miembros de Coparmex.<\/p>\n<p>&nbsp;<\/p>\n<p>&nbsp;<\/p>\n<p><em>\u201cNuestra Comisi\u00f3n Anticorrupci\u00f3n desde un principio ha establecido acciones para apoyar a los actores en el Sistema Local Anticorrupci\u00f3n, que es un logro de la sociedad civil y que defendemos y fortalecemos con este tipo de acciones, estamos conscientes y preparados para apoyarlos junto con la Contralor\u00eda y la sociedad civil en la capacitaci\u00f3n en materia de \u00e9tica e integridad empresarial\u201d,<\/em> expuso.<\/p>\n<p>&nbsp;<\/p>\n<p>Al finalizar la firma de convenio, el secretario de la Contralor\u00eda General imparti\u00f3 a los socios de Coparmex Sonora Norte la conferencia virtual \u201cLa Importancia de la Pol\u00edtica de Integridad Empresarial\u201d.<\/p>\n<p>&nbsp;<\/p>\n<p>&nbsp;<\/p>\n<p>(PUBLICADO EL 01\/09\/2020)<\/p>\n","protected":false},"excerpt":{"rendered":"<p>HERMOSILLO, SONORA. MX. \u2014 Para establecer las bases de manera formal en la vinculaci\u00f3n y&#8230;<\/p>\n","protected":false},"author":1,"featured_media":94122,"comment_status":"open","ping_status":"open","sticky":false,"template":"","format":"standard","meta":{"_monsterinsights_skip_tracking":false,"_monsterinsights_sitenote_active":false,"_monsterinsights_sitenote_note":"","_monsterinsights_sitenote_category":0,"footnotes":""},"categories":[22],"tags":[],"class_list":["post"],"yoast_head":" \n<title>Sonora en Equipo. Coparmex Firma convenio de colaboraci\u00f3n con la Contralor\u00eda Sonora<\/title>\n<meta name=\"description\" content=\"HERMOSILLO, SONORA. MX. \u2014 Para establecer las bases de manera formal en la vinculaci\u00f3n y cooperaci\u00f3n entre la Secretar\u00eda de la Contralor\u00eda General del En Sonora en Equipo publicamos toda la informaci\u00f3n de Sonora, M\u00e9xico y el Mundo de manera oportuna y busca que la libertad de expresi\u00f3n sea real. Visita nuestro medio informativo publicado desde Hermosillo, Sonora. %\" \/>\n<meta name=\"robots\" content=\"index, follow, max-snippet:-1, max-image-preview:large, max-video-preview:-1\" \/>\n<link rel=\"canonical\" href=\"https:\/\/www.sonoraenequipo.com.mx\/coparmex-firma-convenio-de-colaboracion-con-la-contraloria\/\" \/>\n<meta property=\"og:locale\" content=\"es_ES\" \/>\n<meta property=\"og:type\" content=\"article\" \/>\n<meta property=\"og:title\" content=\"Sonora en Equipo. Coparmex Firma convenio de colaboraci\u00f3n con la Contralor\u00eda Sonora\" \/>\n<meta property=\"og:description\" content=\"HERMOSILLO, SONORA. MX. \u2014 Para establecer las bases de manera formal en la vinculaci\u00f3n y cooperaci\u00f3n entre la Secretar\u00eda de la Contralor\u00eda General del En Sonora en Equipo publicamos toda la informaci\u00f3n de Sonora, M\u00e9xico y el Mundo de manera oportuna y busca que la libertad de expresi\u00f3n sea real. Visita nuestro medio informativo publicado desde Hermosillo, Sonora. %\" \/>\n<meta property=\"og:url\" content=\"https:\/\/www.sonoraenequipo.com.mx\/coparmex-firma-convenio-de-colaboracion-con-la-contraloria\/\" \/>\n<meta property=\"og:site_name\" content=\"Sonora en Equipo.\" \/>\n<meta property=\"article:publisher\" content=\"https:\/\/www.facebook.com\/SonoraEE\/\" \/>\n<meta property=\"article:author\" content=\"https:\/\/www.facebook.com\/SonoraEE\" \/>\n<meta property=\"article:published_time\" content=\"2020-09-01T17:30:54+00:00\" \/>\n<meta property=\"article:modified_time\" content=\"2020-09-01T21:05:18+00:00\" \/>\n<meta property=\"og:image\" content=\"https:\/\/www.sonoraenequipo.com.mx\/storage\/2020\/09\/murillo_opt.jpg\" \/>\n\t<meta property=\"og:image:width\" content=\"625\" \/>\n\t<meta property=\"og:image:height\" content=\"356\" \/>\n\t<meta property=\"og:image:type\" content=\"image\/jpeg\" \/>\n<meta name=\"author\" content=\"enequipo\" \/>\n<meta name=\"twitter:card\" content=\"summary_large_image\" \/>\n<meta name=\"twitter:creator\" content=\"@sonoraenequipo\" \/>\n<meta name=\"twitter:site\" content=\"@sonoraenequipo\" \/>\n<meta name=\"twitter:label1\" content=\"Escrito por\" \/>\n\t<meta name=\"twitter:data1\" content=\"enequipo\" \/>\n\t<meta name=\"twitter:label2\" content=\"Tiempo de lectura\" \/>\n\t<meta name=\"twitter:data2\" content=\"3 minutos\" \/>\n<script type=\"application\/ld+json\" class=\"yoast-schema-graph\">{\"@context\":\"https:\/\/schema.org\",\"@graph\":[{\"@type\":\"Article\",\"@id\":\"https:\/\/www.sonoraenequipo.com.mx\/coparmex-firma-convenio-de-colaboracion-con-la-contraloria\/#article\",\"isPartOf\":{\"@id\":\"https:\/\/www.sonoraenequipo.com.mx\/coparmex-firma-convenio-de-colaboracion-con-la-contraloria\/\"},\"author\":{\"name\":\"enequipo\",\"@id\":\"https:\/\/www.sonoraenequipo.com.mx\/#\/schema\/person\/50102df0fb23a8fa9e8effad8fa81386\"},\"headline\":\"Coparmex Firma convenio de colaboraci\u00f3n con la Contralor\u00eda\",\"datePublished\":\"2020-09-01T17:30:54+00:00\",\"dateModified\":\"2020-09-01T21:05:18+00:00\",\"mainEntityOfPage\":{\"@id\":\"https:\/\/www.sonoraenequipo.com.mx\/coparmex-firma-convenio-de-colaboracion-con-la-contraloria\/\"},\"wordCount\":629,\"commentCount\":0,\"publisher\":{\"@id\":\"https:\/\/www.sonoraenequipo.com.mx\/#organization\"},\"image\":{\"@id\":\"https:\/\/www.sonoraenequipo.com.mx\/coparmex-firma-convenio-de-colaboracion-con-la-contraloria\/#primaryimage\"},\"thumbnailUrl\":\"https:\/\/www.sonoraenequipo.com.mx\/storage\/2020\/09\/murillo_opt.jpg\",\"articleSection\":[\"Sonora\"],\"inLanguage\":\"es\",\"potentialAction\":[{\"@type\":\"CommentAction\",\"name\":\"Comment\",\"target\":[\"https:\/\/www.sonoraenequipo.com.mx\/coparmex-firma-convenio-de-colaboracion-con-la-contraloria\/#respond\"]}]},{\"@type\":\"WebPage\",\"@id\":\"https:\/\/www.sonoraenequipo.com.mx\/coparmex-firma-convenio-de-colaboracion-con-la-contraloria\/\",\"url\":\"https:\/\/www.sonoraenequipo.com.mx\/coparmex-firma-convenio-de-colaboracion-con-la-contraloria\/\",\"name\":\"Sonora en Equipo. Coparmex Firma convenio de colaboraci\u00f3n con la Contralor\u00eda Sonora\",\"isPartOf\":{\"@id\":\"https:\/\/www.sonoraenequipo.com.mx\/#website\"},\"primaryImageOfPage\":{\"@id\":\"https:\/\/www.sonoraenequipo.com.mx\/coparmex-firma-convenio-de-colaboracion-con-la-contraloria\/#primaryimage\"},\"image\":{\"@id\":\"https:\/\/www.sonoraenequipo.com.mx\/coparmex-firma-convenio-de-colaboracion-con-la-contraloria\/#primaryimage\"},\"thumbnailUrl\":\"https:\/\/www.sonoraenequipo.com.mx\/storage\/2020\/09\/murillo_opt.jpg\",\"datePublished\":\"2020-09-01T17:30:54+00:00\",\"dateModified\":\"2020-09-01T21:05:18+00:00\",\"description\":\"HERMOSILLO, SONORA. MX. \u2014 Para establecer las bases de manera formal en la vinculaci\u00f3n y cooperaci\u00f3n entre la Secretar\u00eda de la Contralor\u00eda General del En Sonora en Equipo publicamos toda la informaci\u00f3n de Sonora, M\u00e9xico y el Mundo de manera oportuna y busca que la libertad de expresi\u00f3n sea real. Visita nuestro medio informativo publicado desde Hermosillo, Sonora. %\",\"breadcrumb\":{\"@id\":\"https:\/\/www.sonoraenequipo.com.mx\/coparmex-firma-convenio-de-colaboracion-con-la-contraloria\/#breadcrumb\"},\"inLanguage\":\"es\",\"potentialAction\":[{\"@type\":\"ReadAction\",\"target\":[\"https:\/\/www.sonoraenequipo.com.mx\/coparmex-firma-convenio-de-colaboracion-con-la-contraloria\/\"]}]},{\"@type\":\"ImageObject\",\"inLanguage\":\"es\",\"@id\":\"https:\/\/www.sonoraenequipo.com.mx\/coparmex-firma-convenio-de-colaboracion-con-la-contraloria\/#primaryimage\",\"url\":\"https:\/\/www.sonoraenequipo.com.mx\/storage\/2020\/09\/murillo_opt.jpg\",\"contentUrl\":\"https:\/\/www.sonoraenequipo.com.mx\/storage\/2020\/09\/murillo_opt.jpg\",\"width\":625,\"height\":356},{\"@type\":\"BreadcrumbList\",\"@id\":\"https:\/\/www.sonoraenequipo.com.mx\/coparmex-firma-convenio-de-colaboracion-con-la-contraloria\/#breadcrumb\",\"itemListElement\":[{\"@type\":\"ListItem\",\"position\":1,\"name\":\"Portada\",\"item\":\"https:\/\/www.sonoraenequipo.com.mx\/\"},{\"@type\":\"ListItem\",\"position\":2,\"name\":\"Coparmex Firma convenio de colaboraci\u00f3n con la Contralor\u00eda\"}]},{\"@type\":\"WebSite\",\"@id\":\"https:\/\/www.sonoraenequipo.com.mx\/#website\",\"url\":\"https:\/\/www.sonoraenequipo.com.mx\/\",\"name\":\"Sonora en Equipo.\",\"description\":\"Diario en l\u00ednea con Noticias desde Hermosillo, Sonora\",\"publisher\":{\"@id\":\"https:\/\/www.sonoraenequipo.com.mx\/#organization\"},\"potentialAction\":[{\"@type\":\"SearchAction\",\"target\":{\"@type\":\"EntryPoint\",\"urlTemplate\":\"https:\/\/www.sonoraenequipo.com.mx\/?s={search_term_string}\"},\"query-input\":{\"@type\":\"PropertyValueSpecification\",\"valueRequired\":true,\"valueName\":\"search_term_string\"}}],\"inLanguage\":\"es\"},{\"@type\":\"Organization\",\"@id\":\"https:\/\/www.sonoraenequipo.com.mx\/#organization\",\"name\":\"Sonoraenequipo.com.mx\",\"url\":\"https:\/\/www.sonoraenequipo.com.mx\/\",\"logo\":{\"@type\":\"ImageObject\",\"inLanguage\":\"es\",\"@id\":\"https:\/\/www.sonoraenequipo.com.mx\/#\/schema\/logo\/image\/\",\"url\":\"https:\/\/www.sonoraenequipo.com.mx\/storage\/2019\/01\/sonoraenequipo_opt.png\",\"contentUrl\":\"https:\/\/www.sonoraenequipo.com.mx\/storage\/2019\/01\/sonoraenequipo_opt.png\",\"width\":375,\"height\":125,\"caption\":\"Sonoraenequipo.com.mx\"},\"image\":{\"@id\":\"https:\/\/www.sonoraenequipo.com.mx\/#\/schema\/logo\/image\/\"},\"sameAs\":[\"https:\/\/www.facebook.com\/SonoraEE\/\",\"https:\/\/x.com\/sonoraenequipo\",\"https:\/\/www.youtube.com\/channel\/UC338nW-lPEYmJQs4ZABQ1SQ\"]},{\"@type\":\"Person\",\"@id\":\"https:\/\/www.sonoraenequipo.com.mx\/#\/schema\/person\/50102df0fb23a8fa9e8effad8fa81386\",\"name\":\"enequipo\",\"image\":{\"@type\":\"ImageObject\",\"inLanguage\":\"es\",\"@id\":\"https:\/\/www.sonoraenequipo.com.mx\/#\/schema\/person\/image\/\",\"url\":\"https:\/\/secure.gravatar.com\/avatar\/049821681b589dabc0bc20695993ccebb09f5b5d4d790cd9251b97faac7c652b?s=96&d=blank&r=g\",\"contentUrl\":\"https:\/\/secure.gravatar.com\/avatar\/049821681b589dabc0bc20695993ccebb09f5b5d4d790cd9251b97faac7c652b?s=96&d=blank&r=g\",\"caption\":\"enequipo\"},\"sameAs\":[\"https:\/\/www.facebook.com\/SonoraEE\"]}]}<\/script>\n ","yoast_head_json":{"title":"Sonora en Equipo. Coparmex Firma convenio de colaboraci\u00f3n con la Contralor\u00eda Sonora","description":"HERMOSILLO, SONORA. MX. \u2014 Para establecer las bases de manera formal en la vinculaci\u00f3n y cooperaci\u00f3n entre la Secretar\u00eda de la Contralor\u00eda General del En Sonora en Equipo publicamos toda la informaci\u00f3n de Sonora, M\u00e9xico y el Mundo de manera oportuna y busca que la libertad de expresi\u00f3n sea real. Visita nuestro medio informativo publicado desde Hermosillo, Sonora. %","robots":{"index":"index","follow":"follow","max-snippet":"max-snippet:-1","max-image-preview":"max-image-preview:large","max-video-preview":"max-video-preview:-1"},"canonical":"https:\/\/www.sonoraenequipo.com.mx\/coparmex-firma-convenio-de-colaboracion-con-la-contraloria\/","og_locale":"es_ES","og_type":"article","og_title":"Sonora en Equipo. Coparmex Firma convenio de colaboraci\u00f3n con la Contralor\u00eda Sonora","og_description":"HERMOSILLO, SONORA. MX. \u2014 Para establecer las bases de manera formal en la vinculaci\u00f3n y cooperaci\u00f3n entre la Secretar\u00eda de la Contralor\u00eda General del En Sonora en Equipo publicamos toda la informaci\u00f3n de Sonora, M\u00e9xico y el Mundo de manera oportuna y busca que la libertad de expresi\u00f3n sea real. Visita nuestro medio informativo publicado desde Hermosillo, Sonora. %","og_url":"https:\/\/www.sonoraenequipo.com.mx\/coparmex-firma-convenio-de-colaboracion-con-la-contraloria\/","og_site_name":"Sonora en Equipo.","article_publisher":"https:\/\/www.facebook.com\/SonoraEE\/","article_author":"https:\/\/www.facebook.com\/SonoraEE","article_published_time":"2020-09-01T17:30:54+00:00","article_modified_time":"2020-09-01T21:05:18+00:00","og_image":[{"width":625,"height":356,"url":"https:\/\/www.sonoraenequipo.com.mx\/storage\/2020\/09\/murillo_opt.jpg","type":"image\/jpeg"}],"author":"enequipo","twitter_card":"summary_large_image","twitter_creator":"@sonoraenequipo","twitter_site":"@sonoraenequipo","twitter_misc":{"Escrito por":"enequipo","Tiempo de lectura":"3 minutos"},"schema":{"@context":"https:\/\/schema.org","@graph":[{"@type":"Article","@id":"https:\/\/www.sonoraenequipo.com.mx\/coparmex-firma-convenio-de-colaboracion-con-la-contraloria\/#article","isPartOf":{"@id":"https:\/\/www.sonoraenequipo.com.mx\/coparmex-firma-convenio-de-colaboracion-con-la-contraloria\/"},"author":{"name":"enequipo","@id":"https:\/\/www.sonoraenequipo.com.mx\/#\/schema\/person\/50102df0fb23a8fa9e8effad8fa81386"},"headline":"Coparmex Firma convenio de colaboraci\u00f3n con la Contralor\u00eda","datePublished":"2020-09-01T17:30:54+00:00","dateModified":"2020-09-01T21:05:18+00:00","mainEntityOfPage":{"@id":"https:\/\/www.sonoraenequipo.com.mx\/coparmex-firma-convenio-de-colaboracion-con-la-contraloria\/"},"wordCount":629,"commentCount":0,"publisher":{"@id":"https:\/\/www.sonoraenequipo.com.mx\/#organization"},"image":{"@id":"https:\/\/www.sonoraenequipo.com.mx\/coparmex-firma-convenio-de-colaboracion-con-la-contraloria\/#primaryimage"},"thumbnailUrl":"https:\/\/www.sonoraenequipo.com.mx\/storage\/2020\/09\/murillo_opt.jpg","articleSection":["Sonora"],"inLanguage":"es","potentialAction":[{"@type":"CommentAction","name":"Comment","target":["https:\/\/www.sonoraenequipo.com.mx\/coparmex-firma-convenio-de-colaboracion-con-la-contraloria\/#respond"]}]},{"@type":"WebPage","@id":"https:\/\/www.sonoraenequipo.com.mx\/coparmex-firma-convenio-de-colaboracion-con-la-contraloria\/","url":"https:\/\/www.sonoraenequipo.com.mx\/coparmex-firma-convenio-de-colaboracion-con-la-contraloria\/","name":"Sonora en Equipo. Coparmex Firma convenio de colaboraci\u00f3n con la Contralor\u00eda Sonora","isPartOf":{"@id":"https:\/\/www.sonoraenequipo.com.mx\/#website"},"primaryImageOfPage":{"@id":"https:\/\/www.sonoraenequipo.com.mx\/coparmex-firma-convenio-de-colaboracion-con-la-contraloria\/#primaryimage"},"image":{"@id":"https:\/\/www.sonoraenequipo.com.mx\/coparmex-firma-convenio-de-colaboracion-con-la-contraloria\/#primaryimage"},"thumbnailUrl":"https:\/\/www.sonoraenequipo.com.mx\/storage\/2020\/09\/murillo_opt.jpg","datePublished":"2020-09-01T17:30:54+00:00","dateModified":"2020-09-01T21:05:18+00:00","description":"HERMOSILLO, SONORA. MX. \u2014 Para establecer las bases de manera formal en la vinculaci\u00f3n y cooperaci\u00f3n entre la Secretar\u00eda de la Contralor\u00eda General del En Sonora en Equipo publicamos toda la informaci\u00f3n de Sonora, M\u00e9xico y el Mundo de manera oportuna y busca que la libertad de expresi\u00f3n sea real. Visita nuestro medio informativo publicado desde Hermosillo, Sonora. %","breadcrumb":{"@id":"https:\/\/www.sonoraenequipo.com.mx\/coparmex-firma-convenio-de-colaboracion-con-la-contraloria\/#breadcrumb"},"inLanguage":"es","potentialAction":[{"@type":"ReadAction","target":["https:\/\/www.sonoraenequipo.com.mx\/coparmex-firma-convenio-de-colaboracion-con-la-contraloria\/"]}]},{"@type":"ImageObject","inLanguage":"es","@id":"https:\/\/www.sonoraenequipo.com.mx\/coparmex-firma-convenio-de-colaboracion-con-la-contraloria\/#primaryimage","url":"https:\/\/www.sonoraenequipo.com.mx\/storage\/2020\/09\/murillo_opt.jpg","contentUrl":"https:\/\/www.sonoraenequipo.com.mx\/storage\/2020\/09\/murillo_opt.jpg","width":625,"height":356},{"@type":"BreadcrumbList","@id":"https:\/\/www.sonoraenequipo.com.mx\/coparmex-firma-convenio-de-colaboracion-con-la-contraloria\/#breadcrumb","itemListElement":[{"@type":"ListItem","position":1,"name":"Portada","item":"https:\/\/www.sonoraenequipo.com.mx\/"},{"@type":"ListItem","position":2,"name":"Coparmex Firma convenio de colaboraci\u00f3n con la Contralor\u00eda"}]},{"@type":"WebSite","@id":"https:\/\/www.sonoraenequipo.com.mx\/#website","url":"https:\/\/www.sonoraenequipo.com.mx\/","name":"Sonora en Equipo.","description":"Diario en l\u00ednea con Noticias desde Hermosillo, Sonora","publisher":{"@id":"https:\/\/www.sonoraenequipo.com.mx\/#organization"},"potentialAction":[{"@type":"SearchAction","target":{"@type":"EntryPoint","urlTemplate":"https:\/\/www.sonoraenequipo.com.mx\/?s={search_term_string}"},"query-input":{"@type":"PropertyValueSpecification","valueRequired":true,"valueName":"search_term_string"}}],"inLanguage":"es"},{"@type":"Organization","@id":"https:\/\/www.sonoraenequipo.com.mx\/#organization","name":"Sonoraenequipo.com.mx","url":"https:\/\/www.sonoraenequipo.com.mx\/","logo":{"@type":"ImageObject","inLanguage":"es","@id":"https:\/\/www.sonoraenequipo.com.mx\/#\/schema\/logo\/image\/","url":"https:\/\/www.sonoraenequipo.com.mx\/storage\/2019\/01\/sonoraenequipo_opt.png","contentUrl":"https:\/\/www.sonoraenequipo.com.mx\/storage\/2019\/01\/sonoraenequipo_opt.png","width":375,"height":125,"caption":"Sonoraenequipo.com.mx"},"image":{"@id":"https:\/\/www.sonoraenequipo.com.mx\/#\/schema\/logo\/image\/"},"sameAs":["https:\/\/www.facebook.com\/SonoraEE\/","https:\/\/x.com\/sonoraenequipo","https:\/\/www.youtube.com\/channel\/UC338nW-lPEYmJQs4ZABQ1SQ"]},{"@type":"Person","@id":"https:\/\/www.sonoraenequipo.com.mx\/#\/schema\/person\/50102df0fb23a8fa9e8effad8fa81386","name":"enequipo","image":{"@type":"ImageObject","inLanguage":"es","@id":"https:\/\/www.sonoraenequipo.com.mx\/#\/schema\/person\/image\/","url":"https:\/\/secure.gravatar.com\/avatar\/049821681b589dabc0bc20695993ccebb09f5b5d4d790cd9251b97faac7c652b?s=96&d=blank&r=g","contentUrl":"https:\/\/secure.gravatar.com\/avatar\/049821681b589dabc0bc20695993ccebb09f5b5d4d790cd9251b97faac7c652b?s=96&d=blank&r=g","caption":"enequipo"},"sameAs":["https:\/\/www.facebook.com\/SonoraEE"]}]}},"jetpack_featured_media_url":"https:\/\/www.sonoraenequipo.com.mx\/storage\/2020\/09\/murillo_opt.jpg","_links":{"self":[{"href":"https:\/\/www.sonoraenequipo.com.mx\/api\/wp\/v2\/posts\/94120","targetHints":{"allow":["GET"]}}],"collection":[{"href":"https:\/\/www.sonoraenequipo.com.mx\/api\/wp\/v2\/posts"}],"about":[{"href":"https:\/\/www.sonoraenequipo.com.mx\/api\/wp\/v2\/types\/post"}],"author":[{"embeddable":true,"href":"https:\/\/www.sonoraenequipo.com.mx\/api\/wp\/v2\/users\/1"}],"replies":[{"embeddable":true,"href":"https:\/\/www.sonoraenequipo.com.mx\/api\/wp\/v2\/comments?post=94120"}],"version-history":[{"count":0,"href":"https:\/\/www.sonoraenequipo.com.mx\/api\/wp\/v2\/posts\/94120\/revisions"}],"wp:featuredmedia":[{"embeddable":true,"href":"https:\/\/www.sonoraenequipo.com.mx\/api\/wp\/v2\/media\/94122"}],"wp:attachment":[{"href":"https:\/\/www.sonoraenequipo.com.mx\/api\/wp\/v2\/media?parent=94120"}],"wp:term":[{"taxonomy":"category","embeddable":true,"href":"https:\/\/www.sonoraenequipo.com.mx\/api\/wp\/v2\/categories?post=94120"},{"taxonomy":"post_tag","embeddable":true,"href":"https:\/\/www.sonoraenequipo.com.mx\/api\/wp\/v2\/tags?post=94120"}],"curies":[{"name":"wp","href":"https:\/\/api.w.org\/{rel}","templated":true}]}}