{"id":95196,"date":"2020-09-12T12:00:06","date_gmt":"2020-09-12T19:00:06","guid":{"rendered":"https:\/\/www.sonoraenequipo.com.mx\/?p=95196"},"modified":"2020-09-12T16:07:41","modified_gmt":"2020-09-12T23:07:41","slug":"lopez-obrador-y-alfaro-inauguran-linea-3-del-tren-ligero-de-guadalajara","status":"publish","type":"post","link":"https:\/\/www.sonoraenequipo.com.mx\/lopez-obrador-y-alfaro-inauguran-linea-3-del-tren-ligero-de-guadalajara\/","title":{"rendered":"L\u00f3pez Obrador y Alfaro inauguran L\u00ednea 3 del Tren Ligero de Guadalajara"},"content":{"rendered":"<p>GUADALAJARA, JALISCO. MX. \u2014 El presidente Andr\u00e9s Manuel L\u00f3pez Obrador y el gobernador de Jalisco, Enrique Alfaro, inaugurareste s\u00e1bado 12 de septiembre la L\u00ednea 3 del Tren Ligero de Guadalajara.<\/p>\n<p> <\/p>\n<p>Pese a que ambos mandatarios se encuentran enfrentados por la discusi\u00f3n del presupuesto de egresos, dejaron de lado las diferencias pol\u00edticas para inaugurar la obra, que cost\u00f3 34 mil 500 millones de pesos, el doble de los 17 mil millones previstos en 2017.<\/p>\n<p><em>\u201cParec\u00eda que las diferencias que podr\u00edamos tener, nos iban a alejar de la posibilidad de construir una soluci\u00f3n para nuestra ciudad, por eso hoy Jalisco le reconoce su apoyo, sin ning\u00fan tipo de matiz\u201d,<\/em> coment\u00f3 el gobernador Enrique Alfaro.<\/p>\n<p><img loading=\"lazy\" decoding=\"async\" class=\"x-left  size-full\" src=\"https:\/\/www.sonoraenequipo.com.mx\/storage\/2020\/09\/amlo-alfaro-tren_opt.jpg\" alt=\"\" width=\"709\" height=\"400\" \/>Alfaro es parte de la Alianza Federalista, una asociaci\u00f3n de 10 de los 32 mandatarios estatales del pa\u00eds que esta semana rompi\u00f3 con la Conferencia Nacional de Gobernadores (Conago) por criticar la distribuci\u00f3n federal de recursos y la gesti\u00f3n de crisis sanitaria.<\/p>\n<p>El descontento aument\u00f3 esta semana cuando el Gobierno federal anunci\u00f3 el presupuesto para 2021 con una ca\u00edda del gasto total de 0.3 % y un recorte de 5.5 % en recursos para los estados pese a un aumento del 5.5 % en proyectos de inversi\u00f3n, enfocados en las obras emblem\u00e1ticas del presidente.<\/p>\n<p>Previo a la inauguraci\u00f3n, el gobernador reconoci\u00f3 que no era <em>\u201cun d\u00eda para pleitos\u201d,<\/em> aunque reiter\u00f3 su molestia por el recorte de 7.4 % en las participaciones federales que sufrir\u00e1 Jalisco, lo que equivale a 8 mil millones de pesos menos.<\/p>\n<p>Jalisco alberga la zona metropolitana de Guadalajara, la segunda m\u00e1s poblada del pa\u00eds con m\u00e1s de 5 millones de habitantes, solo detr\u00e1s de Ciudad de M\u00e9xico.<\/p>\n<p>La L\u00ednea 3 va de los municipios metropolitanos de Zapopan a Tlaquepaque con 18 estaciones, dos viaductos y 18 trenes.<\/p>\n<p>Por ello, el presidente L\u00f3pez Obrador destac\u00f3 la colaboraci\u00f3n con el gobernador pese a admitir diferencias.<\/p>\n<p><em>\u201cHay democracia como nunca en el pa\u00eds, y tambi\u00e9n se trabaja en beneficio del pueblo, ese es el partido que m\u00e1s nos importa, es el mejor partido, el de todos los ciudadanos\u201d,<\/em> asever\u00f3.<\/p>\n<p>La Alianza Federalista ha criticado al Gobierno por su gesti\u00f3n de la pandemia de la COVID-19, que supera los 70 mil muertos y casi 660 mil casos.<\/p>\n<p>Los gobernadores opositores tambi\u00e9n cuestionan el manejo de la crisis econ\u00f3mica que refleja la contracci\u00f3n anual del 18.7 % del PIB en el segundo trimestre del a\u00f1o y la desaparici\u00f3n de m\u00e1s de 1 mill\u00f3n de empleos formales.<\/p>\n<p>Aun as\u00ed, L\u00f3pez Obrador defendi\u00f3 este s\u00e1bado las pol\u00edticas de su administraci\u00f3n.<\/p>\n<p><em>\u201cYo estoy optimista, s\u00e9 que vamos pronto, muy pronto, m\u00e1s temprano que tarde, a vencer la crisis sanitaria, la pandemia, y vamos tambi\u00e9n a salir adelante, salir airosos de la crisis econ\u00f3mica\u201d<\/em>, reiter\u00f3.<\/p>\n<p>(PUBLICADO EL 12\/09\/2020 \/EFE)<\/p>\n","protected":false},"excerpt":{"rendered":"<p>GUADALAJARA, JALISCO. MX. \u2014 El presidente Andr\u00e9s Manuel L\u00f3pez Obrador y el gobernador de Jalisco,&#8230;<\/p>\n","protected":false},"author":1,"featured_media":95197,"comment_status":"open","ping_status":"open","sticky":false,"template":"","format":"standard","meta":{"_monsterinsights_skip_tracking":false,"_monsterinsights_sitenote_active":false,"_monsterinsights_sitenote_note":"","_monsterinsights_sitenote_category":0,"footnotes":""},"categories":[5],"tags":[],"class_list":["post"],"yoast_head":" \n<title>Sonora en Equipo. L\u00f3pez Obrador y Alfaro inauguran L\u00ednea 3 del Tren Ligero de Guadalajara Rep\u00fablica<\/title>\n<meta name=\"description\" content=\"GUADALAJARA, JALISCO. MX. \u2014 El presidente Andr\u00e9s Manuel L\u00f3pez Obrador y el gobernador de Jalisco, Enrique Alfaro, inaugurareste s\u00e1bado 12 de septiembre la En Sonora en Equipo publicamos toda la informaci\u00f3n de Sonora, M\u00e9xico y el Mundo de manera oportuna y busca que la libertad de expresi\u00f3n sea real. Visita nuestro medio informativo publicado desde Hermosillo, Sonora. %\" \/>\n<meta name=\"robots\" content=\"index, follow, max-snippet:-1, max-image-preview:large, max-video-preview:-1\" \/>\n<link rel=\"canonical\" href=\"https:\/\/www.sonoraenequipo.com.mx\/lopez-obrador-y-alfaro-inauguran-linea-3-del-tren-ligero-de-guadalajara\/\" \/>\n<meta property=\"og:locale\" content=\"es_ES\" \/>\n<meta property=\"og:type\" content=\"article\" \/>\n<meta property=\"og:title\" content=\"Sonora en Equipo. L\u00f3pez Obrador y Alfaro inauguran L\u00ednea 3 del Tren Ligero de Guadalajara Rep\u00fablica\" \/>\n<meta property=\"og:description\" content=\"GUADALAJARA, JALISCO. MX. \u2014 El presidente Andr\u00e9s Manuel L\u00f3pez Obrador y el gobernador de Jalisco, Enrique Alfaro, inaugurareste s\u00e1bado 12 de septiembre la En Sonora en Equipo publicamos toda la informaci\u00f3n de Sonora, M\u00e9xico y el Mundo de manera oportuna y busca que la libertad de expresi\u00f3n sea real. Visita nuestro medio informativo publicado desde Hermosillo, Sonora. %\" \/>\n<meta property=\"og:url\" content=\"https:\/\/www.sonoraenequipo.com.mx\/lopez-obrador-y-alfaro-inauguran-linea-3-del-tren-ligero-de-guadalajara\/\" \/>\n<meta property=\"og:site_name\" content=\"Sonora en Equipo.\" \/>\n<meta property=\"article:publisher\" content=\"https:\/\/www.facebook.com\/SonoraEE\/\" \/>\n<meta property=\"article:author\" content=\"https:\/\/www.facebook.com\/SonoraEE\" \/>\n<meta property=\"article:published_time\" content=\"2020-09-12T19:00:06+00:00\" \/>\n<meta property=\"article:modified_time\" content=\"2020-09-12T23:07:41+00:00\" \/>\n<meta property=\"og:image\" content=\"https:\/\/www.sonoraenequipo.com.mx\/storage\/2020\/09\/tren-ligero_guadalajara_mx_opt.jpg\" \/>\n\t<meta property=\"og:image:width\" content=\"676\" \/>\n\t<meta property=\"og:image:height\" content=\"450\" \/>\n\t<meta property=\"og:image:type\" content=\"image\/jpeg\" \/>\n<meta name=\"author\" content=\"enequipo\" \/>\n<meta name=\"twitter:card\" content=\"summary_large_image\" \/>\n<meta name=\"twitter:creator\" content=\"@sonoraenequipo\" \/>\n<meta name=\"twitter:site\" content=\"@sonoraenequipo\" \/>\n<meta name=\"twitter:label1\" content=\"Escrito por\" \/>\n\t<meta name=\"twitter:data1\" content=\"enequipo\" \/>\n\t<meta name=\"twitter:label2\" content=\"Tiempo de lectura\" \/>\n\t<meta name=\"twitter:data2\" content=\"2 minutos\" \/>\n<script type=\"application\/ld+json\" class=\"yoast-schema-graph\">{\"@context\":\"https:\/\/schema.org\",\"@graph\":[{\"@type\":\"Article\",\"@id\":\"https:\/\/www.sonoraenequipo.com.mx\/lopez-obrador-y-alfaro-inauguran-linea-3-del-tren-ligero-de-guadalajara\/#article\",\"isPartOf\":{\"@id\":\"https:\/\/www.sonoraenequipo.com.mx\/lopez-obrador-y-alfaro-inauguran-linea-3-del-tren-ligero-de-guadalajara\/\"},\"author\":{\"name\":\"enequipo\",\"@id\":\"https:\/\/www.sonoraenequipo.com.mx\/#\/schema\/person\/50102df0fb23a8fa9e8effad8fa81386\"},\"headline\":\"L\u00f3pez Obrador y Alfaro inauguran L\u00ednea 3 del Tren Ligero de Guadalajara\",\"datePublished\":\"2020-09-12T19:00:06+00:00\",\"dateModified\":\"2020-09-12T23:07:41+00:00\",\"mainEntityOfPage\":{\"@id\":\"https:\/\/www.sonoraenequipo.com.mx\/lopez-obrador-y-alfaro-inauguran-linea-3-del-tren-ligero-de-guadalajara\/\"},\"wordCount\":485,\"commentCount\":0,\"publisher\":{\"@id\":\"https:\/\/www.sonoraenequipo.com.mx\/#organization\"},\"image\":{\"@id\":\"https:\/\/www.sonoraenequipo.com.mx\/lopez-obrador-y-alfaro-inauguran-linea-3-del-tren-ligero-de-guadalajara\/#primaryimage\"},\"thumbnailUrl\":\"https:\/\/www.sonoraenequipo.com.mx\/storage\/2020\/09\/tren-ligero_guadalajara_mx_opt.jpg\",\"articleSection\":[\"Rep\u00fablica\"],\"inLanguage\":\"es\",\"potentialAction\":[{\"@type\":\"CommentAction\",\"name\":\"Comment\",\"target\":[\"https:\/\/www.sonoraenequipo.com.mx\/lopez-obrador-y-alfaro-inauguran-linea-3-del-tren-ligero-de-guadalajara\/#respond\"]}]},{\"@type\":\"WebPage\",\"@id\":\"https:\/\/www.sonoraenequipo.com.mx\/lopez-obrador-y-alfaro-inauguran-linea-3-del-tren-ligero-de-guadalajara\/\",\"url\":\"https:\/\/www.sonoraenequipo.com.mx\/lopez-obrador-y-alfaro-inauguran-linea-3-del-tren-ligero-de-guadalajara\/\",\"name\":\"Sonora en Equipo. L\u00f3pez Obrador y Alfaro inauguran L\u00ednea 3 del Tren Ligero de Guadalajara Rep\u00fablica\",\"isPartOf\":{\"@id\":\"https:\/\/www.sonoraenequipo.com.mx\/#website\"},\"primaryImageOfPage\":{\"@id\":\"https:\/\/www.sonoraenequipo.com.mx\/lopez-obrador-y-alfaro-inauguran-linea-3-del-tren-ligero-de-guadalajara\/#primaryimage\"},\"image\":{\"@id\":\"https:\/\/www.sonoraenequipo.com.mx\/lopez-obrador-y-alfaro-inauguran-linea-3-del-tren-ligero-de-guadalajara\/#primaryimage\"},\"thumbnailUrl\":\"https:\/\/www.sonoraenequipo.com.mx\/storage\/2020\/09\/tren-ligero_guadalajara_mx_opt.jpg\",\"datePublished\":\"2020-09-12T19:00:06+00:00\",\"dateModified\":\"2020-09-12T23:07:41+00:00\",\"description\":\"GUADALAJARA, JALISCO. MX. \u2014 El presidente Andr\u00e9s Manuel L\u00f3pez Obrador y el gobernador de Jalisco, Enrique Alfaro, inaugurareste s\u00e1bado 12 de septiembre la En Sonora en Equipo publicamos toda la informaci\u00f3n de Sonora, M\u00e9xico y el Mundo de manera oportuna y busca que la libertad de expresi\u00f3n sea real. Visita nuestro medio informativo publicado desde Hermosillo, Sonora. %\",\"breadcrumb\":{\"@id\":\"https:\/\/www.sonoraenequipo.com.mx\/lopez-obrador-y-alfaro-inauguran-linea-3-del-tren-ligero-de-guadalajara\/#breadcrumb\"},\"inLanguage\":\"es\",\"potentialAction\":[{\"@type\":\"ReadAction\",\"target\":[\"https:\/\/www.sonoraenequipo.com.mx\/lopez-obrador-y-alfaro-inauguran-linea-3-del-tren-ligero-de-guadalajara\/\"]}]},{\"@type\":\"ImageObject\",\"inLanguage\":\"es\",\"@id\":\"https:\/\/www.sonoraenequipo.com.mx\/lopez-obrador-y-alfaro-inauguran-linea-3-del-tren-ligero-de-guadalajara\/#primaryimage\",\"url\":\"https:\/\/www.sonoraenequipo.com.mx\/storage\/2020\/09\/tren-ligero_guadalajara_mx_opt.jpg\",\"contentUrl\":\"https:\/\/www.sonoraenequipo.com.mx\/storage\/2020\/09\/tren-ligero_guadalajara_mx_opt.jpg\",\"width\":676,\"height\":450},{\"@type\":\"BreadcrumbList\",\"@id\":\"https:\/\/www.sonoraenequipo.com.mx\/lopez-obrador-y-alfaro-inauguran-linea-3-del-tren-ligero-de-guadalajara\/#breadcrumb\",\"itemListElement\":[{\"@type\":\"ListItem\",\"position\":1,\"name\":\"Portada\",\"item\":\"https:\/\/www.sonoraenequipo.com.mx\/\"},{\"@type\":\"ListItem\",\"position\":2,\"name\":\"L\u00f3pez Obrador y Alfaro inauguran L\u00ednea 3 del Tren Ligero de Guadalajara\"}]},{\"@type\":\"WebSite\",\"@id\":\"https:\/\/www.sonoraenequipo.com.mx\/#website\",\"url\":\"https:\/\/www.sonoraenequipo.com.mx\/\",\"name\":\"Sonora en Equipo.\",\"description\":\"Diario en l\u00ednea con Noticias desde Hermosillo, Sonora\",\"publisher\":{\"@id\":\"https:\/\/www.sonoraenequipo.com.mx\/#organization\"},\"potentialAction\":[{\"@type\":\"SearchAction\",\"target\":{\"@type\":\"EntryPoint\",\"urlTemplate\":\"https:\/\/www.sonoraenequipo.com.mx\/?s={search_term_string}\"},\"query-input\":{\"@type\":\"PropertyValueSpecification\",\"valueRequired\":true,\"valueName\":\"search_term_string\"}}],\"inLanguage\":\"es\"},{\"@type\":\"Organization\",\"@id\":\"https:\/\/www.sonoraenequipo.com.mx\/#organization\",\"name\":\"Sonoraenequipo.com.mx\",\"url\":\"https:\/\/www.sonoraenequipo.com.mx\/\",\"logo\":{\"@type\":\"ImageObject\",\"inLanguage\":\"es\",\"@id\":\"https:\/\/www.sonoraenequipo.com.mx\/#\/schema\/logo\/image\/\",\"url\":\"https:\/\/www.sonoraenequipo.com.mx\/storage\/2019\/01\/sonoraenequipo_opt.png\",\"contentUrl\":\"https:\/\/www.sonoraenequipo.com.mx\/storage\/2019\/01\/sonoraenequipo_opt.png\",\"width\":375,\"height\":125,\"caption\":\"Sonoraenequipo.com.mx\"},\"image\":{\"@id\":\"https:\/\/www.sonoraenequipo.com.mx\/#\/schema\/logo\/image\/\"},\"sameAs\":[\"https:\/\/www.facebook.com\/SonoraEE\/\",\"https:\/\/x.com\/sonoraenequipo\",\"https:\/\/www.youtube.com\/channel\/UC338nW-lPEYmJQs4ZABQ1SQ\"]},{\"@type\":\"Person\",\"@id\":\"https:\/\/www.sonoraenequipo.com.mx\/#\/schema\/person\/50102df0fb23a8fa9e8effad8fa81386\",\"name\":\"enequipo\",\"image\":{\"@type\":\"ImageObject\",\"inLanguage\":\"es\",\"@id\":\"https:\/\/www.sonoraenequipo.com.mx\/#\/schema\/person\/image\/\",\"url\":\"https:\/\/secure.gravatar.com\/avatar\/049821681b589dabc0bc20695993ccebb09f5b5d4d790cd9251b97faac7c652b?s=96&d=blank&r=g\",\"contentUrl\":\"https:\/\/secure.gravatar.com\/avatar\/049821681b589dabc0bc20695993ccebb09f5b5d4d790cd9251b97faac7c652b?s=96&d=blank&r=g\",\"caption\":\"enequipo\"},\"sameAs\":[\"https:\/\/www.facebook.com\/SonoraEE\"]}]}<\/script>\n ","yoast_head_json":{"title":"Sonora en Equipo. L\u00f3pez Obrador y Alfaro inauguran L\u00ednea 3 del Tren Ligero de Guadalajara Rep\u00fablica","description":"GUADALAJARA, JALISCO. MX. \u2014 El presidente Andr\u00e9s Manuel L\u00f3pez Obrador y el gobernador de Jalisco, Enrique Alfaro, inaugurareste s\u00e1bado 12 de septiembre la En Sonora en Equipo publicamos toda la informaci\u00f3n de Sonora, M\u00e9xico y el Mundo de manera oportuna y busca que la libertad de expresi\u00f3n sea real. Visita nuestro medio informativo publicado desde Hermosillo, Sonora. %","robots":{"index":"index","follow":"follow","max-snippet":"max-snippet:-1","max-image-preview":"max-image-preview:large","max-video-preview":"max-video-preview:-1"},"canonical":"https:\/\/www.sonoraenequipo.com.mx\/lopez-obrador-y-alfaro-inauguran-linea-3-del-tren-ligero-de-guadalajara\/","og_locale":"es_ES","og_type":"article","og_title":"Sonora en Equipo. L\u00f3pez Obrador y Alfaro inauguran L\u00ednea 3 del Tren Ligero de Guadalajara Rep\u00fablica","og_description":"GUADALAJARA, JALISCO. MX. \u2014 El presidente Andr\u00e9s Manuel L\u00f3pez Obrador y el gobernador de Jalisco, Enrique Alfaro, inaugurareste s\u00e1bado 12 de septiembre la En Sonora en Equipo publicamos toda la informaci\u00f3n de Sonora, M\u00e9xico y el Mundo de manera oportuna y busca que la libertad de expresi\u00f3n sea real. Visita nuestro medio informativo publicado desde Hermosillo, Sonora. %","og_url":"https:\/\/www.sonoraenequipo.com.mx\/lopez-obrador-y-alfaro-inauguran-linea-3-del-tren-ligero-de-guadalajara\/","og_site_name":"Sonora en Equipo.","article_publisher":"https:\/\/www.facebook.com\/SonoraEE\/","article_author":"https:\/\/www.facebook.com\/SonoraEE","article_published_time":"2020-09-12T19:00:06+00:00","article_modified_time":"2020-09-12T23:07:41+00:00","og_image":[{"width":676,"height":450,"url":"https:\/\/www.sonoraenequipo.com.mx\/storage\/2020\/09\/tren-ligero_guadalajara_mx_opt.jpg","type":"image\/jpeg"}],"author":"enequipo","twitter_card":"summary_large_image","twitter_creator":"@sonoraenequipo","twitter_site":"@sonoraenequipo","twitter_misc":{"Escrito por":"enequipo","Tiempo de lectura":"2 minutos"},"schema":{"@context":"https:\/\/schema.org","@graph":[{"@type":"Article","@id":"https:\/\/www.sonoraenequipo.com.mx\/lopez-obrador-y-alfaro-inauguran-linea-3-del-tren-ligero-de-guadalajara\/#article","isPartOf":{"@id":"https:\/\/www.sonoraenequipo.com.mx\/lopez-obrador-y-alfaro-inauguran-linea-3-del-tren-ligero-de-guadalajara\/"},"author":{"name":"enequipo","@id":"https:\/\/www.sonoraenequipo.com.mx\/#\/schema\/person\/50102df0fb23a8fa9e8effad8fa81386"},"headline":"L\u00f3pez Obrador y Alfaro inauguran L\u00ednea 3 del Tren Ligero de Guadalajara","datePublished":"2020-09-12T19:00:06+00:00","dateModified":"2020-09-12T23:07:41+00:00","mainEntityOfPage":{"@id":"https:\/\/www.sonoraenequipo.com.mx\/lopez-obrador-y-alfaro-inauguran-linea-3-del-tren-ligero-de-guadalajara\/"},"wordCount":485,"commentCount":0,"publisher":{"@id":"https:\/\/www.sonoraenequipo.com.mx\/#organization"},"image":{"@id":"https:\/\/www.sonoraenequipo.com.mx\/lopez-obrador-y-alfaro-inauguran-linea-3-del-tren-ligero-de-guadalajara\/#primaryimage"},"thumbnailUrl":"https:\/\/www.sonoraenequipo.com.mx\/storage\/2020\/09\/tren-ligero_guadalajara_mx_opt.jpg","articleSection":["Rep\u00fablica"],"inLanguage":"es","potentialAction":[{"@type":"CommentAction","name":"Comment","target":["https:\/\/www.sonoraenequipo.com.mx\/lopez-obrador-y-alfaro-inauguran-linea-3-del-tren-ligero-de-guadalajara\/#respond"]}]},{"@type":"WebPage","@id":"https:\/\/www.sonoraenequipo.com.mx\/lopez-obrador-y-alfaro-inauguran-linea-3-del-tren-ligero-de-guadalajara\/","url":"https:\/\/www.sonoraenequipo.com.mx\/lopez-obrador-y-alfaro-inauguran-linea-3-del-tren-ligero-de-guadalajara\/","name":"Sonora en Equipo. L\u00f3pez Obrador y Alfaro inauguran L\u00ednea 3 del Tren Ligero de Guadalajara Rep\u00fablica","isPartOf":{"@id":"https:\/\/www.sonoraenequipo.com.mx\/#website"},"primaryImageOfPage":{"@id":"https:\/\/www.sonoraenequipo.com.mx\/lopez-obrador-y-alfaro-inauguran-linea-3-del-tren-ligero-de-guadalajara\/#primaryimage"},"image":{"@id":"https:\/\/www.sonoraenequipo.com.mx\/lopez-obrador-y-alfaro-inauguran-linea-3-del-tren-ligero-de-guadalajara\/#primaryimage"},"thumbnailUrl":"https:\/\/www.sonoraenequipo.com.mx\/storage\/2020\/09\/tren-ligero_guadalajara_mx_opt.jpg","datePublished":"2020-09-12T19:00:06+00:00","dateModified":"2020-09-12T23:07:41+00:00","description":"GUADALAJARA, JALISCO. MX. \u2014 El presidente Andr\u00e9s Manuel L\u00f3pez Obrador y el gobernador de Jalisco, Enrique Alfaro, inaugurareste s\u00e1bado 12 de septiembre la En Sonora en Equipo publicamos toda la informaci\u00f3n de Sonora, M\u00e9xico y el Mundo de manera oportuna y busca que la libertad de expresi\u00f3n sea real. Visita nuestro medio informativo publicado desde Hermosillo, Sonora. %","breadcrumb":{"@id":"https:\/\/www.sonoraenequipo.com.mx\/lopez-obrador-y-alfaro-inauguran-linea-3-del-tren-ligero-de-guadalajara\/#breadcrumb"},"inLanguage":"es","potentialAction":[{"@type":"ReadAction","target":["https:\/\/www.sonoraenequipo.com.mx\/lopez-obrador-y-alfaro-inauguran-linea-3-del-tren-ligero-de-guadalajara\/"]}]},{"@type":"ImageObject","inLanguage":"es","@id":"https:\/\/www.sonoraenequipo.com.mx\/lopez-obrador-y-alfaro-inauguran-linea-3-del-tren-ligero-de-guadalajara\/#primaryimage","url":"https:\/\/www.sonoraenequipo.com.mx\/storage\/2020\/09\/tren-ligero_guadalajara_mx_opt.jpg","contentUrl":"https:\/\/www.sonoraenequipo.com.mx\/storage\/2020\/09\/tren-ligero_guadalajara_mx_opt.jpg","width":676,"height":450},{"@type":"BreadcrumbList","@id":"https:\/\/www.sonoraenequipo.com.mx\/lopez-obrador-y-alfaro-inauguran-linea-3-del-tren-ligero-de-guadalajara\/#breadcrumb","itemListElement":[{"@type":"ListItem","position":1,"name":"Portada","item":"https:\/\/www.sonoraenequipo.com.mx\/"},{"@type":"ListItem","position":2,"name":"L\u00f3pez Obrador y Alfaro inauguran L\u00ednea 3 del Tren Ligero de Guadalajara"}]},{"@type":"WebSite","@id":"https:\/\/www.sonoraenequipo.com.mx\/#website","url":"https:\/\/www.sonoraenequipo.com.mx\/","name":"Sonora en Equipo.","description":"Diario en l\u00ednea con Noticias desde Hermosillo, Sonora","publisher":{"@id":"https:\/\/www.sonoraenequipo.com.mx\/#organization"},"potentialAction":[{"@type":"SearchAction","target":{"@type":"EntryPoint","urlTemplate":"https:\/\/www.sonoraenequipo.com.mx\/?s={search_term_string}"},"query-input":{"@type":"PropertyValueSpecification","valueRequired":true,"valueName":"search_term_string"}}],"inLanguage":"es"},{"@type":"Organization","@id":"https:\/\/www.sonoraenequipo.com.mx\/#organization","name":"Sonoraenequipo.com.mx","url":"https:\/\/www.sonoraenequipo.com.mx\/","logo":{"@type":"ImageObject","inLanguage":"es","@id":"https:\/\/www.sonoraenequipo.com.mx\/#\/schema\/logo\/image\/","url":"https:\/\/www.sonoraenequipo.com.mx\/storage\/2019\/01\/sonoraenequipo_opt.png","contentUrl":"https:\/\/www.sonoraenequipo.com.mx\/storage\/2019\/01\/sonoraenequipo_opt.png","width":375,"height":125,"caption":"Sonoraenequipo.com.mx"},"image":{"@id":"https:\/\/www.sonoraenequipo.com.mx\/#\/schema\/logo\/image\/"},"sameAs":["https:\/\/www.facebook.com\/SonoraEE\/","https:\/\/x.com\/sonoraenequipo","https:\/\/www.youtube.com\/channel\/UC338nW-lPEYmJQs4ZABQ1SQ"]},{"@type":"Person","@id":"https:\/\/www.sonoraenequipo.com.mx\/#\/schema\/person\/50102df0fb23a8fa9e8effad8fa81386","name":"enequipo","image":{"@type":"ImageObject","inLanguage":"es","@id":"https:\/\/www.sonoraenequipo.com.mx\/#\/schema\/person\/image\/","url":"https:\/\/secure.gravatar.com\/avatar\/049821681b589dabc0bc20695993ccebb09f5b5d4d790cd9251b97faac7c652b?s=96&d=blank&r=g","contentUrl":"https:\/\/secure.gravatar.com\/avatar\/049821681b589dabc0bc20695993ccebb09f5b5d4d790cd9251b97faac7c652b?s=96&d=blank&r=g","caption":"enequipo"},"sameAs":["https:\/\/www.facebook.com\/SonoraEE"]}]}},"jetpack_featured_media_url":"https:\/\/www.sonoraenequipo.com.mx\/storage\/2020\/09\/tren-ligero_guadalajara_mx_opt.jpg","_links":{"self":[{"href":"https:\/\/www.sonoraenequipo.com.mx\/api\/wp\/v2\/posts\/95196","targetHints":{"allow":["GET"]}}],"collection":[{"href":"https:\/\/www.sonoraenequipo.com.mx\/api\/wp\/v2\/posts"}],"about":[{"href":"https:\/\/www.sonoraenequipo.com.mx\/api\/wp\/v2\/types\/post"}],"author":[{"embeddable":true,"href":"https:\/\/www.sonoraenequipo.com.mx\/api\/wp\/v2\/users\/1"}],"replies":[{"embeddable":true,"href":"https:\/\/www.sonoraenequipo.com.mx\/api\/wp\/v2\/comments?post=95196"}],"version-history":[{"count":0,"href":"https:\/\/www.sonoraenequipo.com.mx\/api\/wp\/v2\/posts\/95196\/revisions"}],"wp:featuredmedia":[{"embeddable":true,"href":"https:\/\/www.sonoraenequipo.com.mx\/api\/wp\/v2\/media\/95197"}],"wp:attachment":[{"href":"https:\/\/www.sonoraenequipo.com.mx\/api\/wp\/v2\/media?parent=95196"}],"wp:term":[{"taxonomy":"category","embeddable":true,"href":"https:\/\/www.sonoraenequipo.com.mx\/api\/wp\/v2\/categories?post=95196"},{"taxonomy":"post_tag","embeddable":true,"href":"https:\/\/www.sonoraenequipo.com.mx\/api\/wp\/v2\/tags?post=95196"}],"curies":[{"name":"wp","href":"https:\/\/api.w.org\/{rel}","templated":true}]}}