{"id":95329,"date":"2020-09-14T15:43:34","date_gmt":"2020-09-14T22:43:34","guid":{"rendered":"https:\/\/www.sonoraenequipo.com.mx\/?p=95329"},"modified":"2020-09-14T15:43:41","modified_gmt":"2020-09-14T22:43:41","slug":"guatemala-ocupa-el-ultimo-lugar-de-latinoamerica-en-el-indice-de-progreso-social","status":"publish","type":"post","link":"https:\/\/www.sonoraenequipo.com.mx\/guatemala-ocupa-el-ultimo-lugar-de-latinoamerica-en-el-indice-de-progreso-social\/","title":{"rendered":"Guatemala ocupa el \u00faltimo lugar de Latinoam\u00e9rica en el \u00cdndice de Progreso Social"},"content":{"rendered":"<p>CIUDAD DE GUATEMALA. GUATEMALA. \u2014 En el \u00cdndice de Progreso Social (IPS) del 2020, que clasifica el desempe\u00f1o social de 163 pa\u00edses, Guatemala ocupa el \u00faltimo lugar de Latinoam\u00e9rica, seg\u00fan inform\u00f3 Incae.<\/p>\n<p>&nbsp;<\/p>\n<p> <\/p>\n<p>&nbsp;<\/p>\n<p>En el 2020 llega a 10 a\u00f1os la medici\u00f3n, la cual muestra avances en ciertos aspectos y retroceso en otros; adem\u00e1s, destaca que la crisis del covid-19 pone en riesgo el cumplimiento de la Agenda 2030 de los Objetivos de Desarrollo Sostenible, refiere el Incae.<\/p>\n<p>&nbsp;<\/p>\n<p>Se analizan 50 indicadores distintos. Y a nivel mundial los derechos personales cayeron 6.42 puntos entre 2011 y 2020 y la inclusi\u00f3n 3.48 puntos, adem\u00e1s se registran bajas puntuaciones en calidad ambiental.<\/p>\n<p>&nbsp;<\/p>\n<h3>Los datos del IPS para Am\u00e9rica Latina<\/h3>\n<p>&nbsp;<\/p>\n<p>Seg\u00fan el bolet\u00edn divulgado por el Incae, estos son los datos recopilados a nivel general y algunos indicadores espec\u00edficos:<\/p>\n<p>&nbsp;<\/p>\n<p><strong>En la edici\u00f3n 2020<\/strong>, <strong>Chile<\/strong> (83.34 puntos) junto con <strong>Costa Rica<\/strong> (83.01 puntos) se afianzan como los dos mejores pa\u00edses de Am\u00e9rica Latina en progreso social.<\/p>\n<p>&nbsp;<\/p>\n<p>Mientras que <strong>Honduras<\/strong> (62.41 puntos) y <strong>Guatemala<\/strong> (61.67 puntos) est\u00e1n en la parte baja de la tabla de posiciones.<\/p>\n<p>&nbsp;<\/p>\n<p><strong>En Nutrici\u00f3n y Cuidados M\u00e9dicos B\u00e1sicos<\/strong>, Guatemala se ha mantenido en el \u00faltimo lugar con puntajes menores a los 80 puntos, aunque ha aumentado en 3.68 puntos en los \u00faltimos 10 a\u00f1os. El mejor en la regi\u00f3n ha sido Chile desde el 2011 con puntajes arriba de 96.<\/p>\n<p>&nbsp;<\/p>\n<p>En Agua y Saneamiento, tambi\u00e9n Guatemala tiene el \u00faltimo lugar con puntajes menores a los 75 puntos, aunque ha aumentado 6.54 puntos en 10 a\u00f1os. El mejor en la regi\u00f3n es Uruguay desde el 2011 con puntajes superiores a los 96 puntos.<\/p>\n<p>&nbsp;<\/p>\n<p>En Vivienda, Guatemala el \u00faltimo desde el 2011, con puntajes inferiores a los 80 puntos, pero aumentando 7.11 puntos. El mejor en la regi\u00f3n ha sido Uruguay, manteni\u00e9ndose en el primer lugar desde el 2011 con puntajes arriba de 96.<\/p>\n<p>&nbsp;<\/p>\n<p>En Seguridad Personal, Guatemala era el \u00faltimo en el 2011 con 45.3 puntos, pero en el 2020 el \u00faltimo es El Salvador con 46.87 puntos. En tanto, Uruguay con 74.73 era el mejor en el 2011, pero en el 2020 es Chile con 73.12 puntos.<\/p>\n<p>&nbsp;<\/p>\n<p>En Acceso a Conocimientos B\u00e1sicos. En el 2011 el \u00faltimo era Guatemala con 62.56 puntos, pero en el 2020 el \u00faltimo lugar es Honduras con 66.56 puntos. el mejor en la regi\u00f3n desde el 2011 es Costa Rica, con puntajes superiores a los 87 puntos.<\/p>\n<p>&nbsp;<\/p>\n<p>En Acceso a Informaci\u00f3n y Comunicaciones, Nicaragua ha sido el \u00faltimo lugar desde el 2011, aunque pas\u00f3 de 29.83 puntos a 53.25 puntos. El mejor en la regi\u00f3n en el 2011 era Chile con 73.10 puntos; en el 2020 Uruguay tom\u00f3 el liderazgo con 87.64 puntos.<\/p>\n<p>&nbsp;<\/p>\n<p>En Salud y Bienestar, en el \u00faltimo lugar de la regi\u00f3n desde el 2011 ha sido Bolivia aunque aumentando 3.14 puntos. el mejor en la regi\u00f3n es Costa Rica desde el 2011, pero pasando de 80.15 puntos a 79.20 puntos.<\/p>\n<p>&nbsp;<\/p>\n<p>En Calidad Medioambiental, el mejor en la regi\u00f3n desde el 2011 ha sido Panam\u00e1 pasando de 88.83 puntos a 90.06 puntos. En el \u00faltimo lugar ha estado El Salvador durante los \u00faltimos 10 a\u00f1os, pero pasando de 70.78 puntos a 74.08 puntos.<\/p>\n<p>&nbsp;<\/p>\n<p>En Derechos Personales, el primer lugar lo ten\u00eda Costa Rica en el 2011 con 95.57 puntos, en el 2020 es Uruguay con 95.30 puntos. En el \u00faltimo lugar ha estado Honduras con 63.82 puntos en el 2011; pero en el 2020 el \u00faltimo lugar es Nicaragua con 44.10 puntos.<\/p>\n<p>&nbsp;<\/p>\n<p>En Libertad Personal y de Elecci\u00f3n, el mejor en la regi\u00f3n ha sido Chile desde el 2011, con puntajes superiores a los 80 puntos. En el \u00faltimo lugar durante los \u00faltimos 10 a\u00f1os ha sido para Bolivia con puntajes menores a los 55 puntos.<\/p>\n<p>&nbsp;<\/p>\n<p>En Acceso a Educaci\u00f3n Superior, el mejor en el 2011 era Argentina con 68.65 puntos, pero en el 2020 es Chile con 77.46 puntos. El \u00faltimo lugar ha sido Guatemala que pas\u00f3 de 28.82 puntos en el 2011 a 34.21 en el 2020.<\/p>\n<p>&nbsp;<\/p>\n<p>&nbsp;<\/p>\n<p>A nivel mundial Noruega (92.73 puntos) es el primer lugar; mientras que Estados Unidos (85.71 puntos) est\u00e1 en la posici\u00f3n 28.<\/p>\n<p>&nbsp;<\/p>\n<p>&nbsp;<\/p>\n<p>Estados Unidos es el \u00fanico pa\u00eds del G7 que va hacia atr\u00e1s en el progreso social. S\u00f3lo otros tres pa\u00edses han disminuido: Brasil, Hungr\u00eda y Sud\u00e1n del Sur.<\/p>\n<p>&nbsp;<\/p>\n<p>&nbsp;<\/p>\n<p>Al ritmo actual al mundo le tomar\u00e1n 62 a\u00f1os para cumplir con la Agenda 2030. El mundo se enfrenta a una posible \u201c<em>d\u00e9cada perdida\u201d<\/em> de progreso hacia los Objetivos de Desarrollo Sostenible de las Naciones Unidas (ODS) seg\u00fan los nuevos datos publicados esta semana.<\/p>\n<p>&nbsp;<\/p>\n<p>&nbsp;<\/p>\n<p>(PUBLICADO EL 14\/09\/2020 \/ Rosa Mar\u00eda Bola\u00f1os )<\/p>\n","protected":false},"excerpt":{"rendered":"<p>CIUDAD DE GUATEMALA. GUATEMALA. \u2014 En el \u00cdndice de Progreso Social (IPS) del 2020, que&#8230;<\/p>\n","protected":false},"author":1,"featured_media":95330,"comment_status":"open","ping_status":"open","sticky":false,"template":"","format":"standard","meta":{"_monsterinsights_skip_tracking":false,"_monsterinsights_sitenote_active":false,"_monsterinsights_sitenote_note":"","_monsterinsights_sitenote_category":0,"footnotes":""},"categories":[3],"tags":[],"class_list":["post"],"yoast_head":" \n<title>Sonora en Equipo. Guatemala ocupa el \u00faltimo lugar de Latinoam\u00e9rica en el \u00cdndice de Progreso Social MUNDO<\/title>\n<meta name=\"description\" content=\"CIUDAD DE GUATEMALA. GUATEMALA. \u2014 En el \u00cdndice de Progreso Social (IPS) del 2020, que clasifica el desempe\u00f1o social de 163 pa\u00edses, Guatemala ocupa el En Sonora en Equipo publicamos toda la informaci\u00f3n de Sonora, M\u00e9xico y el Mundo de manera oportuna y busca que la libertad de expresi\u00f3n sea real. Visita nuestro medio informativo publicado desde Hermosillo, Sonora. %\" \/>\n<meta name=\"robots\" content=\"index, follow, max-snippet:-1, max-image-preview:large, max-video-preview:-1\" \/>\n<link rel=\"canonical\" href=\"https:\/\/www.sonoraenequipo.com.mx\/guatemala-ocupa-el-ultimo-lugar-de-latinoamerica-en-el-indice-de-progreso-social\/\" \/>\n<meta property=\"og:locale\" content=\"es_ES\" \/>\n<meta property=\"og:type\" content=\"article\" \/>\n<meta property=\"og:title\" content=\"Sonora en Equipo. Guatemala ocupa el \u00faltimo lugar de Latinoam\u00e9rica en el \u00cdndice de Progreso Social MUNDO\" \/>\n<meta property=\"og:description\" content=\"CIUDAD DE GUATEMALA. GUATEMALA. \u2014 En el \u00cdndice de Progreso Social (IPS) del 2020, que clasifica el desempe\u00f1o social de 163 pa\u00edses, Guatemala ocupa el En Sonora en Equipo publicamos toda la informaci\u00f3n de Sonora, M\u00e9xico y el Mundo de manera oportuna y busca que la libertad de expresi\u00f3n sea real. Visita nuestro medio informativo publicado desde Hermosillo, Sonora. %\" \/>\n<meta property=\"og:url\" content=\"https:\/\/www.sonoraenequipo.com.mx\/guatemala-ocupa-el-ultimo-lugar-de-latinoamerica-en-el-indice-de-progreso-social\/\" \/>\n<meta property=\"og:site_name\" content=\"Sonora en Equipo.\" \/>\n<meta property=\"article:publisher\" content=\"https:\/\/www.facebook.com\/SonoraEE\/\" \/>\n<meta property=\"article:author\" content=\"https:\/\/www.facebook.com\/SonoraEE\" \/>\n<meta property=\"article:published_time\" content=\"2020-09-14T22:43:34+00:00\" \/>\n<meta property=\"article:modified_time\" content=\"2020-09-14T22:43:41+00:00\" \/>\n<meta property=\"og:image\" content=\"https:\/\/www.sonoraenequipo.com.mx\/storage\/2020\/09\/guatemala_personas_opt.jpg\" \/>\n\t<meta property=\"og:image:width\" content=\"707\" \/>\n\t<meta property=\"og:image:height\" content=\"400\" \/>\n\t<meta property=\"og:image:type\" content=\"image\/jpeg\" \/>\n<meta name=\"author\" content=\"enequipo\" \/>\n<meta name=\"twitter:card\" content=\"summary_large_image\" \/>\n<meta name=\"twitter:creator\" content=\"@sonoraenequipo\" \/>\n<meta name=\"twitter:site\" content=\"@sonoraenequipo\" \/>\n<meta name=\"twitter:label1\" content=\"Escrito por\" \/>\n\t<meta name=\"twitter:data1\" content=\"enequipo\" \/>\n\t<meta name=\"twitter:label2\" content=\"Tiempo de lectura\" \/>\n\t<meta name=\"twitter:data2\" content=\"4 minutos\" \/>\n<script type=\"application\/ld+json\" class=\"yoast-schema-graph\">{\"@context\":\"https:\/\/schema.org\",\"@graph\":[{\"@type\":\"Article\",\"@id\":\"https:\/\/www.sonoraenequipo.com.mx\/guatemala-ocupa-el-ultimo-lugar-de-latinoamerica-en-el-indice-de-progreso-social\/#article\",\"isPartOf\":{\"@id\":\"https:\/\/www.sonoraenequipo.com.mx\/guatemala-ocupa-el-ultimo-lugar-de-latinoamerica-en-el-indice-de-progreso-social\/\"},\"author\":{\"name\":\"enequipo\",\"@id\":\"https:\/\/www.sonoraenequipo.com.mx\/#\/schema\/person\/50102df0fb23a8fa9e8effad8fa81386\"},\"headline\":\"Guatemala ocupa el \u00faltimo lugar de Latinoam\u00e9rica en el \u00cdndice de Progreso Social\",\"datePublished\":\"2020-09-14T22:43:34+00:00\",\"dateModified\":\"2020-09-14T22:43:41+00:00\",\"mainEntityOfPage\":{\"@id\":\"https:\/\/www.sonoraenequipo.com.mx\/guatemala-ocupa-el-ultimo-lugar-de-latinoamerica-en-el-indice-de-progreso-social\/\"},\"wordCount\":767,\"commentCount\":0,\"publisher\":{\"@id\":\"https:\/\/www.sonoraenequipo.com.mx\/#organization\"},\"image\":{\"@id\":\"https:\/\/www.sonoraenequipo.com.mx\/guatemala-ocupa-el-ultimo-lugar-de-latinoamerica-en-el-indice-de-progreso-social\/#primaryimage\"},\"thumbnailUrl\":\"https:\/\/www.sonoraenequipo.com.mx\/storage\/2020\/09\/guatemala_personas_opt.jpg\",\"articleSection\":[\"MUNDO\"],\"inLanguage\":\"es\",\"potentialAction\":[{\"@type\":\"CommentAction\",\"name\":\"Comment\",\"target\":[\"https:\/\/www.sonoraenequipo.com.mx\/guatemala-ocupa-el-ultimo-lugar-de-latinoamerica-en-el-indice-de-progreso-social\/#respond\"]}]},{\"@type\":\"WebPage\",\"@id\":\"https:\/\/www.sonoraenequipo.com.mx\/guatemala-ocupa-el-ultimo-lugar-de-latinoamerica-en-el-indice-de-progreso-social\/\",\"url\":\"https:\/\/www.sonoraenequipo.com.mx\/guatemala-ocupa-el-ultimo-lugar-de-latinoamerica-en-el-indice-de-progreso-social\/\",\"name\":\"Sonora en Equipo. Guatemala ocupa el \u00faltimo lugar de Latinoam\u00e9rica en el \u00cdndice de Progreso Social MUNDO\",\"isPartOf\":{\"@id\":\"https:\/\/www.sonoraenequipo.com.mx\/#website\"},\"primaryImageOfPage\":{\"@id\":\"https:\/\/www.sonoraenequipo.com.mx\/guatemala-ocupa-el-ultimo-lugar-de-latinoamerica-en-el-indice-de-progreso-social\/#primaryimage\"},\"image\":{\"@id\":\"https:\/\/www.sonoraenequipo.com.mx\/guatemala-ocupa-el-ultimo-lugar-de-latinoamerica-en-el-indice-de-progreso-social\/#primaryimage\"},\"thumbnailUrl\":\"https:\/\/www.sonoraenequipo.com.mx\/storage\/2020\/09\/guatemala_personas_opt.jpg\",\"datePublished\":\"2020-09-14T22:43:34+00:00\",\"dateModified\":\"2020-09-14T22:43:41+00:00\",\"description\":\"CIUDAD DE GUATEMALA. GUATEMALA. \u2014 En el \u00cdndice de Progreso Social (IPS) del 2020, que clasifica el desempe\u00f1o social de 163 pa\u00edses, Guatemala ocupa el En Sonora en Equipo publicamos toda la informaci\u00f3n de Sonora, M\u00e9xico y el Mundo de manera oportuna y busca que la libertad de expresi\u00f3n sea real. Visita nuestro medio informativo publicado desde Hermosillo, Sonora. %\",\"breadcrumb\":{\"@id\":\"https:\/\/www.sonoraenequipo.com.mx\/guatemala-ocupa-el-ultimo-lugar-de-latinoamerica-en-el-indice-de-progreso-social\/#breadcrumb\"},\"inLanguage\":\"es\",\"potentialAction\":[{\"@type\":\"ReadAction\",\"target\":[\"https:\/\/www.sonoraenequipo.com.mx\/guatemala-ocupa-el-ultimo-lugar-de-latinoamerica-en-el-indice-de-progreso-social\/\"]}]},{\"@type\":\"ImageObject\",\"inLanguage\":\"es\",\"@id\":\"https:\/\/www.sonoraenequipo.com.mx\/guatemala-ocupa-el-ultimo-lugar-de-latinoamerica-en-el-indice-de-progreso-social\/#primaryimage\",\"url\":\"https:\/\/www.sonoraenequipo.com.mx\/storage\/2020\/09\/guatemala_personas_opt.jpg\",\"contentUrl\":\"https:\/\/www.sonoraenequipo.com.mx\/storage\/2020\/09\/guatemala_personas_opt.jpg\",\"width\":707,\"height\":400},{\"@type\":\"BreadcrumbList\",\"@id\":\"https:\/\/www.sonoraenequipo.com.mx\/guatemala-ocupa-el-ultimo-lugar-de-latinoamerica-en-el-indice-de-progreso-social\/#breadcrumb\",\"itemListElement\":[{\"@type\":\"ListItem\",\"position\":1,\"name\":\"Portada\",\"item\":\"https:\/\/www.sonoraenequipo.com.mx\/\"},{\"@type\":\"ListItem\",\"position\":2,\"name\":\"Guatemala ocupa el \u00faltimo lugar de Latinoam\u00e9rica en el \u00cdndice de Progreso Social\"}]},{\"@type\":\"WebSite\",\"@id\":\"https:\/\/www.sonoraenequipo.com.mx\/#website\",\"url\":\"https:\/\/www.sonoraenequipo.com.mx\/\",\"name\":\"Sonora en Equipo.\",\"description\":\"Diario en l\u00ednea con Noticias desde Hermosillo, Sonora\",\"publisher\":{\"@id\":\"https:\/\/www.sonoraenequipo.com.mx\/#organization\"},\"potentialAction\":[{\"@type\":\"SearchAction\",\"target\":{\"@type\":\"EntryPoint\",\"urlTemplate\":\"https:\/\/www.sonoraenequipo.com.mx\/?s={search_term_string}\"},\"query-input\":{\"@type\":\"PropertyValueSpecification\",\"valueRequired\":true,\"valueName\":\"search_term_string\"}}],\"inLanguage\":\"es\"},{\"@type\":\"Organization\",\"@id\":\"https:\/\/www.sonoraenequipo.com.mx\/#organization\",\"name\":\"Sonoraenequipo.com.mx\",\"url\":\"https:\/\/www.sonoraenequipo.com.mx\/\",\"logo\":{\"@type\":\"ImageObject\",\"inLanguage\":\"es\",\"@id\":\"https:\/\/www.sonoraenequipo.com.mx\/#\/schema\/logo\/image\/\",\"url\":\"https:\/\/www.sonoraenequipo.com.mx\/storage\/2019\/01\/sonoraenequipo_opt.png\",\"contentUrl\":\"https:\/\/www.sonoraenequipo.com.mx\/storage\/2019\/01\/sonoraenequipo_opt.png\",\"width\":375,\"height\":125,\"caption\":\"Sonoraenequipo.com.mx\"},\"image\":{\"@id\":\"https:\/\/www.sonoraenequipo.com.mx\/#\/schema\/logo\/image\/\"},\"sameAs\":[\"https:\/\/www.facebook.com\/SonoraEE\/\",\"https:\/\/x.com\/sonoraenequipo\",\"https:\/\/www.youtube.com\/channel\/UC338nW-lPEYmJQs4ZABQ1SQ\"]},{\"@type\":\"Person\",\"@id\":\"https:\/\/www.sonoraenequipo.com.mx\/#\/schema\/person\/50102df0fb23a8fa9e8effad8fa81386\",\"name\":\"enequipo\",\"image\":{\"@type\":\"ImageObject\",\"inLanguage\":\"es\",\"@id\":\"https:\/\/www.sonoraenequipo.com.mx\/#\/schema\/person\/image\/\",\"url\":\"https:\/\/secure.gravatar.com\/avatar\/049821681b589dabc0bc20695993ccebb09f5b5d4d790cd9251b97faac7c652b?s=96&d=blank&r=g\",\"contentUrl\":\"https:\/\/secure.gravatar.com\/avatar\/049821681b589dabc0bc20695993ccebb09f5b5d4d790cd9251b97faac7c652b?s=96&d=blank&r=g\",\"caption\":\"enequipo\"},\"sameAs\":[\"https:\/\/www.facebook.com\/SonoraEE\"]}]}<\/script>\n ","yoast_head_json":{"title":"Sonora en Equipo. Guatemala ocupa el \u00faltimo lugar de Latinoam\u00e9rica en el \u00cdndice de Progreso Social MUNDO","description":"CIUDAD DE GUATEMALA. GUATEMALA. \u2014 En el \u00cdndice de Progreso Social (IPS) del 2020, que clasifica el desempe\u00f1o social de 163 pa\u00edses, Guatemala ocupa el En Sonora en Equipo publicamos toda la informaci\u00f3n de Sonora, M\u00e9xico y el Mundo de manera oportuna y busca que la libertad de expresi\u00f3n sea real. Visita nuestro medio informativo publicado desde Hermosillo, Sonora. %","robots":{"index":"index","follow":"follow","max-snippet":"max-snippet:-1","max-image-preview":"max-image-preview:large","max-video-preview":"max-video-preview:-1"},"canonical":"https:\/\/www.sonoraenequipo.com.mx\/guatemala-ocupa-el-ultimo-lugar-de-latinoamerica-en-el-indice-de-progreso-social\/","og_locale":"es_ES","og_type":"article","og_title":"Sonora en Equipo. Guatemala ocupa el \u00faltimo lugar de Latinoam\u00e9rica en el \u00cdndice de Progreso Social MUNDO","og_description":"CIUDAD DE GUATEMALA. GUATEMALA. \u2014 En el \u00cdndice de Progreso Social (IPS) del 2020, que clasifica el desempe\u00f1o social de 163 pa\u00edses, Guatemala ocupa el En Sonora en Equipo publicamos toda la informaci\u00f3n de Sonora, M\u00e9xico y el Mundo de manera oportuna y busca que la libertad de expresi\u00f3n sea real. Visita nuestro medio informativo publicado desde Hermosillo, Sonora. %","og_url":"https:\/\/www.sonoraenequipo.com.mx\/guatemala-ocupa-el-ultimo-lugar-de-latinoamerica-en-el-indice-de-progreso-social\/","og_site_name":"Sonora en Equipo.","article_publisher":"https:\/\/www.facebook.com\/SonoraEE\/","article_author":"https:\/\/www.facebook.com\/SonoraEE","article_published_time":"2020-09-14T22:43:34+00:00","article_modified_time":"2020-09-14T22:43:41+00:00","og_image":[{"width":707,"height":400,"url":"https:\/\/www.sonoraenequipo.com.mx\/storage\/2020\/09\/guatemala_personas_opt.jpg","type":"image\/jpeg"}],"author":"enequipo","twitter_card":"summary_large_image","twitter_creator":"@sonoraenequipo","twitter_site":"@sonoraenequipo","twitter_misc":{"Escrito por":"enequipo","Tiempo de lectura":"4 minutos"},"schema":{"@context":"https:\/\/schema.org","@graph":[{"@type":"Article","@id":"https:\/\/www.sonoraenequipo.com.mx\/guatemala-ocupa-el-ultimo-lugar-de-latinoamerica-en-el-indice-de-progreso-social\/#article","isPartOf":{"@id":"https:\/\/www.sonoraenequipo.com.mx\/guatemala-ocupa-el-ultimo-lugar-de-latinoamerica-en-el-indice-de-progreso-social\/"},"author":{"name":"enequipo","@id":"https:\/\/www.sonoraenequipo.com.mx\/#\/schema\/person\/50102df0fb23a8fa9e8effad8fa81386"},"headline":"Guatemala ocupa el \u00faltimo lugar de Latinoam\u00e9rica en el \u00cdndice de Progreso Social","datePublished":"2020-09-14T22:43:34+00:00","dateModified":"2020-09-14T22:43:41+00:00","mainEntityOfPage":{"@id":"https:\/\/www.sonoraenequipo.com.mx\/guatemala-ocupa-el-ultimo-lugar-de-latinoamerica-en-el-indice-de-progreso-social\/"},"wordCount":767,"commentCount":0,"publisher":{"@id":"https:\/\/www.sonoraenequipo.com.mx\/#organization"},"image":{"@id":"https:\/\/www.sonoraenequipo.com.mx\/guatemala-ocupa-el-ultimo-lugar-de-latinoamerica-en-el-indice-de-progreso-social\/#primaryimage"},"thumbnailUrl":"https:\/\/www.sonoraenequipo.com.mx\/storage\/2020\/09\/guatemala_personas_opt.jpg","articleSection":["MUNDO"],"inLanguage":"es","potentialAction":[{"@type":"CommentAction","name":"Comment","target":["https:\/\/www.sonoraenequipo.com.mx\/guatemala-ocupa-el-ultimo-lugar-de-latinoamerica-en-el-indice-de-progreso-social\/#respond"]}]},{"@type":"WebPage","@id":"https:\/\/www.sonoraenequipo.com.mx\/guatemala-ocupa-el-ultimo-lugar-de-latinoamerica-en-el-indice-de-progreso-social\/","url":"https:\/\/www.sonoraenequipo.com.mx\/guatemala-ocupa-el-ultimo-lugar-de-latinoamerica-en-el-indice-de-progreso-social\/","name":"Sonora en Equipo. Guatemala ocupa el \u00faltimo lugar de Latinoam\u00e9rica en el \u00cdndice de Progreso Social MUNDO","isPartOf":{"@id":"https:\/\/www.sonoraenequipo.com.mx\/#website"},"primaryImageOfPage":{"@id":"https:\/\/www.sonoraenequipo.com.mx\/guatemala-ocupa-el-ultimo-lugar-de-latinoamerica-en-el-indice-de-progreso-social\/#primaryimage"},"image":{"@id":"https:\/\/www.sonoraenequipo.com.mx\/guatemala-ocupa-el-ultimo-lugar-de-latinoamerica-en-el-indice-de-progreso-social\/#primaryimage"},"thumbnailUrl":"https:\/\/www.sonoraenequipo.com.mx\/storage\/2020\/09\/guatemala_personas_opt.jpg","datePublished":"2020-09-14T22:43:34+00:00","dateModified":"2020-09-14T22:43:41+00:00","description":"CIUDAD DE GUATEMALA. GUATEMALA. \u2014 En el \u00cdndice de Progreso Social (IPS) del 2020, que clasifica el desempe\u00f1o social de 163 pa\u00edses, Guatemala ocupa el En Sonora en Equipo publicamos toda la informaci\u00f3n de Sonora, M\u00e9xico y el Mundo de manera oportuna y busca que la libertad de expresi\u00f3n sea real. Visita nuestro medio informativo publicado desde Hermosillo, Sonora. %","breadcrumb":{"@id":"https:\/\/www.sonoraenequipo.com.mx\/guatemala-ocupa-el-ultimo-lugar-de-latinoamerica-en-el-indice-de-progreso-social\/#breadcrumb"},"inLanguage":"es","potentialAction":[{"@type":"ReadAction","target":["https:\/\/www.sonoraenequipo.com.mx\/guatemala-ocupa-el-ultimo-lugar-de-latinoamerica-en-el-indice-de-progreso-social\/"]}]},{"@type":"ImageObject","inLanguage":"es","@id":"https:\/\/www.sonoraenequipo.com.mx\/guatemala-ocupa-el-ultimo-lugar-de-latinoamerica-en-el-indice-de-progreso-social\/#primaryimage","url":"https:\/\/www.sonoraenequipo.com.mx\/storage\/2020\/09\/guatemala_personas_opt.jpg","contentUrl":"https:\/\/www.sonoraenequipo.com.mx\/storage\/2020\/09\/guatemala_personas_opt.jpg","width":707,"height":400},{"@type":"BreadcrumbList","@id":"https:\/\/www.sonoraenequipo.com.mx\/guatemala-ocupa-el-ultimo-lugar-de-latinoamerica-en-el-indice-de-progreso-social\/#breadcrumb","itemListElement":[{"@type":"ListItem","position":1,"name":"Portada","item":"https:\/\/www.sonoraenequipo.com.mx\/"},{"@type":"ListItem","position":2,"name":"Guatemala ocupa el \u00faltimo lugar de Latinoam\u00e9rica en el \u00cdndice de Progreso Social"}]},{"@type":"WebSite","@id":"https:\/\/www.sonoraenequipo.com.mx\/#website","url":"https:\/\/www.sonoraenequipo.com.mx\/","name":"Sonora en Equipo.","description":"Diario en l\u00ednea con Noticias desde Hermosillo, Sonora","publisher":{"@id":"https:\/\/www.sonoraenequipo.com.mx\/#organization"},"potentialAction":[{"@type":"SearchAction","target":{"@type":"EntryPoint","urlTemplate":"https:\/\/www.sonoraenequipo.com.mx\/?s={search_term_string}"},"query-input":{"@type":"PropertyValueSpecification","valueRequired":true,"valueName":"search_term_string"}}],"inLanguage":"es"},{"@type":"Organization","@id":"https:\/\/www.sonoraenequipo.com.mx\/#organization","name":"Sonoraenequipo.com.mx","url":"https:\/\/www.sonoraenequipo.com.mx\/","logo":{"@type":"ImageObject","inLanguage":"es","@id":"https:\/\/www.sonoraenequipo.com.mx\/#\/schema\/logo\/image\/","url":"https:\/\/www.sonoraenequipo.com.mx\/storage\/2019\/01\/sonoraenequipo_opt.png","contentUrl":"https:\/\/www.sonoraenequipo.com.mx\/storage\/2019\/01\/sonoraenequipo_opt.png","width":375,"height":125,"caption":"Sonoraenequipo.com.mx"},"image":{"@id":"https:\/\/www.sonoraenequipo.com.mx\/#\/schema\/logo\/image\/"},"sameAs":["https:\/\/www.facebook.com\/SonoraEE\/","https:\/\/x.com\/sonoraenequipo","https:\/\/www.youtube.com\/channel\/UC338nW-lPEYmJQs4ZABQ1SQ"]},{"@type":"Person","@id":"https:\/\/www.sonoraenequipo.com.mx\/#\/schema\/person\/50102df0fb23a8fa9e8effad8fa81386","name":"enequipo","image":{"@type":"ImageObject","inLanguage":"es","@id":"https:\/\/www.sonoraenequipo.com.mx\/#\/schema\/person\/image\/","url":"https:\/\/secure.gravatar.com\/avatar\/049821681b589dabc0bc20695993ccebb09f5b5d4d790cd9251b97faac7c652b?s=96&d=blank&r=g","contentUrl":"https:\/\/secure.gravatar.com\/avatar\/049821681b589dabc0bc20695993ccebb09f5b5d4d790cd9251b97faac7c652b?s=96&d=blank&r=g","caption":"enequipo"},"sameAs":["https:\/\/www.facebook.com\/SonoraEE"]}]}},"jetpack_featured_media_url":"https:\/\/www.sonoraenequipo.com.mx\/storage\/2020\/09\/guatemala_personas_opt.jpg","_links":{"self":[{"href":"https:\/\/www.sonoraenequipo.com.mx\/api\/wp\/v2\/posts\/95329","targetHints":{"allow":["GET"]}}],"collection":[{"href":"https:\/\/www.sonoraenequipo.com.mx\/api\/wp\/v2\/posts"}],"about":[{"href":"https:\/\/www.sonoraenequipo.com.mx\/api\/wp\/v2\/types\/post"}],"author":[{"embeddable":true,"href":"https:\/\/www.sonoraenequipo.com.mx\/api\/wp\/v2\/users\/1"}],"replies":[{"embeddable":true,"href":"https:\/\/www.sonoraenequipo.com.mx\/api\/wp\/v2\/comments?post=95329"}],"version-history":[{"count":0,"href":"https:\/\/www.sonoraenequipo.com.mx\/api\/wp\/v2\/posts\/95329\/revisions"}],"wp:featuredmedia":[{"embeddable":true,"href":"https:\/\/www.sonoraenequipo.com.mx\/api\/wp\/v2\/media\/95330"}],"wp:attachment":[{"href":"https:\/\/www.sonoraenequipo.com.mx\/api\/wp\/v2\/media?parent=95329"}],"wp:term":[{"taxonomy":"category","embeddable":true,"href":"https:\/\/www.sonoraenequipo.com.mx\/api\/wp\/v2\/categories?post=95329"},{"taxonomy":"post_tag","embeddable":true,"href":"https:\/\/www.sonoraenequipo.com.mx\/api\/wp\/v2\/tags?post=95329"}],"curies":[{"name":"wp","href":"https:\/\/api.w.org\/{rel}","templated":true}]}}