{"id":96595,"date":"2020-10-01T23:55:57","date_gmt":"2020-10-02T06:55:57","guid":{"rendered":"https:\/\/www.sonoraenequipo.com.mx\/?p=96595"},"modified":"2020-10-02T06:37:32","modified_gmt":"2020-10-02T13:37:32","slug":"vacunan-contra-influenza-a-lopez-gatell-y-zoe-robledo-en-conferencia","status":"publish","type":"post","link":"https:\/\/www.sonoraenequipo.com.mx\/vacunan-contra-influenza-a-lopez-gatell-y-zoe-robledo-en-conferencia\/","title":{"rendered":"Vacunan contra influenza a L\u00f3pez\u2013Gatell y Zo\u00e9 Robledo en conferencia"},"content":{"rendered":"<p>CIUDAD DE M\u00c9XICO. MX. \u2014 Con la aplicaci\u00f3n de la vacuna contra influenza a Hugo L\u00f3pez\u2013Gatell Ram\u00edrez, subsecretario de Prevenci\u00f3n y Promoci\u00f3n de la Salud, Zo\u00e9 Robledo Aburto, director general del IMSS, V\u00edctor Hugo Borja Aburto, director de Prestaciones M\u00e9dicas del IMSS y Miriam Esther Veras Godoy, directora general del Centro Nacional para la Salud de la Infancia y Adolescencia (Censia), entre otros, arranc\u00f3 la campa\u00f1a de vacunaci\u00f3n de esta temporada invernal.<\/p>\n<p>&nbsp;<\/p>\n<p> <\/p>\n<p>&nbsp;<\/p>\n<p>Con el apoyo de la jefa Fabiana y otros trabajadores de la Salud, los funcionarios del sector salud recibieron la dosis de inmunizaci\u00f3n en Palacio Nacional.<\/p>\n<p>&nbsp;<\/p>\n<p>Este a\u00f1o, el gobierno federal adquiri\u00f3 36 millones 400 mil vacunas, un incremento de casi 4 millones con el objetivo de cubrir a toda la poblaci\u00f3n de riesgo, como adultos mayores, ni\u00f1os menores de cinco a\u00f1os, mujeres embarazadas y pacientes con diabetes.<\/p>\n<p>&nbsp;<\/p>\n<p>El subsecretario advirti\u00f3 que con la llegada de la influenza, los casos por COVID-19 podr\u00edan repuntar, por lo que llam\u00f3 a la sociedad a aplicarse la vacuna; agreg\u00f3 que en la conferencia nocturna se agregar\u00e1 informaci\u00f3n sobre los casos de influenza.<\/p>\n<p>&nbsp;<\/p>\n<p><em>\u00abVamos a incorporar un informe t\u00e9cnico al informe COVID de todos los d\u00edas y vamos a ver c\u00f3mo va incrementando, donde habitualmente hay un punto m\u00e1ximo y comienza a descender.<\/em><\/p>\n<p>&nbsp;<\/p>\n<p><em>\u00abEs posible que tambi\u00e9n tengamos repunte de casos COVID, est\u00e1 ocurriendo en todo el hemisferio norte, dado que COVID aunque lo causa virus diferente de influenza, se comporta muy parecido a la influenza, es posible que se presente repunte\u00bb<\/em>, dijo.<\/p>\n<p>&nbsp;<\/p>\n<p>A su vez, Miriam Esther Veras Godoy, directora general del Centro Nacional para la Salud de la Infancia y Adolescencia (Censia) enfatiz\u00f3 que la vacunaci\u00f3n contra esta enfermedad respiratoria no es de car\u00e1cter anual, sino por temporada invernal.<\/p>\n<p>&nbsp;<\/p>\n<p>&nbsp;<\/p>\n<p><em>\u00abHay personas que se vacunaron en enero, febrero y marzo de 2020, y para esta temporada ya no estar\u00e1n protegidos contra influenza, es necesario que se vacunen de nuevo porque la inmunizaci\u00f3n debe ocurrir por temporada invernal, no cada a\u00f1o\u00bb.<\/em><\/p>\n<p>&nbsp;<\/p>\n<p>&nbsp;<\/p>\n<p>Este jueves por la noche, en la conferencia, se inform\u00f3 que M\u00e9xico lleg\u00f3 a 78 mil 78 muertes y 748,315 contagios.<\/p>\n<p>&nbsp;<\/p>\n<p>(PUBLICADO EL 01\/10\/2020)<\/p>\n","protected":false},"excerpt":{"rendered":"<p>CIUDAD DE M\u00c9XICO. MX. \u2014 Con la aplicaci\u00f3n de la vacuna contra influenza a Hugo&#8230;<\/p>\n","protected":false},"author":1,"featured_media":96601,"comment_status":"open","ping_status":"open","sticky":false,"template":"","format":"standard","meta":{"_monsterinsights_skip_tracking":false,"_monsterinsights_sitenote_active":false,"_monsterinsights_sitenote_note":"","_monsterinsights_sitenote_category":0,"footnotes":""},"categories":[5],"tags":[4029,4559,53,4855,3093],"class_list":["post"],"yoast_head":" \n<title>Sonora en Equipo. Vacunan contra influenza a L\u00f3pez\u2013Gatell y Zo\u00e9 Robledo en conferencia Rep\u00fablica<\/title>\n<meta name=\"description\" content=\"CIUDAD DE M\u00c9XICO. MX. \u2014 Con la aplicaci\u00f3n de la vacuna contra influenza a Hugo L\u00f3pez\u2013Gatell Ram\u00edrez, subsecretario de Prevenci\u00f3n y Promoci\u00f3n de la Salud, En Sonora en Equipo publicamos toda la informaci\u00f3n de Sonora, M\u00e9xico y el Mundo de manera oportuna y busca que la libertad de expresi\u00f3n sea real. Visita nuestro medio informativo publicado desde Hermosillo, Sonora. %\" \/>\n<meta name=\"robots\" content=\"index, follow, max-snippet:-1, max-image-preview:large, max-video-preview:-1\" \/>\n<link rel=\"canonical\" href=\"https:\/\/www.sonoraenequipo.com.mx\/vacunan-contra-influenza-a-lopez-gatell-y-zoe-robledo-en-conferencia\/\" \/>\n<meta property=\"og:locale\" content=\"es_ES\" \/>\n<meta property=\"og:type\" content=\"article\" \/>\n<meta property=\"og:title\" content=\"Sonora en Equipo. Vacunan contra influenza a L\u00f3pez\u2013Gatell y Zo\u00e9 Robledo en conferencia Rep\u00fablica\" \/>\n<meta property=\"og:description\" content=\"CIUDAD DE M\u00c9XICO. MX. \u2014 Con la aplicaci\u00f3n de la vacuna contra influenza a Hugo L\u00f3pez\u2013Gatell Ram\u00edrez, subsecretario de Prevenci\u00f3n y Promoci\u00f3n de la Salud, En Sonora en Equipo publicamos toda la informaci\u00f3n de Sonora, M\u00e9xico y el Mundo de manera oportuna y busca que la libertad de expresi\u00f3n sea real. Visita nuestro medio informativo publicado desde Hermosillo, Sonora. %\" \/>\n<meta property=\"og:url\" content=\"https:\/\/www.sonoraenequipo.com.mx\/vacunan-contra-influenza-a-lopez-gatell-y-zoe-robledo-en-conferencia\/\" \/>\n<meta property=\"og:site_name\" content=\"Sonora en Equipo.\" \/>\n<meta property=\"article:publisher\" content=\"https:\/\/www.facebook.com\/SonoraEE\/\" \/>\n<meta property=\"article:author\" content=\"https:\/\/www.facebook.com\/SonoraEE\" \/>\n<meta property=\"article:published_time\" content=\"2020-10-02T06:55:57+00:00\" \/>\n<meta property=\"article:modified_time\" content=\"2020-10-02T13:37:32+00:00\" \/>\n<meta property=\"og:image\" content=\"https:\/\/www.sonoraenequipo.com.mx\/storage\/2020\/10\/vacuna-para-gatell-y-zoe_opt.jpg\" \/>\n\t<meta property=\"og:image:width\" content=\"784\" \/>\n\t<meta property=\"og:image:height\" content=\"441\" \/>\n\t<meta property=\"og:image:type\" content=\"image\/jpeg\" \/>\n<meta name=\"author\" content=\"enequipo\" \/>\n<meta name=\"twitter:card\" content=\"summary_large_image\" \/>\n<meta name=\"twitter:creator\" content=\"@sonoraenequipo\" \/>\n<meta name=\"twitter:site\" content=\"@sonoraenequipo\" \/>\n<meta name=\"twitter:label1\" content=\"Escrito por\" \/>\n\t<meta name=\"twitter:data1\" content=\"enequipo\" \/>\n\t<meta name=\"twitter:label2\" content=\"Tiempo de lectura\" \/>\n\t<meta name=\"twitter:data2\" content=\"2 minutos\" \/>\n<script type=\"application\/ld+json\" class=\"yoast-schema-graph\">{\"@context\":\"https:\/\/schema.org\",\"@graph\":[{\"@type\":\"Article\",\"@id\":\"https:\/\/www.sonoraenequipo.com.mx\/vacunan-contra-influenza-a-lopez-gatell-y-zoe-robledo-en-conferencia\/#article\",\"isPartOf\":{\"@id\":\"https:\/\/www.sonoraenequipo.com.mx\/vacunan-contra-influenza-a-lopez-gatell-y-zoe-robledo-en-conferencia\/\"},\"author\":{\"name\":\"enequipo\",\"@id\":\"https:\/\/www.sonoraenequipo.com.mx\/#\/schema\/person\/50102df0fb23a8fa9e8effad8fa81386\"},\"headline\":\"Vacunan contra influenza a L\u00f3pez\u2013Gatell y Zo\u00e9 Robledo en conferencia\",\"datePublished\":\"2020-10-02T06:55:57+00:00\",\"dateModified\":\"2020-10-02T13:37:32+00:00\",\"mainEntityOfPage\":{\"@id\":\"https:\/\/www.sonoraenequipo.com.mx\/vacunan-contra-influenza-a-lopez-gatell-y-zoe-robledo-en-conferencia\/\"},\"wordCount\":397,\"commentCount\":0,\"publisher\":{\"@id\":\"https:\/\/www.sonoraenequipo.com.mx\/#organization\"},\"image\":{\"@id\":\"https:\/\/www.sonoraenequipo.com.mx\/vacunan-contra-influenza-a-lopez-gatell-y-zoe-robledo-en-conferencia\/#primaryimage\"},\"thumbnailUrl\":\"https:\/\/www.sonoraenequipo.com.mx\/storage\/2020\/10\/vacuna-para-gatell-y-zoe_opt.jpg\",\"keywords\":[\"Coronavirus\",\"L\u00f3pez-Gatell\",\"mexico\",\"Vacuna covid-19\",\"Zo\u00e9 Robledo\"],\"articleSection\":[\"Rep\u00fablica\"],\"inLanguage\":\"es\",\"potentialAction\":[{\"@type\":\"CommentAction\",\"name\":\"Comment\",\"target\":[\"https:\/\/www.sonoraenequipo.com.mx\/vacunan-contra-influenza-a-lopez-gatell-y-zoe-robledo-en-conferencia\/#respond\"]}]},{\"@type\":\"WebPage\",\"@id\":\"https:\/\/www.sonoraenequipo.com.mx\/vacunan-contra-influenza-a-lopez-gatell-y-zoe-robledo-en-conferencia\/\",\"url\":\"https:\/\/www.sonoraenequipo.com.mx\/vacunan-contra-influenza-a-lopez-gatell-y-zoe-robledo-en-conferencia\/\",\"name\":\"Sonora en Equipo. Vacunan contra influenza a L\u00f3pez\u2013Gatell y Zo\u00e9 Robledo en conferencia Rep\u00fablica\",\"isPartOf\":{\"@id\":\"https:\/\/www.sonoraenequipo.com.mx\/#website\"},\"primaryImageOfPage\":{\"@id\":\"https:\/\/www.sonoraenequipo.com.mx\/vacunan-contra-influenza-a-lopez-gatell-y-zoe-robledo-en-conferencia\/#primaryimage\"},\"image\":{\"@id\":\"https:\/\/www.sonoraenequipo.com.mx\/vacunan-contra-influenza-a-lopez-gatell-y-zoe-robledo-en-conferencia\/#primaryimage\"},\"thumbnailUrl\":\"https:\/\/www.sonoraenequipo.com.mx\/storage\/2020\/10\/vacuna-para-gatell-y-zoe_opt.jpg\",\"datePublished\":\"2020-10-02T06:55:57+00:00\",\"dateModified\":\"2020-10-02T13:37:32+00:00\",\"description\":\"CIUDAD DE M\u00c9XICO. MX. \u2014 Con la aplicaci\u00f3n de la vacuna contra influenza a Hugo L\u00f3pez\u2013Gatell Ram\u00edrez, subsecretario de Prevenci\u00f3n y Promoci\u00f3n de la Salud, En Sonora en Equipo publicamos toda la informaci\u00f3n de Sonora, M\u00e9xico y el Mundo de manera oportuna y busca que la libertad de expresi\u00f3n sea real. Visita nuestro medio informativo publicado desde Hermosillo, Sonora. %\",\"breadcrumb\":{\"@id\":\"https:\/\/www.sonoraenequipo.com.mx\/vacunan-contra-influenza-a-lopez-gatell-y-zoe-robledo-en-conferencia\/#breadcrumb\"},\"inLanguage\":\"es\",\"potentialAction\":[{\"@type\":\"ReadAction\",\"target\":[\"https:\/\/www.sonoraenequipo.com.mx\/vacunan-contra-influenza-a-lopez-gatell-y-zoe-robledo-en-conferencia\/\"]}]},{\"@type\":\"ImageObject\",\"inLanguage\":\"es\",\"@id\":\"https:\/\/www.sonoraenequipo.com.mx\/vacunan-contra-influenza-a-lopez-gatell-y-zoe-robledo-en-conferencia\/#primaryimage\",\"url\":\"https:\/\/www.sonoraenequipo.com.mx\/storage\/2020\/10\/vacuna-para-gatell-y-zoe_opt.jpg\",\"contentUrl\":\"https:\/\/www.sonoraenequipo.com.mx\/storage\/2020\/10\/vacuna-para-gatell-y-zoe_opt.jpg\",\"width\":784,\"height\":441},{\"@type\":\"BreadcrumbList\",\"@id\":\"https:\/\/www.sonoraenequipo.com.mx\/vacunan-contra-influenza-a-lopez-gatell-y-zoe-robledo-en-conferencia\/#breadcrumb\",\"itemListElement\":[{\"@type\":\"ListItem\",\"position\":1,\"name\":\"Portada\",\"item\":\"https:\/\/www.sonoraenequipo.com.mx\/\"},{\"@type\":\"ListItem\",\"position\":2,\"name\":\"Vacunan contra influenza a L\u00f3pez\u2013Gatell y Zo\u00e9 Robledo en conferencia\"}]},{\"@type\":\"WebSite\",\"@id\":\"https:\/\/www.sonoraenequipo.com.mx\/#website\",\"url\":\"https:\/\/www.sonoraenequipo.com.mx\/\",\"name\":\"Sonora en Equipo.\",\"description\":\"Diario en l\u00ednea con Noticias desde Hermosillo, Sonora\",\"publisher\":{\"@id\":\"https:\/\/www.sonoraenequipo.com.mx\/#organization\"},\"potentialAction\":[{\"@type\":\"SearchAction\",\"target\":{\"@type\":\"EntryPoint\",\"urlTemplate\":\"https:\/\/www.sonoraenequipo.com.mx\/?s={search_term_string}\"},\"query-input\":{\"@type\":\"PropertyValueSpecification\",\"valueRequired\":true,\"valueName\":\"search_term_string\"}}],\"inLanguage\":\"es\"},{\"@type\":\"Organization\",\"@id\":\"https:\/\/www.sonoraenequipo.com.mx\/#organization\",\"name\":\"Sonoraenequipo.com.mx\",\"url\":\"https:\/\/www.sonoraenequipo.com.mx\/\",\"logo\":{\"@type\":\"ImageObject\",\"inLanguage\":\"es\",\"@id\":\"https:\/\/www.sonoraenequipo.com.mx\/#\/schema\/logo\/image\/\",\"url\":\"https:\/\/www.sonoraenequipo.com.mx\/storage\/2019\/01\/sonoraenequipo_opt.png\",\"contentUrl\":\"https:\/\/www.sonoraenequipo.com.mx\/storage\/2019\/01\/sonoraenequipo_opt.png\",\"width\":375,\"height\":125,\"caption\":\"Sonoraenequipo.com.mx\"},\"image\":{\"@id\":\"https:\/\/www.sonoraenequipo.com.mx\/#\/schema\/logo\/image\/\"},\"sameAs\":[\"https:\/\/www.facebook.com\/SonoraEE\/\",\"https:\/\/x.com\/sonoraenequipo\",\"https:\/\/www.youtube.com\/channel\/UC338nW-lPEYmJQs4ZABQ1SQ\"]},{\"@type\":\"Person\",\"@id\":\"https:\/\/www.sonoraenequipo.com.mx\/#\/schema\/person\/50102df0fb23a8fa9e8effad8fa81386\",\"name\":\"enequipo\",\"image\":{\"@type\":\"ImageObject\",\"inLanguage\":\"es\",\"@id\":\"https:\/\/www.sonoraenequipo.com.mx\/#\/schema\/person\/image\/\",\"url\":\"https:\/\/secure.gravatar.com\/avatar\/049821681b589dabc0bc20695993ccebb09f5b5d4d790cd9251b97faac7c652b?s=96&d=blank&r=g\",\"contentUrl\":\"https:\/\/secure.gravatar.com\/avatar\/049821681b589dabc0bc20695993ccebb09f5b5d4d790cd9251b97faac7c652b?s=96&d=blank&r=g\",\"caption\":\"enequipo\"},\"sameAs\":[\"https:\/\/www.facebook.com\/SonoraEE\"]}]}<\/script>\n ","yoast_head_json":{"title":"Sonora en Equipo. Vacunan contra influenza a L\u00f3pez\u2013Gatell y Zo\u00e9 Robledo en conferencia Rep\u00fablica","description":"CIUDAD DE M\u00c9XICO. MX. \u2014 Con la aplicaci\u00f3n de la vacuna contra influenza a Hugo L\u00f3pez\u2013Gatell Ram\u00edrez, subsecretario de Prevenci\u00f3n y Promoci\u00f3n de la Salud, En Sonora en Equipo publicamos toda la informaci\u00f3n de Sonora, M\u00e9xico y el Mundo de manera oportuna y busca que la libertad de expresi\u00f3n sea real. Visita nuestro medio informativo publicado desde Hermosillo, Sonora. %","robots":{"index":"index","follow":"follow","max-snippet":"max-snippet:-1","max-image-preview":"max-image-preview:large","max-video-preview":"max-video-preview:-1"},"canonical":"https:\/\/www.sonoraenequipo.com.mx\/vacunan-contra-influenza-a-lopez-gatell-y-zoe-robledo-en-conferencia\/","og_locale":"es_ES","og_type":"article","og_title":"Sonora en Equipo. Vacunan contra influenza a L\u00f3pez\u2013Gatell y Zo\u00e9 Robledo en conferencia Rep\u00fablica","og_description":"CIUDAD DE M\u00c9XICO. MX. \u2014 Con la aplicaci\u00f3n de la vacuna contra influenza a Hugo L\u00f3pez\u2013Gatell Ram\u00edrez, subsecretario de Prevenci\u00f3n y Promoci\u00f3n de la Salud, En Sonora en Equipo publicamos toda la informaci\u00f3n de Sonora, M\u00e9xico y el Mundo de manera oportuna y busca que la libertad de expresi\u00f3n sea real. Visita nuestro medio informativo publicado desde Hermosillo, Sonora. %","og_url":"https:\/\/www.sonoraenequipo.com.mx\/vacunan-contra-influenza-a-lopez-gatell-y-zoe-robledo-en-conferencia\/","og_site_name":"Sonora en Equipo.","article_publisher":"https:\/\/www.facebook.com\/SonoraEE\/","article_author":"https:\/\/www.facebook.com\/SonoraEE","article_published_time":"2020-10-02T06:55:57+00:00","article_modified_time":"2020-10-02T13:37:32+00:00","og_image":[{"width":784,"height":441,"url":"https:\/\/www.sonoraenequipo.com.mx\/storage\/2020\/10\/vacuna-para-gatell-y-zoe_opt.jpg","type":"image\/jpeg"}],"author":"enequipo","twitter_card":"summary_large_image","twitter_creator":"@sonoraenequipo","twitter_site":"@sonoraenequipo","twitter_misc":{"Escrito por":"enequipo","Tiempo de lectura":"2 minutos"},"schema":{"@context":"https:\/\/schema.org","@graph":[{"@type":"Article","@id":"https:\/\/www.sonoraenequipo.com.mx\/vacunan-contra-influenza-a-lopez-gatell-y-zoe-robledo-en-conferencia\/#article","isPartOf":{"@id":"https:\/\/www.sonoraenequipo.com.mx\/vacunan-contra-influenza-a-lopez-gatell-y-zoe-robledo-en-conferencia\/"},"author":{"name":"enequipo","@id":"https:\/\/www.sonoraenequipo.com.mx\/#\/schema\/person\/50102df0fb23a8fa9e8effad8fa81386"},"headline":"Vacunan contra influenza a L\u00f3pez\u2013Gatell y Zo\u00e9 Robledo en conferencia","datePublished":"2020-10-02T06:55:57+00:00","dateModified":"2020-10-02T13:37:32+00:00","mainEntityOfPage":{"@id":"https:\/\/www.sonoraenequipo.com.mx\/vacunan-contra-influenza-a-lopez-gatell-y-zoe-robledo-en-conferencia\/"},"wordCount":397,"commentCount":0,"publisher":{"@id":"https:\/\/www.sonoraenequipo.com.mx\/#organization"},"image":{"@id":"https:\/\/www.sonoraenequipo.com.mx\/vacunan-contra-influenza-a-lopez-gatell-y-zoe-robledo-en-conferencia\/#primaryimage"},"thumbnailUrl":"https:\/\/www.sonoraenequipo.com.mx\/storage\/2020\/10\/vacuna-para-gatell-y-zoe_opt.jpg","keywords":["Coronavirus","L\u00f3pez-Gatell","mexico","Vacuna covid-19","Zo\u00e9 Robledo"],"articleSection":["Rep\u00fablica"],"inLanguage":"es","potentialAction":[{"@type":"CommentAction","name":"Comment","target":["https:\/\/www.sonoraenequipo.com.mx\/vacunan-contra-influenza-a-lopez-gatell-y-zoe-robledo-en-conferencia\/#respond"]}]},{"@type":"WebPage","@id":"https:\/\/www.sonoraenequipo.com.mx\/vacunan-contra-influenza-a-lopez-gatell-y-zoe-robledo-en-conferencia\/","url":"https:\/\/www.sonoraenequipo.com.mx\/vacunan-contra-influenza-a-lopez-gatell-y-zoe-robledo-en-conferencia\/","name":"Sonora en Equipo. Vacunan contra influenza a L\u00f3pez\u2013Gatell y Zo\u00e9 Robledo en conferencia Rep\u00fablica","isPartOf":{"@id":"https:\/\/www.sonoraenequipo.com.mx\/#website"},"primaryImageOfPage":{"@id":"https:\/\/www.sonoraenequipo.com.mx\/vacunan-contra-influenza-a-lopez-gatell-y-zoe-robledo-en-conferencia\/#primaryimage"},"image":{"@id":"https:\/\/www.sonoraenequipo.com.mx\/vacunan-contra-influenza-a-lopez-gatell-y-zoe-robledo-en-conferencia\/#primaryimage"},"thumbnailUrl":"https:\/\/www.sonoraenequipo.com.mx\/storage\/2020\/10\/vacuna-para-gatell-y-zoe_opt.jpg","datePublished":"2020-10-02T06:55:57+00:00","dateModified":"2020-10-02T13:37:32+00:00","description":"CIUDAD DE M\u00c9XICO. MX. \u2014 Con la aplicaci\u00f3n de la vacuna contra influenza a Hugo L\u00f3pez\u2013Gatell Ram\u00edrez, subsecretario de Prevenci\u00f3n y Promoci\u00f3n de la Salud, En Sonora en Equipo publicamos toda la informaci\u00f3n de Sonora, M\u00e9xico y el Mundo de manera oportuna y busca que la libertad de expresi\u00f3n sea real. Visita nuestro medio informativo publicado desde Hermosillo, Sonora. %","breadcrumb":{"@id":"https:\/\/www.sonoraenequipo.com.mx\/vacunan-contra-influenza-a-lopez-gatell-y-zoe-robledo-en-conferencia\/#breadcrumb"},"inLanguage":"es","potentialAction":[{"@type":"ReadAction","target":["https:\/\/www.sonoraenequipo.com.mx\/vacunan-contra-influenza-a-lopez-gatell-y-zoe-robledo-en-conferencia\/"]}]},{"@type":"ImageObject","inLanguage":"es","@id":"https:\/\/www.sonoraenequipo.com.mx\/vacunan-contra-influenza-a-lopez-gatell-y-zoe-robledo-en-conferencia\/#primaryimage","url":"https:\/\/www.sonoraenequipo.com.mx\/storage\/2020\/10\/vacuna-para-gatell-y-zoe_opt.jpg","contentUrl":"https:\/\/www.sonoraenequipo.com.mx\/storage\/2020\/10\/vacuna-para-gatell-y-zoe_opt.jpg","width":784,"height":441},{"@type":"BreadcrumbList","@id":"https:\/\/www.sonoraenequipo.com.mx\/vacunan-contra-influenza-a-lopez-gatell-y-zoe-robledo-en-conferencia\/#breadcrumb","itemListElement":[{"@type":"ListItem","position":1,"name":"Portada","item":"https:\/\/www.sonoraenequipo.com.mx\/"},{"@type":"ListItem","position":2,"name":"Vacunan contra influenza a L\u00f3pez\u2013Gatell y Zo\u00e9 Robledo en conferencia"}]},{"@type":"WebSite","@id":"https:\/\/www.sonoraenequipo.com.mx\/#website","url":"https:\/\/www.sonoraenequipo.com.mx\/","name":"Sonora en Equipo.","description":"Diario en l\u00ednea con Noticias desde Hermosillo, Sonora","publisher":{"@id":"https:\/\/www.sonoraenequipo.com.mx\/#organization"},"potentialAction":[{"@type":"SearchAction","target":{"@type":"EntryPoint","urlTemplate":"https:\/\/www.sonoraenequipo.com.mx\/?s={search_term_string}"},"query-input":{"@type":"PropertyValueSpecification","valueRequired":true,"valueName":"search_term_string"}}],"inLanguage":"es"},{"@type":"Organization","@id":"https:\/\/www.sonoraenequipo.com.mx\/#organization","name":"Sonoraenequipo.com.mx","url":"https:\/\/www.sonoraenequipo.com.mx\/","logo":{"@type":"ImageObject","inLanguage":"es","@id":"https:\/\/www.sonoraenequipo.com.mx\/#\/schema\/logo\/image\/","url":"https:\/\/www.sonoraenequipo.com.mx\/storage\/2019\/01\/sonoraenequipo_opt.png","contentUrl":"https:\/\/www.sonoraenequipo.com.mx\/storage\/2019\/01\/sonoraenequipo_opt.png","width":375,"height":125,"caption":"Sonoraenequipo.com.mx"},"image":{"@id":"https:\/\/www.sonoraenequipo.com.mx\/#\/schema\/logo\/image\/"},"sameAs":["https:\/\/www.facebook.com\/SonoraEE\/","https:\/\/x.com\/sonoraenequipo","https:\/\/www.youtube.com\/channel\/UC338nW-lPEYmJQs4ZABQ1SQ"]},{"@type":"Person","@id":"https:\/\/www.sonoraenequipo.com.mx\/#\/schema\/person\/50102df0fb23a8fa9e8effad8fa81386","name":"enequipo","image":{"@type":"ImageObject","inLanguage":"es","@id":"https:\/\/www.sonoraenequipo.com.mx\/#\/schema\/person\/image\/","url":"https:\/\/secure.gravatar.com\/avatar\/049821681b589dabc0bc20695993ccebb09f5b5d4d790cd9251b97faac7c652b?s=96&d=blank&r=g","contentUrl":"https:\/\/secure.gravatar.com\/avatar\/049821681b589dabc0bc20695993ccebb09f5b5d4d790cd9251b97faac7c652b?s=96&d=blank&r=g","caption":"enequipo"},"sameAs":["https:\/\/www.facebook.com\/SonoraEE"]}]}},"jetpack_featured_media_url":"https:\/\/www.sonoraenequipo.com.mx\/storage\/2020\/10\/vacuna-para-gatell-y-zoe_opt.jpg","_links":{"self":[{"href":"https:\/\/www.sonoraenequipo.com.mx\/api\/wp\/v2\/posts\/96595","targetHints":{"allow":["GET"]}}],"collection":[{"href":"https:\/\/www.sonoraenequipo.com.mx\/api\/wp\/v2\/posts"}],"about":[{"href":"https:\/\/www.sonoraenequipo.com.mx\/api\/wp\/v2\/types\/post"}],"author":[{"embeddable":true,"href":"https:\/\/www.sonoraenequipo.com.mx\/api\/wp\/v2\/users\/1"}],"replies":[{"embeddable":true,"href":"https:\/\/www.sonoraenequipo.com.mx\/api\/wp\/v2\/comments?post=96595"}],"version-history":[{"count":1,"href":"https:\/\/www.sonoraenequipo.com.mx\/api\/wp\/v2\/posts\/96595\/revisions"}],"predecessor-version":[{"id":96602,"href":"https:\/\/www.sonoraenequipo.com.mx\/api\/wp\/v2\/posts\/96595\/revisions\/96602"}],"wp:featuredmedia":[{"embeddable":true,"href":"https:\/\/www.sonoraenequipo.com.mx\/api\/wp\/v2\/media\/96601"}],"wp:attachment":[{"href":"https:\/\/www.sonoraenequipo.com.mx\/api\/wp\/v2\/media?parent=96595"}],"wp:term":[{"taxonomy":"category","embeddable":true,"href":"https:\/\/www.sonoraenequipo.com.mx\/api\/wp\/v2\/categories?post=96595"},{"taxonomy":"post_tag","embeddable":true,"href":"https:\/\/www.sonoraenequipo.com.mx\/api\/wp\/v2\/tags?post=96595"}],"curies":[{"name":"wp","href":"https:\/\/api.w.org\/{rel}","templated":true}]}}