{"id":96757,"date":"2020-10-03T23:51:13","date_gmt":"2020-10-04T06:51:13","guid":{"rendered":"https:\/\/www.sonoraenequipo.com.mx\/?p=96757"},"modified":"2020-10-03T22:14:07","modified_gmt":"2020-10-04T05:14:07","slug":"alemania-celebra-el-30o-aniversario-de-su-reunificacion","status":"publish","type":"post","link":"https:\/\/www.sonoraenequipo.com.mx\/alemania-celebra-el-30o-aniversario-de-su-reunificacion\/","title":{"rendered":"Alemania celebra el 30\u00ba aniversario de su reunificaci\u00f3n"},"content":{"rendered":"<p>BONN, ALEMANIA. \u2014 El presidente federal, Frank-Walter Steinmeier, pidi\u00f3 coraje y confianza, como hace treinta a\u00f1os, a pesar de los inmensos desaf\u00edos en el mundo en unas celebraciones muy alejadas de las planificadas inicialmente.<\/p>\n<p> <\/p>\n<p>En su discurso en la ceremonia central de las celebraciones por el trig\u00e9simo aniversario de la reunificaci\u00f3n alemana este s\u00e1bado (03.10.2020) en Potsdam, el jefe de Estado alem\u00e1n, Frank-Walter Steinmeier, habl\u00f3 de las fuerzas centr\u00edfugas en Europa, los desaf\u00edos que plantea la pandemia de coronavirus, la divisi\u00f3n de la sociedad, el cambio clim\u00e1tico y el desmoronamiento de viejas alianzas.<\/p>\n<p>El mundo se ha vuelto m\u00e1s inseguro, <em>\u00abmuchas de las cosas obvias que hemos dado por sentadas durante los \u00faltimos 30 a\u00f1os ya no lo son\u00bb,<\/em> afirm\u00f3 Steinmeier seg\u00fan el manuscrito del discurso anticipado a la prensa. Sin embargo, enfatiz\u00f3:<em> \u00abCoraje es lo que necesitamos ahora y debemos tenerlo, justo como hace treinta a\u00f1os\u00bb<\/em>. Y pidi\u00f3, especialmente en unos momentos en que la pandemia de coronavirus exige que el pa\u00eds se mantenga unido, confianza.<em> \u00abTenemos todos los motivos para tener confianza\u00bb.<\/em><\/p>\n<p>El futuro despu\u00e9s de la pandemia se est\u00e1 definiendo ahora en todo el mundo, dijo, en cuestiones como la protecci\u00f3n clim\u00e1tica, la digitalizaci\u00f3n. <em>\u00abTenemos que estar ah\u00ed, tenemos que hacerlo bien, r\u00e1pido, y estar dispuestos a cambiar nuestra forma de pensar, s\u00ed, en algunos casos, a cambiarla radicalmente\u00bb<\/em>. El presidente federal sac\u00f3 una valoraci\u00f3n positiva de todo el proceso de unificaci\u00f3n, pero tambi\u00e9n abord\u00f3 las carencias. El sentimiento de pertenencia, dijo, y de no ser mirado por encima del hombre no se decide solo en la n\u00f3mina.<em> \u00abSigue siendo nuestra tarea acercarnos personalmente, mantener la curiosidad, conocer y respetar el mundo y las perspectivas de los dem\u00e1s\u00bb,<\/em> dijo Steinmeier durante su discurso al mediod\u00eda en el Metropolishalle de Babelsberg.<\/p>\n<h3>Celebraci\u00f3n diferente a lo planificado<\/h3>\n<p>Al final, los actos oficiales no pudieron ser lo multitudinarios que se hab\u00eda planificado para la ocasi\u00f3n inicialmente. Para dar inicio a las celebraciones centrales en Potsdam, tanto el presidente federal como la canciller federal, Angela Merkel, y el presidente del Bundestag, Wolfgang Sch\u00e4uble, participaron antes del discurso de Steinmeier en un servicio ecum\u00e9nico en la iglesia de San Pedro y San Pablo. Debido a la pandemia, solo se permiti\u00f3 la asistencia de 130 invitados, incluidas las delegaciones de ciudadanos de los estados federales.<\/p>\n<p>El obispo de la Iglesia Evang\u00e9lica de Berl\u00edn-Brandeburgo, Christian St\u00e4blein, pidi\u00f3 apoyo mutuo. <em>\u00abDonde se comparte, las cosas no disminuyen, se obtiene m\u00e1s\u00bb,<\/em> dijo en su serm\u00f3n. Y elogi\u00f3 los 30 a\u00f1os de unidad alemana como \u00ab<em>cestas llenas de enriquecimiento mutuo y b\u00fasqueda de nuevos caminos, cestas llenas de coraje y deseo de libertad\u00bb.<\/em> El arzobispo cat\u00f3lico de Berl\u00edn, Heiner Koch, hizo por su parte un llamamiento a todos para que se respeten unos a otros.<em> \u00abConstruimos puentes, no dejamos a nadie atr\u00e1s, especialmente a las minor\u00edas<\/em>\u00ab.<\/p>\n<p>El rasgo b\u00e1sico de la democracia es aprender a convivir, dijo, enriquecerse con toda humildad. <em>\u00abQuiz\u00e1s ha llegado el momento la \u00e9poca del coronavirus para que reaprendamos la democracia\u00bb<\/em>, a\u00f1adi\u00f3, \u00ab<em>porque no se trata solo de tu propia libertad, sino tambi\u00e9n de la del otro\u00bb.<\/em><\/p>\n<p>Las celebraciones bajo el lema<em> \u00abNosotros juntos\u00bb<\/em> est\u00e1n organizadas por el primer ministro de Brandeburgo, Dietmar Woidke (SPD), como presidente en ejercicio del Consejo Federal. Unos 2.500 agentes de polic\u00eda se han desplegado para mantener el orden. El Comisionado Oriental del Gobierno Federal, Marco Wanderwitz, dijo que la gente deber\u00eda apreciar m\u00e1s los logros de la unidad.<em> \u00abVivimos en una de las mejores democracias libres desde hace 30 a\u00f1os\u00bb,<\/em> record\u00f3.<\/p>\n<p>(PUBLICADO EL 03\/10\/2020 \/DPA\/REUTERS)<\/p>\n","protected":false},"excerpt":{"rendered":"<p>BONN, ALEMANIA. \u2014 El presidente federal, Frank-Walter Steinmeier, pidi\u00f3 coraje y confianza, como hace treinta&#8230;<\/p>\n","protected":false},"author":1,"featured_media":96750,"comment_status":"open","ping_status":"open","sticky":false,"template":"","format":"standard","meta":{"_monsterinsights_skip_tracking":false,"_monsterinsights_sitenote_active":false,"_monsterinsights_sitenote_note":"","_monsterinsights_sitenote_category":0,"footnotes":""},"categories":[3],"tags":[],"class_list":["post"],"yoast_head":" \n<title>Sonora en Equipo. Alemania celebra el 30\u00ba aniversario de su reunificaci\u00f3n MUNDO<\/title>\n<meta name=\"description\" content=\"BONN, ALEMANIA. \u2014 El presidente federal, Frank-Walter Steinmeier, pidi\u00f3 coraje y confianza, como hace treinta a\u00f1os, a pesar de los inmensos desaf\u00edos en el En Sonora en Equipo publicamos toda la informaci\u00f3n de Sonora, M\u00e9xico y el Mundo de manera oportuna y busca que la libertad de expresi\u00f3n sea real. Visita nuestro medio informativo publicado desde Hermosillo, Sonora. %\" \/>\n<meta name=\"robots\" content=\"index, follow, max-snippet:-1, max-image-preview:large, max-video-preview:-1\" \/>\n<link rel=\"canonical\" href=\"https:\/\/www.sonoraenequipo.com.mx\/alemania-celebra-el-30o-aniversario-de-su-reunificacion\/\" \/>\n<meta property=\"og:locale\" content=\"es_ES\" \/>\n<meta property=\"og:type\" content=\"article\" \/>\n<meta property=\"og:title\" content=\"Sonora en Equipo. Alemania celebra el 30\u00ba aniversario de su reunificaci\u00f3n MUNDO\" \/>\n<meta property=\"og:description\" content=\"BONN, ALEMANIA. \u2014 El presidente federal, Frank-Walter Steinmeier, pidi\u00f3 coraje y confianza, como hace treinta a\u00f1os, a pesar de los inmensos desaf\u00edos en el En Sonora en Equipo publicamos toda la informaci\u00f3n de Sonora, M\u00e9xico y el Mundo de manera oportuna y busca que la libertad de expresi\u00f3n sea real. Visita nuestro medio informativo publicado desde Hermosillo, Sonora. %\" \/>\n<meta property=\"og:url\" content=\"https:\/\/www.sonoraenequipo.com.mx\/alemania-celebra-el-30o-aniversario-de-su-reunificacion\/\" \/>\n<meta property=\"og:site_name\" content=\"Sonora en Equipo.\" \/>\n<meta property=\"article:publisher\" content=\"https:\/\/www.facebook.com\/SonoraEE\/\" \/>\n<meta property=\"article:author\" content=\"https:\/\/www.facebook.com\/SonoraEE\" \/>\n<meta property=\"article:published_time\" content=\"2020-10-04T06:51:13+00:00\" \/>\n<meta property=\"og:image\" content=\"https:\/\/www.sonoraenequipo.com.mx\/storage\/2020\/10\/steinmeier-y-merkel_opt.jpg\" \/>\n\t<meta property=\"og:image:width\" content=\"599\" \/>\n\t<meta property=\"og:image:height\" content=\"337\" \/>\n\t<meta property=\"og:image:type\" content=\"image\/jpeg\" \/>\n<meta name=\"author\" content=\"enequipo\" \/>\n<meta name=\"twitter:card\" content=\"summary_large_image\" \/>\n<meta name=\"twitter:creator\" content=\"@sonoraenequipo\" \/>\n<meta name=\"twitter:site\" content=\"@sonoraenequipo\" \/>\n<meta name=\"twitter:label1\" content=\"Escrito por\" \/>\n\t<meta name=\"twitter:data1\" content=\"enequipo\" \/>\n\t<meta name=\"twitter:label2\" content=\"Tiempo de lectura\" \/>\n\t<meta name=\"twitter:data2\" content=\"3 minutos\" \/>\n<script type=\"application\/ld+json\" class=\"yoast-schema-graph\">{\"@context\":\"https:\/\/schema.org\",\"@graph\":[{\"@type\":\"Article\",\"@id\":\"https:\/\/www.sonoraenequipo.com.mx\/alemania-celebra-el-30o-aniversario-de-su-reunificacion\/#article\",\"isPartOf\":{\"@id\":\"https:\/\/www.sonoraenequipo.com.mx\/alemania-celebra-el-30o-aniversario-de-su-reunificacion\/\"},\"author\":{\"name\":\"enequipo\",\"@id\":\"https:\/\/www.sonoraenequipo.com.mx\/#\/schema\/person\/50102df0fb23a8fa9e8effad8fa81386\"},\"headline\":\"Alemania celebra el 30\u00ba aniversario de su reunificaci\u00f3n\",\"datePublished\":\"2020-10-04T06:51:13+00:00\",\"mainEntityOfPage\":{\"@id\":\"https:\/\/www.sonoraenequipo.com.mx\/alemania-celebra-el-30o-aniversario-de-su-reunificacion\/\"},\"wordCount\":640,\"commentCount\":0,\"publisher\":{\"@id\":\"https:\/\/www.sonoraenequipo.com.mx\/#organization\"},\"image\":{\"@id\":\"https:\/\/www.sonoraenequipo.com.mx\/alemania-celebra-el-30o-aniversario-de-su-reunificacion\/#primaryimage\"},\"thumbnailUrl\":\"https:\/\/www.sonoraenequipo.com.mx\/storage\/2020\/10\/steinmeier-y-merkel_opt.jpg\",\"articleSection\":[\"MUNDO\"],\"inLanguage\":\"es\",\"potentialAction\":[{\"@type\":\"CommentAction\",\"name\":\"Comment\",\"target\":[\"https:\/\/www.sonoraenequipo.com.mx\/alemania-celebra-el-30o-aniversario-de-su-reunificacion\/#respond\"]}]},{\"@type\":\"WebPage\",\"@id\":\"https:\/\/www.sonoraenequipo.com.mx\/alemania-celebra-el-30o-aniversario-de-su-reunificacion\/\",\"url\":\"https:\/\/www.sonoraenequipo.com.mx\/alemania-celebra-el-30o-aniversario-de-su-reunificacion\/\",\"name\":\"Sonora en Equipo. Alemania celebra el 30\u00ba aniversario de su reunificaci\u00f3n MUNDO\",\"isPartOf\":{\"@id\":\"https:\/\/www.sonoraenequipo.com.mx\/#website\"},\"primaryImageOfPage\":{\"@id\":\"https:\/\/www.sonoraenequipo.com.mx\/alemania-celebra-el-30o-aniversario-de-su-reunificacion\/#primaryimage\"},\"image\":{\"@id\":\"https:\/\/www.sonoraenequipo.com.mx\/alemania-celebra-el-30o-aniversario-de-su-reunificacion\/#primaryimage\"},\"thumbnailUrl\":\"https:\/\/www.sonoraenequipo.com.mx\/storage\/2020\/10\/steinmeier-y-merkel_opt.jpg\",\"datePublished\":\"2020-10-04T06:51:13+00:00\",\"description\":\"BONN, ALEMANIA. \u2014 El presidente federal, Frank-Walter Steinmeier, pidi\u00f3 coraje y confianza, como hace treinta a\u00f1os, a pesar de los inmensos desaf\u00edos en el En Sonora en Equipo publicamos toda la informaci\u00f3n de Sonora, M\u00e9xico y el Mundo de manera oportuna y busca que la libertad de expresi\u00f3n sea real. Visita nuestro medio informativo publicado desde Hermosillo, Sonora. %\",\"breadcrumb\":{\"@id\":\"https:\/\/www.sonoraenequipo.com.mx\/alemania-celebra-el-30o-aniversario-de-su-reunificacion\/#breadcrumb\"},\"inLanguage\":\"es\",\"potentialAction\":[{\"@type\":\"ReadAction\",\"target\":[\"https:\/\/www.sonoraenequipo.com.mx\/alemania-celebra-el-30o-aniversario-de-su-reunificacion\/\"]}]},{\"@type\":\"ImageObject\",\"inLanguage\":\"es\",\"@id\":\"https:\/\/www.sonoraenequipo.com.mx\/alemania-celebra-el-30o-aniversario-de-su-reunificacion\/#primaryimage\",\"url\":\"https:\/\/www.sonoraenequipo.com.mx\/storage\/2020\/10\/steinmeier-y-merkel_opt.jpg\",\"contentUrl\":\"https:\/\/www.sonoraenequipo.com.mx\/storage\/2020\/10\/steinmeier-y-merkel_opt.jpg\",\"width\":599,\"height\":337},{\"@type\":\"BreadcrumbList\",\"@id\":\"https:\/\/www.sonoraenequipo.com.mx\/alemania-celebra-el-30o-aniversario-de-su-reunificacion\/#breadcrumb\",\"itemListElement\":[{\"@type\":\"ListItem\",\"position\":1,\"name\":\"Portada\",\"item\":\"https:\/\/www.sonoraenequipo.com.mx\/\"},{\"@type\":\"ListItem\",\"position\":2,\"name\":\"Alemania celebra el 30\u00ba aniversario de su reunificaci\u00f3n\"}]},{\"@type\":\"WebSite\",\"@id\":\"https:\/\/www.sonoraenequipo.com.mx\/#website\",\"url\":\"https:\/\/www.sonoraenequipo.com.mx\/\",\"name\":\"Sonora en Equipo.\",\"description\":\"Diario en l\u00ednea con Noticias desde Hermosillo, Sonora\",\"publisher\":{\"@id\":\"https:\/\/www.sonoraenequipo.com.mx\/#organization\"},\"potentialAction\":[{\"@type\":\"SearchAction\",\"target\":{\"@type\":\"EntryPoint\",\"urlTemplate\":\"https:\/\/www.sonoraenequipo.com.mx\/?s={search_term_string}\"},\"query-input\":{\"@type\":\"PropertyValueSpecification\",\"valueRequired\":true,\"valueName\":\"search_term_string\"}}],\"inLanguage\":\"es\"},{\"@type\":\"Organization\",\"@id\":\"https:\/\/www.sonoraenequipo.com.mx\/#organization\",\"name\":\"Sonoraenequipo.com.mx\",\"url\":\"https:\/\/www.sonoraenequipo.com.mx\/\",\"logo\":{\"@type\":\"ImageObject\",\"inLanguage\":\"es\",\"@id\":\"https:\/\/www.sonoraenequipo.com.mx\/#\/schema\/logo\/image\/\",\"url\":\"https:\/\/www.sonoraenequipo.com.mx\/storage\/2019\/01\/sonoraenequipo_opt.png\",\"contentUrl\":\"https:\/\/www.sonoraenequipo.com.mx\/storage\/2019\/01\/sonoraenequipo_opt.png\",\"width\":375,\"height\":125,\"caption\":\"Sonoraenequipo.com.mx\"},\"image\":{\"@id\":\"https:\/\/www.sonoraenequipo.com.mx\/#\/schema\/logo\/image\/\"},\"sameAs\":[\"https:\/\/www.facebook.com\/SonoraEE\/\",\"https:\/\/x.com\/sonoraenequipo\",\"https:\/\/www.youtube.com\/channel\/UC338nW-lPEYmJQs4ZABQ1SQ\"]},{\"@type\":\"Person\",\"@id\":\"https:\/\/www.sonoraenequipo.com.mx\/#\/schema\/person\/50102df0fb23a8fa9e8effad8fa81386\",\"name\":\"enequipo\",\"image\":{\"@type\":\"ImageObject\",\"inLanguage\":\"es\",\"@id\":\"https:\/\/www.sonoraenequipo.com.mx\/#\/schema\/person\/image\/\",\"url\":\"https:\/\/secure.gravatar.com\/avatar\/049821681b589dabc0bc20695993ccebb09f5b5d4d790cd9251b97faac7c652b?s=96&d=blank&r=g\",\"contentUrl\":\"https:\/\/secure.gravatar.com\/avatar\/049821681b589dabc0bc20695993ccebb09f5b5d4d790cd9251b97faac7c652b?s=96&d=blank&r=g\",\"caption\":\"enequipo\"},\"sameAs\":[\"https:\/\/www.facebook.com\/SonoraEE\"]}]}<\/script>\n ","yoast_head_json":{"title":"Sonora en Equipo. Alemania celebra el 30\u00ba aniversario de su reunificaci\u00f3n MUNDO","description":"BONN, ALEMANIA. \u2014 El presidente federal, Frank-Walter Steinmeier, pidi\u00f3 coraje y confianza, como hace treinta a\u00f1os, a pesar de los inmensos desaf\u00edos en el En Sonora en Equipo publicamos toda la informaci\u00f3n de Sonora, M\u00e9xico y el Mundo de manera oportuna y busca que la libertad de expresi\u00f3n sea real. Visita nuestro medio informativo publicado desde Hermosillo, Sonora. %","robots":{"index":"index","follow":"follow","max-snippet":"max-snippet:-1","max-image-preview":"max-image-preview:large","max-video-preview":"max-video-preview:-1"},"canonical":"https:\/\/www.sonoraenequipo.com.mx\/alemania-celebra-el-30o-aniversario-de-su-reunificacion\/","og_locale":"es_ES","og_type":"article","og_title":"Sonora en Equipo. Alemania celebra el 30\u00ba aniversario de su reunificaci\u00f3n MUNDO","og_description":"BONN, ALEMANIA. \u2014 El presidente federal, Frank-Walter Steinmeier, pidi\u00f3 coraje y confianza, como hace treinta a\u00f1os, a pesar de los inmensos desaf\u00edos en el En Sonora en Equipo publicamos toda la informaci\u00f3n de Sonora, M\u00e9xico y el Mundo de manera oportuna y busca que la libertad de expresi\u00f3n sea real. Visita nuestro medio informativo publicado desde Hermosillo, Sonora. %","og_url":"https:\/\/www.sonoraenequipo.com.mx\/alemania-celebra-el-30o-aniversario-de-su-reunificacion\/","og_site_name":"Sonora en Equipo.","article_publisher":"https:\/\/www.facebook.com\/SonoraEE\/","article_author":"https:\/\/www.facebook.com\/SonoraEE","article_published_time":"2020-10-04T06:51:13+00:00","og_image":[{"width":599,"height":337,"url":"https:\/\/www.sonoraenequipo.com.mx\/storage\/2020\/10\/steinmeier-y-merkel_opt.jpg","type":"image\/jpeg"}],"author":"enequipo","twitter_card":"summary_large_image","twitter_creator":"@sonoraenequipo","twitter_site":"@sonoraenequipo","twitter_misc":{"Escrito por":"enequipo","Tiempo de lectura":"3 minutos"},"schema":{"@context":"https:\/\/schema.org","@graph":[{"@type":"Article","@id":"https:\/\/www.sonoraenequipo.com.mx\/alemania-celebra-el-30o-aniversario-de-su-reunificacion\/#article","isPartOf":{"@id":"https:\/\/www.sonoraenequipo.com.mx\/alemania-celebra-el-30o-aniversario-de-su-reunificacion\/"},"author":{"name":"enequipo","@id":"https:\/\/www.sonoraenequipo.com.mx\/#\/schema\/person\/50102df0fb23a8fa9e8effad8fa81386"},"headline":"Alemania celebra el 30\u00ba aniversario de su reunificaci\u00f3n","datePublished":"2020-10-04T06:51:13+00:00","mainEntityOfPage":{"@id":"https:\/\/www.sonoraenequipo.com.mx\/alemania-celebra-el-30o-aniversario-de-su-reunificacion\/"},"wordCount":640,"commentCount":0,"publisher":{"@id":"https:\/\/www.sonoraenequipo.com.mx\/#organization"},"image":{"@id":"https:\/\/www.sonoraenequipo.com.mx\/alemania-celebra-el-30o-aniversario-de-su-reunificacion\/#primaryimage"},"thumbnailUrl":"https:\/\/www.sonoraenequipo.com.mx\/storage\/2020\/10\/steinmeier-y-merkel_opt.jpg","articleSection":["MUNDO"],"inLanguage":"es","potentialAction":[{"@type":"CommentAction","name":"Comment","target":["https:\/\/www.sonoraenequipo.com.mx\/alemania-celebra-el-30o-aniversario-de-su-reunificacion\/#respond"]}]},{"@type":"WebPage","@id":"https:\/\/www.sonoraenequipo.com.mx\/alemania-celebra-el-30o-aniversario-de-su-reunificacion\/","url":"https:\/\/www.sonoraenequipo.com.mx\/alemania-celebra-el-30o-aniversario-de-su-reunificacion\/","name":"Sonora en Equipo. Alemania celebra el 30\u00ba aniversario de su reunificaci\u00f3n MUNDO","isPartOf":{"@id":"https:\/\/www.sonoraenequipo.com.mx\/#website"},"primaryImageOfPage":{"@id":"https:\/\/www.sonoraenequipo.com.mx\/alemania-celebra-el-30o-aniversario-de-su-reunificacion\/#primaryimage"},"image":{"@id":"https:\/\/www.sonoraenequipo.com.mx\/alemania-celebra-el-30o-aniversario-de-su-reunificacion\/#primaryimage"},"thumbnailUrl":"https:\/\/www.sonoraenequipo.com.mx\/storage\/2020\/10\/steinmeier-y-merkel_opt.jpg","datePublished":"2020-10-04T06:51:13+00:00","description":"BONN, ALEMANIA. \u2014 El presidente federal, Frank-Walter Steinmeier, pidi\u00f3 coraje y confianza, como hace treinta a\u00f1os, a pesar de los inmensos desaf\u00edos en el En Sonora en Equipo publicamos toda la informaci\u00f3n de Sonora, M\u00e9xico y el Mundo de manera oportuna y busca que la libertad de expresi\u00f3n sea real. Visita nuestro medio informativo publicado desde Hermosillo, Sonora. %","breadcrumb":{"@id":"https:\/\/www.sonoraenequipo.com.mx\/alemania-celebra-el-30o-aniversario-de-su-reunificacion\/#breadcrumb"},"inLanguage":"es","potentialAction":[{"@type":"ReadAction","target":["https:\/\/www.sonoraenequipo.com.mx\/alemania-celebra-el-30o-aniversario-de-su-reunificacion\/"]}]},{"@type":"ImageObject","inLanguage":"es","@id":"https:\/\/www.sonoraenequipo.com.mx\/alemania-celebra-el-30o-aniversario-de-su-reunificacion\/#primaryimage","url":"https:\/\/www.sonoraenequipo.com.mx\/storage\/2020\/10\/steinmeier-y-merkel_opt.jpg","contentUrl":"https:\/\/www.sonoraenequipo.com.mx\/storage\/2020\/10\/steinmeier-y-merkel_opt.jpg","width":599,"height":337},{"@type":"BreadcrumbList","@id":"https:\/\/www.sonoraenequipo.com.mx\/alemania-celebra-el-30o-aniversario-de-su-reunificacion\/#breadcrumb","itemListElement":[{"@type":"ListItem","position":1,"name":"Portada","item":"https:\/\/www.sonoraenequipo.com.mx\/"},{"@type":"ListItem","position":2,"name":"Alemania celebra el 30\u00ba aniversario de su reunificaci\u00f3n"}]},{"@type":"WebSite","@id":"https:\/\/www.sonoraenequipo.com.mx\/#website","url":"https:\/\/www.sonoraenequipo.com.mx\/","name":"Sonora en Equipo.","description":"Diario en l\u00ednea con Noticias desde Hermosillo, Sonora","publisher":{"@id":"https:\/\/www.sonoraenequipo.com.mx\/#organization"},"potentialAction":[{"@type":"SearchAction","target":{"@type":"EntryPoint","urlTemplate":"https:\/\/www.sonoraenequipo.com.mx\/?s={search_term_string}"},"query-input":{"@type":"PropertyValueSpecification","valueRequired":true,"valueName":"search_term_string"}}],"inLanguage":"es"},{"@type":"Organization","@id":"https:\/\/www.sonoraenequipo.com.mx\/#organization","name":"Sonoraenequipo.com.mx","url":"https:\/\/www.sonoraenequipo.com.mx\/","logo":{"@type":"ImageObject","inLanguage":"es","@id":"https:\/\/www.sonoraenequipo.com.mx\/#\/schema\/logo\/image\/","url":"https:\/\/www.sonoraenequipo.com.mx\/storage\/2019\/01\/sonoraenequipo_opt.png","contentUrl":"https:\/\/www.sonoraenequipo.com.mx\/storage\/2019\/01\/sonoraenequipo_opt.png","width":375,"height":125,"caption":"Sonoraenequipo.com.mx"},"image":{"@id":"https:\/\/www.sonoraenequipo.com.mx\/#\/schema\/logo\/image\/"},"sameAs":["https:\/\/www.facebook.com\/SonoraEE\/","https:\/\/x.com\/sonoraenequipo","https:\/\/www.youtube.com\/channel\/UC338nW-lPEYmJQs4ZABQ1SQ"]},{"@type":"Person","@id":"https:\/\/www.sonoraenequipo.com.mx\/#\/schema\/person\/50102df0fb23a8fa9e8effad8fa81386","name":"enequipo","image":{"@type":"ImageObject","inLanguage":"es","@id":"https:\/\/www.sonoraenequipo.com.mx\/#\/schema\/person\/image\/","url":"https:\/\/secure.gravatar.com\/avatar\/049821681b589dabc0bc20695993ccebb09f5b5d4d790cd9251b97faac7c652b?s=96&d=blank&r=g","contentUrl":"https:\/\/secure.gravatar.com\/avatar\/049821681b589dabc0bc20695993ccebb09f5b5d4d790cd9251b97faac7c652b?s=96&d=blank&r=g","caption":"enequipo"},"sameAs":["https:\/\/www.facebook.com\/SonoraEE"]}]}},"jetpack_featured_media_url":"https:\/\/www.sonoraenequipo.com.mx\/storage\/2020\/10\/steinmeier-y-merkel_opt.jpg","_links":{"self":[{"href":"https:\/\/www.sonoraenequipo.com.mx\/api\/wp\/v2\/posts\/96757","targetHints":{"allow":["GET"]}}],"collection":[{"href":"https:\/\/www.sonoraenequipo.com.mx\/api\/wp\/v2\/posts"}],"about":[{"href":"https:\/\/www.sonoraenequipo.com.mx\/api\/wp\/v2\/types\/post"}],"author":[{"embeddable":true,"href":"https:\/\/www.sonoraenequipo.com.mx\/api\/wp\/v2\/users\/1"}],"replies":[{"embeddable":true,"href":"https:\/\/www.sonoraenequipo.com.mx\/api\/wp\/v2\/comments?post=96757"}],"version-history":[{"count":3,"href":"https:\/\/www.sonoraenequipo.com.mx\/api\/wp\/v2\/posts\/96757\/revisions"}],"predecessor-version":[{"id":96793,"href":"https:\/\/www.sonoraenequipo.com.mx\/api\/wp\/v2\/posts\/96757\/revisions\/96793"}],"wp:featuredmedia":[{"embeddable":true,"href":"https:\/\/www.sonoraenequipo.com.mx\/api\/wp\/v2\/media\/96750"}],"wp:attachment":[{"href":"https:\/\/www.sonoraenequipo.com.mx\/api\/wp\/v2\/media?parent=96757"}],"wp:term":[{"taxonomy":"category","embeddable":true,"href":"https:\/\/www.sonoraenequipo.com.mx\/api\/wp\/v2\/categories?post=96757"},{"taxonomy":"post_tag","embeddable":true,"href":"https:\/\/www.sonoraenequipo.com.mx\/api\/wp\/v2\/tags?post=96757"}],"curies":[{"name":"wp","href":"https:\/\/api.w.org\/{rel}","templated":true}]}}