{"id":96763,"date":"2020-10-03T23:02:50","date_gmt":"2020-10-04T06:02:50","guid":{"rendered":"https:\/\/www.sonoraenequipo.com.mx\/?p=96763"},"modified":"2020-10-04T08:45:59","modified_gmt":"2020-10-04T15:45:59","slug":"belgica-impotente-ante-trafico-de-cocaina-desde-america-latina","status":"publish","type":"post","link":"https:\/\/www.sonoraenequipo.com.mx\/belgica-impotente-ante-trafico-de-cocaina-desde-america-latina\/","title":{"rendered":"B\u00e9lgica impotente ante tr\u00e1fico de coca\u00edna desde Am\u00e9rica Latina"},"content":{"rendered":"<p>B\u00c9LGICA. \u2014 Explosiones de granadas, tiroteos e incluso raptos de ni\u00f1os. El tr\u00e1fico de droga en la regi\u00f3n de Amberes (norte), proveniente de Am\u00e9rica Latina, genera una criminalidad cada vez m\u00e1s violenta ante la impotencia de las autoridades belgas, se inform\u00f3 este s\u00e1bado (03.10.2020).<\/p>\n<p> <\/p>\n<p>Segundo puerto de mercanc\u00edas de Europa despu\u00e9s de R\u00f3terdam, Amberes es la principal puerta de entrada de la coca\u00edna en el continente, debido a su mayor v\u00ednculo comercial con Am\u00e9rica Latina. La droga suele llegar escondida en cargas de frutas o en las paredes de los contenedores de Brasil, Ecuador y Colombia.<\/p>\n<p>A la vista de la tendencia actual (cerca de 40 toneladas de coca\u00edna incautadas a fecha de 30 de septiembre), el \u00faltimo r\u00e9cord anual de 61,8 toneladas podr\u00eda volver a batirse en 2020.<\/p>\n<p>Una cifra a la que hay que sumar las casi 70 toneladas interceptadas en Am\u00e9rica Latina con destino a Amberes. Sin olvidar la estimaci\u00f3n de la ONU, seg\u00fan la cual <em>\u00ablas incautaciones solo representan un 10% de lo que entra en el pa\u00eds\u00bb<\/em>, precisa Kristian Vanderwaeren, administrador general de aduanas de B\u00e9lgica.<\/p>\n<p>El gramo de coca\u00edna se vende a 50 euros (58 d\u00f3lares), lo que supone ganancias potencialmente astron\u00f3micas para las redes que controlan este tr\u00e1fico, as\u00ed como el r\u00e1pido desarrollo de una econom\u00eda paralela para blanquear estas cantidades: en coches de lujo, peque\u00f1os comercios e incluso en el sector inmobiliario.<\/p>\n<p>En Amberes, <em>\u00abel dinero del crimen se ha infiltrado en la ciudad\u00bb, dice Vanderwaeren. <\/em>Y en el kilom\u00e9trico muelle del puerto<em> \u00abse pueden ganar r\u00e1pidamente 80.000 euros (unos 94.000 d\u00f3lares) recuperando bolsas\u00bb,<\/em> a\u00f1ade.<em> \u00abAgentes de aduanas ya fueron condenados por haber trabajado con la mafia\u00bb,<\/em> recuerda.<\/p>\n<p>(PUBLICADO EL 03\/10\/2020 \/AFP)<\/p>\n","protected":false},"excerpt":{"rendered":"<p>B\u00c9LGICA. \u2014 Explosiones de granadas, tiroteos e incluso raptos de ni\u00f1os. El tr\u00e1fico de droga&#8230;<\/p>\n","protected":false},"author":1,"featured_media":96765,"comment_status":"open","ping_status":"open","sticky":false,"template":"","format":"standard","meta":{"_monsterinsights_skip_tracking":false,"_monsterinsights_sitenote_active":false,"_monsterinsights_sitenote_note":"","_monsterinsights_sitenote_category":0,"footnotes":""},"categories":[3],"tags":[],"class_list":["post"],"yoast_head":" \n<title>Sonora en Equipo. B\u00e9lgica impotente ante tr\u00e1fico de coca\u00edna desde Am\u00e9rica Latina MUNDO<\/title>\n<meta name=\"description\" content=\"B\u00c9LGICA. \u2014 Explosiones de granadas, tiroteos e incluso raptos de ni\u00f1os. El tr\u00e1fico de droga en la regi\u00f3n de Amberes (norte), proveniente de Am\u00e9rica En Sonora en Equipo publicamos toda la informaci\u00f3n de Sonora, M\u00e9xico y el Mundo de manera oportuna y busca que la libertad de expresi\u00f3n sea real. Visita nuestro medio informativo publicado desde Hermosillo, Sonora. %\" \/>\n<meta name=\"robots\" content=\"index, follow, max-snippet:-1, max-image-preview:large, max-video-preview:-1\" \/>\n<link rel=\"canonical\" href=\"https:\/\/www.sonoraenequipo.com.mx\/belgica-impotente-ante-trafico-de-cocaina-desde-america-latina\/\" \/>\n<meta property=\"og:locale\" content=\"es_ES\" \/>\n<meta property=\"og:type\" content=\"article\" \/>\n<meta property=\"og:title\" content=\"Sonora en Equipo. B\u00e9lgica impotente ante tr\u00e1fico de coca\u00edna desde Am\u00e9rica Latina MUNDO\" \/>\n<meta property=\"og:description\" content=\"B\u00c9LGICA. \u2014 Explosiones de granadas, tiroteos e incluso raptos de ni\u00f1os. El tr\u00e1fico de droga en la regi\u00f3n de Amberes (norte), proveniente de Am\u00e9rica En Sonora en Equipo publicamos toda la informaci\u00f3n de Sonora, M\u00e9xico y el Mundo de manera oportuna y busca que la libertad de expresi\u00f3n sea real. Visita nuestro medio informativo publicado desde Hermosillo, Sonora. %\" \/>\n<meta property=\"og:url\" content=\"https:\/\/www.sonoraenequipo.com.mx\/belgica-impotente-ante-trafico-de-cocaina-desde-america-latina\/\" \/>\n<meta property=\"og:site_name\" content=\"Sonora en Equipo.\" \/>\n<meta property=\"article:publisher\" content=\"https:\/\/www.facebook.com\/SonoraEE\/\" \/>\n<meta property=\"article:author\" content=\"https:\/\/www.facebook.com\/SonoraEE\" \/>\n<meta property=\"article:published_time\" content=\"2020-10-04T06:02:50+00:00\" \/>\n<meta property=\"article:modified_time\" content=\"2020-10-04T15:45:59+00:00\" \/>\n<meta property=\"og:image\" content=\"https:\/\/www.sonoraenequipo.com.mx\/storage\/2020\/10\/cargamento-de-coca\u00edna_opt.jpg\" \/>\n\t<meta property=\"og:image:width\" content=\"599\" \/>\n\t<meta property=\"og:image:height\" content=\"337\" \/>\n\t<meta property=\"og:image:type\" content=\"image\/jpeg\" \/>\n<meta name=\"author\" content=\"enequipo\" \/>\n<meta name=\"twitter:card\" content=\"summary_large_image\" \/>\n<meta name=\"twitter:creator\" content=\"@sonoraenequipo\" \/>\n<meta name=\"twitter:site\" content=\"@sonoraenequipo\" \/>\n<meta name=\"twitter:label1\" content=\"Escrito por\" \/>\n\t<meta name=\"twitter:data1\" content=\"enequipo\" \/>\n\t<meta name=\"twitter:label2\" content=\"Tiempo de lectura\" \/>\n\t<meta name=\"twitter:data2\" content=\"1 minuto\" \/>\n<script type=\"application\/ld+json\" class=\"yoast-schema-graph\">{\"@context\":\"https:\/\/schema.org\",\"@graph\":[{\"@type\":\"Article\",\"@id\":\"https:\/\/www.sonoraenequipo.com.mx\/belgica-impotente-ante-trafico-de-cocaina-desde-america-latina\/#article\",\"isPartOf\":{\"@id\":\"https:\/\/www.sonoraenequipo.com.mx\/belgica-impotente-ante-trafico-de-cocaina-desde-america-latina\/\"},\"author\":{\"name\":\"enequipo\",\"@id\":\"https:\/\/www.sonoraenequipo.com.mx\/#\/schema\/person\/50102df0fb23a8fa9e8effad8fa81386\"},\"headline\":\"B\u00e9lgica impotente ante tr\u00e1fico de coca\u00edna desde Am\u00e9rica Latina\",\"datePublished\":\"2020-10-04T06:02:50+00:00\",\"dateModified\":\"2020-10-04T15:45:59+00:00\",\"mainEntityOfPage\":{\"@id\":\"https:\/\/www.sonoraenequipo.com.mx\/belgica-impotente-ante-trafico-de-cocaina-desde-america-latina\/\"},\"wordCount\":312,\"commentCount\":0,\"publisher\":{\"@id\":\"https:\/\/www.sonoraenequipo.com.mx\/#organization\"},\"image\":{\"@id\":\"https:\/\/www.sonoraenequipo.com.mx\/belgica-impotente-ante-trafico-de-cocaina-desde-america-latina\/#primaryimage\"},\"thumbnailUrl\":\"https:\/\/www.sonoraenequipo.com.mx\/storage\/2020\/10\/cargamento-de-coca\u00edna_opt.jpg\",\"articleSection\":[\"MUNDO\"],\"inLanguage\":\"es\",\"potentialAction\":[{\"@type\":\"CommentAction\",\"name\":\"Comment\",\"target\":[\"https:\/\/www.sonoraenequipo.com.mx\/belgica-impotente-ante-trafico-de-cocaina-desde-america-latina\/#respond\"]}]},{\"@type\":\"WebPage\",\"@id\":\"https:\/\/www.sonoraenequipo.com.mx\/belgica-impotente-ante-trafico-de-cocaina-desde-america-latina\/\",\"url\":\"https:\/\/www.sonoraenequipo.com.mx\/belgica-impotente-ante-trafico-de-cocaina-desde-america-latina\/\",\"name\":\"Sonora en Equipo. B\u00e9lgica impotente ante tr\u00e1fico de coca\u00edna desde Am\u00e9rica Latina MUNDO\",\"isPartOf\":{\"@id\":\"https:\/\/www.sonoraenequipo.com.mx\/#website\"},\"primaryImageOfPage\":{\"@id\":\"https:\/\/www.sonoraenequipo.com.mx\/belgica-impotente-ante-trafico-de-cocaina-desde-america-latina\/#primaryimage\"},\"image\":{\"@id\":\"https:\/\/www.sonoraenequipo.com.mx\/belgica-impotente-ante-trafico-de-cocaina-desde-america-latina\/#primaryimage\"},\"thumbnailUrl\":\"https:\/\/www.sonoraenequipo.com.mx\/storage\/2020\/10\/cargamento-de-coca\u00edna_opt.jpg\",\"datePublished\":\"2020-10-04T06:02:50+00:00\",\"dateModified\":\"2020-10-04T15:45:59+00:00\",\"description\":\"B\u00c9LGICA. \u2014 Explosiones de granadas, tiroteos e incluso raptos de ni\u00f1os. El tr\u00e1fico de droga en la regi\u00f3n de Amberes (norte), proveniente de Am\u00e9rica En Sonora en Equipo publicamos toda la informaci\u00f3n de Sonora, M\u00e9xico y el Mundo de manera oportuna y busca que la libertad de expresi\u00f3n sea real. Visita nuestro medio informativo publicado desde Hermosillo, Sonora. %\",\"breadcrumb\":{\"@id\":\"https:\/\/www.sonoraenequipo.com.mx\/belgica-impotente-ante-trafico-de-cocaina-desde-america-latina\/#breadcrumb\"},\"inLanguage\":\"es\",\"potentialAction\":[{\"@type\":\"ReadAction\",\"target\":[\"https:\/\/www.sonoraenequipo.com.mx\/belgica-impotente-ante-trafico-de-cocaina-desde-america-latina\/\"]}]},{\"@type\":\"ImageObject\",\"inLanguage\":\"es\",\"@id\":\"https:\/\/www.sonoraenequipo.com.mx\/belgica-impotente-ante-trafico-de-cocaina-desde-america-latina\/#primaryimage\",\"url\":\"https:\/\/www.sonoraenequipo.com.mx\/storage\/2020\/10\/cargamento-de-coca\u00edna_opt.jpg\",\"contentUrl\":\"https:\/\/www.sonoraenequipo.com.mx\/storage\/2020\/10\/cargamento-de-coca\u00edna_opt.jpg\",\"width\":599,\"height\":337},{\"@type\":\"BreadcrumbList\",\"@id\":\"https:\/\/www.sonoraenequipo.com.mx\/belgica-impotente-ante-trafico-de-cocaina-desde-america-latina\/#breadcrumb\",\"itemListElement\":[{\"@type\":\"ListItem\",\"position\":1,\"name\":\"Portada\",\"item\":\"https:\/\/www.sonoraenequipo.com.mx\/\"},{\"@type\":\"ListItem\",\"position\":2,\"name\":\"B\u00e9lgica impotente ante tr\u00e1fico de coca\u00edna desde Am\u00e9rica Latina\"}]},{\"@type\":\"WebSite\",\"@id\":\"https:\/\/www.sonoraenequipo.com.mx\/#website\",\"url\":\"https:\/\/www.sonoraenequipo.com.mx\/\",\"name\":\"Sonora en Equipo.\",\"description\":\"Diario en l\u00ednea con Noticias desde Hermosillo, Sonora\",\"publisher\":{\"@id\":\"https:\/\/www.sonoraenequipo.com.mx\/#organization\"},\"potentialAction\":[{\"@type\":\"SearchAction\",\"target\":{\"@type\":\"EntryPoint\",\"urlTemplate\":\"https:\/\/www.sonoraenequipo.com.mx\/?s={search_term_string}\"},\"query-input\":{\"@type\":\"PropertyValueSpecification\",\"valueRequired\":true,\"valueName\":\"search_term_string\"}}],\"inLanguage\":\"es\"},{\"@type\":\"Organization\",\"@id\":\"https:\/\/www.sonoraenequipo.com.mx\/#organization\",\"name\":\"Sonoraenequipo.com.mx\",\"url\":\"https:\/\/www.sonoraenequipo.com.mx\/\",\"logo\":{\"@type\":\"ImageObject\",\"inLanguage\":\"es\",\"@id\":\"https:\/\/www.sonoraenequipo.com.mx\/#\/schema\/logo\/image\/\",\"url\":\"https:\/\/www.sonoraenequipo.com.mx\/storage\/2019\/01\/sonoraenequipo_opt.png\",\"contentUrl\":\"https:\/\/www.sonoraenequipo.com.mx\/storage\/2019\/01\/sonoraenequipo_opt.png\",\"width\":375,\"height\":125,\"caption\":\"Sonoraenequipo.com.mx\"},\"image\":{\"@id\":\"https:\/\/www.sonoraenequipo.com.mx\/#\/schema\/logo\/image\/\"},\"sameAs\":[\"https:\/\/www.facebook.com\/SonoraEE\/\",\"https:\/\/x.com\/sonoraenequipo\",\"https:\/\/www.youtube.com\/channel\/UC338nW-lPEYmJQs4ZABQ1SQ\"]},{\"@type\":\"Person\",\"@id\":\"https:\/\/www.sonoraenequipo.com.mx\/#\/schema\/person\/50102df0fb23a8fa9e8effad8fa81386\",\"name\":\"enequipo\",\"image\":{\"@type\":\"ImageObject\",\"inLanguage\":\"es\",\"@id\":\"https:\/\/www.sonoraenequipo.com.mx\/#\/schema\/person\/image\/\",\"url\":\"https:\/\/secure.gravatar.com\/avatar\/049821681b589dabc0bc20695993ccebb09f5b5d4d790cd9251b97faac7c652b?s=96&d=blank&r=g\",\"contentUrl\":\"https:\/\/secure.gravatar.com\/avatar\/049821681b589dabc0bc20695993ccebb09f5b5d4d790cd9251b97faac7c652b?s=96&d=blank&r=g\",\"caption\":\"enequipo\"},\"sameAs\":[\"https:\/\/www.facebook.com\/SonoraEE\"]}]}<\/script>\n ","yoast_head_json":{"title":"Sonora en Equipo. B\u00e9lgica impotente ante tr\u00e1fico de coca\u00edna desde Am\u00e9rica Latina MUNDO","description":"B\u00c9LGICA. \u2014 Explosiones de granadas, tiroteos e incluso raptos de ni\u00f1os. El tr\u00e1fico de droga en la regi\u00f3n de Amberes (norte), proveniente de Am\u00e9rica En Sonora en Equipo publicamos toda la informaci\u00f3n de Sonora, M\u00e9xico y el Mundo de manera oportuna y busca que la libertad de expresi\u00f3n sea real. Visita nuestro medio informativo publicado desde Hermosillo, Sonora. %","robots":{"index":"index","follow":"follow","max-snippet":"max-snippet:-1","max-image-preview":"max-image-preview:large","max-video-preview":"max-video-preview:-1"},"canonical":"https:\/\/www.sonoraenequipo.com.mx\/belgica-impotente-ante-trafico-de-cocaina-desde-america-latina\/","og_locale":"es_ES","og_type":"article","og_title":"Sonora en Equipo. B\u00e9lgica impotente ante tr\u00e1fico de coca\u00edna desde Am\u00e9rica Latina MUNDO","og_description":"B\u00c9LGICA. \u2014 Explosiones de granadas, tiroteos e incluso raptos de ni\u00f1os. El tr\u00e1fico de droga en la regi\u00f3n de Amberes (norte), proveniente de Am\u00e9rica En Sonora en Equipo publicamos toda la informaci\u00f3n de Sonora, M\u00e9xico y el Mundo de manera oportuna y busca que la libertad de expresi\u00f3n sea real. Visita nuestro medio informativo publicado desde Hermosillo, Sonora. %","og_url":"https:\/\/www.sonoraenequipo.com.mx\/belgica-impotente-ante-trafico-de-cocaina-desde-america-latina\/","og_site_name":"Sonora en Equipo.","article_publisher":"https:\/\/www.facebook.com\/SonoraEE\/","article_author":"https:\/\/www.facebook.com\/SonoraEE","article_published_time":"2020-10-04T06:02:50+00:00","article_modified_time":"2020-10-04T15:45:59+00:00","og_image":[{"width":599,"height":337,"url":"https:\/\/www.sonoraenequipo.com.mx\/storage\/2020\/10\/cargamento-de-coca\u00edna_opt.jpg","type":"image\/jpeg"}],"author":"enequipo","twitter_card":"summary_large_image","twitter_creator":"@sonoraenequipo","twitter_site":"@sonoraenequipo","twitter_misc":{"Escrito por":"enequipo","Tiempo de lectura":"1 minuto"},"schema":{"@context":"https:\/\/schema.org","@graph":[{"@type":"Article","@id":"https:\/\/www.sonoraenequipo.com.mx\/belgica-impotente-ante-trafico-de-cocaina-desde-america-latina\/#article","isPartOf":{"@id":"https:\/\/www.sonoraenequipo.com.mx\/belgica-impotente-ante-trafico-de-cocaina-desde-america-latina\/"},"author":{"name":"enequipo","@id":"https:\/\/www.sonoraenequipo.com.mx\/#\/schema\/person\/50102df0fb23a8fa9e8effad8fa81386"},"headline":"B\u00e9lgica impotente ante tr\u00e1fico de coca\u00edna desde Am\u00e9rica Latina","datePublished":"2020-10-04T06:02:50+00:00","dateModified":"2020-10-04T15:45:59+00:00","mainEntityOfPage":{"@id":"https:\/\/www.sonoraenequipo.com.mx\/belgica-impotente-ante-trafico-de-cocaina-desde-america-latina\/"},"wordCount":312,"commentCount":0,"publisher":{"@id":"https:\/\/www.sonoraenequipo.com.mx\/#organization"},"image":{"@id":"https:\/\/www.sonoraenequipo.com.mx\/belgica-impotente-ante-trafico-de-cocaina-desde-america-latina\/#primaryimage"},"thumbnailUrl":"https:\/\/www.sonoraenequipo.com.mx\/storage\/2020\/10\/cargamento-de-coca\u00edna_opt.jpg","articleSection":["MUNDO"],"inLanguage":"es","potentialAction":[{"@type":"CommentAction","name":"Comment","target":["https:\/\/www.sonoraenequipo.com.mx\/belgica-impotente-ante-trafico-de-cocaina-desde-america-latina\/#respond"]}]},{"@type":"WebPage","@id":"https:\/\/www.sonoraenequipo.com.mx\/belgica-impotente-ante-trafico-de-cocaina-desde-america-latina\/","url":"https:\/\/www.sonoraenequipo.com.mx\/belgica-impotente-ante-trafico-de-cocaina-desde-america-latina\/","name":"Sonora en Equipo. B\u00e9lgica impotente ante tr\u00e1fico de coca\u00edna desde Am\u00e9rica Latina MUNDO","isPartOf":{"@id":"https:\/\/www.sonoraenequipo.com.mx\/#website"},"primaryImageOfPage":{"@id":"https:\/\/www.sonoraenequipo.com.mx\/belgica-impotente-ante-trafico-de-cocaina-desde-america-latina\/#primaryimage"},"image":{"@id":"https:\/\/www.sonoraenequipo.com.mx\/belgica-impotente-ante-trafico-de-cocaina-desde-america-latina\/#primaryimage"},"thumbnailUrl":"https:\/\/www.sonoraenequipo.com.mx\/storage\/2020\/10\/cargamento-de-coca\u00edna_opt.jpg","datePublished":"2020-10-04T06:02:50+00:00","dateModified":"2020-10-04T15:45:59+00:00","description":"B\u00c9LGICA. \u2014 Explosiones de granadas, tiroteos e incluso raptos de ni\u00f1os. El tr\u00e1fico de droga en la regi\u00f3n de Amberes (norte), proveniente de Am\u00e9rica En Sonora en Equipo publicamos toda la informaci\u00f3n de Sonora, M\u00e9xico y el Mundo de manera oportuna y busca que la libertad de expresi\u00f3n sea real. Visita nuestro medio informativo publicado desde Hermosillo, Sonora. %","breadcrumb":{"@id":"https:\/\/www.sonoraenequipo.com.mx\/belgica-impotente-ante-trafico-de-cocaina-desde-america-latina\/#breadcrumb"},"inLanguage":"es","potentialAction":[{"@type":"ReadAction","target":["https:\/\/www.sonoraenequipo.com.mx\/belgica-impotente-ante-trafico-de-cocaina-desde-america-latina\/"]}]},{"@type":"ImageObject","inLanguage":"es","@id":"https:\/\/www.sonoraenequipo.com.mx\/belgica-impotente-ante-trafico-de-cocaina-desde-america-latina\/#primaryimage","url":"https:\/\/www.sonoraenequipo.com.mx\/storage\/2020\/10\/cargamento-de-coca\u00edna_opt.jpg","contentUrl":"https:\/\/www.sonoraenequipo.com.mx\/storage\/2020\/10\/cargamento-de-coca\u00edna_opt.jpg","width":599,"height":337},{"@type":"BreadcrumbList","@id":"https:\/\/www.sonoraenequipo.com.mx\/belgica-impotente-ante-trafico-de-cocaina-desde-america-latina\/#breadcrumb","itemListElement":[{"@type":"ListItem","position":1,"name":"Portada","item":"https:\/\/www.sonoraenequipo.com.mx\/"},{"@type":"ListItem","position":2,"name":"B\u00e9lgica impotente ante tr\u00e1fico de coca\u00edna desde Am\u00e9rica Latina"}]},{"@type":"WebSite","@id":"https:\/\/www.sonoraenequipo.com.mx\/#website","url":"https:\/\/www.sonoraenequipo.com.mx\/","name":"Sonora en Equipo.","description":"Diario en l\u00ednea con Noticias desde Hermosillo, Sonora","publisher":{"@id":"https:\/\/www.sonoraenequipo.com.mx\/#organization"},"potentialAction":[{"@type":"SearchAction","target":{"@type":"EntryPoint","urlTemplate":"https:\/\/www.sonoraenequipo.com.mx\/?s={search_term_string}"},"query-input":{"@type":"PropertyValueSpecification","valueRequired":true,"valueName":"search_term_string"}}],"inLanguage":"es"},{"@type":"Organization","@id":"https:\/\/www.sonoraenequipo.com.mx\/#organization","name":"Sonoraenequipo.com.mx","url":"https:\/\/www.sonoraenequipo.com.mx\/","logo":{"@type":"ImageObject","inLanguage":"es","@id":"https:\/\/www.sonoraenequipo.com.mx\/#\/schema\/logo\/image\/","url":"https:\/\/www.sonoraenequipo.com.mx\/storage\/2019\/01\/sonoraenequipo_opt.png","contentUrl":"https:\/\/www.sonoraenequipo.com.mx\/storage\/2019\/01\/sonoraenequipo_opt.png","width":375,"height":125,"caption":"Sonoraenequipo.com.mx"},"image":{"@id":"https:\/\/www.sonoraenequipo.com.mx\/#\/schema\/logo\/image\/"},"sameAs":["https:\/\/www.facebook.com\/SonoraEE\/","https:\/\/x.com\/sonoraenequipo","https:\/\/www.youtube.com\/channel\/UC338nW-lPEYmJQs4ZABQ1SQ"]},{"@type":"Person","@id":"https:\/\/www.sonoraenequipo.com.mx\/#\/schema\/person\/50102df0fb23a8fa9e8effad8fa81386","name":"enequipo","image":{"@type":"ImageObject","inLanguage":"es","@id":"https:\/\/www.sonoraenequipo.com.mx\/#\/schema\/person\/image\/","url":"https:\/\/secure.gravatar.com\/avatar\/049821681b589dabc0bc20695993ccebb09f5b5d4d790cd9251b97faac7c652b?s=96&d=blank&r=g","contentUrl":"https:\/\/secure.gravatar.com\/avatar\/049821681b589dabc0bc20695993ccebb09f5b5d4d790cd9251b97faac7c652b?s=96&d=blank&r=g","caption":"enequipo"},"sameAs":["https:\/\/www.facebook.com\/SonoraEE"]}]}},"jetpack_featured_media_url":"https:\/\/www.sonoraenequipo.com.mx\/storage\/2020\/10\/cargamento-de-coca\u00edna_opt.jpg","_links":{"self":[{"href":"https:\/\/www.sonoraenequipo.com.mx\/api\/wp\/v2\/posts\/96763","targetHints":{"allow":["GET"]}}],"collection":[{"href":"https:\/\/www.sonoraenequipo.com.mx\/api\/wp\/v2\/posts"}],"about":[{"href":"https:\/\/www.sonoraenequipo.com.mx\/api\/wp\/v2\/types\/post"}],"author":[{"embeddable":true,"href":"https:\/\/www.sonoraenequipo.com.mx\/api\/wp\/v2\/users\/1"}],"replies":[{"embeddable":true,"href":"https:\/\/www.sonoraenequipo.com.mx\/api\/wp\/v2\/comments?post=96763"}],"version-history":[{"count":2,"href":"https:\/\/www.sonoraenequipo.com.mx\/api\/wp\/v2\/posts\/96763\/revisions"}],"predecessor-version":[{"id":96798,"href":"https:\/\/www.sonoraenequipo.com.mx\/api\/wp\/v2\/posts\/96763\/revisions\/96798"}],"wp:featuredmedia":[{"embeddable":true,"href":"https:\/\/www.sonoraenequipo.com.mx\/api\/wp\/v2\/media\/96765"}],"wp:attachment":[{"href":"https:\/\/www.sonoraenequipo.com.mx\/api\/wp\/v2\/media?parent=96763"}],"wp:term":[{"taxonomy":"category","embeddable":true,"href":"https:\/\/www.sonoraenequipo.com.mx\/api\/wp\/v2\/categories?post=96763"},{"taxonomy":"post_tag","embeddable":true,"href":"https:\/\/www.sonoraenequipo.com.mx\/api\/wp\/v2\/tags?post=96763"}],"curies":[{"name":"wp","href":"https:\/\/api.w.org\/{rel}","templated":true}]}}