{"id":96768,"date":"2020-10-03T23:48:25","date_gmt":"2020-10-04T06:48:25","guid":{"rendered":"https:\/\/www.sonoraenequipo.com.mx\/?p=96768"},"modified":"2020-10-04T08:42:50","modified_gmt":"2020-10-04T15:42:50","slug":"tratamiento-que-han-prescrito-a-trump-contra-el-covid-19","status":"publish","type":"post","link":"https:\/\/www.sonoraenequipo.com.mx\/tratamiento-que-han-prescrito-a-trump-contra-el-covid-19\/","title":{"rendered":"Tratamiento que han prescrito a Trump contra el Covid-19"},"content":{"rendered":"<p>WASHINGTON, ESTADOS UNIDOS. \u2014 El presidente de Estados Unidos, Donald Trump, ha sido ingresado en el hospital militar de Walter Reed para tratarse del Covid-19, del que ha dado positivo recientemente.<\/p>\n<p> <\/p>\n<p>El dirigente estadounidense <strong>est\u00e1 siendo tratado con un innovador c\u00f3ctel de anticuerpos antivirales que est\u00e1 siento probado con nuevos pacientes de coronavirus,<\/strong> seg\u00fan informa el m\u00e9dico de la Casa Blanca, Sean Conley, en una carta oficial.<\/p>\n<p>Ese c\u00f3ctel, de la empresa de biotecnolog\u00eda <strong>Regeneron,<\/strong> <em>redujo los niveles del virus en sangre y mejor\u00f3 los s\u00edntomas en 275 de los 1.000 pacientes en los que se uso en periodo de prueba.<\/em><\/p>\n<p>A \u00faltima hora del viernes, el equipo m\u00e9dico de Trump anunci\u00f3 que se hab\u00eda sumado incluido en su tratamiento el remdivisir, uno de los pocos f\u00e1rmacos con cierto \u00e9xito en la pelea contra el covid. Conley, adem\u00e1s, aclar\u00f3 que el presidente no necesitaba ox\u00edgeno y que se encontraba<em> \u00abmuy bien\u00bb.<\/em><\/p>\n<p>Seg\u00fan el doctor Conley, que trata a Trump durante su convalecencia, el presidente siente fatiga y presenta una ligera fiebre. La primera dama tiene tos y tambi\u00e9n registra temperatura elevada. Ambos entraron anoche en cuarentena tras dar positivo en la prueba del virus. \u00ab<em>Esta tarde el presidente se siente con fatiga pero est\u00e1 bien de \u00e1nimo\u00bb<\/em>, dijo el m\u00e9dico.<\/p>\n<p>En esta ocasi\u00f3n, el presidente no ha tomado Hidroxicloroquina, el medicamento cuya efectividad como tratamiento para el virus defendi\u00f3 durante semanas en primavera, y que seg\u00fan dijo lleg\u00f3 a tomar durante dos semanas. La comunidad m\u00e9dica ha desmentido de hecho que esa sustancia tenga un efecto real sobre los pacientes contagiados, o que sirva para prevenir la infecci\u00f3n, como defendi\u00f3 Trump como motivo para tomarlo.<\/p>\n<p>Barron Trump, el hijo de 14 a\u00f1os del presidente Trump y su actual mujer, dio este viernes negativo en la prueba del coronavirus, seg\u00fan dijo Stephanie Grisham, jefa de gabinete de Melania Trump. Tanto Ivanka Trump, hija mayor del presidente, como su marido Jared Kushner tambi\u00e9n dieron negativo por coronavirus el viernes por la ma\u00f1ana. Todos han visto al presidente esta misa semana.<\/p>\n<p>Aunque Trump se vio con Joe Biden en Ohio el martes durante el primer debate electoral, el dem\u00f3crata ha dado negativo en la prueba realizada este viernes. Seg\u00fan el doctor Kevin O\u2019Connor, m\u00e9dico de cabecera de los Biden, <em>\u00abel vicepresidente Joe Biden y Jill Biden se sometieron a pruebas de PCR hoy y no se detect\u00f3 Covid-19\u00bb.<\/em><\/p>\n<p>(PUBLICADO EL 03\/10\/2020)<\/p>\n","protected":false},"excerpt":{"rendered":"<p>WASHINGTON, ESTADOS UNIDOS. \u2014 El presidente de Estados Unidos, Donald Trump, ha sido ingresado en&#8230;<\/p>\n","protected":false},"author":1,"featured_media":96769,"comment_status":"open","ping_status":"open","sticky":false,"template":"","format":"standard","meta":{"_monsterinsights_skip_tracking":false,"_monsterinsights_sitenote_active":false,"_monsterinsights_sitenote_note":"","_monsterinsights_sitenote_category":0,"footnotes":""},"categories":[2216],"tags":[],"class_list":["post"],"yoast_head":" \n<title>Sonora en Equipo. Tratamiento que han prescrito a Trump contra el Covid-19 Ciencia y Tecnolog\u00eda<\/title>\n<meta name=\"description\" content=\"WASHINGTON, ESTADOS UNIDOS. \u2014 El presidente de Estados Unidos, Donald Trump, ha sido ingresado en el hospital militar de Walter Reed para tratarse del En Sonora en Equipo publicamos toda la informaci\u00f3n de Sonora, M\u00e9xico y el Mundo de manera oportuna y busca que la libertad de expresi\u00f3n sea real. Visita nuestro medio informativo publicado desde Hermosillo, Sonora. %\" \/>\n<meta name=\"robots\" content=\"index, follow, max-snippet:-1, max-image-preview:large, max-video-preview:-1\" \/>\n<link rel=\"canonical\" href=\"https:\/\/www.sonoraenequipo.com.mx\/tratamiento-que-han-prescrito-a-trump-contra-el-covid-19\/\" \/>\n<meta property=\"og:locale\" content=\"es_ES\" \/>\n<meta property=\"og:type\" content=\"article\" \/>\n<meta property=\"og:title\" content=\"Sonora en Equipo. Tratamiento que han prescrito a Trump contra el Covid-19 Ciencia y Tecnolog\u00eda\" \/>\n<meta property=\"og:description\" content=\"WASHINGTON, ESTADOS UNIDOS. \u2014 El presidente de Estados Unidos, Donald Trump, ha sido ingresado en el hospital militar de Walter Reed para tratarse del En Sonora en Equipo publicamos toda la informaci\u00f3n de Sonora, M\u00e9xico y el Mundo de manera oportuna y busca que la libertad de expresi\u00f3n sea real. Visita nuestro medio informativo publicado desde Hermosillo, Sonora. %\" \/>\n<meta property=\"og:url\" content=\"https:\/\/www.sonoraenequipo.com.mx\/tratamiento-que-han-prescrito-a-trump-contra-el-covid-19\/\" \/>\n<meta property=\"og:site_name\" content=\"Sonora en Equipo.\" \/>\n<meta property=\"article:publisher\" content=\"https:\/\/www.facebook.com\/SonoraEE\/\" \/>\n<meta property=\"article:author\" content=\"https:\/\/www.facebook.com\/SonoraEE\" \/>\n<meta property=\"article:published_time\" content=\"2020-10-04T06:48:25+00:00\" \/>\n<meta property=\"article:modified_time\" content=\"2020-10-04T15:42:50+00:00\" \/>\n<meta property=\"og:image\" content=\"https:\/\/www.sonoraenequipo.com.mx\/storage\/2020\/10\/remdesivir-2_opt.jpg\" \/>\n\t<meta property=\"og:image:width\" content=\"656\" \/>\n\t<meta property=\"og:image:height\" content=\"400\" \/>\n\t<meta property=\"og:image:type\" content=\"image\/jpeg\" \/>\n<meta name=\"author\" content=\"enequipo\" \/>\n<meta name=\"twitter:card\" content=\"summary_large_image\" \/>\n<meta name=\"twitter:creator\" content=\"@sonoraenequipo\" \/>\n<meta name=\"twitter:site\" content=\"@sonoraenequipo\" \/>\n<meta name=\"twitter:label1\" content=\"Escrito por\" \/>\n\t<meta name=\"twitter:data1\" content=\"enequipo\" \/>\n\t<meta name=\"twitter:label2\" content=\"Tiempo de lectura\" \/>\n\t<meta name=\"twitter:data2\" content=\"2 minutos\" \/>\n<script type=\"application\/ld+json\" class=\"yoast-schema-graph\">{\"@context\":\"https:\/\/schema.org\",\"@graph\":[{\"@type\":\"Article\",\"@id\":\"https:\/\/www.sonoraenequipo.com.mx\/tratamiento-que-han-prescrito-a-trump-contra-el-covid-19\/#article\",\"isPartOf\":{\"@id\":\"https:\/\/www.sonoraenequipo.com.mx\/tratamiento-que-han-prescrito-a-trump-contra-el-covid-19\/\"},\"author\":{\"name\":\"enequipo\",\"@id\":\"https:\/\/www.sonoraenequipo.com.mx\/#\/schema\/person\/50102df0fb23a8fa9e8effad8fa81386\"},\"headline\":\"Tratamiento que han prescrito a Trump contra el Covid-19\",\"datePublished\":\"2020-10-04T06:48:25+00:00\",\"dateModified\":\"2020-10-04T15:42:50+00:00\",\"mainEntityOfPage\":{\"@id\":\"https:\/\/www.sonoraenequipo.com.mx\/tratamiento-que-han-prescrito-a-trump-contra-el-covid-19\/\"},\"wordCount\":428,\"commentCount\":0,\"publisher\":{\"@id\":\"https:\/\/www.sonoraenequipo.com.mx\/#organization\"},\"image\":{\"@id\":\"https:\/\/www.sonoraenequipo.com.mx\/tratamiento-que-han-prescrito-a-trump-contra-el-covid-19\/#primaryimage\"},\"thumbnailUrl\":\"https:\/\/www.sonoraenequipo.com.mx\/storage\/2020\/10\/remdesivir-2_opt.jpg\",\"articleSection\":[\"Ciencia y Tecnolog\u00eda\"],\"inLanguage\":\"es\",\"potentialAction\":[{\"@type\":\"CommentAction\",\"name\":\"Comment\",\"target\":[\"https:\/\/www.sonoraenequipo.com.mx\/tratamiento-que-han-prescrito-a-trump-contra-el-covid-19\/#respond\"]}]},{\"@type\":\"WebPage\",\"@id\":\"https:\/\/www.sonoraenequipo.com.mx\/tratamiento-que-han-prescrito-a-trump-contra-el-covid-19\/\",\"url\":\"https:\/\/www.sonoraenequipo.com.mx\/tratamiento-que-han-prescrito-a-trump-contra-el-covid-19\/\",\"name\":\"Sonora en Equipo. Tratamiento que han prescrito a Trump contra el Covid-19 Ciencia y Tecnolog\u00eda\",\"isPartOf\":{\"@id\":\"https:\/\/www.sonoraenequipo.com.mx\/#website\"},\"primaryImageOfPage\":{\"@id\":\"https:\/\/www.sonoraenequipo.com.mx\/tratamiento-que-han-prescrito-a-trump-contra-el-covid-19\/#primaryimage\"},\"image\":{\"@id\":\"https:\/\/www.sonoraenequipo.com.mx\/tratamiento-que-han-prescrito-a-trump-contra-el-covid-19\/#primaryimage\"},\"thumbnailUrl\":\"https:\/\/www.sonoraenequipo.com.mx\/storage\/2020\/10\/remdesivir-2_opt.jpg\",\"datePublished\":\"2020-10-04T06:48:25+00:00\",\"dateModified\":\"2020-10-04T15:42:50+00:00\",\"description\":\"WASHINGTON, ESTADOS UNIDOS. \u2014 El presidente de Estados Unidos, Donald Trump, ha sido ingresado en el hospital militar de Walter Reed para tratarse del En Sonora en Equipo publicamos toda la informaci\u00f3n de Sonora, M\u00e9xico y el Mundo de manera oportuna y busca que la libertad de expresi\u00f3n sea real. Visita nuestro medio informativo publicado desde Hermosillo, Sonora. %\",\"breadcrumb\":{\"@id\":\"https:\/\/www.sonoraenequipo.com.mx\/tratamiento-que-han-prescrito-a-trump-contra-el-covid-19\/#breadcrumb\"},\"inLanguage\":\"es\",\"potentialAction\":[{\"@type\":\"ReadAction\",\"target\":[\"https:\/\/www.sonoraenequipo.com.mx\/tratamiento-que-han-prescrito-a-trump-contra-el-covid-19\/\"]}]},{\"@type\":\"ImageObject\",\"inLanguage\":\"es\",\"@id\":\"https:\/\/www.sonoraenequipo.com.mx\/tratamiento-que-han-prescrito-a-trump-contra-el-covid-19\/#primaryimage\",\"url\":\"https:\/\/www.sonoraenequipo.com.mx\/storage\/2020\/10\/remdesivir-2_opt.jpg\",\"contentUrl\":\"https:\/\/www.sonoraenequipo.com.mx\/storage\/2020\/10\/remdesivir-2_opt.jpg\",\"width\":656,\"height\":400},{\"@type\":\"BreadcrumbList\",\"@id\":\"https:\/\/www.sonoraenequipo.com.mx\/tratamiento-que-han-prescrito-a-trump-contra-el-covid-19\/#breadcrumb\",\"itemListElement\":[{\"@type\":\"ListItem\",\"position\":1,\"name\":\"Portada\",\"item\":\"https:\/\/www.sonoraenequipo.com.mx\/\"},{\"@type\":\"ListItem\",\"position\":2,\"name\":\"Tratamiento que han prescrito a Trump contra el Covid-19\"}]},{\"@type\":\"WebSite\",\"@id\":\"https:\/\/www.sonoraenequipo.com.mx\/#website\",\"url\":\"https:\/\/www.sonoraenequipo.com.mx\/\",\"name\":\"Sonora en Equipo.\",\"description\":\"Diario en l\u00ednea con Noticias desde Hermosillo, Sonora\",\"publisher\":{\"@id\":\"https:\/\/www.sonoraenequipo.com.mx\/#organization\"},\"potentialAction\":[{\"@type\":\"SearchAction\",\"target\":{\"@type\":\"EntryPoint\",\"urlTemplate\":\"https:\/\/www.sonoraenequipo.com.mx\/?s={search_term_string}\"},\"query-input\":{\"@type\":\"PropertyValueSpecification\",\"valueRequired\":true,\"valueName\":\"search_term_string\"}}],\"inLanguage\":\"es\"},{\"@type\":\"Organization\",\"@id\":\"https:\/\/www.sonoraenequipo.com.mx\/#organization\",\"name\":\"Sonoraenequipo.com.mx\",\"url\":\"https:\/\/www.sonoraenequipo.com.mx\/\",\"logo\":{\"@type\":\"ImageObject\",\"inLanguage\":\"es\",\"@id\":\"https:\/\/www.sonoraenequipo.com.mx\/#\/schema\/logo\/image\/\",\"url\":\"https:\/\/www.sonoraenequipo.com.mx\/storage\/2019\/01\/sonoraenequipo_opt.png\",\"contentUrl\":\"https:\/\/www.sonoraenequipo.com.mx\/storage\/2019\/01\/sonoraenequipo_opt.png\",\"width\":375,\"height\":125,\"caption\":\"Sonoraenequipo.com.mx\"},\"image\":{\"@id\":\"https:\/\/www.sonoraenequipo.com.mx\/#\/schema\/logo\/image\/\"},\"sameAs\":[\"https:\/\/www.facebook.com\/SonoraEE\/\",\"https:\/\/x.com\/sonoraenequipo\",\"https:\/\/www.youtube.com\/channel\/UC338nW-lPEYmJQs4ZABQ1SQ\"]},{\"@type\":\"Person\",\"@id\":\"https:\/\/www.sonoraenequipo.com.mx\/#\/schema\/person\/50102df0fb23a8fa9e8effad8fa81386\",\"name\":\"enequipo\",\"image\":{\"@type\":\"ImageObject\",\"inLanguage\":\"es\",\"@id\":\"https:\/\/www.sonoraenequipo.com.mx\/#\/schema\/person\/image\/\",\"url\":\"https:\/\/secure.gravatar.com\/avatar\/049821681b589dabc0bc20695993ccebb09f5b5d4d790cd9251b97faac7c652b?s=96&d=blank&r=g\",\"contentUrl\":\"https:\/\/secure.gravatar.com\/avatar\/049821681b589dabc0bc20695993ccebb09f5b5d4d790cd9251b97faac7c652b?s=96&d=blank&r=g\",\"caption\":\"enequipo\"},\"sameAs\":[\"https:\/\/www.facebook.com\/SonoraEE\"]}]}<\/script>\n ","yoast_head_json":{"title":"Sonora en Equipo. Tratamiento que han prescrito a Trump contra el Covid-19 Ciencia y Tecnolog\u00eda","description":"WASHINGTON, ESTADOS UNIDOS. \u2014 El presidente de Estados Unidos, Donald Trump, ha sido ingresado en el hospital militar de Walter Reed para tratarse del En Sonora en Equipo publicamos toda la informaci\u00f3n de Sonora, M\u00e9xico y el Mundo de manera oportuna y busca que la libertad de expresi\u00f3n sea real. Visita nuestro medio informativo publicado desde Hermosillo, Sonora. %","robots":{"index":"index","follow":"follow","max-snippet":"max-snippet:-1","max-image-preview":"max-image-preview:large","max-video-preview":"max-video-preview:-1"},"canonical":"https:\/\/www.sonoraenequipo.com.mx\/tratamiento-que-han-prescrito-a-trump-contra-el-covid-19\/","og_locale":"es_ES","og_type":"article","og_title":"Sonora en Equipo. Tratamiento que han prescrito a Trump contra el Covid-19 Ciencia y Tecnolog\u00eda","og_description":"WASHINGTON, ESTADOS UNIDOS. \u2014 El presidente de Estados Unidos, Donald Trump, ha sido ingresado en el hospital militar de Walter Reed para tratarse del En Sonora en Equipo publicamos toda la informaci\u00f3n de Sonora, M\u00e9xico y el Mundo de manera oportuna y busca que la libertad de expresi\u00f3n sea real. Visita nuestro medio informativo publicado desde Hermosillo, Sonora. %","og_url":"https:\/\/www.sonoraenequipo.com.mx\/tratamiento-que-han-prescrito-a-trump-contra-el-covid-19\/","og_site_name":"Sonora en Equipo.","article_publisher":"https:\/\/www.facebook.com\/SonoraEE\/","article_author":"https:\/\/www.facebook.com\/SonoraEE","article_published_time":"2020-10-04T06:48:25+00:00","article_modified_time":"2020-10-04T15:42:50+00:00","og_image":[{"width":656,"height":400,"url":"https:\/\/www.sonoraenequipo.com.mx\/storage\/2020\/10\/remdesivir-2_opt.jpg","type":"image\/jpeg"}],"author":"enequipo","twitter_card":"summary_large_image","twitter_creator":"@sonoraenequipo","twitter_site":"@sonoraenequipo","twitter_misc":{"Escrito por":"enequipo","Tiempo de lectura":"2 minutos"},"schema":{"@context":"https:\/\/schema.org","@graph":[{"@type":"Article","@id":"https:\/\/www.sonoraenequipo.com.mx\/tratamiento-que-han-prescrito-a-trump-contra-el-covid-19\/#article","isPartOf":{"@id":"https:\/\/www.sonoraenequipo.com.mx\/tratamiento-que-han-prescrito-a-trump-contra-el-covid-19\/"},"author":{"name":"enequipo","@id":"https:\/\/www.sonoraenequipo.com.mx\/#\/schema\/person\/50102df0fb23a8fa9e8effad8fa81386"},"headline":"Tratamiento que han prescrito a Trump contra el Covid-19","datePublished":"2020-10-04T06:48:25+00:00","dateModified":"2020-10-04T15:42:50+00:00","mainEntityOfPage":{"@id":"https:\/\/www.sonoraenequipo.com.mx\/tratamiento-que-han-prescrito-a-trump-contra-el-covid-19\/"},"wordCount":428,"commentCount":0,"publisher":{"@id":"https:\/\/www.sonoraenequipo.com.mx\/#organization"},"image":{"@id":"https:\/\/www.sonoraenequipo.com.mx\/tratamiento-que-han-prescrito-a-trump-contra-el-covid-19\/#primaryimage"},"thumbnailUrl":"https:\/\/www.sonoraenequipo.com.mx\/storage\/2020\/10\/remdesivir-2_opt.jpg","articleSection":["Ciencia y Tecnolog\u00eda"],"inLanguage":"es","potentialAction":[{"@type":"CommentAction","name":"Comment","target":["https:\/\/www.sonoraenequipo.com.mx\/tratamiento-que-han-prescrito-a-trump-contra-el-covid-19\/#respond"]}]},{"@type":"WebPage","@id":"https:\/\/www.sonoraenequipo.com.mx\/tratamiento-que-han-prescrito-a-trump-contra-el-covid-19\/","url":"https:\/\/www.sonoraenequipo.com.mx\/tratamiento-que-han-prescrito-a-trump-contra-el-covid-19\/","name":"Sonora en Equipo. Tratamiento que han prescrito a Trump contra el Covid-19 Ciencia y Tecnolog\u00eda","isPartOf":{"@id":"https:\/\/www.sonoraenequipo.com.mx\/#website"},"primaryImageOfPage":{"@id":"https:\/\/www.sonoraenequipo.com.mx\/tratamiento-que-han-prescrito-a-trump-contra-el-covid-19\/#primaryimage"},"image":{"@id":"https:\/\/www.sonoraenequipo.com.mx\/tratamiento-que-han-prescrito-a-trump-contra-el-covid-19\/#primaryimage"},"thumbnailUrl":"https:\/\/www.sonoraenequipo.com.mx\/storage\/2020\/10\/remdesivir-2_opt.jpg","datePublished":"2020-10-04T06:48:25+00:00","dateModified":"2020-10-04T15:42:50+00:00","description":"WASHINGTON, ESTADOS UNIDOS. \u2014 El presidente de Estados Unidos, Donald Trump, ha sido ingresado en el hospital militar de Walter Reed para tratarse del En Sonora en Equipo publicamos toda la informaci\u00f3n de Sonora, M\u00e9xico y el Mundo de manera oportuna y busca que la libertad de expresi\u00f3n sea real. Visita nuestro medio informativo publicado desde Hermosillo, Sonora. %","breadcrumb":{"@id":"https:\/\/www.sonoraenequipo.com.mx\/tratamiento-que-han-prescrito-a-trump-contra-el-covid-19\/#breadcrumb"},"inLanguage":"es","potentialAction":[{"@type":"ReadAction","target":["https:\/\/www.sonoraenequipo.com.mx\/tratamiento-que-han-prescrito-a-trump-contra-el-covid-19\/"]}]},{"@type":"ImageObject","inLanguage":"es","@id":"https:\/\/www.sonoraenequipo.com.mx\/tratamiento-que-han-prescrito-a-trump-contra-el-covid-19\/#primaryimage","url":"https:\/\/www.sonoraenequipo.com.mx\/storage\/2020\/10\/remdesivir-2_opt.jpg","contentUrl":"https:\/\/www.sonoraenequipo.com.mx\/storage\/2020\/10\/remdesivir-2_opt.jpg","width":656,"height":400},{"@type":"BreadcrumbList","@id":"https:\/\/www.sonoraenequipo.com.mx\/tratamiento-que-han-prescrito-a-trump-contra-el-covid-19\/#breadcrumb","itemListElement":[{"@type":"ListItem","position":1,"name":"Portada","item":"https:\/\/www.sonoraenequipo.com.mx\/"},{"@type":"ListItem","position":2,"name":"Tratamiento que han prescrito a Trump contra el Covid-19"}]},{"@type":"WebSite","@id":"https:\/\/www.sonoraenequipo.com.mx\/#website","url":"https:\/\/www.sonoraenequipo.com.mx\/","name":"Sonora en Equipo.","description":"Diario en l\u00ednea con Noticias desde Hermosillo, Sonora","publisher":{"@id":"https:\/\/www.sonoraenequipo.com.mx\/#organization"},"potentialAction":[{"@type":"SearchAction","target":{"@type":"EntryPoint","urlTemplate":"https:\/\/www.sonoraenequipo.com.mx\/?s={search_term_string}"},"query-input":{"@type":"PropertyValueSpecification","valueRequired":true,"valueName":"search_term_string"}}],"inLanguage":"es"},{"@type":"Organization","@id":"https:\/\/www.sonoraenequipo.com.mx\/#organization","name":"Sonoraenequipo.com.mx","url":"https:\/\/www.sonoraenequipo.com.mx\/","logo":{"@type":"ImageObject","inLanguage":"es","@id":"https:\/\/www.sonoraenequipo.com.mx\/#\/schema\/logo\/image\/","url":"https:\/\/www.sonoraenequipo.com.mx\/storage\/2019\/01\/sonoraenequipo_opt.png","contentUrl":"https:\/\/www.sonoraenequipo.com.mx\/storage\/2019\/01\/sonoraenequipo_opt.png","width":375,"height":125,"caption":"Sonoraenequipo.com.mx"},"image":{"@id":"https:\/\/www.sonoraenequipo.com.mx\/#\/schema\/logo\/image\/"},"sameAs":["https:\/\/www.facebook.com\/SonoraEE\/","https:\/\/x.com\/sonoraenequipo","https:\/\/www.youtube.com\/channel\/UC338nW-lPEYmJQs4ZABQ1SQ"]},{"@type":"Person","@id":"https:\/\/www.sonoraenequipo.com.mx\/#\/schema\/person\/50102df0fb23a8fa9e8effad8fa81386","name":"enequipo","image":{"@type":"ImageObject","inLanguage":"es","@id":"https:\/\/www.sonoraenequipo.com.mx\/#\/schema\/person\/image\/","url":"https:\/\/secure.gravatar.com\/avatar\/049821681b589dabc0bc20695993ccebb09f5b5d4d790cd9251b97faac7c652b?s=96&d=blank&r=g","contentUrl":"https:\/\/secure.gravatar.com\/avatar\/049821681b589dabc0bc20695993ccebb09f5b5d4d790cd9251b97faac7c652b?s=96&d=blank&r=g","caption":"enequipo"},"sameAs":["https:\/\/www.facebook.com\/SonoraEE"]}]}},"jetpack_featured_media_url":"https:\/\/www.sonoraenequipo.com.mx\/storage\/2020\/10\/remdesivir-2_opt.jpg","_links":{"self":[{"href":"https:\/\/www.sonoraenequipo.com.mx\/api\/wp\/v2\/posts\/96768","targetHints":{"allow":["GET"]}}],"collection":[{"href":"https:\/\/www.sonoraenequipo.com.mx\/api\/wp\/v2\/posts"}],"about":[{"href":"https:\/\/www.sonoraenequipo.com.mx\/api\/wp\/v2\/types\/post"}],"author":[{"embeddable":true,"href":"https:\/\/www.sonoraenequipo.com.mx\/api\/wp\/v2\/users\/1"}],"replies":[{"embeddable":true,"href":"https:\/\/www.sonoraenequipo.com.mx\/api\/wp\/v2\/comments?post=96768"}],"version-history":[{"count":2,"href":"https:\/\/www.sonoraenequipo.com.mx\/api\/wp\/v2\/posts\/96768\/revisions"}],"predecessor-version":[{"id":96796,"href":"https:\/\/www.sonoraenequipo.com.mx\/api\/wp\/v2\/posts\/96768\/revisions\/96796"}],"wp:featuredmedia":[{"embeddable":true,"href":"https:\/\/www.sonoraenequipo.com.mx\/api\/wp\/v2\/media\/96769"}],"wp:attachment":[{"href":"https:\/\/www.sonoraenequipo.com.mx\/api\/wp\/v2\/media?parent=96768"}],"wp:term":[{"taxonomy":"category","embeddable":true,"href":"https:\/\/www.sonoraenequipo.com.mx\/api\/wp\/v2\/categories?post=96768"},{"taxonomy":"post_tag","embeddable":true,"href":"https:\/\/www.sonoraenequipo.com.mx\/api\/wp\/v2\/tags?post=96768"}],"curies":[{"name":"wp","href":"https:\/\/api.w.org\/{rel}","templated":true}]}}