{"id":96775,"date":"2020-10-03T19:23:43","date_gmt":"2020-10-04T02:23:43","guid":{"rendered":"https:\/\/www.sonoraenequipo.com.mx\/?p=96775"},"modified":"2020-10-04T09:00:06","modified_gmt":"2020-10-04T16:00:06","slug":"amlo-informa-a-las-familias-lebaron-miller-y-langford-de-los-avances-de-la-investigacion","status":"publish","type":"post","link":"https:\/\/www.sonoraenequipo.com.mx\/amlo-informa-a-las-familias-lebaron-miller-y-langford-de-los-avances-de-la-investigacion\/","title":{"rendered":"AMLO informa a las familias LeBar\u00f3n, Miller y Langford de los avances de la investigaci\u00f3n"},"content":{"rendered":"<p>BAVISPE, SONORA. MX. \u2014 El presidente Andr\u00e9s Manuel L\u00f3pez Obrador arrib\u00f3 esta tarde al ejido La Mora para reunirse en privado con familiares de las v\u00edctimas de la masacre ocurrida en esta comunidad perteneciente al municipio de Bavispe, Sonora, en noviembre del a\u00f1o pasado y en donde fallecieron tres mujeres y seis menores.<\/p>\n<p> <\/p>\n<p>Acompa\u00f1ado de la gobernadora Claudia Pavlovich, as\u00ed como por su gabinete de seguridad, el Ejecutivo federal se re\u00fane con integrantes de las familias LeBar\u00f3n, Miller y Langford, a quienes les informar\u00e1 de los avances en la investigaci\u00f3n de este crimen.<\/p>\n<p>Al t\u00e9rmino de la reuni\u00f3n, el mandatario encabez\u00f3 la inauguraci\u00f3n del cuartel de la Guardia Nacional en esa comunidad.<\/p>\n<p>L\u00f3pez Obrador, asegur\u00f3 a integrantes de la familias LeBar\u00f3n, Miller y Langford que, <em>\u201cno est\u00e1 cerrado el caso\u201d<\/em>, del multihomicidio ocurrido en Bavispe, Sonora, el 4 de noviembre de 2019 y que el pr\u00f3ximo 15 de diciembre acudir\u00e1 de nuevo a Bavispe para informar una vez m\u00e1s acerca de las investigaciones y los resultados. Tambi\u00e9n habr\u00e1 de inaugurar el memorial a las v\u00edctimas de la violencia.<\/p>\n<p>L\u00f3pez Obrador expres\u00f3 que \u201c<em>de manera sincera, queremos que haya justicia en el pa\u00eds\u201d<\/em><\/p>\n<p>(PUBLICADO EL 03\/10\/2020)<\/p>\n","protected":false},"excerpt":{"rendered":"<p>BAVISPE, SONORA. MX. \u2014 El presidente Andr\u00e9s Manuel L\u00f3pez Obrador arrib\u00f3 esta tarde al ejido&#8230;<\/p>\n","protected":false},"author":1,"featured_media":96776,"comment_status":"open","ping_status":"open","sticky":false,"template":"","format":"standard","meta":{"_monsterinsights_skip_tracking":false,"_monsterinsights_sitenote_active":false,"_monsterinsights_sitenote_note":"","_monsterinsights_sitenote_category":0,"footnotes":""},"categories":[5],"tags":[],"class_list":["post"],"yoast_head":" \n<title>Sonora en Equipo. AMLO informa a las familias LeBar\u00f3n, Miller y Langford de los avances de la investigaci\u00f3n Rep\u00fablica<\/title>\n<meta name=\"description\" content=\"BAVISPE, SONORA. MX. \u2014 El presidente Andr\u00e9s Manuel L\u00f3pez Obrador arrib\u00f3 esta tarde al ejido La Mora para reunirse en privado con familiares de las En Sonora en Equipo publicamos toda la informaci\u00f3n de Sonora, M\u00e9xico y el Mundo de manera oportuna y busca que la libertad de expresi\u00f3n sea real. Visita nuestro medio informativo publicado desde Hermosillo, Sonora. %\" \/>\n<meta name=\"robots\" content=\"index, follow, max-snippet:-1, max-image-preview:large, max-video-preview:-1\" \/>\n<link rel=\"canonical\" href=\"https:\/\/www.sonoraenequipo.com.mx\/amlo-informa-a-las-familias-lebaron-miller-y-langford-de-los-avances-de-la-investigacion\/\" \/>\n<meta property=\"og:locale\" content=\"es_ES\" \/>\n<meta property=\"og:type\" content=\"article\" \/>\n<meta property=\"og:title\" content=\"Sonora en Equipo. AMLO informa a las familias LeBar\u00f3n, Miller y Langford de los avances de la investigaci\u00f3n Rep\u00fablica\" \/>\n<meta property=\"og:description\" content=\"BAVISPE, SONORA. MX. \u2014 El presidente Andr\u00e9s Manuel L\u00f3pez Obrador arrib\u00f3 esta tarde al ejido La Mora para reunirse en privado con familiares de las En Sonora en Equipo publicamos toda la informaci\u00f3n de Sonora, M\u00e9xico y el Mundo de manera oportuna y busca que la libertad de expresi\u00f3n sea real. Visita nuestro medio informativo publicado desde Hermosillo, Sonora. %\" \/>\n<meta property=\"og:url\" content=\"https:\/\/www.sonoraenequipo.com.mx\/amlo-informa-a-las-familias-lebaron-miller-y-langford-de-los-avances-de-la-investigacion\/\" \/>\n<meta property=\"og:site_name\" content=\"Sonora en Equipo.\" \/>\n<meta property=\"article:publisher\" content=\"https:\/\/www.facebook.com\/SonoraEE\/\" \/>\n<meta property=\"article:author\" content=\"https:\/\/www.facebook.com\/SonoraEE\" \/>\n<meta property=\"article:published_time\" content=\"2020-10-04T02:23:43+00:00\" \/>\n<meta property=\"article:modified_time\" content=\"2020-10-04T16:00:06+00:00\" \/>\n<meta property=\"og:image\" content=\"https:\/\/www.sonoraenequipo.com.mx\/storage\/2020\/10\/amlo_opt.jpg\" \/>\n\t<meta property=\"og:image:width\" content=\"701\" \/>\n\t<meta property=\"og:image:height\" content=\"400\" \/>\n\t<meta property=\"og:image:type\" content=\"image\/jpeg\" \/>\n<meta name=\"author\" content=\"enequipo\" \/>\n<meta name=\"twitter:card\" content=\"summary_large_image\" \/>\n<meta name=\"twitter:creator\" content=\"@sonoraenequipo\" \/>\n<meta name=\"twitter:site\" content=\"@sonoraenequipo\" \/>\n<meta name=\"twitter:label1\" content=\"Escrito por\" \/>\n\t<meta name=\"twitter:data1\" content=\"enequipo\" \/>\n\t<meta name=\"twitter:label2\" content=\"Tiempo de lectura\" \/>\n\t<meta name=\"twitter:data2\" content=\"1 minuto\" \/>\n<script type=\"application\/ld+json\" class=\"yoast-schema-graph\">{\"@context\":\"https:\/\/schema.org\",\"@graph\":[{\"@type\":\"Article\",\"@id\":\"https:\/\/www.sonoraenequipo.com.mx\/amlo-informa-a-las-familias-lebaron-miller-y-langford-de-los-avances-de-la-investigacion\/#article\",\"isPartOf\":{\"@id\":\"https:\/\/www.sonoraenequipo.com.mx\/amlo-informa-a-las-familias-lebaron-miller-y-langford-de-los-avances-de-la-investigacion\/\"},\"author\":{\"name\":\"enequipo\",\"@id\":\"https:\/\/www.sonoraenequipo.com.mx\/#\/schema\/person\/50102df0fb23a8fa9e8effad8fa81386\"},\"headline\":\"AMLO informa a las familias LeBar\u00f3n, Miller y Langford de los avances de la investigaci\u00f3n\",\"datePublished\":\"2020-10-04T02:23:43+00:00\",\"dateModified\":\"2020-10-04T16:00:06+00:00\",\"mainEntityOfPage\":{\"@id\":\"https:\/\/www.sonoraenequipo.com.mx\/amlo-informa-a-las-familias-lebaron-miller-y-langford-de-los-avances-de-la-investigacion\/\"},\"wordCount\":226,\"commentCount\":0,\"publisher\":{\"@id\":\"https:\/\/www.sonoraenequipo.com.mx\/#organization\"},\"image\":{\"@id\":\"https:\/\/www.sonoraenequipo.com.mx\/amlo-informa-a-las-familias-lebaron-miller-y-langford-de-los-avances-de-la-investigacion\/#primaryimage\"},\"thumbnailUrl\":\"https:\/\/www.sonoraenequipo.com.mx\/storage\/2020\/10\/amlo_opt.jpg\",\"articleSection\":[\"Rep\u00fablica\"],\"inLanguage\":\"es\",\"potentialAction\":[{\"@type\":\"CommentAction\",\"name\":\"Comment\",\"target\":[\"https:\/\/www.sonoraenequipo.com.mx\/amlo-informa-a-las-familias-lebaron-miller-y-langford-de-los-avances-de-la-investigacion\/#respond\"]}]},{\"@type\":\"WebPage\",\"@id\":\"https:\/\/www.sonoraenequipo.com.mx\/amlo-informa-a-las-familias-lebaron-miller-y-langford-de-los-avances-de-la-investigacion\/\",\"url\":\"https:\/\/www.sonoraenequipo.com.mx\/amlo-informa-a-las-familias-lebaron-miller-y-langford-de-los-avances-de-la-investigacion\/\",\"name\":\"Sonora en Equipo. AMLO informa a las familias LeBar\u00f3n, Miller y Langford de los avances de la investigaci\u00f3n Rep\u00fablica\",\"isPartOf\":{\"@id\":\"https:\/\/www.sonoraenequipo.com.mx\/#website\"},\"primaryImageOfPage\":{\"@id\":\"https:\/\/www.sonoraenequipo.com.mx\/amlo-informa-a-las-familias-lebaron-miller-y-langford-de-los-avances-de-la-investigacion\/#primaryimage\"},\"image\":{\"@id\":\"https:\/\/www.sonoraenequipo.com.mx\/amlo-informa-a-las-familias-lebaron-miller-y-langford-de-los-avances-de-la-investigacion\/#primaryimage\"},\"thumbnailUrl\":\"https:\/\/www.sonoraenequipo.com.mx\/storage\/2020\/10\/amlo_opt.jpg\",\"datePublished\":\"2020-10-04T02:23:43+00:00\",\"dateModified\":\"2020-10-04T16:00:06+00:00\",\"description\":\"BAVISPE, SONORA. MX. \u2014 El presidente Andr\u00e9s Manuel L\u00f3pez Obrador arrib\u00f3 esta tarde al ejido La Mora para reunirse en privado con familiares de las En Sonora en Equipo publicamos toda la informaci\u00f3n de Sonora, M\u00e9xico y el Mundo de manera oportuna y busca que la libertad de expresi\u00f3n sea real. Visita nuestro medio informativo publicado desde Hermosillo, Sonora. %\",\"breadcrumb\":{\"@id\":\"https:\/\/www.sonoraenequipo.com.mx\/amlo-informa-a-las-familias-lebaron-miller-y-langford-de-los-avances-de-la-investigacion\/#breadcrumb\"},\"inLanguage\":\"es\",\"potentialAction\":[{\"@type\":\"ReadAction\",\"target\":[\"https:\/\/www.sonoraenequipo.com.mx\/amlo-informa-a-las-familias-lebaron-miller-y-langford-de-los-avances-de-la-investigacion\/\"]}]},{\"@type\":\"ImageObject\",\"inLanguage\":\"es\",\"@id\":\"https:\/\/www.sonoraenequipo.com.mx\/amlo-informa-a-las-familias-lebaron-miller-y-langford-de-los-avances-de-la-investigacion\/#primaryimage\",\"url\":\"https:\/\/www.sonoraenequipo.com.mx\/storage\/2020\/10\/amlo_opt.jpg\",\"contentUrl\":\"https:\/\/www.sonoraenequipo.com.mx\/storage\/2020\/10\/amlo_opt.jpg\",\"width\":701,\"height\":400},{\"@type\":\"BreadcrumbList\",\"@id\":\"https:\/\/www.sonoraenequipo.com.mx\/amlo-informa-a-las-familias-lebaron-miller-y-langford-de-los-avances-de-la-investigacion\/#breadcrumb\",\"itemListElement\":[{\"@type\":\"ListItem\",\"position\":1,\"name\":\"Portada\",\"item\":\"https:\/\/www.sonoraenequipo.com.mx\/\"},{\"@type\":\"ListItem\",\"position\":2,\"name\":\"AMLO informa a las familias LeBar\u00f3n, Miller y Langford de los avances de la investigaci\u00f3n\"}]},{\"@type\":\"WebSite\",\"@id\":\"https:\/\/www.sonoraenequipo.com.mx\/#website\",\"url\":\"https:\/\/www.sonoraenequipo.com.mx\/\",\"name\":\"Sonora en Equipo.\",\"description\":\"Diario en l\u00ednea con Noticias desde Hermosillo, Sonora\",\"publisher\":{\"@id\":\"https:\/\/www.sonoraenequipo.com.mx\/#organization\"},\"potentialAction\":[{\"@type\":\"SearchAction\",\"target\":{\"@type\":\"EntryPoint\",\"urlTemplate\":\"https:\/\/www.sonoraenequipo.com.mx\/?s={search_term_string}\"},\"query-input\":{\"@type\":\"PropertyValueSpecification\",\"valueRequired\":true,\"valueName\":\"search_term_string\"}}],\"inLanguage\":\"es\"},{\"@type\":\"Organization\",\"@id\":\"https:\/\/www.sonoraenequipo.com.mx\/#organization\",\"name\":\"Sonoraenequipo.com.mx\",\"url\":\"https:\/\/www.sonoraenequipo.com.mx\/\",\"logo\":{\"@type\":\"ImageObject\",\"inLanguage\":\"es\",\"@id\":\"https:\/\/www.sonoraenequipo.com.mx\/#\/schema\/logo\/image\/\",\"url\":\"https:\/\/www.sonoraenequipo.com.mx\/storage\/2019\/01\/sonoraenequipo_opt.png\",\"contentUrl\":\"https:\/\/www.sonoraenequipo.com.mx\/storage\/2019\/01\/sonoraenequipo_opt.png\",\"width\":375,\"height\":125,\"caption\":\"Sonoraenequipo.com.mx\"},\"image\":{\"@id\":\"https:\/\/www.sonoraenequipo.com.mx\/#\/schema\/logo\/image\/\"},\"sameAs\":[\"https:\/\/www.facebook.com\/SonoraEE\/\",\"https:\/\/x.com\/sonoraenequipo\",\"https:\/\/www.youtube.com\/channel\/UC338nW-lPEYmJQs4ZABQ1SQ\"]},{\"@type\":\"Person\",\"@id\":\"https:\/\/www.sonoraenequipo.com.mx\/#\/schema\/person\/50102df0fb23a8fa9e8effad8fa81386\",\"name\":\"enequipo\",\"image\":{\"@type\":\"ImageObject\",\"inLanguage\":\"es\",\"@id\":\"https:\/\/www.sonoraenequipo.com.mx\/#\/schema\/person\/image\/\",\"url\":\"https:\/\/secure.gravatar.com\/avatar\/049821681b589dabc0bc20695993ccebb09f5b5d4d790cd9251b97faac7c652b?s=96&d=blank&r=g\",\"contentUrl\":\"https:\/\/secure.gravatar.com\/avatar\/049821681b589dabc0bc20695993ccebb09f5b5d4d790cd9251b97faac7c652b?s=96&d=blank&r=g\",\"caption\":\"enequipo\"},\"sameAs\":[\"https:\/\/www.facebook.com\/SonoraEE\"]}]}<\/script>\n ","yoast_head_json":{"title":"Sonora en Equipo. AMLO informa a las familias LeBar\u00f3n, Miller y Langford de los avances de la investigaci\u00f3n Rep\u00fablica","description":"BAVISPE, SONORA. MX. \u2014 El presidente Andr\u00e9s Manuel L\u00f3pez Obrador arrib\u00f3 esta tarde al ejido La Mora para reunirse en privado con familiares de las En Sonora en Equipo publicamos toda la informaci\u00f3n de Sonora, M\u00e9xico y el Mundo de manera oportuna y busca que la libertad de expresi\u00f3n sea real. Visita nuestro medio informativo publicado desde Hermosillo, Sonora. %","robots":{"index":"index","follow":"follow","max-snippet":"max-snippet:-1","max-image-preview":"max-image-preview:large","max-video-preview":"max-video-preview:-1"},"canonical":"https:\/\/www.sonoraenequipo.com.mx\/amlo-informa-a-las-familias-lebaron-miller-y-langford-de-los-avances-de-la-investigacion\/","og_locale":"es_ES","og_type":"article","og_title":"Sonora en Equipo. AMLO informa a las familias LeBar\u00f3n, Miller y Langford de los avances de la investigaci\u00f3n Rep\u00fablica","og_description":"BAVISPE, SONORA. MX. \u2014 El presidente Andr\u00e9s Manuel L\u00f3pez Obrador arrib\u00f3 esta tarde al ejido La Mora para reunirse en privado con familiares de las En Sonora en Equipo publicamos toda la informaci\u00f3n de Sonora, M\u00e9xico y el Mundo de manera oportuna y busca que la libertad de expresi\u00f3n sea real. Visita nuestro medio informativo publicado desde Hermosillo, Sonora. %","og_url":"https:\/\/www.sonoraenequipo.com.mx\/amlo-informa-a-las-familias-lebaron-miller-y-langford-de-los-avances-de-la-investigacion\/","og_site_name":"Sonora en Equipo.","article_publisher":"https:\/\/www.facebook.com\/SonoraEE\/","article_author":"https:\/\/www.facebook.com\/SonoraEE","article_published_time":"2020-10-04T02:23:43+00:00","article_modified_time":"2020-10-04T16:00:06+00:00","og_image":[{"width":701,"height":400,"url":"https:\/\/www.sonoraenequipo.com.mx\/storage\/2020\/10\/amlo_opt.jpg","type":"image\/jpeg"}],"author":"enequipo","twitter_card":"summary_large_image","twitter_creator":"@sonoraenequipo","twitter_site":"@sonoraenequipo","twitter_misc":{"Escrito por":"enequipo","Tiempo de lectura":"1 minuto"},"schema":{"@context":"https:\/\/schema.org","@graph":[{"@type":"Article","@id":"https:\/\/www.sonoraenequipo.com.mx\/amlo-informa-a-las-familias-lebaron-miller-y-langford-de-los-avances-de-la-investigacion\/#article","isPartOf":{"@id":"https:\/\/www.sonoraenequipo.com.mx\/amlo-informa-a-las-familias-lebaron-miller-y-langford-de-los-avances-de-la-investigacion\/"},"author":{"name":"enequipo","@id":"https:\/\/www.sonoraenequipo.com.mx\/#\/schema\/person\/50102df0fb23a8fa9e8effad8fa81386"},"headline":"AMLO informa a las familias LeBar\u00f3n, Miller y Langford de los avances de la investigaci\u00f3n","datePublished":"2020-10-04T02:23:43+00:00","dateModified":"2020-10-04T16:00:06+00:00","mainEntityOfPage":{"@id":"https:\/\/www.sonoraenequipo.com.mx\/amlo-informa-a-las-familias-lebaron-miller-y-langford-de-los-avances-de-la-investigacion\/"},"wordCount":226,"commentCount":0,"publisher":{"@id":"https:\/\/www.sonoraenequipo.com.mx\/#organization"},"image":{"@id":"https:\/\/www.sonoraenequipo.com.mx\/amlo-informa-a-las-familias-lebaron-miller-y-langford-de-los-avances-de-la-investigacion\/#primaryimage"},"thumbnailUrl":"https:\/\/www.sonoraenequipo.com.mx\/storage\/2020\/10\/amlo_opt.jpg","articleSection":["Rep\u00fablica"],"inLanguage":"es","potentialAction":[{"@type":"CommentAction","name":"Comment","target":["https:\/\/www.sonoraenequipo.com.mx\/amlo-informa-a-las-familias-lebaron-miller-y-langford-de-los-avances-de-la-investigacion\/#respond"]}]},{"@type":"WebPage","@id":"https:\/\/www.sonoraenequipo.com.mx\/amlo-informa-a-las-familias-lebaron-miller-y-langford-de-los-avances-de-la-investigacion\/","url":"https:\/\/www.sonoraenequipo.com.mx\/amlo-informa-a-las-familias-lebaron-miller-y-langford-de-los-avances-de-la-investigacion\/","name":"Sonora en Equipo. AMLO informa a las familias LeBar\u00f3n, Miller y Langford de los avances de la investigaci\u00f3n Rep\u00fablica","isPartOf":{"@id":"https:\/\/www.sonoraenequipo.com.mx\/#website"},"primaryImageOfPage":{"@id":"https:\/\/www.sonoraenequipo.com.mx\/amlo-informa-a-las-familias-lebaron-miller-y-langford-de-los-avances-de-la-investigacion\/#primaryimage"},"image":{"@id":"https:\/\/www.sonoraenequipo.com.mx\/amlo-informa-a-las-familias-lebaron-miller-y-langford-de-los-avances-de-la-investigacion\/#primaryimage"},"thumbnailUrl":"https:\/\/www.sonoraenequipo.com.mx\/storage\/2020\/10\/amlo_opt.jpg","datePublished":"2020-10-04T02:23:43+00:00","dateModified":"2020-10-04T16:00:06+00:00","description":"BAVISPE, SONORA. MX. \u2014 El presidente Andr\u00e9s Manuel L\u00f3pez Obrador arrib\u00f3 esta tarde al ejido La Mora para reunirse en privado con familiares de las En Sonora en Equipo publicamos toda la informaci\u00f3n de Sonora, M\u00e9xico y el Mundo de manera oportuna y busca que la libertad de expresi\u00f3n sea real. Visita nuestro medio informativo publicado desde Hermosillo, Sonora. %","breadcrumb":{"@id":"https:\/\/www.sonoraenequipo.com.mx\/amlo-informa-a-las-familias-lebaron-miller-y-langford-de-los-avances-de-la-investigacion\/#breadcrumb"},"inLanguage":"es","potentialAction":[{"@type":"ReadAction","target":["https:\/\/www.sonoraenequipo.com.mx\/amlo-informa-a-las-familias-lebaron-miller-y-langford-de-los-avances-de-la-investigacion\/"]}]},{"@type":"ImageObject","inLanguage":"es","@id":"https:\/\/www.sonoraenequipo.com.mx\/amlo-informa-a-las-familias-lebaron-miller-y-langford-de-los-avances-de-la-investigacion\/#primaryimage","url":"https:\/\/www.sonoraenequipo.com.mx\/storage\/2020\/10\/amlo_opt.jpg","contentUrl":"https:\/\/www.sonoraenequipo.com.mx\/storage\/2020\/10\/amlo_opt.jpg","width":701,"height":400},{"@type":"BreadcrumbList","@id":"https:\/\/www.sonoraenequipo.com.mx\/amlo-informa-a-las-familias-lebaron-miller-y-langford-de-los-avances-de-la-investigacion\/#breadcrumb","itemListElement":[{"@type":"ListItem","position":1,"name":"Portada","item":"https:\/\/www.sonoraenequipo.com.mx\/"},{"@type":"ListItem","position":2,"name":"AMLO informa a las familias LeBar\u00f3n, Miller y Langford de los avances de la investigaci\u00f3n"}]},{"@type":"WebSite","@id":"https:\/\/www.sonoraenequipo.com.mx\/#website","url":"https:\/\/www.sonoraenequipo.com.mx\/","name":"Sonora en Equipo.","description":"Diario en l\u00ednea con Noticias desde Hermosillo, Sonora","publisher":{"@id":"https:\/\/www.sonoraenequipo.com.mx\/#organization"},"potentialAction":[{"@type":"SearchAction","target":{"@type":"EntryPoint","urlTemplate":"https:\/\/www.sonoraenequipo.com.mx\/?s={search_term_string}"},"query-input":{"@type":"PropertyValueSpecification","valueRequired":true,"valueName":"search_term_string"}}],"inLanguage":"es"},{"@type":"Organization","@id":"https:\/\/www.sonoraenequipo.com.mx\/#organization","name":"Sonoraenequipo.com.mx","url":"https:\/\/www.sonoraenequipo.com.mx\/","logo":{"@type":"ImageObject","inLanguage":"es","@id":"https:\/\/www.sonoraenequipo.com.mx\/#\/schema\/logo\/image\/","url":"https:\/\/www.sonoraenequipo.com.mx\/storage\/2019\/01\/sonoraenequipo_opt.png","contentUrl":"https:\/\/www.sonoraenequipo.com.mx\/storage\/2019\/01\/sonoraenequipo_opt.png","width":375,"height":125,"caption":"Sonoraenequipo.com.mx"},"image":{"@id":"https:\/\/www.sonoraenequipo.com.mx\/#\/schema\/logo\/image\/"},"sameAs":["https:\/\/www.facebook.com\/SonoraEE\/","https:\/\/x.com\/sonoraenequipo","https:\/\/www.youtube.com\/channel\/UC338nW-lPEYmJQs4ZABQ1SQ"]},{"@type":"Person","@id":"https:\/\/www.sonoraenequipo.com.mx\/#\/schema\/person\/50102df0fb23a8fa9e8effad8fa81386","name":"enequipo","image":{"@type":"ImageObject","inLanguage":"es","@id":"https:\/\/www.sonoraenequipo.com.mx\/#\/schema\/person\/image\/","url":"https:\/\/secure.gravatar.com\/avatar\/049821681b589dabc0bc20695993ccebb09f5b5d4d790cd9251b97faac7c652b?s=96&d=blank&r=g","contentUrl":"https:\/\/secure.gravatar.com\/avatar\/049821681b589dabc0bc20695993ccebb09f5b5d4d790cd9251b97faac7c652b?s=96&d=blank&r=g","caption":"enequipo"},"sameAs":["https:\/\/www.facebook.com\/SonoraEE"]}]}},"jetpack_featured_media_url":"https:\/\/www.sonoraenequipo.com.mx\/storage\/2020\/10\/amlo_opt.jpg","_links":{"self":[{"href":"https:\/\/www.sonoraenequipo.com.mx\/api\/wp\/v2\/posts\/96775","targetHints":{"allow":["GET"]}}],"collection":[{"href":"https:\/\/www.sonoraenequipo.com.mx\/api\/wp\/v2\/posts"}],"about":[{"href":"https:\/\/www.sonoraenequipo.com.mx\/api\/wp\/v2\/types\/post"}],"author":[{"embeddable":true,"href":"https:\/\/www.sonoraenequipo.com.mx\/api\/wp\/v2\/users\/1"}],"replies":[{"embeddable":true,"href":"https:\/\/www.sonoraenequipo.com.mx\/api\/wp\/v2\/comments?post=96775"}],"version-history":[{"count":2,"href":"https:\/\/www.sonoraenequipo.com.mx\/api\/wp\/v2\/posts\/96775\/revisions"}],"predecessor-version":[{"id":96804,"href":"https:\/\/www.sonoraenequipo.com.mx\/api\/wp\/v2\/posts\/96775\/revisions\/96804"}],"wp:featuredmedia":[{"embeddable":true,"href":"https:\/\/www.sonoraenequipo.com.mx\/api\/wp\/v2\/media\/96776"}],"wp:attachment":[{"href":"https:\/\/www.sonoraenequipo.com.mx\/api\/wp\/v2\/media?parent=96775"}],"wp:term":[{"taxonomy":"category","embeddable":true,"href":"https:\/\/www.sonoraenequipo.com.mx\/api\/wp\/v2\/categories?post=96775"},{"taxonomy":"post_tag","embeddable":true,"href":"https:\/\/www.sonoraenequipo.com.mx\/api\/wp\/v2\/tags?post=96775"}],"curies":[{"name":"wp","href":"https:\/\/api.w.org\/{rel}","templated":true}]}}