{"id":96781,"date":"2020-10-03T22:45:56","date_gmt":"2020-10-04T05:45:56","guid":{"rendered":"https:\/\/www.sonoraenequipo.com.mx\/?p=96781"},"modified":"2020-10-03T21:47:03","modified_gmt":"2020-10-04T04:47:03","slug":"presidente-refrenda-compromiso-de-justicia-en-caso-lebaron-langford","status":"publish","type":"post","link":"https:\/\/www.sonoraenequipo.com.mx\/presidente-refrenda-compromiso-de-justicia-en-caso-lebaron-langford\/","title":{"rendered":"Presidente refrenda compromiso de justicia en caso LeBar\u00f3n-Langford"},"content":{"rendered":"<p>CIUDAD DE M\u00c9XICO. MX. \u2014 El presidente Andr\u00e9s Manuel L\u00f3pez Obrador afirm\u00f3 que hay avances en la investigaci\u00f3n sobre el caso Miller, LeBar\u00f3n y Langford y seguir\u00e1 abierto hasta que se conozca la verdad y haya castigo a los responsables del ataque.<\/p>\n<p>&nbsp;<\/p>\n<p> <\/p>\n<p>&nbsp;<\/p>\n<p>Durante su visita a Bavispe, Sonora, para inaugurar instalaciones de la Guardia Nacional, el jefe del Ejecutivo dijo que est\u00e1 comprometido en el esclarecimiento de estos hechos, as\u00ed como con padres y madres de los menores de la Guarder\u00eda ABC y de los 43 normalistas de Ayotzinapa.<\/p>\n<p>&nbsp;<\/p>\n<p>&nbsp;<\/p>\n<p><em>\u201cVamos a estar evaluando el avance de la investigaci\u00f3n e informando a los familiares. Lo hacemos tambi\u00e9n en otros casos. Desde que hice el compromiso de esclarecer lo sucedido en Guerrero, lo que sucedi\u00f3 con j\u00f3venes de la Normal de Ayotzinapa en Iguala, Guerrero. Hice el compromiso con sus madres, con sus padres y estamos avanzando bastante en conocer lo que realmente sucedi\u00f3\u201d<\/em>, asever\u00f3.<\/p>\n<p>&nbsp;<\/p>\n<p>&nbsp;<\/p>\n<p>Asegur\u00f3 que su gobierno trabajar\u00e1 en coordinaci\u00f3n con la Fiscal\u00eda General de la Rep\u00fablica y mantendr\u00e1 comunicaci\u00f3n con las familias Miller, Langford y LeBar\u00f3n<em> \u201chasta que todos sepamos lo que sucedi\u00f3 y se haga justicia. (\u2026) No les vamos a fallar. Estaremos aqu\u00ed juntos. Los deseos de justicia de ustedes son los nuestros\u201d.<\/em><\/p>\n<p>&nbsp;<\/p>\n<p>&nbsp;<\/p>\n<p>El mandatario destac\u00f3 que en Bavispe se cumpli\u00f3 el compromiso de instalar un cuartel de la Guardia Nacional para acompa\u00f1ar las acciones de la estrategia integral de paz.<\/p>\n<p>&nbsp;<\/p>\n<p>Ser\u00e1 uno de los 266 que habr\u00e1 en todo el territorio nacional y en las que se garantizar\u00e1n condiciones dignas para los elementos de seguridad.<\/p>\n<p>&nbsp;<\/p>\n<p>Adelant\u00f3 que se terminar\u00e1 el camino de Agua Prieta a La Mora y contar\u00e1 con sistemas de drenaje de calidad. Esta obra significar\u00e1 una inversi\u00f3n de 600 millones de pesos.<\/p>\n<p>&nbsp;<\/p>\n<p>Al respecto, el secretario de Seguridad y Protecci\u00f3n Ciudadana, expres\u00f3 que por primera vez hay una prueba palpable para atender esa necesidad de la poblaci\u00f3n.<\/p>\n<p>&nbsp;<\/p>\n<p>Refiri\u00f3 que en Sonora hay 405 mil beneficiarios de la pol\u00edtica de bienestar del Gobierno de la Curta Transformaci\u00f3n, lo que contribuye a orientar la pol\u00edtica de seguridad a la atenci\u00f3n de las causas que generan la violencia.<\/p>\n<p>&nbsp;<\/p>\n<p>Adelant\u00f3 que en 2021 se consolidar\u00e1n la totalidad de las coordinaciones territoriales de la Guardia Nacional en el pa\u00eds.<\/p>\n<p>&nbsp;<\/p>\n<p>Participaron en el evento la gobernadora, Claudia Pavlovich Arellano; el secretario de la Defensa Nacional, Luis Cresencio Sandoval Gonz\u00e1lez; el secretario de Marina, Jos\u00e9 Rafael Ojeda Dur\u00e1n; el comandante de la Guardia Nacional, Luis Rodr\u00edguez Bucio; el titular de la Coordinaci\u00f3n de M\u00e9todos de Investigaci\u00f3n de la Fiscal\u00eda General de la Rep\u00fablica, Felipe de Jes\u00fas Gallo Guti\u00e9rrez; el coordinador Estatal de la Guardia Nacional, Sergio Hiram Cardenas Nobles, el presidente municipal de Bavispe, Cornelio Vega Vega y familiares de la familia Miller.<\/p>\n<p><iframe loading=\"lazy\" title=\"Informe de avances a la comunidad de la regi\u00f3n Sierra Alta de Sonora\" width=\"640\" height=\"360\" src=\"https:\/\/www.youtube.com\/embed\/ppzPr9VDIl8?feature=oembed\" frameborder=\"0\" allow=\"accelerometer; autoplay; clipboard-write; encrypted-media; gyroscope; picture-in-picture; web-share\" referrerpolicy=\"strict-origin-when-cross-origin\" allowfullscreen><\/iframe><\/p>\n<p>&nbsp;<\/p>\n<p>&nbsp;<\/p>\n<p>&nbsp;<\/p>\n<p>(PUBLICADO EL 03\/10\/2020)<\/p>\n","protected":false},"excerpt":{"rendered":"<p>CIUDAD DE M\u00c9XICO. MX. \u2014 El presidente Andr\u00e9s Manuel L\u00f3pez Obrador afirm\u00f3 que hay avances&#8230;<\/p>\n","protected":false},"author":1,"featured_media":96782,"comment_status":"open","ping_status":"open","sticky":false,"template":"","format":"standard","meta":{"_monsterinsights_skip_tracking":false,"_monsterinsights_sitenote_active":false,"_monsterinsights_sitenote_note":"","_monsterinsights_sitenote_category":0,"footnotes":""},"categories":[5],"tags":[2200,546,2572,3777,4869,4870,53],"class_list":["post"],"yoast_head":" \n<title>Sonora en Equipo. Presidente refrenda compromiso de justicia en caso LeBar\u00f3n-Langford Rep\u00fablica<\/title>\n<meta name=\"description\" content=\"CIUDAD DE M\u00c9XICO. MX. \u2014 El presidente Andr\u00e9s Manuel L\u00f3pez Obrador afirm\u00f3 que hay avances en la investigaci\u00f3n sobre el caso Miller, LeBar\u00f3n y Langford y En Sonora en Equipo publicamos toda la informaci\u00f3n de Sonora, M\u00e9xico y el Mundo de manera oportuna y busca que la libertad de expresi\u00f3n sea real. Visita nuestro medio informativo publicado desde Hermosillo, Sonora. %\" \/>\n<meta name=\"robots\" content=\"index, follow, max-snippet:-1, max-image-preview:large, max-video-preview:-1\" \/>\n<link rel=\"canonical\" href=\"https:\/\/www.sonoraenequipo.com.mx\/presidente-refrenda-compromiso-de-justicia-en-caso-lebaron-langford\/\" \/>\n<meta property=\"og:locale\" content=\"es_ES\" \/>\n<meta property=\"og:type\" content=\"article\" \/>\n<meta property=\"og:title\" content=\"Sonora en Equipo. Presidente refrenda compromiso de justicia en caso LeBar\u00f3n-Langford Rep\u00fablica\" \/>\n<meta property=\"og:description\" content=\"CIUDAD DE M\u00c9XICO. MX. \u2014 El presidente Andr\u00e9s Manuel L\u00f3pez Obrador afirm\u00f3 que hay avances en la investigaci\u00f3n sobre el caso Miller, LeBar\u00f3n y Langford y En Sonora en Equipo publicamos toda la informaci\u00f3n de Sonora, M\u00e9xico y el Mundo de manera oportuna y busca que la libertad de expresi\u00f3n sea real. Visita nuestro medio informativo publicado desde Hermosillo, Sonora. %\" \/>\n<meta property=\"og:url\" content=\"https:\/\/www.sonoraenequipo.com.mx\/presidente-refrenda-compromiso-de-justicia-en-caso-lebaron-langford\/\" \/>\n<meta property=\"og:site_name\" content=\"Sonora en Equipo.\" \/>\n<meta property=\"article:publisher\" content=\"https:\/\/www.facebook.com\/SonoraEE\/\" \/>\n<meta property=\"article:author\" content=\"https:\/\/www.facebook.com\/SonoraEE\" \/>\n<meta property=\"article:published_time\" content=\"2020-10-04T05:45:56+00:00\" \/>\n<meta property=\"og:image\" content=\"https:\/\/www.sonoraenequipo.com.mx\/storage\/2020\/10\/amlo_alfonso-durazo_opt1.jpg\" \/>\n\t<meta property=\"og:image:width\" content=\"600\" \/>\n\t<meta property=\"og:image:height\" content=\"400\" \/>\n\t<meta property=\"og:image:type\" content=\"image\/jpeg\" \/>\n<meta name=\"author\" content=\"enequipo\" \/>\n<meta name=\"twitter:card\" content=\"summary_large_image\" \/>\n<meta name=\"twitter:creator\" content=\"@sonoraenequipo\" \/>\n<meta name=\"twitter:site\" content=\"@sonoraenequipo\" \/>\n<meta name=\"twitter:label1\" content=\"Escrito por\" \/>\n\t<meta name=\"twitter:data1\" content=\"enequipo\" \/>\n\t<meta name=\"twitter:label2\" content=\"Tiempo de lectura\" \/>\n\t<meta name=\"twitter:data2\" content=\"3 minutos\" \/>\n<script type=\"application\/ld+json\" class=\"yoast-schema-graph\">{\"@context\":\"https:\/\/schema.org\",\"@graph\":[{\"@type\":\"Article\",\"@id\":\"https:\/\/www.sonoraenequipo.com.mx\/presidente-refrenda-compromiso-de-justicia-en-caso-lebaron-langford\/#article\",\"isPartOf\":{\"@id\":\"https:\/\/www.sonoraenequipo.com.mx\/presidente-refrenda-compromiso-de-justicia-en-caso-lebaron-langford\/\"},\"author\":{\"name\":\"enequipo\",\"@id\":\"https:\/\/www.sonoraenequipo.com.mx\/#\/schema\/person\/50102df0fb23a8fa9e8effad8fa81386\"},\"headline\":\"Presidente refrenda compromiso de justicia en caso LeBar\u00f3n-Langford\",\"datePublished\":\"2020-10-04T05:45:56+00:00\",\"mainEntityOfPage\":{\"@id\":\"https:\/\/www.sonoraenequipo.com.mx\/presidente-refrenda-compromiso-de-justicia-en-caso-lebaron-langford\/\"},\"wordCount\":521,\"commentCount\":0,\"publisher\":{\"@id\":\"https:\/\/www.sonoraenequipo.com.mx\/#organization\"},\"image\":{\"@id\":\"https:\/\/www.sonoraenequipo.com.mx\/presidente-refrenda-compromiso-de-justicia-en-caso-lebaron-langford\/#primaryimage\"},\"thumbnailUrl\":\"https:\/\/www.sonoraenequipo.com.mx\/storage\/2020\/10\/amlo_alfonso-durazo_opt1.jpg\",\"keywords\":[\"Alfonso Durazo\",\"AMLO\",\"asesinatos\",\"bavispe\",\"caso LeBar\u00f3n-Langford\",\"compromiso\",\"mexico\"],\"articleSection\":[\"Rep\u00fablica\"],\"inLanguage\":\"es\",\"potentialAction\":[{\"@type\":\"CommentAction\",\"name\":\"Comment\",\"target\":[\"https:\/\/www.sonoraenequipo.com.mx\/presidente-refrenda-compromiso-de-justicia-en-caso-lebaron-langford\/#respond\"]}]},{\"@type\":\"WebPage\",\"@id\":\"https:\/\/www.sonoraenequipo.com.mx\/presidente-refrenda-compromiso-de-justicia-en-caso-lebaron-langford\/\",\"url\":\"https:\/\/www.sonoraenequipo.com.mx\/presidente-refrenda-compromiso-de-justicia-en-caso-lebaron-langford\/\",\"name\":\"Sonora en Equipo. Presidente refrenda compromiso de justicia en caso LeBar\u00f3n-Langford Rep\u00fablica\",\"isPartOf\":{\"@id\":\"https:\/\/www.sonoraenequipo.com.mx\/#website\"},\"primaryImageOfPage\":{\"@id\":\"https:\/\/www.sonoraenequipo.com.mx\/presidente-refrenda-compromiso-de-justicia-en-caso-lebaron-langford\/#primaryimage\"},\"image\":{\"@id\":\"https:\/\/www.sonoraenequipo.com.mx\/presidente-refrenda-compromiso-de-justicia-en-caso-lebaron-langford\/#primaryimage\"},\"thumbnailUrl\":\"https:\/\/www.sonoraenequipo.com.mx\/storage\/2020\/10\/amlo_alfonso-durazo_opt1.jpg\",\"datePublished\":\"2020-10-04T05:45:56+00:00\",\"description\":\"CIUDAD DE M\u00c9XICO. MX. \u2014 El presidente Andr\u00e9s Manuel L\u00f3pez Obrador afirm\u00f3 que hay avances en la investigaci\u00f3n sobre el caso Miller, LeBar\u00f3n y Langford y En Sonora en Equipo publicamos toda la informaci\u00f3n de Sonora, M\u00e9xico y el Mundo de manera oportuna y busca que la libertad de expresi\u00f3n sea real. Visita nuestro medio informativo publicado desde Hermosillo, Sonora. %\",\"breadcrumb\":{\"@id\":\"https:\/\/www.sonoraenequipo.com.mx\/presidente-refrenda-compromiso-de-justicia-en-caso-lebaron-langford\/#breadcrumb\"},\"inLanguage\":\"es\",\"potentialAction\":[{\"@type\":\"ReadAction\",\"target\":[\"https:\/\/www.sonoraenequipo.com.mx\/presidente-refrenda-compromiso-de-justicia-en-caso-lebaron-langford\/\"]}]},{\"@type\":\"ImageObject\",\"inLanguage\":\"es\",\"@id\":\"https:\/\/www.sonoraenequipo.com.mx\/presidente-refrenda-compromiso-de-justicia-en-caso-lebaron-langford\/#primaryimage\",\"url\":\"https:\/\/www.sonoraenequipo.com.mx\/storage\/2020\/10\/amlo_alfonso-durazo_opt1.jpg\",\"contentUrl\":\"https:\/\/www.sonoraenequipo.com.mx\/storage\/2020\/10\/amlo_alfonso-durazo_opt1.jpg\",\"width\":600,\"height\":400},{\"@type\":\"BreadcrumbList\",\"@id\":\"https:\/\/www.sonoraenequipo.com.mx\/presidente-refrenda-compromiso-de-justicia-en-caso-lebaron-langford\/#breadcrumb\",\"itemListElement\":[{\"@type\":\"ListItem\",\"position\":1,\"name\":\"Portada\",\"item\":\"https:\/\/www.sonoraenequipo.com.mx\/\"},{\"@type\":\"ListItem\",\"position\":2,\"name\":\"Presidente refrenda compromiso de justicia en caso LeBar\u00f3n-Langford\"}]},{\"@type\":\"WebSite\",\"@id\":\"https:\/\/www.sonoraenequipo.com.mx\/#website\",\"url\":\"https:\/\/www.sonoraenequipo.com.mx\/\",\"name\":\"Sonora en Equipo.\",\"description\":\"Diario en l\u00ednea con Noticias desde Hermosillo, Sonora\",\"publisher\":{\"@id\":\"https:\/\/www.sonoraenequipo.com.mx\/#organization\"},\"potentialAction\":[{\"@type\":\"SearchAction\",\"target\":{\"@type\":\"EntryPoint\",\"urlTemplate\":\"https:\/\/www.sonoraenequipo.com.mx\/?s={search_term_string}\"},\"query-input\":{\"@type\":\"PropertyValueSpecification\",\"valueRequired\":true,\"valueName\":\"search_term_string\"}}],\"inLanguage\":\"es\"},{\"@type\":\"Organization\",\"@id\":\"https:\/\/www.sonoraenequipo.com.mx\/#organization\",\"name\":\"Sonoraenequipo.com.mx\",\"url\":\"https:\/\/www.sonoraenequipo.com.mx\/\",\"logo\":{\"@type\":\"ImageObject\",\"inLanguage\":\"es\",\"@id\":\"https:\/\/www.sonoraenequipo.com.mx\/#\/schema\/logo\/image\/\",\"url\":\"https:\/\/www.sonoraenequipo.com.mx\/storage\/2019\/01\/sonoraenequipo_opt.png\",\"contentUrl\":\"https:\/\/www.sonoraenequipo.com.mx\/storage\/2019\/01\/sonoraenequipo_opt.png\",\"width\":375,\"height\":125,\"caption\":\"Sonoraenequipo.com.mx\"},\"image\":{\"@id\":\"https:\/\/www.sonoraenequipo.com.mx\/#\/schema\/logo\/image\/\"},\"sameAs\":[\"https:\/\/www.facebook.com\/SonoraEE\/\",\"https:\/\/x.com\/sonoraenequipo\",\"https:\/\/www.youtube.com\/channel\/UC338nW-lPEYmJQs4ZABQ1SQ\"]},{\"@type\":\"Person\",\"@id\":\"https:\/\/www.sonoraenequipo.com.mx\/#\/schema\/person\/50102df0fb23a8fa9e8effad8fa81386\",\"name\":\"enequipo\",\"image\":{\"@type\":\"ImageObject\",\"inLanguage\":\"es\",\"@id\":\"https:\/\/www.sonoraenequipo.com.mx\/#\/schema\/person\/image\/\",\"url\":\"https:\/\/secure.gravatar.com\/avatar\/049821681b589dabc0bc20695993ccebb09f5b5d4d790cd9251b97faac7c652b?s=96&d=blank&r=g\",\"contentUrl\":\"https:\/\/secure.gravatar.com\/avatar\/049821681b589dabc0bc20695993ccebb09f5b5d4d790cd9251b97faac7c652b?s=96&d=blank&r=g\",\"caption\":\"enequipo\"},\"sameAs\":[\"https:\/\/www.facebook.com\/SonoraEE\"]}]}<\/script>\n ","yoast_head_json":{"title":"Sonora en Equipo. Presidente refrenda compromiso de justicia en caso LeBar\u00f3n-Langford Rep\u00fablica","description":"CIUDAD DE M\u00c9XICO. MX. \u2014 El presidente Andr\u00e9s Manuel L\u00f3pez Obrador afirm\u00f3 que hay avances en la investigaci\u00f3n sobre el caso Miller, LeBar\u00f3n y Langford y En Sonora en Equipo publicamos toda la informaci\u00f3n de Sonora, M\u00e9xico y el Mundo de manera oportuna y busca que la libertad de expresi\u00f3n sea real. Visita nuestro medio informativo publicado desde Hermosillo, Sonora. %","robots":{"index":"index","follow":"follow","max-snippet":"max-snippet:-1","max-image-preview":"max-image-preview:large","max-video-preview":"max-video-preview:-1"},"canonical":"https:\/\/www.sonoraenequipo.com.mx\/presidente-refrenda-compromiso-de-justicia-en-caso-lebaron-langford\/","og_locale":"es_ES","og_type":"article","og_title":"Sonora en Equipo. Presidente refrenda compromiso de justicia en caso LeBar\u00f3n-Langford Rep\u00fablica","og_description":"CIUDAD DE M\u00c9XICO. MX. \u2014 El presidente Andr\u00e9s Manuel L\u00f3pez Obrador afirm\u00f3 que hay avances en la investigaci\u00f3n sobre el caso Miller, LeBar\u00f3n y Langford y En Sonora en Equipo publicamos toda la informaci\u00f3n de Sonora, M\u00e9xico y el Mundo de manera oportuna y busca que la libertad de expresi\u00f3n sea real. Visita nuestro medio informativo publicado desde Hermosillo, Sonora. %","og_url":"https:\/\/www.sonoraenequipo.com.mx\/presidente-refrenda-compromiso-de-justicia-en-caso-lebaron-langford\/","og_site_name":"Sonora en Equipo.","article_publisher":"https:\/\/www.facebook.com\/SonoraEE\/","article_author":"https:\/\/www.facebook.com\/SonoraEE","article_published_time":"2020-10-04T05:45:56+00:00","og_image":[{"width":600,"height":400,"url":"https:\/\/www.sonoraenequipo.com.mx\/storage\/2020\/10\/amlo_alfonso-durazo_opt1.jpg","type":"image\/jpeg"}],"author":"enequipo","twitter_card":"summary_large_image","twitter_creator":"@sonoraenequipo","twitter_site":"@sonoraenequipo","twitter_misc":{"Escrito por":"enequipo","Tiempo de lectura":"3 minutos"},"schema":{"@context":"https:\/\/schema.org","@graph":[{"@type":"Article","@id":"https:\/\/www.sonoraenequipo.com.mx\/presidente-refrenda-compromiso-de-justicia-en-caso-lebaron-langford\/#article","isPartOf":{"@id":"https:\/\/www.sonoraenequipo.com.mx\/presidente-refrenda-compromiso-de-justicia-en-caso-lebaron-langford\/"},"author":{"name":"enequipo","@id":"https:\/\/www.sonoraenequipo.com.mx\/#\/schema\/person\/50102df0fb23a8fa9e8effad8fa81386"},"headline":"Presidente refrenda compromiso de justicia en caso LeBar\u00f3n-Langford","datePublished":"2020-10-04T05:45:56+00:00","mainEntityOfPage":{"@id":"https:\/\/www.sonoraenequipo.com.mx\/presidente-refrenda-compromiso-de-justicia-en-caso-lebaron-langford\/"},"wordCount":521,"commentCount":0,"publisher":{"@id":"https:\/\/www.sonoraenequipo.com.mx\/#organization"},"image":{"@id":"https:\/\/www.sonoraenequipo.com.mx\/presidente-refrenda-compromiso-de-justicia-en-caso-lebaron-langford\/#primaryimage"},"thumbnailUrl":"https:\/\/www.sonoraenequipo.com.mx\/storage\/2020\/10\/amlo_alfonso-durazo_opt1.jpg","keywords":["Alfonso Durazo","AMLO","asesinatos","bavispe","caso LeBar\u00f3n-Langford","compromiso","mexico"],"articleSection":["Rep\u00fablica"],"inLanguage":"es","potentialAction":[{"@type":"CommentAction","name":"Comment","target":["https:\/\/www.sonoraenequipo.com.mx\/presidente-refrenda-compromiso-de-justicia-en-caso-lebaron-langford\/#respond"]}]},{"@type":"WebPage","@id":"https:\/\/www.sonoraenequipo.com.mx\/presidente-refrenda-compromiso-de-justicia-en-caso-lebaron-langford\/","url":"https:\/\/www.sonoraenequipo.com.mx\/presidente-refrenda-compromiso-de-justicia-en-caso-lebaron-langford\/","name":"Sonora en Equipo. Presidente refrenda compromiso de justicia en caso LeBar\u00f3n-Langford Rep\u00fablica","isPartOf":{"@id":"https:\/\/www.sonoraenequipo.com.mx\/#website"},"primaryImageOfPage":{"@id":"https:\/\/www.sonoraenequipo.com.mx\/presidente-refrenda-compromiso-de-justicia-en-caso-lebaron-langford\/#primaryimage"},"image":{"@id":"https:\/\/www.sonoraenequipo.com.mx\/presidente-refrenda-compromiso-de-justicia-en-caso-lebaron-langford\/#primaryimage"},"thumbnailUrl":"https:\/\/www.sonoraenequipo.com.mx\/storage\/2020\/10\/amlo_alfonso-durazo_opt1.jpg","datePublished":"2020-10-04T05:45:56+00:00","description":"CIUDAD DE M\u00c9XICO. MX. \u2014 El presidente Andr\u00e9s Manuel L\u00f3pez Obrador afirm\u00f3 que hay avances en la investigaci\u00f3n sobre el caso Miller, LeBar\u00f3n y Langford y En Sonora en Equipo publicamos toda la informaci\u00f3n de Sonora, M\u00e9xico y el Mundo de manera oportuna y busca que la libertad de expresi\u00f3n sea real. Visita nuestro medio informativo publicado desde Hermosillo, Sonora. %","breadcrumb":{"@id":"https:\/\/www.sonoraenequipo.com.mx\/presidente-refrenda-compromiso-de-justicia-en-caso-lebaron-langford\/#breadcrumb"},"inLanguage":"es","potentialAction":[{"@type":"ReadAction","target":["https:\/\/www.sonoraenequipo.com.mx\/presidente-refrenda-compromiso-de-justicia-en-caso-lebaron-langford\/"]}]},{"@type":"ImageObject","inLanguage":"es","@id":"https:\/\/www.sonoraenequipo.com.mx\/presidente-refrenda-compromiso-de-justicia-en-caso-lebaron-langford\/#primaryimage","url":"https:\/\/www.sonoraenequipo.com.mx\/storage\/2020\/10\/amlo_alfonso-durazo_opt1.jpg","contentUrl":"https:\/\/www.sonoraenequipo.com.mx\/storage\/2020\/10\/amlo_alfonso-durazo_opt1.jpg","width":600,"height":400},{"@type":"BreadcrumbList","@id":"https:\/\/www.sonoraenequipo.com.mx\/presidente-refrenda-compromiso-de-justicia-en-caso-lebaron-langford\/#breadcrumb","itemListElement":[{"@type":"ListItem","position":1,"name":"Portada","item":"https:\/\/www.sonoraenequipo.com.mx\/"},{"@type":"ListItem","position":2,"name":"Presidente refrenda compromiso de justicia en caso LeBar\u00f3n-Langford"}]},{"@type":"WebSite","@id":"https:\/\/www.sonoraenequipo.com.mx\/#website","url":"https:\/\/www.sonoraenequipo.com.mx\/","name":"Sonora en Equipo.","description":"Diario en l\u00ednea con Noticias desde Hermosillo, Sonora","publisher":{"@id":"https:\/\/www.sonoraenequipo.com.mx\/#organization"},"potentialAction":[{"@type":"SearchAction","target":{"@type":"EntryPoint","urlTemplate":"https:\/\/www.sonoraenequipo.com.mx\/?s={search_term_string}"},"query-input":{"@type":"PropertyValueSpecification","valueRequired":true,"valueName":"search_term_string"}}],"inLanguage":"es"},{"@type":"Organization","@id":"https:\/\/www.sonoraenequipo.com.mx\/#organization","name":"Sonoraenequipo.com.mx","url":"https:\/\/www.sonoraenequipo.com.mx\/","logo":{"@type":"ImageObject","inLanguage":"es","@id":"https:\/\/www.sonoraenequipo.com.mx\/#\/schema\/logo\/image\/","url":"https:\/\/www.sonoraenequipo.com.mx\/storage\/2019\/01\/sonoraenequipo_opt.png","contentUrl":"https:\/\/www.sonoraenequipo.com.mx\/storage\/2019\/01\/sonoraenequipo_opt.png","width":375,"height":125,"caption":"Sonoraenequipo.com.mx"},"image":{"@id":"https:\/\/www.sonoraenequipo.com.mx\/#\/schema\/logo\/image\/"},"sameAs":["https:\/\/www.facebook.com\/SonoraEE\/","https:\/\/x.com\/sonoraenequipo","https:\/\/www.youtube.com\/channel\/UC338nW-lPEYmJQs4ZABQ1SQ"]},{"@type":"Person","@id":"https:\/\/www.sonoraenequipo.com.mx\/#\/schema\/person\/50102df0fb23a8fa9e8effad8fa81386","name":"enequipo","image":{"@type":"ImageObject","inLanguage":"es","@id":"https:\/\/www.sonoraenequipo.com.mx\/#\/schema\/person\/image\/","url":"https:\/\/secure.gravatar.com\/avatar\/049821681b589dabc0bc20695993ccebb09f5b5d4d790cd9251b97faac7c652b?s=96&d=blank&r=g","contentUrl":"https:\/\/secure.gravatar.com\/avatar\/049821681b589dabc0bc20695993ccebb09f5b5d4d790cd9251b97faac7c652b?s=96&d=blank&r=g","caption":"enequipo"},"sameAs":["https:\/\/www.facebook.com\/SonoraEE"]}]}},"jetpack_featured_media_url":"https:\/\/www.sonoraenequipo.com.mx\/storage\/2020\/10\/amlo_alfonso-durazo_opt1.jpg","_links":{"self":[{"href":"https:\/\/www.sonoraenequipo.com.mx\/api\/wp\/v2\/posts\/96781","targetHints":{"allow":["GET"]}}],"collection":[{"href":"https:\/\/www.sonoraenequipo.com.mx\/api\/wp\/v2\/posts"}],"about":[{"href":"https:\/\/www.sonoraenequipo.com.mx\/api\/wp\/v2\/types\/post"}],"author":[{"embeddable":true,"href":"https:\/\/www.sonoraenequipo.com.mx\/api\/wp\/v2\/users\/1"}],"replies":[{"embeddable":true,"href":"https:\/\/www.sonoraenequipo.com.mx\/api\/wp\/v2\/comments?post=96781"}],"version-history":[{"count":1,"href":"https:\/\/www.sonoraenequipo.com.mx\/api\/wp\/v2\/posts\/96781\/revisions"}],"predecessor-version":[{"id":96783,"href":"https:\/\/www.sonoraenequipo.com.mx\/api\/wp\/v2\/posts\/96781\/revisions\/96783"}],"wp:featuredmedia":[{"embeddable":true,"href":"https:\/\/www.sonoraenequipo.com.mx\/api\/wp\/v2\/media\/96782"}],"wp:attachment":[{"href":"https:\/\/www.sonoraenequipo.com.mx\/api\/wp\/v2\/media?parent=96781"}],"wp:term":[{"taxonomy":"category","embeddable":true,"href":"https:\/\/www.sonoraenequipo.com.mx\/api\/wp\/v2\/categories?post=96781"},{"taxonomy":"post_tag","embeddable":true,"href":"https:\/\/www.sonoraenequipo.com.mx\/api\/wp\/v2\/tags?post=96781"}],"curies":[{"name":"wp","href":"https:\/\/api.w.org\/{rel}","templated":true}]}}