{"id":96812,"date":"2020-10-04T09:30:57","date_gmt":"2020-10-04T16:30:57","guid":{"rendered":"https:\/\/www.sonoraenequipo.com.mx\/?p=96812"},"modified":"2020-10-04T16:51:15","modified_gmt":"2020-10-04T23:51:15","slug":"despliegan-plan-marina-en-quintana-roo-ante-tormenta-tropical-gamma","status":"publish","type":"post","link":"https:\/\/www.sonoraenequipo.com.mx\/despliegan-plan-marina-en-quintana-roo-ante-tormenta-tropical-gamma\/","title":{"rendered":"Despliegan Plan Marina en Quintana Roo ante tormenta tropical &#8216;Gamma&#8217;"},"content":{"rendered":"<p>QUINTANA ROO. MX. \u2014 Ante el paso de la tormenta tropical \u00abGamma\u00bb, elementos de la Quinta Regi\u00f3n Naval de la Secretar\u00eda de Marina (Semar) realizan labores de apoyo a habitantes de Isla Mujeres y Canc\u00fan, en Quintana Roo, como parte de la aplicaci\u00f3n del Plan Marina en su fase de prevenci\u00f3n.<\/p>\n<p>&nbsp;<\/p>\n<p> <\/p>\n<p>&nbsp;<\/p>\n<p>La Semar inform\u00f3 que el personal naval lleva recorre diversas colonias de Isla Mujeres y Canc\u00fan, con para conocer las condiciones en que se encuentra la poblaci\u00f3n y auxiliarla en los casos que se requiera para salvaguardar su vida.<\/p>\n<p>&nbsp;<\/p>\n<p>Para atenci\u00f3n de emergencias o cualquier solicitud de apoyo, la Quinta Regi\u00f3n Naval puso a disposici\u00f3n de la ciudadan\u00eda los siguientes n\u00fameros telef\u00f3nicos y correos electr\u00f3nicos:<\/p>\n<p>&nbsp;<\/p>\n<p>Quinta Regi\u00f3n Naval (Isla Mujeres): <strong>998-877-0194 y 998-877-0186<\/strong>, <a href=\"http:\/\/rn5@semar.gob.mx.\"><strong>rn5@semar.gob.mx.<\/strong><\/a><\/p>\n<p>&nbsp;<\/p>\n<p>Novena Zona Naval (Yukalpet\u00e9n, Yuc): <strong>Tel\u00e9fono 969-935-4037, <a href=\"http:\/\/zn-9@semar.gob.mx.\">zn-9@semar.gob.mx.<\/a><\/strong><\/p>\n<p>&nbsp;<\/p>\n<p>D\u00e9cimo Primera Zona Naval (Chetumal): <strong>Tel\u00e9fono 983-832-0226, <a href=\"http:\/\/zn-11@semar.gob.mx.\">zn-11@semar.gob.mx.<\/a><\/strong><\/p>\n<p>&nbsp;<\/p>\n<p>Sector Naval de Cozumel (Cozumel):<strong> Tel\u00e9fono 987-872-5576, <a href=\"http:\/\/navcoz@semar.gob.mx.\">navcoz@semar.gob.mx.<\/a><\/strong><\/p>\n<p>&nbsp;<\/p>\n<p>La dependencia recomend\u00f3 a la poblaci\u00f3n en general mantenerse informada y atender las medidas que la Marina, Protecci\u00f3n Civil, autoridades estatales y locales les indiquen.<\/p>\n<p>&nbsp;<\/p>\n<p>&nbsp;<\/p>\n<p>El Plan Marina se activ\u00f3 en su fase de prevenci\u00f3n debido a la presencia de la tormenta tropical \u00abGamma\u00bb, que afecta las costas de Quintana Roo y Yucat\u00e1n.<\/p>\n<p>&nbsp;<\/p>\n<p>Para m\u00e1s informaci\u00f3n acerca de las condiciones meteorol\u00f3gicas, la Secretaria de Marina puso a disposici\u00f3n la siguiente p\u00e1gina web: <a href=\"https:\/\/meteorologia.semar.gob.mx.\"><strong>https:\/\/meteorologia.semar.gob.mx.<\/strong><\/a><\/p>\n<p>&nbsp;<\/p>\n<p>(PUBLICADO EL 03\/10\/2020)<\/p>\n<p>&nbsp;<\/p>\n","protected":false},"excerpt":{"rendered":"<p>QUINTANA ROO. MX. \u2014 Ante el paso de la tormenta tropical \u00abGamma\u00bb, elementos de la&#8230;<\/p>\n","protected":false},"author":1,"featured_media":96809,"comment_status":"open","ping_status":"open","sticky":false,"template":"","format":"standard","meta":{"_monsterinsights_skip_tracking":false,"_monsterinsights_sitenote_active":false,"_monsterinsights_sitenote_note":"","_monsterinsights_sitenote_category":0,"footnotes":""},"categories":[5],"tags":[],"class_list":["post"],"yoast_head":" \n<title>Sonora en Equipo. Despliegan Plan Marina en Quintana Roo ante tormenta tropical &#039;Gamma&#039; Rep\u00fablica<\/title>\n<meta name=\"description\" content=\"QUINTANA ROO. MX. \u2014 Ante el paso de la tormenta tropical &quot;Gamma&quot;, elementos de la Quinta Regi\u00f3n Naval de la Secretar\u00eda de Marina (Semar) realizan labores En Sonora en Equipo publicamos toda la informaci\u00f3n de Sonora, M\u00e9xico y el Mundo de manera oportuna y busca que la libertad de expresi\u00f3n sea real. Visita nuestro medio informativo publicado desde Hermosillo, Sonora. %\" \/>\n<meta name=\"robots\" content=\"index, follow, max-snippet:-1, max-image-preview:large, max-video-preview:-1\" \/>\n<link rel=\"canonical\" href=\"https:\/\/www.sonoraenequipo.com.mx\/despliegan-plan-marina-en-quintana-roo-ante-tormenta-tropical-gamma\/\" \/>\n<meta property=\"og:locale\" content=\"es_ES\" \/>\n<meta property=\"og:type\" content=\"article\" \/>\n<meta property=\"og:title\" content=\"Sonora en Equipo. Despliegan Plan Marina en Quintana Roo ante tormenta tropical &#039;Gamma&#039; Rep\u00fablica\" \/>\n<meta property=\"og:description\" content=\"QUINTANA ROO. MX. \u2014 Ante el paso de la tormenta tropical &quot;Gamma&quot;, elementos de la Quinta Regi\u00f3n Naval de la Secretar\u00eda de Marina (Semar) realizan labores En Sonora en Equipo publicamos toda la informaci\u00f3n de Sonora, M\u00e9xico y el Mundo de manera oportuna y busca que la libertad de expresi\u00f3n sea real. Visita nuestro medio informativo publicado desde Hermosillo, Sonora. %\" \/>\n<meta property=\"og:url\" content=\"https:\/\/www.sonoraenequipo.com.mx\/despliegan-plan-marina-en-quintana-roo-ante-tormenta-tropical-gamma\/\" \/>\n<meta property=\"og:site_name\" content=\"Sonora en Equipo.\" \/>\n<meta property=\"article:publisher\" content=\"https:\/\/www.facebook.com\/SonoraEE\/\" \/>\n<meta property=\"article:author\" content=\"https:\/\/www.facebook.com\/SonoraEE\" \/>\n<meta property=\"article:published_time\" content=\"2020-10-04T16:30:57+00:00\" \/>\n<meta property=\"article:modified_time\" content=\"2020-10-04T23:51:15+00:00\" \/>\n<meta property=\"og:image\" content=\"https:\/\/www.sonoraenequipo.com.mx\/storage\/2020\/10\/barricadas-para-que-no-pase-el-agua_opt.jpg\" \/>\n\t<meta property=\"og:image:width\" content=\"599\" \/>\n\t<meta property=\"og:image:height\" content=\"400\" \/>\n\t<meta property=\"og:image:type\" content=\"image\/jpeg\" \/>\n<meta name=\"author\" content=\"enequipo\" \/>\n<meta name=\"twitter:card\" content=\"summary_large_image\" \/>\n<meta name=\"twitter:creator\" content=\"@sonoraenequipo\" \/>\n<meta name=\"twitter:site\" content=\"@sonoraenequipo\" \/>\n<meta name=\"twitter:label1\" content=\"Escrito por\" \/>\n\t<meta name=\"twitter:data1\" content=\"enequipo\" \/>\n\t<meta name=\"twitter:label2\" content=\"Tiempo de lectura\" \/>\n\t<meta name=\"twitter:data2\" content=\"1 minuto\" \/>\n<script type=\"application\/ld+json\" class=\"yoast-schema-graph\">{\"@context\":\"https:\/\/schema.org\",\"@graph\":[{\"@type\":\"Article\",\"@id\":\"https:\/\/www.sonoraenequipo.com.mx\/despliegan-plan-marina-en-quintana-roo-ante-tormenta-tropical-gamma\/#article\",\"isPartOf\":{\"@id\":\"https:\/\/www.sonoraenequipo.com.mx\/despliegan-plan-marina-en-quintana-roo-ante-tormenta-tropical-gamma\/\"},\"author\":{\"name\":\"enequipo\",\"@id\":\"https:\/\/www.sonoraenequipo.com.mx\/#\/schema\/person\/50102df0fb23a8fa9e8effad8fa81386\"},\"headline\":\"Despliegan Plan Marina en Quintana Roo ante tormenta tropical &#8216;Gamma&#8217;\",\"datePublished\":\"2020-10-04T16:30:57+00:00\",\"dateModified\":\"2020-10-04T23:51:15+00:00\",\"mainEntityOfPage\":{\"@id\":\"https:\/\/www.sonoraenequipo.com.mx\/despliegan-plan-marina-en-quintana-roo-ante-tormenta-tropical-gamma\/\"},\"wordCount\":296,\"commentCount\":0,\"publisher\":{\"@id\":\"https:\/\/www.sonoraenequipo.com.mx\/#organization\"},\"image\":{\"@id\":\"https:\/\/www.sonoraenequipo.com.mx\/despliegan-plan-marina-en-quintana-roo-ante-tormenta-tropical-gamma\/#primaryimage\"},\"thumbnailUrl\":\"https:\/\/www.sonoraenequipo.com.mx\/storage\/2020\/10\/barricadas-para-que-no-pase-el-agua_opt.jpg\",\"articleSection\":[\"Rep\u00fablica\"],\"inLanguage\":\"es\",\"potentialAction\":[{\"@type\":\"CommentAction\",\"name\":\"Comment\",\"target\":[\"https:\/\/www.sonoraenequipo.com.mx\/despliegan-plan-marina-en-quintana-roo-ante-tormenta-tropical-gamma\/#respond\"]}]},{\"@type\":\"WebPage\",\"@id\":\"https:\/\/www.sonoraenequipo.com.mx\/despliegan-plan-marina-en-quintana-roo-ante-tormenta-tropical-gamma\/\",\"url\":\"https:\/\/www.sonoraenequipo.com.mx\/despliegan-plan-marina-en-quintana-roo-ante-tormenta-tropical-gamma\/\",\"name\":\"Sonora en Equipo. Despliegan Plan Marina en Quintana Roo ante tormenta tropical 'Gamma' Rep\u00fablica\",\"isPartOf\":{\"@id\":\"https:\/\/www.sonoraenequipo.com.mx\/#website\"},\"primaryImageOfPage\":{\"@id\":\"https:\/\/www.sonoraenequipo.com.mx\/despliegan-plan-marina-en-quintana-roo-ante-tormenta-tropical-gamma\/#primaryimage\"},\"image\":{\"@id\":\"https:\/\/www.sonoraenequipo.com.mx\/despliegan-plan-marina-en-quintana-roo-ante-tormenta-tropical-gamma\/#primaryimage\"},\"thumbnailUrl\":\"https:\/\/www.sonoraenequipo.com.mx\/storage\/2020\/10\/barricadas-para-que-no-pase-el-agua_opt.jpg\",\"datePublished\":\"2020-10-04T16:30:57+00:00\",\"dateModified\":\"2020-10-04T23:51:15+00:00\",\"description\":\"QUINTANA ROO. MX. \u2014 Ante el paso de la tormenta tropical \\\"Gamma\\\", elementos de la Quinta Regi\u00f3n Naval de la Secretar\u00eda de Marina (Semar) realizan labores En Sonora en Equipo publicamos toda la informaci\u00f3n de Sonora, M\u00e9xico y el Mundo de manera oportuna y busca que la libertad de expresi\u00f3n sea real. Visita nuestro medio informativo publicado desde Hermosillo, Sonora. %\",\"breadcrumb\":{\"@id\":\"https:\/\/www.sonoraenequipo.com.mx\/despliegan-plan-marina-en-quintana-roo-ante-tormenta-tropical-gamma\/#breadcrumb\"},\"inLanguage\":\"es\",\"potentialAction\":[{\"@type\":\"ReadAction\",\"target\":[\"https:\/\/www.sonoraenequipo.com.mx\/despliegan-plan-marina-en-quintana-roo-ante-tormenta-tropical-gamma\/\"]}]},{\"@type\":\"ImageObject\",\"inLanguage\":\"es\",\"@id\":\"https:\/\/www.sonoraenequipo.com.mx\/despliegan-plan-marina-en-quintana-roo-ante-tormenta-tropical-gamma\/#primaryimage\",\"url\":\"https:\/\/www.sonoraenequipo.com.mx\/storage\/2020\/10\/barricadas-para-que-no-pase-el-agua_opt.jpg\",\"contentUrl\":\"https:\/\/www.sonoraenequipo.com.mx\/storage\/2020\/10\/barricadas-para-que-no-pase-el-agua_opt.jpg\",\"width\":599,\"height\":400},{\"@type\":\"BreadcrumbList\",\"@id\":\"https:\/\/www.sonoraenequipo.com.mx\/despliegan-plan-marina-en-quintana-roo-ante-tormenta-tropical-gamma\/#breadcrumb\",\"itemListElement\":[{\"@type\":\"ListItem\",\"position\":1,\"name\":\"Portada\",\"item\":\"https:\/\/www.sonoraenequipo.com.mx\/\"},{\"@type\":\"ListItem\",\"position\":2,\"name\":\"Despliegan Plan Marina en Quintana Roo ante tormenta tropical &#8216;Gamma&#8217;\"}]},{\"@type\":\"WebSite\",\"@id\":\"https:\/\/www.sonoraenequipo.com.mx\/#website\",\"url\":\"https:\/\/www.sonoraenequipo.com.mx\/\",\"name\":\"Sonora en Equipo.\",\"description\":\"Diario en l\u00ednea con Noticias desde Hermosillo, Sonora\",\"publisher\":{\"@id\":\"https:\/\/www.sonoraenequipo.com.mx\/#organization\"},\"potentialAction\":[{\"@type\":\"SearchAction\",\"target\":{\"@type\":\"EntryPoint\",\"urlTemplate\":\"https:\/\/www.sonoraenequipo.com.mx\/?s={search_term_string}\"},\"query-input\":{\"@type\":\"PropertyValueSpecification\",\"valueRequired\":true,\"valueName\":\"search_term_string\"}}],\"inLanguage\":\"es\"},{\"@type\":\"Organization\",\"@id\":\"https:\/\/www.sonoraenequipo.com.mx\/#organization\",\"name\":\"Sonoraenequipo.com.mx\",\"url\":\"https:\/\/www.sonoraenequipo.com.mx\/\",\"logo\":{\"@type\":\"ImageObject\",\"inLanguage\":\"es\",\"@id\":\"https:\/\/www.sonoraenequipo.com.mx\/#\/schema\/logo\/image\/\",\"url\":\"https:\/\/www.sonoraenequipo.com.mx\/storage\/2019\/01\/sonoraenequipo_opt.png\",\"contentUrl\":\"https:\/\/www.sonoraenequipo.com.mx\/storage\/2019\/01\/sonoraenequipo_opt.png\",\"width\":375,\"height\":125,\"caption\":\"Sonoraenequipo.com.mx\"},\"image\":{\"@id\":\"https:\/\/www.sonoraenequipo.com.mx\/#\/schema\/logo\/image\/\"},\"sameAs\":[\"https:\/\/www.facebook.com\/SonoraEE\/\",\"https:\/\/x.com\/sonoraenequipo\",\"https:\/\/www.youtube.com\/channel\/UC338nW-lPEYmJQs4ZABQ1SQ\"]},{\"@type\":\"Person\",\"@id\":\"https:\/\/www.sonoraenequipo.com.mx\/#\/schema\/person\/50102df0fb23a8fa9e8effad8fa81386\",\"name\":\"enequipo\",\"image\":{\"@type\":\"ImageObject\",\"inLanguage\":\"es\",\"@id\":\"https:\/\/www.sonoraenequipo.com.mx\/#\/schema\/person\/image\/\",\"url\":\"https:\/\/secure.gravatar.com\/avatar\/049821681b589dabc0bc20695993ccebb09f5b5d4d790cd9251b97faac7c652b?s=96&d=blank&r=g\",\"contentUrl\":\"https:\/\/secure.gravatar.com\/avatar\/049821681b589dabc0bc20695993ccebb09f5b5d4d790cd9251b97faac7c652b?s=96&d=blank&r=g\",\"caption\":\"enequipo\"},\"sameAs\":[\"https:\/\/www.facebook.com\/SonoraEE\"]}]}<\/script>\n ","yoast_head_json":{"title":"Sonora en Equipo. Despliegan Plan Marina en Quintana Roo ante tormenta tropical 'Gamma' Rep\u00fablica","description":"QUINTANA ROO. MX. \u2014 Ante el paso de la tormenta tropical \"Gamma\", elementos de la Quinta Regi\u00f3n Naval de la Secretar\u00eda de Marina (Semar) realizan labores En Sonora en Equipo publicamos toda la informaci\u00f3n de Sonora, M\u00e9xico y el Mundo de manera oportuna y busca que la libertad de expresi\u00f3n sea real. Visita nuestro medio informativo publicado desde Hermosillo, Sonora. %","robots":{"index":"index","follow":"follow","max-snippet":"max-snippet:-1","max-image-preview":"max-image-preview:large","max-video-preview":"max-video-preview:-1"},"canonical":"https:\/\/www.sonoraenequipo.com.mx\/despliegan-plan-marina-en-quintana-roo-ante-tormenta-tropical-gamma\/","og_locale":"es_ES","og_type":"article","og_title":"Sonora en Equipo. Despliegan Plan Marina en Quintana Roo ante tormenta tropical 'Gamma' Rep\u00fablica","og_description":"QUINTANA ROO. MX. \u2014 Ante el paso de la tormenta tropical \"Gamma\", elementos de la Quinta Regi\u00f3n Naval de la Secretar\u00eda de Marina (Semar) realizan labores En Sonora en Equipo publicamos toda la informaci\u00f3n de Sonora, M\u00e9xico y el Mundo de manera oportuna y busca que la libertad de expresi\u00f3n sea real. Visita nuestro medio informativo publicado desde Hermosillo, Sonora. %","og_url":"https:\/\/www.sonoraenequipo.com.mx\/despliegan-plan-marina-en-quintana-roo-ante-tormenta-tropical-gamma\/","og_site_name":"Sonora en Equipo.","article_publisher":"https:\/\/www.facebook.com\/SonoraEE\/","article_author":"https:\/\/www.facebook.com\/SonoraEE","article_published_time":"2020-10-04T16:30:57+00:00","article_modified_time":"2020-10-04T23:51:15+00:00","og_image":[{"width":599,"height":400,"url":"https:\/\/www.sonoraenequipo.com.mx\/storage\/2020\/10\/barricadas-para-que-no-pase-el-agua_opt.jpg","type":"image\/jpeg"}],"author":"enequipo","twitter_card":"summary_large_image","twitter_creator":"@sonoraenequipo","twitter_site":"@sonoraenequipo","twitter_misc":{"Escrito por":"enequipo","Tiempo de lectura":"1 minuto"},"schema":{"@context":"https:\/\/schema.org","@graph":[{"@type":"Article","@id":"https:\/\/www.sonoraenequipo.com.mx\/despliegan-plan-marina-en-quintana-roo-ante-tormenta-tropical-gamma\/#article","isPartOf":{"@id":"https:\/\/www.sonoraenequipo.com.mx\/despliegan-plan-marina-en-quintana-roo-ante-tormenta-tropical-gamma\/"},"author":{"name":"enequipo","@id":"https:\/\/www.sonoraenequipo.com.mx\/#\/schema\/person\/50102df0fb23a8fa9e8effad8fa81386"},"headline":"Despliegan Plan Marina en Quintana Roo ante tormenta tropical &#8216;Gamma&#8217;","datePublished":"2020-10-04T16:30:57+00:00","dateModified":"2020-10-04T23:51:15+00:00","mainEntityOfPage":{"@id":"https:\/\/www.sonoraenequipo.com.mx\/despliegan-plan-marina-en-quintana-roo-ante-tormenta-tropical-gamma\/"},"wordCount":296,"commentCount":0,"publisher":{"@id":"https:\/\/www.sonoraenequipo.com.mx\/#organization"},"image":{"@id":"https:\/\/www.sonoraenequipo.com.mx\/despliegan-plan-marina-en-quintana-roo-ante-tormenta-tropical-gamma\/#primaryimage"},"thumbnailUrl":"https:\/\/www.sonoraenequipo.com.mx\/storage\/2020\/10\/barricadas-para-que-no-pase-el-agua_opt.jpg","articleSection":["Rep\u00fablica"],"inLanguage":"es","potentialAction":[{"@type":"CommentAction","name":"Comment","target":["https:\/\/www.sonoraenequipo.com.mx\/despliegan-plan-marina-en-quintana-roo-ante-tormenta-tropical-gamma\/#respond"]}]},{"@type":"WebPage","@id":"https:\/\/www.sonoraenequipo.com.mx\/despliegan-plan-marina-en-quintana-roo-ante-tormenta-tropical-gamma\/","url":"https:\/\/www.sonoraenequipo.com.mx\/despliegan-plan-marina-en-quintana-roo-ante-tormenta-tropical-gamma\/","name":"Sonora en Equipo. Despliegan Plan Marina en Quintana Roo ante tormenta tropical 'Gamma' Rep\u00fablica","isPartOf":{"@id":"https:\/\/www.sonoraenequipo.com.mx\/#website"},"primaryImageOfPage":{"@id":"https:\/\/www.sonoraenequipo.com.mx\/despliegan-plan-marina-en-quintana-roo-ante-tormenta-tropical-gamma\/#primaryimage"},"image":{"@id":"https:\/\/www.sonoraenequipo.com.mx\/despliegan-plan-marina-en-quintana-roo-ante-tormenta-tropical-gamma\/#primaryimage"},"thumbnailUrl":"https:\/\/www.sonoraenequipo.com.mx\/storage\/2020\/10\/barricadas-para-que-no-pase-el-agua_opt.jpg","datePublished":"2020-10-04T16:30:57+00:00","dateModified":"2020-10-04T23:51:15+00:00","description":"QUINTANA ROO. MX. \u2014 Ante el paso de la tormenta tropical \"Gamma\", elementos de la Quinta Regi\u00f3n Naval de la Secretar\u00eda de Marina (Semar) realizan labores En Sonora en Equipo publicamos toda la informaci\u00f3n de Sonora, M\u00e9xico y el Mundo de manera oportuna y busca que la libertad de expresi\u00f3n sea real. Visita nuestro medio informativo publicado desde Hermosillo, Sonora. %","breadcrumb":{"@id":"https:\/\/www.sonoraenequipo.com.mx\/despliegan-plan-marina-en-quintana-roo-ante-tormenta-tropical-gamma\/#breadcrumb"},"inLanguage":"es","potentialAction":[{"@type":"ReadAction","target":["https:\/\/www.sonoraenequipo.com.mx\/despliegan-plan-marina-en-quintana-roo-ante-tormenta-tropical-gamma\/"]}]},{"@type":"ImageObject","inLanguage":"es","@id":"https:\/\/www.sonoraenequipo.com.mx\/despliegan-plan-marina-en-quintana-roo-ante-tormenta-tropical-gamma\/#primaryimage","url":"https:\/\/www.sonoraenequipo.com.mx\/storage\/2020\/10\/barricadas-para-que-no-pase-el-agua_opt.jpg","contentUrl":"https:\/\/www.sonoraenequipo.com.mx\/storage\/2020\/10\/barricadas-para-que-no-pase-el-agua_opt.jpg","width":599,"height":400},{"@type":"BreadcrumbList","@id":"https:\/\/www.sonoraenequipo.com.mx\/despliegan-plan-marina-en-quintana-roo-ante-tormenta-tropical-gamma\/#breadcrumb","itemListElement":[{"@type":"ListItem","position":1,"name":"Portada","item":"https:\/\/www.sonoraenequipo.com.mx\/"},{"@type":"ListItem","position":2,"name":"Despliegan Plan Marina en Quintana Roo ante tormenta tropical &#8216;Gamma&#8217;"}]},{"@type":"WebSite","@id":"https:\/\/www.sonoraenequipo.com.mx\/#website","url":"https:\/\/www.sonoraenequipo.com.mx\/","name":"Sonora en Equipo.","description":"Diario en l\u00ednea con Noticias desde Hermosillo, Sonora","publisher":{"@id":"https:\/\/www.sonoraenequipo.com.mx\/#organization"},"potentialAction":[{"@type":"SearchAction","target":{"@type":"EntryPoint","urlTemplate":"https:\/\/www.sonoraenequipo.com.mx\/?s={search_term_string}"},"query-input":{"@type":"PropertyValueSpecification","valueRequired":true,"valueName":"search_term_string"}}],"inLanguage":"es"},{"@type":"Organization","@id":"https:\/\/www.sonoraenequipo.com.mx\/#organization","name":"Sonoraenequipo.com.mx","url":"https:\/\/www.sonoraenequipo.com.mx\/","logo":{"@type":"ImageObject","inLanguage":"es","@id":"https:\/\/www.sonoraenequipo.com.mx\/#\/schema\/logo\/image\/","url":"https:\/\/www.sonoraenequipo.com.mx\/storage\/2019\/01\/sonoraenequipo_opt.png","contentUrl":"https:\/\/www.sonoraenequipo.com.mx\/storage\/2019\/01\/sonoraenequipo_opt.png","width":375,"height":125,"caption":"Sonoraenequipo.com.mx"},"image":{"@id":"https:\/\/www.sonoraenequipo.com.mx\/#\/schema\/logo\/image\/"},"sameAs":["https:\/\/www.facebook.com\/SonoraEE\/","https:\/\/x.com\/sonoraenequipo","https:\/\/www.youtube.com\/channel\/UC338nW-lPEYmJQs4ZABQ1SQ"]},{"@type":"Person","@id":"https:\/\/www.sonoraenequipo.com.mx\/#\/schema\/person\/50102df0fb23a8fa9e8effad8fa81386","name":"enequipo","image":{"@type":"ImageObject","inLanguage":"es","@id":"https:\/\/www.sonoraenequipo.com.mx\/#\/schema\/person\/image\/","url":"https:\/\/secure.gravatar.com\/avatar\/049821681b589dabc0bc20695993ccebb09f5b5d4d790cd9251b97faac7c652b?s=96&d=blank&r=g","contentUrl":"https:\/\/secure.gravatar.com\/avatar\/049821681b589dabc0bc20695993ccebb09f5b5d4d790cd9251b97faac7c652b?s=96&d=blank&r=g","caption":"enequipo"},"sameAs":["https:\/\/www.facebook.com\/SonoraEE"]}]}},"jetpack_featured_media_url":"https:\/\/www.sonoraenequipo.com.mx\/storage\/2020\/10\/barricadas-para-que-no-pase-el-agua_opt.jpg","_links":{"self":[{"href":"https:\/\/www.sonoraenequipo.com.mx\/api\/wp\/v2\/posts\/96812","targetHints":{"allow":["GET"]}}],"collection":[{"href":"https:\/\/www.sonoraenequipo.com.mx\/api\/wp\/v2\/posts"}],"about":[{"href":"https:\/\/www.sonoraenequipo.com.mx\/api\/wp\/v2\/types\/post"}],"author":[{"embeddable":true,"href":"https:\/\/www.sonoraenequipo.com.mx\/api\/wp\/v2\/users\/1"}],"replies":[{"embeddable":true,"href":"https:\/\/www.sonoraenequipo.com.mx\/api\/wp\/v2\/comments?post=96812"}],"version-history":[{"count":1,"href":"https:\/\/www.sonoraenequipo.com.mx\/api\/wp\/v2\/posts\/96812\/revisions"}],"predecessor-version":[{"id":96813,"href":"https:\/\/www.sonoraenequipo.com.mx\/api\/wp\/v2\/posts\/96812\/revisions\/96813"}],"wp:featuredmedia":[{"embeddable":true,"href":"https:\/\/www.sonoraenequipo.com.mx\/api\/wp\/v2\/media\/96809"}],"wp:attachment":[{"href":"https:\/\/www.sonoraenequipo.com.mx\/api\/wp\/v2\/media?parent=96812"}],"wp:term":[{"taxonomy":"category","embeddable":true,"href":"https:\/\/www.sonoraenequipo.com.mx\/api\/wp\/v2\/categories?post=96812"},{"taxonomy":"post_tag","embeddable":true,"href":"https:\/\/www.sonoraenequipo.com.mx\/api\/wp\/v2\/tags?post=96812"}],"curies":[{"name":"wp","href":"https:\/\/api.w.org\/{rel}","templated":true}]}}