{"id":96847,"date":"2020-10-04T19:01:52","date_gmt":"2020-10-05T02:01:52","guid":{"rendered":"https:\/\/www.sonoraenequipo.com.mx\/?p=96847"},"modified":"2020-10-04T19:19:22","modified_gmt":"2020-10-05T02:19:22","slug":"hermosillo-agradece-celida-lopez-a-amlo-entrega-de-500-mdp-para-mejoramiento-urbano-y-vialidades","status":"publish","type":"post","link":"https:\/\/www.sonoraenequipo.com.mx\/hermosillo-agradece-celida-lopez-a-amlo-entrega-de-500-mdp-para-mejoramiento-urbano-y-vialidades\/","title":{"rendered":"HERMOSILLO. Agradece Celida L\u00f3pez a AMLO entrega de 500 mdp para mejoramiento urbano y vialidades"},"content":{"rendered":"<p>HERMOSILLO, SONORA. MX. \u2014 El presidente de M\u00e9xico Andr\u00e9s Manuel L\u00f3pez Obrador hizo oficial el convenio entre la Secretar\u00eda de Desarrollo Agrario, Territorial y Urbano (SEDATU) y el Municipio de Hermosillo, que contempla 500 millones de pesos para mejoramiento urbano y las vialidades de la ciudad, una gesti\u00f3n de la Alcaldesa Celida L\u00f3pez C\u00e1rdenas.<\/p>\n<p> <\/p>\n<p>En el marco del evento protocolario realizado en el Estadio H\u00e9ctor Espino, adquirido por el Gobierno de M\u00e9xico para su mejora e instalaci\u00f3n de una escuela de beisbol, el mandatario nacional entreg\u00f3 el documento oficial del acuerdo a la Presidenta Municipal, en presencia de la Gobernadora de Sonora Claudia Pavlovich Arellano, el Secretario de Seguridad P\u00fablica y Protecci\u00f3n Ciudadana Alfonso Durazo Monta\u00f1o y el Secretario de SEDATU Rom\u00e1n Meyer Falc\u00f3n.<\/p>\n<p>Presentes tambi\u00e9n en Hermosillo Jos\u00e9 Rafael Ojeda Dur\u00e1n, Secretario de Marina y Luis Crescencio Sandoval Gonz\u00e1lez, Secretario de la Defensa Nacional.<\/p>\n<p><em>\u201cAqu\u00ed lo primero que acabo de entregar es el convenio para licitar desde el lunes el que se arreglen las calles de Hermosillo, son 175 millones de pesos con ese prop\u00f3sito, aparte otras obras en beneficio de Hermosillo\u201d,<\/em> declar\u00f3 el mandatario al hacer menci\u00f3n de la gesti\u00f3n de L\u00f3pez C\u00e1rdenas.<\/p>\n<p>Apunt\u00f3 que en Sonora se est\u00e1n haciendo inversiones trascendentes, con recursos para el desarrollo social. Durante la pandemia se otorgaron 700 millones de pesos en 25 mil cr\u00e9ditos a la palabra para peque\u00f1as empresas, formales e informales, sin tr\u00e1mites burocr\u00e1ticos, dijo.<\/p>\n<p>L\u00f3pez Obrador asegur\u00f3 que su gobierno continuar\u00e1 trabajando para el bienestar de los sonorenses con programas como el de apoyos a adultos mayores, becas a estudiantes, apoyos a peque\u00f1os y medianos empresarios y para que haya paz y seguridad en Sonora. El mandatario refrend\u00f3 p\u00fablicamente su apoyo al trabajo del sonorense Alfonso Durazo Monta\u00f1o al frente del gabinete de Seguridad.<\/p>\n<p><em><img loading=\"lazy\" decoding=\"async\" class=\"x-left  size-full\" src=\"https:\/\/www.sonoraenequipo.com.mx\/storage\/2020\/10\/c\u00e9lida-l\u00f3pez_opt.jpg\" alt=\"\" width=\"400\" height=\"500\" \/>\u201cEl Plan de Mejoramiento Urbano y la Rehabilitaci\u00f3n de Calles es un gran impulso para nuestra ciudad. Gracias al Presidente L\u00f3pez Obrador los hermosillenses tendr\u00e1n mejores vialidades para transitar y m\u00e1s infraestructura en la ciudad\u201d,<\/em> expres\u00f3 la Presidenta Municipal de la capital sonorense.<\/p>\n<p>Este importante apoyo, que va destinado a la mejora integral de los barrios en sectores vulnerables con acciones de vivienda, rescate de espacios p\u00fablicos y, tras la gesti\u00f3n de L\u00f3pez C\u00e1rdenas, 31 vialidades estrat\u00e9gicas, sobre todo las que incluyen importantes rutas del Transporte P\u00fablico.<\/p>\n<p>Entre los proyectos a realizarse en Hermosillo se encuentran la construcci\u00f3n de un <strong><em>Albergue Infantil, un Mercado y habilitaci\u00f3n de parques en Las Minitas, construcci\u00f3n de un \u00c1gora y mejoramiento integral de imagen urbana en la Ca\u00f1ada de los Negros,<\/em> <em>la construcci\u00f3n del Parque Biocultural Cerro de la Campana, y la construcci\u00f3n del Centro de Desarrollo Cultural de las Etnias Sonorenses en La Matanza.<\/em><\/strong><\/p>\n<h3>Proyectos de construcci\u00f3n y renovaci\u00f3n de vialidades<\/h3>\n<p>1) Renovaci\u00f3n de calle integral a base de recarpeteo con fresado en la <strong>Avenida Suaqui Grande entre calles Francisco Monteverde y Arizona.<\/strong><\/p>\n<p>2) Renovaci\u00f3n de calle integral a base de recarpeteo con fresado en la <strong>Avenida Huachineras entre calles Reforma y 12 de Octubre<\/strong><\/p>\n<p>3) Construcci\u00f3n de la calle Integral con concreto asf\u00e1ltico en la <strong>Avenida Cobachi entre calles Olivares y Arizona<\/strong><\/p>\n<p>4) Construcci\u00f3n de calle Integral con concreto asf\u00e1ltico en la<strong> Avenida San Felipe entre calles Ya\u00f1ez e Israel Gonzales<\/strong><\/p>\n<p>5) Construcci\u00f3n de calle Integral con concreto asf\u00e1ltico en la <strong>Avenida Nacori Chico entre calles Francisco Monteverde y General Pi\u00f1a<\/strong><\/p>\n<p>6) Construcci\u00f3n de calle Integral con concreto asf\u00e1ltico en la<strong> Avenida Bacadehuachi entre calles Guadalupe Victoria y Francisco Monteverde.<\/strong><\/p>\n<p>7) Construcci\u00f3n de calle Integral con concreto asf\u00e1ltico en la <strong>Avenida Huasabas entre calles Reforma y General Pi\u00f1a<\/strong><\/p>\n<p>8) Construcci\u00f3n de calle Integral con concreto asf\u00e1ltico en la<strong> Avenida Villa Hidalgo entre calles Reforma y General Pi\u00f1a<\/strong><\/p>\n<p>9) Construcci\u00f3n de calle Integral con concreto asf\u00e1ltico en la <strong>Avenida Baviacora entre calles Blvd. Las Torres e Israel Gonz\u00e1lez<\/strong><\/p>\n<p>10) Construcci\u00f3n de calle completa con concreto asf\u00e1ltico en el <strong>Blvd las Quintas entre calles Adelina Sainz y L\u00e1zaro C\u00e1rdenas<\/strong><\/p>\n<p>11) Construcci\u00f3n de calle Integral con concreto asf\u00e1ltico en la <strong>Avenida Bacanora entre calles 12 de Octubre y Francisco Monteverde<\/strong><\/p>\n<p>12) Renovaci\u00f3n de calle Integral a base de recarpeteo con fresado de la <strong>calle L\u00e1zaro Mercado entre calles Saturnino Campoy y Blvd. Garc\u00eda Morales<\/strong><\/p>\n<p>13) Renovaci\u00f3n de calle Integral a base de recarpeteo con fresado en la <strong>calle de Los Yaquis entre calles Republica de Colombia y Blvd. Antonio Quiroga<\/strong><\/p>\n<p>14) Renovaci\u00f3n de calle Integral a base de recarpeteo con fresado en la<strong> Ave Octava entre calles Blvd. Solidaridad y Lauro G\u00e1lvez<\/strong><\/p>\n<p>15) Renovaci\u00f3n de calle completa a base de recarpeteo con fresado en<strong> Blvd. Villas Del Pitic entre calles Blvd. Luis Encinas y Blvd. Serna<\/strong><\/p>\n<p>16) Renovaci\u00f3n de calle Integral a base de recarpeteo con fresado en la<strong> Ave. Tamaulipas entre calles Revoluci\u00f3n y 05 de Febrero<\/strong><\/p>\n<p>17) Renovaci\u00f3n de calle Integral a base de recarpeteo con fresado en la<strong> calle Benito Ju\u00e1rez entre calles Ave. Siete y Blvd. L\u00f3pez Portillo<\/strong><\/p>\n<p>18) Renovaci\u00f3n de calle completa a base de recarpeteo con fresado en <strong>Blvd. Gaspar Luken entre calles Israel y Blvd. Antonio Quiroga<\/strong><\/p>\n<p>19) Renovaci\u00f3n de calle Integral a base de recarpeteo con fresado en la calle Aburto entre calles Israel Gonz\u00e1lez y Rom\u00e1n Yocupicio<\/p>\n<p>20) Renovaci\u00f3n de calle completa a base de recarpeteo en<strong> Blvd. Antonio Quiroga en Ambos Cuerpos entre calles Blvd .Garc\u00eda Morales y Blvd. Perimetral Norte<\/strong><\/p>\n<p>21) Renovaci\u00f3n de calle Integral a base de recarpeteo con fresado en<strong> calle Israel Gonz\u00e1lez entre calles Perif\u00e9rico Norte y Ave. Poder Legislativo<\/strong><\/p>\n<p>22) Renovaci\u00f3n de calle completa a base de recarpeteo con fresado en<strong> Blvd. Rodr\u00edguez entre calles Blvd. Jos\u00e9 Ma. Morelos y Ave. Nayarit<\/strong><\/p>\n<p>23) Renovaci\u00f3n de calle completa a base de recarpeteo con fresado en <strong>Blvd. Manuel Clouthier entre calles Blvd. Solidaridad y Blvd. Libertad.<\/strong><\/p>\n<p>24) Renovaci\u00f3n de calle Integral a base de recarpeteo confresado en <strong>calle Pe\u00f1a Colorada entre calles Pechita y Blvd. Musaro<\/strong><\/p>\n<p>25) Renovaci\u00f3n de calle Integral a base de recarpeteo con fresado en<strong> calle Pechita entre calles Blvd. Capomo y Pe\u00f1a Colorada<\/strong><\/p>\n<p>26) Renovaci\u00f3n de calle Integral a base de recarpeteo con fresado en la <strong>Blvd. Calesa entre calles Musaro y Carretera a la Colorada<\/strong><\/p>\n<p>27) Renovaci\u00f3n de calle completa a base de recarpeteo con fresado en la <strong>Blvd. Capomo entre calles Blvd. Cimarr\u00f3n y Carretera a La Colorada, incluye renovaci\u00f3n de crucero con concreto hidr\u00e1ulico<\/strong><\/p>\n<p>28) Renovaci\u00f3n de calle Integral y adecuaci\u00f3n vial de <strong>calle Progreso entre calles Blvd. Libertad y Xolotl<\/strong><\/p>\n<p>29) Renovaci\u00f3n de calle completa en Crucero con concreto hidr\u00e1ulico <strong>de Blvd. Capomo y Blvd. Musaro<\/strong><\/p>\n<p>30) Renovaci\u00f3n de calle completa y adecuaci\u00f3n Vial de <strong>Blvd. Perimetral Norte entre calles Blvd. Antonio Quiroga y Blvd. Agust\u00edn G\u00f3mez del Campo<\/strong><\/p>\n<p>31) Renovaci\u00f3n de calle Integral a base de <strong>recarpeteo<\/strong> con fresado en <strong>calle Alfonso L\u00f3pez Riesgo entre calles Blvd. Musaro y Ave. de los Dise\u00f1adores<\/strong><\/p>\n<p>(PUBLICADO EL 04\/10\/2020)<\/p>\n","protected":false},"excerpt":{"rendered":"<p>HERMOSILLO, SONORA. MX. \u2014 El presidente de M\u00e9xico Andr\u00e9s Manuel L\u00f3pez Obrador hizo oficial el&#8230;<\/p>\n","protected":false},"author":1,"featured_media":96851,"comment_status":"open","ping_status":"open","sticky":false,"template":"","format":"standard","meta":{"_monsterinsights_skip_tracking":false,"_monsterinsights_sitenote_active":false,"_monsterinsights_sitenote_note":"","_monsterinsights_sitenote_category":0,"footnotes":""},"categories":[1],"tags":[],"class_list":["post"],"yoast_head":" \n<title>Sonora en Equipo. HERMOSILLO. Agradece Celida L\u00f3pez a AMLO entrega de 500 mdp para mejoramiento urbano y vialidades<\/title>\n<meta name=\"description\" content=\"HERMOSILLO, SONORA. MX. \u2014 El presidente de M\u00e9xico Andr\u00e9s Manuel L\u00f3pez Obrador hizo oficial el convenio entre la Secretar\u00eda de Desarrollo Agrario, En Sonora en Equipo publicamos toda la informaci\u00f3n de Sonora, M\u00e9xico y el Mundo de manera oportuna y busca que la libertad de expresi\u00f3n sea real. Visita nuestro medio informativo publicado desde Hermosillo, Sonora. %\" \/>\n<meta name=\"robots\" content=\"index, follow, max-snippet:-1, max-image-preview:large, max-video-preview:-1\" \/>\n<link rel=\"canonical\" href=\"https:\/\/www.sonoraenequipo.com.mx\/hermosillo-agradece-celida-lopez-a-amlo-entrega-de-500-mdp-para-mejoramiento-urbano-y-vialidades\/\" \/>\n<meta property=\"og:locale\" content=\"es_ES\" \/>\n<meta property=\"og:type\" content=\"article\" \/>\n<meta property=\"og:title\" content=\"Sonora en Equipo. HERMOSILLO. Agradece Celida L\u00f3pez a AMLO entrega de 500 mdp para mejoramiento urbano y vialidades\" \/>\n<meta property=\"og:description\" content=\"HERMOSILLO, SONORA. MX. \u2014 El presidente de M\u00e9xico Andr\u00e9s Manuel L\u00f3pez Obrador hizo oficial el convenio entre la Secretar\u00eda de Desarrollo Agrario, En Sonora en Equipo publicamos toda la informaci\u00f3n de Sonora, M\u00e9xico y el Mundo de manera oportuna y busca que la libertad de expresi\u00f3n sea real. Visita nuestro medio informativo publicado desde Hermosillo, Sonora. %\" \/>\n<meta property=\"og:url\" content=\"https:\/\/www.sonoraenequipo.com.mx\/hermosillo-agradece-celida-lopez-a-amlo-entrega-de-500-mdp-para-mejoramiento-urbano-y-vialidades\/\" \/>\n<meta property=\"og:site_name\" content=\"Sonora en Equipo.\" \/>\n<meta property=\"article:publisher\" content=\"https:\/\/www.facebook.com\/SonoraEE\/\" \/>\n<meta property=\"article:author\" content=\"https:\/\/www.facebook.com\/SonoraEE\" \/>\n<meta property=\"article:published_time\" content=\"2020-10-05T02:01:52+00:00\" \/>\n<meta property=\"article:modified_time\" content=\"2020-10-05T02:19:22+00:00\" \/>\n<meta property=\"og:image\" content=\"https:\/\/www.sonoraenequipo.com.mx\/storage\/2020\/10\/lopez-obrador-y-C\u00e9lida-l\u00f3pez_opt.jpg\" \/>\n\t<meta property=\"og:image:width\" content=\"500\" \/>\n\t<meta property=\"og:image:height\" content=\"400\" \/>\n\t<meta property=\"og:image:type\" content=\"image\/jpeg\" \/>\n<meta name=\"author\" content=\"enequipo\" \/>\n<meta name=\"twitter:card\" content=\"summary_large_image\" \/>\n<meta name=\"twitter:creator\" content=\"@sonoraenequipo\" \/>\n<meta name=\"twitter:site\" content=\"@sonoraenequipo\" \/>\n<meta name=\"twitter:label1\" content=\"Escrito por\" \/>\n\t<meta name=\"twitter:data1\" content=\"enequipo\" \/>\n\t<meta name=\"twitter:label2\" content=\"Tiempo de lectura\" \/>\n\t<meta name=\"twitter:data2\" content=\"6 minutos\" \/>\n<script type=\"application\/ld+json\" class=\"yoast-schema-graph\">{\"@context\":\"https:\/\/schema.org\",\"@graph\":[{\"@type\":\"Article\",\"@id\":\"https:\/\/www.sonoraenequipo.com.mx\/hermosillo-agradece-celida-lopez-a-amlo-entrega-de-500-mdp-para-mejoramiento-urbano-y-vialidades\/#article\",\"isPartOf\":{\"@id\":\"https:\/\/www.sonoraenequipo.com.mx\/hermosillo-agradece-celida-lopez-a-amlo-entrega-de-500-mdp-para-mejoramiento-urbano-y-vialidades\/\"},\"author\":{\"name\":\"enequipo\",\"@id\":\"https:\/\/www.sonoraenequipo.com.mx\/#\/schema\/person\/50102df0fb23a8fa9e8effad8fa81386\"},\"headline\":\"HERMOSILLO. Agradece Celida L\u00f3pez a AMLO entrega de 500 mdp para mejoramiento urbano y vialidades\",\"datePublished\":\"2020-10-05T02:01:52+00:00\",\"dateModified\":\"2020-10-05T02:19:22+00:00\",\"mainEntityOfPage\":{\"@id\":\"https:\/\/www.sonoraenequipo.com.mx\/hermosillo-agradece-celida-lopez-a-amlo-entrega-de-500-mdp-para-mejoramiento-urbano-y-vialidades\/\"},\"wordCount\":1224,\"commentCount\":0,\"publisher\":{\"@id\":\"https:\/\/www.sonoraenequipo.com.mx\/#organization\"},\"image\":{\"@id\":\"https:\/\/www.sonoraenequipo.com.mx\/hermosillo-agradece-celida-lopez-a-amlo-entrega-de-500-mdp-para-mejoramiento-urbano-y-vialidades\/#primaryimage\"},\"thumbnailUrl\":\"https:\/\/www.sonoraenequipo.com.mx\/storage\/2020\/10\/lopez-obrador-y-C\u00e9lida-l\u00f3pez_opt.jpg\",\"articleSection\":[\"Sin categorizar\"],\"inLanguage\":\"es\",\"potentialAction\":[{\"@type\":\"CommentAction\",\"name\":\"Comment\",\"target\":[\"https:\/\/www.sonoraenequipo.com.mx\/hermosillo-agradece-celida-lopez-a-amlo-entrega-de-500-mdp-para-mejoramiento-urbano-y-vialidades\/#respond\"]}]},{\"@type\":\"WebPage\",\"@id\":\"https:\/\/www.sonoraenequipo.com.mx\/hermosillo-agradece-celida-lopez-a-amlo-entrega-de-500-mdp-para-mejoramiento-urbano-y-vialidades\/\",\"url\":\"https:\/\/www.sonoraenequipo.com.mx\/hermosillo-agradece-celida-lopez-a-amlo-entrega-de-500-mdp-para-mejoramiento-urbano-y-vialidades\/\",\"name\":\"Sonora en Equipo. HERMOSILLO. Agradece Celida L\u00f3pez a AMLO entrega de 500 mdp para mejoramiento urbano y vialidades\",\"isPartOf\":{\"@id\":\"https:\/\/www.sonoraenequipo.com.mx\/#website\"},\"primaryImageOfPage\":{\"@id\":\"https:\/\/www.sonoraenequipo.com.mx\/hermosillo-agradece-celida-lopez-a-amlo-entrega-de-500-mdp-para-mejoramiento-urbano-y-vialidades\/#primaryimage\"},\"image\":{\"@id\":\"https:\/\/www.sonoraenequipo.com.mx\/hermosillo-agradece-celida-lopez-a-amlo-entrega-de-500-mdp-para-mejoramiento-urbano-y-vialidades\/#primaryimage\"},\"thumbnailUrl\":\"https:\/\/www.sonoraenequipo.com.mx\/storage\/2020\/10\/lopez-obrador-y-C\u00e9lida-l\u00f3pez_opt.jpg\",\"datePublished\":\"2020-10-05T02:01:52+00:00\",\"dateModified\":\"2020-10-05T02:19:22+00:00\",\"description\":\"HERMOSILLO, SONORA. MX. \u2014 El presidente de M\u00e9xico Andr\u00e9s Manuel L\u00f3pez Obrador hizo oficial el convenio entre la Secretar\u00eda de Desarrollo Agrario, En Sonora en Equipo publicamos toda la informaci\u00f3n de Sonora, M\u00e9xico y el Mundo de manera oportuna y busca que la libertad de expresi\u00f3n sea real. Visita nuestro medio informativo publicado desde Hermosillo, Sonora. %\",\"breadcrumb\":{\"@id\":\"https:\/\/www.sonoraenequipo.com.mx\/hermosillo-agradece-celida-lopez-a-amlo-entrega-de-500-mdp-para-mejoramiento-urbano-y-vialidades\/#breadcrumb\"},\"inLanguage\":\"es\",\"potentialAction\":[{\"@type\":\"ReadAction\",\"target\":[\"https:\/\/www.sonoraenequipo.com.mx\/hermosillo-agradece-celida-lopez-a-amlo-entrega-de-500-mdp-para-mejoramiento-urbano-y-vialidades\/\"]}]},{\"@type\":\"ImageObject\",\"inLanguage\":\"es\",\"@id\":\"https:\/\/www.sonoraenequipo.com.mx\/hermosillo-agradece-celida-lopez-a-amlo-entrega-de-500-mdp-para-mejoramiento-urbano-y-vialidades\/#primaryimage\",\"url\":\"https:\/\/www.sonoraenequipo.com.mx\/storage\/2020\/10\/lopez-obrador-y-C\u00e9lida-l\u00f3pez_opt.jpg\",\"contentUrl\":\"https:\/\/www.sonoraenequipo.com.mx\/storage\/2020\/10\/lopez-obrador-y-C\u00e9lida-l\u00f3pez_opt.jpg\",\"width\":500,\"height\":400},{\"@type\":\"BreadcrumbList\",\"@id\":\"https:\/\/www.sonoraenequipo.com.mx\/hermosillo-agradece-celida-lopez-a-amlo-entrega-de-500-mdp-para-mejoramiento-urbano-y-vialidades\/#breadcrumb\",\"itemListElement\":[{\"@type\":\"ListItem\",\"position\":1,\"name\":\"Portada\",\"item\":\"https:\/\/www.sonoraenequipo.com.mx\/\"},{\"@type\":\"ListItem\",\"position\":2,\"name\":\"HERMOSILLO. Agradece Celida L\u00f3pez a AMLO entrega de 500 mdp para mejoramiento urbano y vialidades\"}]},{\"@type\":\"WebSite\",\"@id\":\"https:\/\/www.sonoraenequipo.com.mx\/#website\",\"url\":\"https:\/\/www.sonoraenequipo.com.mx\/\",\"name\":\"Sonora en Equipo.\",\"description\":\"Diario en l\u00ednea con Noticias desde Hermosillo, Sonora\",\"publisher\":{\"@id\":\"https:\/\/www.sonoraenequipo.com.mx\/#organization\"},\"potentialAction\":[{\"@type\":\"SearchAction\",\"target\":{\"@type\":\"EntryPoint\",\"urlTemplate\":\"https:\/\/www.sonoraenequipo.com.mx\/?s={search_term_string}\"},\"query-input\":{\"@type\":\"PropertyValueSpecification\",\"valueRequired\":true,\"valueName\":\"search_term_string\"}}],\"inLanguage\":\"es\"},{\"@type\":\"Organization\",\"@id\":\"https:\/\/www.sonoraenequipo.com.mx\/#organization\",\"name\":\"Sonoraenequipo.com.mx\",\"url\":\"https:\/\/www.sonoraenequipo.com.mx\/\",\"logo\":{\"@type\":\"ImageObject\",\"inLanguage\":\"es\",\"@id\":\"https:\/\/www.sonoraenequipo.com.mx\/#\/schema\/logo\/image\/\",\"url\":\"https:\/\/www.sonoraenequipo.com.mx\/storage\/2019\/01\/sonoraenequipo_opt.png\",\"contentUrl\":\"https:\/\/www.sonoraenequipo.com.mx\/storage\/2019\/01\/sonoraenequipo_opt.png\",\"width\":375,\"height\":125,\"caption\":\"Sonoraenequipo.com.mx\"},\"image\":{\"@id\":\"https:\/\/www.sonoraenequipo.com.mx\/#\/schema\/logo\/image\/\"},\"sameAs\":[\"https:\/\/www.facebook.com\/SonoraEE\/\",\"https:\/\/x.com\/sonoraenequipo\",\"https:\/\/www.youtube.com\/channel\/UC338nW-lPEYmJQs4ZABQ1SQ\"]},{\"@type\":\"Person\",\"@id\":\"https:\/\/www.sonoraenequipo.com.mx\/#\/schema\/person\/50102df0fb23a8fa9e8effad8fa81386\",\"name\":\"enequipo\",\"image\":{\"@type\":\"ImageObject\",\"inLanguage\":\"es\",\"@id\":\"https:\/\/www.sonoraenequipo.com.mx\/#\/schema\/person\/image\/\",\"url\":\"https:\/\/secure.gravatar.com\/avatar\/049821681b589dabc0bc20695993ccebb09f5b5d4d790cd9251b97faac7c652b?s=96&d=blank&r=g\",\"contentUrl\":\"https:\/\/secure.gravatar.com\/avatar\/049821681b589dabc0bc20695993ccebb09f5b5d4d790cd9251b97faac7c652b?s=96&d=blank&r=g\",\"caption\":\"enequipo\"},\"sameAs\":[\"https:\/\/www.facebook.com\/SonoraEE\"]}]}<\/script>\n ","yoast_head_json":{"title":"Sonora en Equipo. HERMOSILLO. Agradece Celida L\u00f3pez a AMLO entrega de 500 mdp para mejoramiento urbano y vialidades","description":"HERMOSILLO, SONORA. MX. \u2014 El presidente de M\u00e9xico Andr\u00e9s Manuel L\u00f3pez Obrador hizo oficial el convenio entre la Secretar\u00eda de Desarrollo Agrario, En Sonora en Equipo publicamos toda la informaci\u00f3n de Sonora, M\u00e9xico y el Mundo de manera oportuna y busca que la libertad de expresi\u00f3n sea real. Visita nuestro medio informativo publicado desde Hermosillo, Sonora. %","robots":{"index":"index","follow":"follow","max-snippet":"max-snippet:-1","max-image-preview":"max-image-preview:large","max-video-preview":"max-video-preview:-1"},"canonical":"https:\/\/www.sonoraenequipo.com.mx\/hermosillo-agradece-celida-lopez-a-amlo-entrega-de-500-mdp-para-mejoramiento-urbano-y-vialidades\/","og_locale":"es_ES","og_type":"article","og_title":"Sonora en Equipo. HERMOSILLO. Agradece Celida L\u00f3pez a AMLO entrega de 500 mdp para mejoramiento urbano y vialidades","og_description":"HERMOSILLO, SONORA. MX. \u2014 El presidente de M\u00e9xico Andr\u00e9s Manuel L\u00f3pez Obrador hizo oficial el convenio entre la Secretar\u00eda de Desarrollo Agrario, En Sonora en Equipo publicamos toda la informaci\u00f3n de Sonora, M\u00e9xico y el Mundo de manera oportuna y busca que la libertad de expresi\u00f3n sea real. Visita nuestro medio informativo publicado desde Hermosillo, Sonora. %","og_url":"https:\/\/www.sonoraenequipo.com.mx\/hermosillo-agradece-celida-lopez-a-amlo-entrega-de-500-mdp-para-mejoramiento-urbano-y-vialidades\/","og_site_name":"Sonora en Equipo.","article_publisher":"https:\/\/www.facebook.com\/SonoraEE\/","article_author":"https:\/\/www.facebook.com\/SonoraEE","article_published_time":"2020-10-05T02:01:52+00:00","article_modified_time":"2020-10-05T02:19:22+00:00","og_image":[{"width":500,"height":400,"url":"https:\/\/www.sonoraenequipo.com.mx\/storage\/2020\/10\/lopez-obrador-y-C\u00e9lida-l\u00f3pez_opt.jpg","type":"image\/jpeg"}],"author":"enequipo","twitter_card":"summary_large_image","twitter_creator":"@sonoraenequipo","twitter_site":"@sonoraenequipo","twitter_misc":{"Escrito por":"enequipo","Tiempo de lectura":"6 minutos"},"schema":{"@context":"https:\/\/schema.org","@graph":[{"@type":"Article","@id":"https:\/\/www.sonoraenequipo.com.mx\/hermosillo-agradece-celida-lopez-a-amlo-entrega-de-500-mdp-para-mejoramiento-urbano-y-vialidades\/#article","isPartOf":{"@id":"https:\/\/www.sonoraenequipo.com.mx\/hermosillo-agradece-celida-lopez-a-amlo-entrega-de-500-mdp-para-mejoramiento-urbano-y-vialidades\/"},"author":{"name":"enequipo","@id":"https:\/\/www.sonoraenequipo.com.mx\/#\/schema\/person\/50102df0fb23a8fa9e8effad8fa81386"},"headline":"HERMOSILLO. Agradece Celida L\u00f3pez a AMLO entrega de 500 mdp para mejoramiento urbano y vialidades","datePublished":"2020-10-05T02:01:52+00:00","dateModified":"2020-10-05T02:19:22+00:00","mainEntityOfPage":{"@id":"https:\/\/www.sonoraenequipo.com.mx\/hermosillo-agradece-celida-lopez-a-amlo-entrega-de-500-mdp-para-mejoramiento-urbano-y-vialidades\/"},"wordCount":1224,"commentCount":0,"publisher":{"@id":"https:\/\/www.sonoraenequipo.com.mx\/#organization"},"image":{"@id":"https:\/\/www.sonoraenequipo.com.mx\/hermosillo-agradece-celida-lopez-a-amlo-entrega-de-500-mdp-para-mejoramiento-urbano-y-vialidades\/#primaryimage"},"thumbnailUrl":"https:\/\/www.sonoraenequipo.com.mx\/storage\/2020\/10\/lopez-obrador-y-C\u00e9lida-l\u00f3pez_opt.jpg","articleSection":["Sin categorizar"],"inLanguage":"es","potentialAction":[{"@type":"CommentAction","name":"Comment","target":["https:\/\/www.sonoraenequipo.com.mx\/hermosillo-agradece-celida-lopez-a-amlo-entrega-de-500-mdp-para-mejoramiento-urbano-y-vialidades\/#respond"]}]},{"@type":"WebPage","@id":"https:\/\/www.sonoraenequipo.com.mx\/hermosillo-agradece-celida-lopez-a-amlo-entrega-de-500-mdp-para-mejoramiento-urbano-y-vialidades\/","url":"https:\/\/www.sonoraenequipo.com.mx\/hermosillo-agradece-celida-lopez-a-amlo-entrega-de-500-mdp-para-mejoramiento-urbano-y-vialidades\/","name":"Sonora en Equipo. HERMOSILLO. Agradece Celida L\u00f3pez a AMLO entrega de 500 mdp para mejoramiento urbano y vialidades","isPartOf":{"@id":"https:\/\/www.sonoraenequipo.com.mx\/#website"},"primaryImageOfPage":{"@id":"https:\/\/www.sonoraenequipo.com.mx\/hermosillo-agradece-celida-lopez-a-amlo-entrega-de-500-mdp-para-mejoramiento-urbano-y-vialidades\/#primaryimage"},"image":{"@id":"https:\/\/www.sonoraenequipo.com.mx\/hermosillo-agradece-celida-lopez-a-amlo-entrega-de-500-mdp-para-mejoramiento-urbano-y-vialidades\/#primaryimage"},"thumbnailUrl":"https:\/\/www.sonoraenequipo.com.mx\/storage\/2020\/10\/lopez-obrador-y-C\u00e9lida-l\u00f3pez_opt.jpg","datePublished":"2020-10-05T02:01:52+00:00","dateModified":"2020-10-05T02:19:22+00:00","description":"HERMOSILLO, SONORA. MX. \u2014 El presidente de M\u00e9xico Andr\u00e9s Manuel L\u00f3pez Obrador hizo oficial el convenio entre la Secretar\u00eda de Desarrollo Agrario, En Sonora en Equipo publicamos toda la informaci\u00f3n de Sonora, M\u00e9xico y el Mundo de manera oportuna y busca que la libertad de expresi\u00f3n sea real. Visita nuestro medio informativo publicado desde Hermosillo, Sonora. %","breadcrumb":{"@id":"https:\/\/www.sonoraenequipo.com.mx\/hermosillo-agradece-celida-lopez-a-amlo-entrega-de-500-mdp-para-mejoramiento-urbano-y-vialidades\/#breadcrumb"},"inLanguage":"es","potentialAction":[{"@type":"ReadAction","target":["https:\/\/www.sonoraenequipo.com.mx\/hermosillo-agradece-celida-lopez-a-amlo-entrega-de-500-mdp-para-mejoramiento-urbano-y-vialidades\/"]}]},{"@type":"ImageObject","inLanguage":"es","@id":"https:\/\/www.sonoraenequipo.com.mx\/hermosillo-agradece-celida-lopez-a-amlo-entrega-de-500-mdp-para-mejoramiento-urbano-y-vialidades\/#primaryimage","url":"https:\/\/www.sonoraenequipo.com.mx\/storage\/2020\/10\/lopez-obrador-y-C\u00e9lida-l\u00f3pez_opt.jpg","contentUrl":"https:\/\/www.sonoraenequipo.com.mx\/storage\/2020\/10\/lopez-obrador-y-C\u00e9lida-l\u00f3pez_opt.jpg","width":500,"height":400},{"@type":"BreadcrumbList","@id":"https:\/\/www.sonoraenequipo.com.mx\/hermosillo-agradece-celida-lopez-a-amlo-entrega-de-500-mdp-para-mejoramiento-urbano-y-vialidades\/#breadcrumb","itemListElement":[{"@type":"ListItem","position":1,"name":"Portada","item":"https:\/\/www.sonoraenequipo.com.mx\/"},{"@type":"ListItem","position":2,"name":"HERMOSILLO. Agradece Celida L\u00f3pez a AMLO entrega de 500 mdp para mejoramiento urbano y vialidades"}]},{"@type":"WebSite","@id":"https:\/\/www.sonoraenequipo.com.mx\/#website","url":"https:\/\/www.sonoraenequipo.com.mx\/","name":"Sonora en Equipo.","description":"Diario en l\u00ednea con Noticias desde Hermosillo, Sonora","publisher":{"@id":"https:\/\/www.sonoraenequipo.com.mx\/#organization"},"potentialAction":[{"@type":"SearchAction","target":{"@type":"EntryPoint","urlTemplate":"https:\/\/www.sonoraenequipo.com.mx\/?s={search_term_string}"},"query-input":{"@type":"PropertyValueSpecification","valueRequired":true,"valueName":"search_term_string"}}],"inLanguage":"es"},{"@type":"Organization","@id":"https:\/\/www.sonoraenequipo.com.mx\/#organization","name":"Sonoraenequipo.com.mx","url":"https:\/\/www.sonoraenequipo.com.mx\/","logo":{"@type":"ImageObject","inLanguage":"es","@id":"https:\/\/www.sonoraenequipo.com.mx\/#\/schema\/logo\/image\/","url":"https:\/\/www.sonoraenequipo.com.mx\/storage\/2019\/01\/sonoraenequipo_opt.png","contentUrl":"https:\/\/www.sonoraenequipo.com.mx\/storage\/2019\/01\/sonoraenequipo_opt.png","width":375,"height":125,"caption":"Sonoraenequipo.com.mx"},"image":{"@id":"https:\/\/www.sonoraenequipo.com.mx\/#\/schema\/logo\/image\/"},"sameAs":["https:\/\/www.facebook.com\/SonoraEE\/","https:\/\/x.com\/sonoraenequipo","https:\/\/www.youtube.com\/channel\/UC338nW-lPEYmJQs4ZABQ1SQ"]},{"@type":"Person","@id":"https:\/\/www.sonoraenequipo.com.mx\/#\/schema\/person\/50102df0fb23a8fa9e8effad8fa81386","name":"enequipo","image":{"@type":"ImageObject","inLanguage":"es","@id":"https:\/\/www.sonoraenequipo.com.mx\/#\/schema\/person\/image\/","url":"https:\/\/secure.gravatar.com\/avatar\/049821681b589dabc0bc20695993ccebb09f5b5d4d790cd9251b97faac7c652b?s=96&d=blank&r=g","contentUrl":"https:\/\/secure.gravatar.com\/avatar\/049821681b589dabc0bc20695993ccebb09f5b5d4d790cd9251b97faac7c652b?s=96&d=blank&r=g","caption":"enequipo"},"sameAs":["https:\/\/www.facebook.com\/SonoraEE"]}]}},"jetpack_featured_media_url":"https:\/\/www.sonoraenequipo.com.mx\/storage\/2020\/10\/lopez-obrador-y-C\u00e9lida-l\u00f3pez_opt.jpg","_links":{"self":[{"href":"https:\/\/www.sonoraenequipo.com.mx\/api\/wp\/v2\/posts\/96847","targetHints":{"allow":["GET"]}}],"collection":[{"href":"https:\/\/www.sonoraenequipo.com.mx\/api\/wp\/v2\/posts"}],"about":[{"href":"https:\/\/www.sonoraenequipo.com.mx\/api\/wp\/v2\/types\/post"}],"author":[{"embeddable":true,"href":"https:\/\/www.sonoraenequipo.com.mx\/api\/wp\/v2\/users\/1"}],"replies":[{"embeddable":true,"href":"https:\/\/www.sonoraenequipo.com.mx\/api\/wp\/v2\/comments?post=96847"}],"version-history":[{"count":3,"href":"https:\/\/www.sonoraenequipo.com.mx\/api\/wp\/v2\/posts\/96847\/revisions"}],"predecessor-version":[{"id":96853,"href":"https:\/\/www.sonoraenequipo.com.mx\/api\/wp\/v2\/posts\/96847\/revisions\/96853"}],"wp:featuredmedia":[{"embeddable":true,"href":"https:\/\/www.sonoraenequipo.com.mx\/api\/wp\/v2\/media\/96851"}],"wp:attachment":[{"href":"https:\/\/www.sonoraenequipo.com.mx\/api\/wp\/v2\/media?parent=96847"}],"wp:term":[{"taxonomy":"category","embeddable":true,"href":"https:\/\/www.sonoraenequipo.com.mx\/api\/wp\/v2\/categories?post=96847"},{"taxonomy":"post_tag","embeddable":true,"href":"https:\/\/www.sonoraenequipo.com.mx\/api\/wp\/v2\/tags?post=96847"}],"curies":[{"name":"wp","href":"https:\/\/api.w.org\/{rel}","templated":true}]}}