{"id":96858,"date":"2020-10-04T13:32:18","date_gmt":"2020-10-04T20:32:18","guid":{"rendered":"https:\/\/www.sonoraenequipo.com.mx\/?p=96858"},"modified":"2020-10-04T20:20:55","modified_gmt":"2020-10-05T03:20:55","slug":"presidente-norteamericano-sigue-mejorado-posible-que-lo-den-de-alta","status":"publish","type":"post","link":"https:\/\/www.sonoraenequipo.com.mx\/presidente-norteamericano-sigue-mejorado-posible-que-lo-den-de-alta\/","title":{"rendered":"Presidente norteamericano sigue mejorado, posible que lo den de alta"},"content":{"rendered":"<p>WASHINGTON, ESTADOS UNIDOS. \u2014 El presidente estadounidense, Donald Trump, puede recibir el alta de su convalecencia por COVID-19 este lunes si sus s\u00edntomas siguen mejorando y se mantiene activo, con una saturaci\u00f3n de ox\u00edgeno en sangre adecuada y sin fiebre, indic\u00f3 Brian Garibaldi, uno de los miembros del equipo m\u00e9dico del hospital militar en el que se encuentra.<\/p>\n<p>&nbsp;<\/p>\n<p>&nbsp;<\/p>\n<p> <\/p>\n<p>&nbsp;<\/p>\n<p>Garibaldi indic\u00f3 este domingo en rueda de prensa desde el hospital militar de Walter Reed que si Trump mantiene su actividad, movilidad y se mantiene sin problemas respiratorios <em>\u00abpodr\u00eda ser dado de alta ma\u00f1ana\u00bb.<\/em><\/p>\n<p>&nbsp;<\/p>\n<p>&nbsp;<\/p>\n<p><em>\u00abNuestro plan es que est\u00e9 fuera de la cama todo lo posible para que tenga movilidad y, si sigue sinti\u00e9ndose bien hoy, nuestro plan es que pueda ser dado de alta ma\u00f1ana y volver a la Casa Blanca, donde continuar\u00e1 su tratamiento\u00bb<\/em>, explic\u00f3 Garibaldi.<\/p>\n<p>&nbsp;<\/p>\n<p>&nbsp;<\/p>\n<p><em>\u00abEst\u00e1 evolucionando muy bien y si contin\u00faa as\u00ed volveremos a la Casa Blanca\u00bb<\/em>, a\u00f1adi\u00f3 el m\u00e9dico personal del presidente, Sean Conley, quien confirm\u00f3 que el mandatario fue conectado a ox\u00edgeno suplementario el viernes por la ma\u00f1ana al experimentar una ca\u00edda de los niveles en sangre, un descenso que se repiti\u00f3 con menor gravedad el s\u00e1bado por la ma\u00f1ana.<\/p>\n<p>&nbsp;<\/p>\n<h3>Detalles del tratamiento<\/h3>\n<p>&nbsp;<\/p>\n<p>Los m\u00e9dicos explicaron que, adem\u00e1s de seguir hoy con el tratamiento del antiviral Remdesivir, Trump ha comenzado a recibir el corticoesteroide dexametasona para evitar nuevos episodios de ca\u00edda de ox\u00edgeno en sangre, que en ning\u00fan momento, seg\u00fan Conley, baj\u00f3 del 90 %.<\/p>\n<p>&nbsp;<\/p>\n<p>&nbsp;<\/p>\n<p>El presidente recibir\u00e1 hoy una tercera dosis de Remdesivir dentro de un plan de cinco d\u00edas y el viernes le fue suministrado un c\u00f3ctel de anticuerpos de la farmac\u00e9utica Regeneron.<\/p>\n<p>&nbsp;<\/p>\n<p>&nbsp;<\/p>\n<p>El m\u00e9dico especialista pulmonar Sean Dooley asegur\u00f3 que est\u00e1n vigilando las funciones card\u00edacas, hep\u00e1ticas y los ri\u00f1ones de Trump y la evaluaci\u00f3n muestra<em> \u00abhallazgos normales o mejorados\u00bb.<\/em><\/p>\n<p>&nbsp;<\/p>\n<p>&nbsp;<\/p>\n<p>Conley detall\u00f3 la evoluci\u00f3n de Trump desde que confirmaron su positivo por SARS-CoV-2 el jueves por la noche, despu\u00e9s de que ayer generar\u00e1 confusi\u00f3n al sugerir que el diagn\u00f3stico por COVID-19 se hizo el mi\u00e9rcoles, algo que luego la Casa Blanca aclar\u00f3.<\/p>\n<p>&nbsp;<\/p>\n<p>&nbsp;<\/p>\n<p>El jueves por la noche y en las primeras horas del viernes el presidente se encontraba bien, solo con s\u00edntomas leves, pero cerca del mediod\u00eda del viernes el nivel de ox\u00edgeno en sangre cay\u00f3 por debajo del 94 % y la fiebre era alta, por lo que recomendaron suplemento de ox\u00edgeno, seg\u00fan Conley.<\/p>\n<p>&nbsp;<\/p>\n<p>&nbsp;<\/p>\n<p><em>\u00abMe preocupaba un progresi\u00f3n r\u00e1pida de la enfermedad\u00bb,<\/em> apunt\u00f3 el m\u00e9dico del presidente, por lo que se tom\u00f3 la decisi\u00f3n de hacer un seguimiento m\u00e1s a fondo en la planta presidencial del hospital militar Walter Reed, a las afueras de Washington.<\/p>\n<p>&nbsp;<\/p>\n<p>&nbsp;<\/p>\n<p>El presidente no ha mostrado dificultades respiratorias desde el s\u00e1bado (03.10.2020) y no ha tenido fiebre, por lo que los doctores reiteraron su optimismo sobre la evoluci\u00f3n de Trump.<\/p>\n<p>&nbsp;<\/p>\n<p>&nbsp;<\/p>\n<p>Conley tambi\u00e9n a\u00f1adi\u00f3 que en los esc\u00e1neres pulmonares que se le han practicado a Trump solo han visto \u00abhallazgos esperados\u00bb y no hay \u00abmayores preocupaciones cl\u00ednicas\u00bb a ese respecto.<\/p>\n<p>&nbsp;<\/p>\n<p>&nbsp;<\/p>\n<p>(PUBLICADO EL 04\/10\/2020)<\/p>\n","protected":false},"excerpt":{"rendered":"<p>WASHINGTON, ESTADOS UNIDOS. \u2014 El presidente estadounidense, Donald Trump, puede recibir el alta de su&#8230;<\/p>\n","protected":false},"author":1,"featured_media":96855,"comment_status":"open","ping_status":"open","sticky":false,"template":"","format":"standard","meta":{"_monsterinsights_skip_tracking":false,"_monsterinsights_sitenote_active":false,"_monsterinsights_sitenote_note":"","_monsterinsights_sitenote_category":0,"footnotes":""},"categories":[3],"tags":[4198,769,150,56,4872,4871],"class_list":["post"],"yoast_head":" \n<title>Sonora en Equipo. Presidente norteamericano sigue mejorado, posible que lo den de alta MUNDO<\/title>\n<meta name=\"description\" content=\"WASHINGTON, ESTADOS UNIDOS. \u2014 El presidente estadounidense, Donald Trump, puede recibir el alta de su convalecencia por COVID-19 este lunes si sus En Sonora en Equipo publicamos toda la informaci\u00f3n de Sonora, M\u00e9xico y el Mundo de manera oportuna y busca que la libertad de expresi\u00f3n sea real. Visita nuestro medio informativo publicado desde Hermosillo, Sonora. %\" \/>\n<meta name=\"robots\" content=\"index, follow, max-snippet:-1, max-image-preview:large, max-video-preview:-1\" \/>\n<link rel=\"canonical\" href=\"https:\/\/www.sonoraenequipo.com.mx\/presidente-norteamericano-sigue-mejorado-posible-que-lo-den-de-alta\/\" \/>\n<meta property=\"og:locale\" content=\"es_ES\" \/>\n<meta property=\"og:type\" content=\"article\" \/>\n<meta property=\"og:title\" content=\"Sonora en Equipo. Presidente norteamericano sigue mejorado, posible que lo den de alta MUNDO\" \/>\n<meta property=\"og:description\" content=\"WASHINGTON, ESTADOS UNIDOS. \u2014 El presidente estadounidense, Donald Trump, puede recibir el alta de su convalecencia por COVID-19 este lunes si sus En Sonora en Equipo publicamos toda la informaci\u00f3n de Sonora, M\u00e9xico y el Mundo de manera oportuna y busca que la libertad de expresi\u00f3n sea real. Visita nuestro medio informativo publicado desde Hermosillo, Sonora. %\" \/>\n<meta property=\"og:url\" content=\"https:\/\/www.sonoraenequipo.com.mx\/presidente-norteamericano-sigue-mejorado-posible-que-lo-den-de-alta\/\" \/>\n<meta property=\"og:site_name\" content=\"Sonora en Equipo.\" \/>\n<meta property=\"article:publisher\" content=\"https:\/\/www.facebook.com\/SonoraEE\/\" \/>\n<meta property=\"article:author\" content=\"https:\/\/www.facebook.com\/SonoraEE\" \/>\n<meta property=\"article:published_time\" content=\"2020-10-04T20:32:18+00:00\" \/>\n<meta property=\"article:modified_time\" content=\"2020-10-05T03:20:55+00:00\" \/>\n<meta property=\"og:image\" content=\"https:\/\/www.sonoraenequipo.com.mx\/storage\/2020\/10\/Donald-Trump-en-la-oficina_opt.jpg\" \/>\n\t<meta property=\"og:image:width\" content=\"731\" \/>\n\t<meta property=\"og:image:height\" content=\"444\" \/>\n\t<meta property=\"og:image:type\" content=\"image\/jpeg\" \/>\n<meta name=\"author\" content=\"enequipo\" \/>\n<meta name=\"twitter:card\" content=\"summary_large_image\" \/>\n<meta name=\"twitter:creator\" content=\"@sonoraenequipo\" \/>\n<meta name=\"twitter:site\" content=\"@sonoraenequipo\" \/>\n<meta name=\"twitter:label1\" content=\"Escrito por\" \/>\n\t<meta name=\"twitter:data1\" content=\"enequipo\" \/>\n\t<meta name=\"twitter:label2\" content=\"Tiempo de lectura\" \/>\n\t<meta name=\"twitter:data2\" content=\"3 minutos\" \/>\n<script type=\"application\/ld+json\" class=\"yoast-schema-graph\">{\"@context\":\"https:\/\/schema.org\",\"@graph\":[{\"@type\":\"Article\",\"@id\":\"https:\/\/www.sonoraenequipo.com.mx\/presidente-norteamericano-sigue-mejorado-posible-que-lo-den-de-alta\/#article\",\"isPartOf\":{\"@id\":\"https:\/\/www.sonoraenequipo.com.mx\/presidente-norteamericano-sigue-mejorado-posible-que-lo-den-de-alta\/\"},\"author\":{\"name\":\"enequipo\",\"@id\":\"https:\/\/www.sonoraenequipo.com.mx\/#\/schema\/person\/50102df0fb23a8fa9e8effad8fa81386\"},\"headline\":\"Presidente norteamericano sigue mejorado, posible que lo den de alta\",\"datePublished\":\"2020-10-04T20:32:18+00:00\",\"dateModified\":\"2020-10-05T03:20:55+00:00\",\"mainEntityOfPage\":{\"@id\":\"https:\/\/www.sonoraenequipo.com.mx\/presidente-norteamericano-sigue-mejorado-posible-que-lo-den-de-alta\/\"},\"wordCount\":573,\"commentCount\":0,\"publisher\":{\"@id\":\"https:\/\/www.sonoraenequipo.com.mx\/#organization\"},\"image\":{\"@id\":\"https:\/\/www.sonoraenequipo.com.mx\/presidente-norteamericano-sigue-mejorado-posible-que-lo-den-de-alta\/#primaryimage\"},\"thumbnailUrl\":\"https:\/\/www.sonoraenequipo.com.mx\/storage\/2020\/10\/Donald-Trump-en-la-oficina_opt.jpg\",\"keywords\":[\"Covid-19\",\"Donald Trump\",\"estados unidos\",\"presidente\",\"recueraci\u00f3n\",\"Tratamiento de Trump\"],\"articleSection\":[\"MUNDO\"],\"inLanguage\":\"es\",\"potentialAction\":[{\"@type\":\"CommentAction\",\"name\":\"Comment\",\"target\":[\"https:\/\/www.sonoraenequipo.com.mx\/presidente-norteamericano-sigue-mejorado-posible-que-lo-den-de-alta\/#respond\"]}]},{\"@type\":\"WebPage\",\"@id\":\"https:\/\/www.sonoraenequipo.com.mx\/presidente-norteamericano-sigue-mejorado-posible-que-lo-den-de-alta\/\",\"url\":\"https:\/\/www.sonoraenequipo.com.mx\/presidente-norteamericano-sigue-mejorado-posible-que-lo-den-de-alta\/\",\"name\":\"Sonora en Equipo. Presidente norteamericano sigue mejorado, posible que lo den de alta MUNDO\",\"isPartOf\":{\"@id\":\"https:\/\/www.sonoraenequipo.com.mx\/#website\"},\"primaryImageOfPage\":{\"@id\":\"https:\/\/www.sonoraenequipo.com.mx\/presidente-norteamericano-sigue-mejorado-posible-que-lo-den-de-alta\/#primaryimage\"},\"image\":{\"@id\":\"https:\/\/www.sonoraenequipo.com.mx\/presidente-norteamericano-sigue-mejorado-posible-que-lo-den-de-alta\/#primaryimage\"},\"thumbnailUrl\":\"https:\/\/www.sonoraenequipo.com.mx\/storage\/2020\/10\/Donald-Trump-en-la-oficina_opt.jpg\",\"datePublished\":\"2020-10-04T20:32:18+00:00\",\"dateModified\":\"2020-10-05T03:20:55+00:00\",\"description\":\"WASHINGTON, ESTADOS UNIDOS. \u2014 El presidente estadounidense, Donald Trump, puede recibir el alta de su convalecencia por COVID-19 este lunes si sus En Sonora en Equipo publicamos toda la informaci\u00f3n de Sonora, M\u00e9xico y el Mundo de manera oportuna y busca que la libertad de expresi\u00f3n sea real. Visita nuestro medio informativo publicado desde Hermosillo, Sonora. %\",\"breadcrumb\":{\"@id\":\"https:\/\/www.sonoraenequipo.com.mx\/presidente-norteamericano-sigue-mejorado-posible-que-lo-den-de-alta\/#breadcrumb\"},\"inLanguage\":\"es\",\"potentialAction\":[{\"@type\":\"ReadAction\",\"target\":[\"https:\/\/www.sonoraenequipo.com.mx\/presidente-norteamericano-sigue-mejorado-posible-que-lo-den-de-alta\/\"]}]},{\"@type\":\"ImageObject\",\"inLanguage\":\"es\",\"@id\":\"https:\/\/www.sonoraenequipo.com.mx\/presidente-norteamericano-sigue-mejorado-posible-que-lo-den-de-alta\/#primaryimage\",\"url\":\"https:\/\/www.sonoraenequipo.com.mx\/storage\/2020\/10\/Donald-Trump-en-la-oficina_opt.jpg\",\"contentUrl\":\"https:\/\/www.sonoraenequipo.com.mx\/storage\/2020\/10\/Donald-Trump-en-la-oficina_opt.jpg\",\"width\":731,\"height\":444},{\"@type\":\"BreadcrumbList\",\"@id\":\"https:\/\/www.sonoraenequipo.com.mx\/presidente-norteamericano-sigue-mejorado-posible-que-lo-den-de-alta\/#breadcrumb\",\"itemListElement\":[{\"@type\":\"ListItem\",\"position\":1,\"name\":\"Portada\",\"item\":\"https:\/\/www.sonoraenequipo.com.mx\/\"},{\"@type\":\"ListItem\",\"position\":2,\"name\":\"Presidente norteamericano sigue mejorado, posible que lo den de alta\"}]},{\"@type\":\"WebSite\",\"@id\":\"https:\/\/www.sonoraenequipo.com.mx\/#website\",\"url\":\"https:\/\/www.sonoraenequipo.com.mx\/\",\"name\":\"Sonora en Equipo.\",\"description\":\"Diario en l\u00ednea con Noticias desde Hermosillo, Sonora\",\"publisher\":{\"@id\":\"https:\/\/www.sonoraenequipo.com.mx\/#organization\"},\"potentialAction\":[{\"@type\":\"SearchAction\",\"target\":{\"@type\":\"EntryPoint\",\"urlTemplate\":\"https:\/\/www.sonoraenequipo.com.mx\/?s={search_term_string}\"},\"query-input\":{\"@type\":\"PropertyValueSpecification\",\"valueRequired\":true,\"valueName\":\"search_term_string\"}}],\"inLanguage\":\"es\"},{\"@type\":\"Organization\",\"@id\":\"https:\/\/www.sonoraenequipo.com.mx\/#organization\",\"name\":\"Sonoraenequipo.com.mx\",\"url\":\"https:\/\/www.sonoraenequipo.com.mx\/\",\"logo\":{\"@type\":\"ImageObject\",\"inLanguage\":\"es\",\"@id\":\"https:\/\/www.sonoraenequipo.com.mx\/#\/schema\/logo\/image\/\",\"url\":\"https:\/\/www.sonoraenequipo.com.mx\/storage\/2019\/01\/sonoraenequipo_opt.png\",\"contentUrl\":\"https:\/\/www.sonoraenequipo.com.mx\/storage\/2019\/01\/sonoraenequipo_opt.png\",\"width\":375,\"height\":125,\"caption\":\"Sonoraenequipo.com.mx\"},\"image\":{\"@id\":\"https:\/\/www.sonoraenequipo.com.mx\/#\/schema\/logo\/image\/\"},\"sameAs\":[\"https:\/\/www.facebook.com\/SonoraEE\/\",\"https:\/\/x.com\/sonoraenequipo\",\"https:\/\/www.youtube.com\/channel\/UC338nW-lPEYmJQs4ZABQ1SQ\"]},{\"@type\":\"Person\",\"@id\":\"https:\/\/www.sonoraenequipo.com.mx\/#\/schema\/person\/50102df0fb23a8fa9e8effad8fa81386\",\"name\":\"enequipo\",\"image\":{\"@type\":\"ImageObject\",\"inLanguage\":\"es\",\"@id\":\"https:\/\/www.sonoraenequipo.com.mx\/#\/schema\/person\/image\/\",\"url\":\"https:\/\/secure.gravatar.com\/avatar\/049821681b589dabc0bc20695993ccebb09f5b5d4d790cd9251b97faac7c652b?s=96&d=blank&r=g\",\"contentUrl\":\"https:\/\/secure.gravatar.com\/avatar\/049821681b589dabc0bc20695993ccebb09f5b5d4d790cd9251b97faac7c652b?s=96&d=blank&r=g\",\"caption\":\"enequipo\"},\"sameAs\":[\"https:\/\/www.facebook.com\/SonoraEE\"]}]}<\/script>\n ","yoast_head_json":{"title":"Sonora en Equipo. Presidente norteamericano sigue mejorado, posible que lo den de alta MUNDO","description":"WASHINGTON, ESTADOS UNIDOS. \u2014 El presidente estadounidense, Donald Trump, puede recibir el alta de su convalecencia por COVID-19 este lunes si sus En Sonora en Equipo publicamos toda la informaci\u00f3n de Sonora, M\u00e9xico y el Mundo de manera oportuna y busca que la libertad de expresi\u00f3n sea real. Visita nuestro medio informativo publicado desde Hermosillo, Sonora. %","robots":{"index":"index","follow":"follow","max-snippet":"max-snippet:-1","max-image-preview":"max-image-preview:large","max-video-preview":"max-video-preview:-1"},"canonical":"https:\/\/www.sonoraenequipo.com.mx\/presidente-norteamericano-sigue-mejorado-posible-que-lo-den-de-alta\/","og_locale":"es_ES","og_type":"article","og_title":"Sonora en Equipo. Presidente norteamericano sigue mejorado, posible que lo den de alta MUNDO","og_description":"WASHINGTON, ESTADOS UNIDOS. \u2014 El presidente estadounidense, Donald Trump, puede recibir el alta de su convalecencia por COVID-19 este lunes si sus En Sonora en Equipo publicamos toda la informaci\u00f3n de Sonora, M\u00e9xico y el Mundo de manera oportuna y busca que la libertad de expresi\u00f3n sea real. Visita nuestro medio informativo publicado desde Hermosillo, Sonora. %","og_url":"https:\/\/www.sonoraenequipo.com.mx\/presidente-norteamericano-sigue-mejorado-posible-que-lo-den-de-alta\/","og_site_name":"Sonora en Equipo.","article_publisher":"https:\/\/www.facebook.com\/SonoraEE\/","article_author":"https:\/\/www.facebook.com\/SonoraEE","article_published_time":"2020-10-04T20:32:18+00:00","article_modified_time":"2020-10-05T03:20:55+00:00","og_image":[{"width":731,"height":444,"url":"https:\/\/www.sonoraenequipo.com.mx\/storage\/2020\/10\/Donald-Trump-en-la-oficina_opt.jpg","type":"image\/jpeg"}],"author":"enequipo","twitter_card":"summary_large_image","twitter_creator":"@sonoraenequipo","twitter_site":"@sonoraenequipo","twitter_misc":{"Escrito por":"enequipo","Tiempo de lectura":"3 minutos"},"schema":{"@context":"https:\/\/schema.org","@graph":[{"@type":"Article","@id":"https:\/\/www.sonoraenequipo.com.mx\/presidente-norteamericano-sigue-mejorado-posible-que-lo-den-de-alta\/#article","isPartOf":{"@id":"https:\/\/www.sonoraenequipo.com.mx\/presidente-norteamericano-sigue-mejorado-posible-que-lo-den-de-alta\/"},"author":{"name":"enequipo","@id":"https:\/\/www.sonoraenequipo.com.mx\/#\/schema\/person\/50102df0fb23a8fa9e8effad8fa81386"},"headline":"Presidente norteamericano sigue mejorado, posible que lo den de alta","datePublished":"2020-10-04T20:32:18+00:00","dateModified":"2020-10-05T03:20:55+00:00","mainEntityOfPage":{"@id":"https:\/\/www.sonoraenequipo.com.mx\/presidente-norteamericano-sigue-mejorado-posible-que-lo-den-de-alta\/"},"wordCount":573,"commentCount":0,"publisher":{"@id":"https:\/\/www.sonoraenequipo.com.mx\/#organization"},"image":{"@id":"https:\/\/www.sonoraenequipo.com.mx\/presidente-norteamericano-sigue-mejorado-posible-que-lo-den-de-alta\/#primaryimage"},"thumbnailUrl":"https:\/\/www.sonoraenequipo.com.mx\/storage\/2020\/10\/Donald-Trump-en-la-oficina_opt.jpg","keywords":["Covid-19","Donald Trump","estados unidos","presidente","recueraci\u00f3n","Tratamiento de Trump"],"articleSection":["MUNDO"],"inLanguage":"es","potentialAction":[{"@type":"CommentAction","name":"Comment","target":["https:\/\/www.sonoraenequipo.com.mx\/presidente-norteamericano-sigue-mejorado-posible-que-lo-den-de-alta\/#respond"]}]},{"@type":"WebPage","@id":"https:\/\/www.sonoraenequipo.com.mx\/presidente-norteamericano-sigue-mejorado-posible-que-lo-den-de-alta\/","url":"https:\/\/www.sonoraenequipo.com.mx\/presidente-norteamericano-sigue-mejorado-posible-que-lo-den-de-alta\/","name":"Sonora en Equipo. Presidente norteamericano sigue mejorado, posible que lo den de alta MUNDO","isPartOf":{"@id":"https:\/\/www.sonoraenequipo.com.mx\/#website"},"primaryImageOfPage":{"@id":"https:\/\/www.sonoraenequipo.com.mx\/presidente-norteamericano-sigue-mejorado-posible-que-lo-den-de-alta\/#primaryimage"},"image":{"@id":"https:\/\/www.sonoraenequipo.com.mx\/presidente-norteamericano-sigue-mejorado-posible-que-lo-den-de-alta\/#primaryimage"},"thumbnailUrl":"https:\/\/www.sonoraenequipo.com.mx\/storage\/2020\/10\/Donald-Trump-en-la-oficina_opt.jpg","datePublished":"2020-10-04T20:32:18+00:00","dateModified":"2020-10-05T03:20:55+00:00","description":"WASHINGTON, ESTADOS UNIDOS. \u2014 El presidente estadounidense, Donald Trump, puede recibir el alta de su convalecencia por COVID-19 este lunes si sus En Sonora en Equipo publicamos toda la informaci\u00f3n de Sonora, M\u00e9xico y el Mundo de manera oportuna y busca que la libertad de expresi\u00f3n sea real. Visita nuestro medio informativo publicado desde Hermosillo, Sonora. %","breadcrumb":{"@id":"https:\/\/www.sonoraenequipo.com.mx\/presidente-norteamericano-sigue-mejorado-posible-que-lo-den-de-alta\/#breadcrumb"},"inLanguage":"es","potentialAction":[{"@type":"ReadAction","target":["https:\/\/www.sonoraenequipo.com.mx\/presidente-norteamericano-sigue-mejorado-posible-que-lo-den-de-alta\/"]}]},{"@type":"ImageObject","inLanguage":"es","@id":"https:\/\/www.sonoraenequipo.com.mx\/presidente-norteamericano-sigue-mejorado-posible-que-lo-den-de-alta\/#primaryimage","url":"https:\/\/www.sonoraenequipo.com.mx\/storage\/2020\/10\/Donald-Trump-en-la-oficina_opt.jpg","contentUrl":"https:\/\/www.sonoraenequipo.com.mx\/storage\/2020\/10\/Donald-Trump-en-la-oficina_opt.jpg","width":731,"height":444},{"@type":"BreadcrumbList","@id":"https:\/\/www.sonoraenequipo.com.mx\/presidente-norteamericano-sigue-mejorado-posible-que-lo-den-de-alta\/#breadcrumb","itemListElement":[{"@type":"ListItem","position":1,"name":"Portada","item":"https:\/\/www.sonoraenequipo.com.mx\/"},{"@type":"ListItem","position":2,"name":"Presidente norteamericano sigue mejorado, posible que lo den de alta"}]},{"@type":"WebSite","@id":"https:\/\/www.sonoraenequipo.com.mx\/#website","url":"https:\/\/www.sonoraenequipo.com.mx\/","name":"Sonora en Equipo.","description":"Diario en l\u00ednea con Noticias desde Hermosillo, Sonora","publisher":{"@id":"https:\/\/www.sonoraenequipo.com.mx\/#organization"},"potentialAction":[{"@type":"SearchAction","target":{"@type":"EntryPoint","urlTemplate":"https:\/\/www.sonoraenequipo.com.mx\/?s={search_term_string}"},"query-input":{"@type":"PropertyValueSpecification","valueRequired":true,"valueName":"search_term_string"}}],"inLanguage":"es"},{"@type":"Organization","@id":"https:\/\/www.sonoraenequipo.com.mx\/#organization","name":"Sonoraenequipo.com.mx","url":"https:\/\/www.sonoraenequipo.com.mx\/","logo":{"@type":"ImageObject","inLanguage":"es","@id":"https:\/\/www.sonoraenequipo.com.mx\/#\/schema\/logo\/image\/","url":"https:\/\/www.sonoraenequipo.com.mx\/storage\/2019\/01\/sonoraenequipo_opt.png","contentUrl":"https:\/\/www.sonoraenequipo.com.mx\/storage\/2019\/01\/sonoraenequipo_opt.png","width":375,"height":125,"caption":"Sonoraenequipo.com.mx"},"image":{"@id":"https:\/\/www.sonoraenequipo.com.mx\/#\/schema\/logo\/image\/"},"sameAs":["https:\/\/www.facebook.com\/SonoraEE\/","https:\/\/x.com\/sonoraenequipo","https:\/\/www.youtube.com\/channel\/UC338nW-lPEYmJQs4ZABQ1SQ"]},{"@type":"Person","@id":"https:\/\/www.sonoraenequipo.com.mx\/#\/schema\/person\/50102df0fb23a8fa9e8effad8fa81386","name":"enequipo","image":{"@type":"ImageObject","inLanguage":"es","@id":"https:\/\/www.sonoraenequipo.com.mx\/#\/schema\/person\/image\/","url":"https:\/\/secure.gravatar.com\/avatar\/049821681b589dabc0bc20695993ccebb09f5b5d4d790cd9251b97faac7c652b?s=96&d=blank&r=g","contentUrl":"https:\/\/secure.gravatar.com\/avatar\/049821681b589dabc0bc20695993ccebb09f5b5d4d790cd9251b97faac7c652b?s=96&d=blank&r=g","caption":"enequipo"},"sameAs":["https:\/\/www.facebook.com\/SonoraEE"]}]}},"jetpack_featured_media_url":"https:\/\/www.sonoraenequipo.com.mx\/storage\/2020\/10\/Donald-Trump-en-la-oficina_opt.jpg","_links":{"self":[{"href":"https:\/\/www.sonoraenequipo.com.mx\/api\/wp\/v2\/posts\/96858","targetHints":{"allow":["GET"]}}],"collection":[{"href":"https:\/\/www.sonoraenequipo.com.mx\/api\/wp\/v2\/posts"}],"about":[{"href":"https:\/\/www.sonoraenequipo.com.mx\/api\/wp\/v2\/types\/post"}],"author":[{"embeddable":true,"href":"https:\/\/www.sonoraenequipo.com.mx\/api\/wp\/v2\/users\/1"}],"replies":[{"embeddable":true,"href":"https:\/\/www.sonoraenequipo.com.mx\/api\/wp\/v2\/comments?post=96858"}],"version-history":[{"count":1,"href":"https:\/\/www.sonoraenequipo.com.mx\/api\/wp\/v2\/posts\/96858\/revisions"}],"predecessor-version":[{"id":96859,"href":"https:\/\/www.sonoraenequipo.com.mx\/api\/wp\/v2\/posts\/96858\/revisions\/96859"}],"wp:featuredmedia":[{"embeddable":true,"href":"https:\/\/www.sonoraenequipo.com.mx\/api\/wp\/v2\/media\/96855"}],"wp:attachment":[{"href":"https:\/\/www.sonoraenequipo.com.mx\/api\/wp\/v2\/media?parent=96858"}],"wp:term":[{"taxonomy":"category","embeddable":true,"href":"https:\/\/www.sonoraenequipo.com.mx\/api\/wp\/v2\/categories?post=96858"},{"taxonomy":"post_tag","embeddable":true,"href":"https:\/\/www.sonoraenequipo.com.mx\/api\/wp\/v2\/tags?post=96858"}],"curies":[{"name":"wp","href":"https:\/\/api.w.org\/{rel}","templated":true}]}}