{"id":96860,"date":"2020-10-04T23:54:36","date_gmt":"2020-10-05T06:54:36","guid":{"rendered":"https:\/\/www.sonoraenequipo.com.mx\/?p=96860"},"modified":"2020-10-05T05:50:24","modified_gmt":"2020-10-05T12:50:24","slug":"restos-encontrados-en-predio-de-ciudad-obregon-son-de-yesenia-estefania","status":"publish","type":"post","link":"https:\/\/www.sonoraenequipo.com.mx\/restos-encontrados-en-predio-de-ciudad-obregon-son-de-yesenia-estefania\/","title":{"rendered":"Restos encontrados en predio de Ciudad Obreg\u00f3n son de Yesenia Estefan\u00eda"},"content":{"rendered":"<p>HERMOSILLO, SONORA. MX. \u2014&nbsp; Familiares de Yesenia Estefan\u00eda confirmaron que se identific\u00f3, a trav\u00e9s de la prueba de ADN, el cuerpo de la joven que fue privada de su libertad el pasado 18 de agosto, mientras se encontraba realizando compras en Ciudad Obreg\u00f3n.<\/p>\n<p>&nbsp;<\/p>\n<p> <\/p>\n<p>&nbsp;<\/p>\n<p>El hallazgo de los restos se registr\u00f3 el 20 de septiembre en un predio del canal bajo ubicado al Sur del municipio sonorense.<\/p>\n<p>&nbsp;<\/p>\n<p>En total se localizaron seis osamentas, las cuales han permanecido investigadas por los Servicios Periciales Obreg\u00f3n y el Laboratorio de Inteligencia Cient\u00edfica Forense (CIF).<\/p>\n<p>&nbsp;<\/p>\n<p>El domingo 20 de septiembre se efectuaron los primeros hallazgos en ese sitio que corresponden a 6 osamentas: 3 hombres, 2 mujeres y uno que fue enviado a laboratorio para determinar el sexo.<\/p>\n<p>&nbsp;<\/p>\n<p>Posteriormente entre el lunes 21 de septiembre al viernes 25 se localizaron otros cinco restos mortales.<\/p>\n<p>La b\u00fasqueda realizada en el predio deriv\u00f3 de un cateo en cumplimiento a un ordenamiento solicitado y autorizado por el Juez, luego de una investigaci\u00f3n donde tres personas que se encuentran en prisi\u00f3n preventiva declararon sobre el referido lugar durante la celebraci\u00f3n de su audiencia inicial.<\/p>\n<p>&nbsp;<\/p>\n<p>Extraoficialmente se tiene conocimiento que aun cuando en primera instancia los familiares identificaron las prendas de Yessenia entre las encontradas en la fosa clandestina, fue hasta este 4 de octubre que los resultados de las pruebas de ADN estuvieron listos y fueron dados a conocer por las autoridades.<\/p>\n<p>Cabe recordar que la joven fue privada de su libertad por sujetos encapuchados el pasado 18 de agosto mientras se encontraba en un tianguis de la colonia Aves del Castillo, en Cajeme, Sonora realizando algunas compras.<\/p>\n<p>&nbsp;<\/p>\n<p>Por su parte, Guadalupe Ordu\u00f1o, vocera de la Fiscal\u00eda General de la Justicia del Estado de Sonora, inform\u00f3 que no se tiene la confirmaci\u00f3n oficial, pero que los trabajos en el laboratorio han concluido.<\/p>\n<p>&nbsp;<\/p>\n<p>(PUBLICADO EL 04\/10\/2020)<\/p>\n<p>&nbsp;<\/p>\n<p>&nbsp;<\/p>\n","protected":false},"excerpt":{"rendered":"<p>HERMOSILLO, SONORA. MX. \u2014&nbsp; Familiares de Yesenia Estefan\u00eda confirmaron que se identific\u00f3, a trav\u00e9s de&#8230;<\/p>\n","protected":false},"author":1,"featured_media":96863,"comment_status":"open","ping_status":"open","sticky":false,"template":"","format":"standard","meta":{"_monsterinsights_skip_tracking":false,"_monsterinsights_sitenote_active":false,"_monsterinsights_sitenote_note":"","_monsterinsights_sitenote_category":0,"footnotes":""},"categories":[1],"tags":[],"class_list":["post"],"yoast_head":" \n<title>Sonora en Equipo. Restos encontrados en predio de Ciudad Obreg\u00f3n son de Yesenia Estefan\u00eda<\/title>\n<meta name=\"description\" content=\"HERMOSILLO, SONORA. MX. \u2014&nbsp; Familiares de Yesenia Estefan\u00eda confirmaron que se identific\u00f3, a trav\u00e9s de la prueba de ADN, el cuerpo de la joven que fue En Sonora en Equipo publicamos toda la informaci\u00f3n de Sonora, M\u00e9xico y el Mundo de manera oportuna y busca que la libertad de expresi\u00f3n sea real. Visita nuestro medio informativo publicado desde Hermosillo, Sonora. %\" \/>\n<meta name=\"robots\" content=\"index, follow, max-snippet:-1, max-image-preview:large, max-video-preview:-1\" \/>\n<link rel=\"canonical\" href=\"https:\/\/www.sonoraenequipo.com.mx\/restos-encontrados-en-predio-de-ciudad-obregon-son-de-yesenia-estefania\/\" \/>\n<meta property=\"og:locale\" content=\"es_ES\" \/>\n<meta property=\"og:type\" content=\"article\" \/>\n<meta property=\"og:title\" content=\"Sonora en Equipo. Restos encontrados en predio de Ciudad Obreg\u00f3n son de Yesenia Estefan\u00eda\" \/>\n<meta property=\"og:description\" content=\"HERMOSILLO, SONORA. MX. \u2014&nbsp; Familiares de Yesenia Estefan\u00eda confirmaron que se identific\u00f3, a trav\u00e9s de la prueba de ADN, el cuerpo de la joven que fue En Sonora en Equipo publicamos toda la informaci\u00f3n de Sonora, M\u00e9xico y el Mundo de manera oportuna y busca que la libertad de expresi\u00f3n sea real. Visita nuestro medio informativo publicado desde Hermosillo, Sonora. %\" \/>\n<meta property=\"og:url\" content=\"https:\/\/www.sonoraenequipo.com.mx\/restos-encontrados-en-predio-de-ciudad-obregon-son-de-yesenia-estefania\/\" \/>\n<meta property=\"og:site_name\" content=\"Sonora en Equipo.\" \/>\n<meta property=\"article:publisher\" content=\"https:\/\/www.facebook.com\/SonoraEE\/\" \/>\n<meta property=\"article:author\" content=\"https:\/\/www.facebook.com\/SonoraEE\" \/>\n<meta property=\"article:published_time\" content=\"2020-10-05T06:54:36+00:00\" \/>\n<meta property=\"article:modified_time\" content=\"2020-10-05T12:50:24+00:00\" \/>\n<meta property=\"og:image\" content=\"https:\/\/www.sonoraenequipo.com.mx\/storage\/2020\/10\/yessenia_opt.jpg\" \/>\n\t<meta property=\"og:image:width\" content=\"651\" \/>\n\t<meta property=\"og:image:height\" content=\"500\" \/>\n\t<meta property=\"og:image:type\" content=\"image\/jpeg\" \/>\n<meta name=\"author\" content=\"enequipo\" \/>\n<meta name=\"twitter:card\" content=\"summary_large_image\" \/>\n<meta name=\"twitter:creator\" content=\"@sonoraenequipo\" \/>\n<meta name=\"twitter:site\" content=\"@sonoraenequipo\" \/>\n<meta name=\"twitter:label1\" content=\"Escrito por\" \/>\n\t<meta name=\"twitter:data1\" content=\"enequipo\" \/>\n\t<meta name=\"twitter:label2\" content=\"Tiempo de lectura\" \/>\n\t<meta name=\"twitter:data2\" content=\"2 minutos\" \/>\n<script type=\"application\/ld+json\" class=\"yoast-schema-graph\">{\"@context\":\"https:\/\/schema.org\",\"@graph\":[{\"@type\":\"Article\",\"@id\":\"https:\/\/www.sonoraenequipo.com.mx\/restos-encontrados-en-predio-de-ciudad-obregon-son-de-yesenia-estefania\/#article\",\"isPartOf\":{\"@id\":\"https:\/\/www.sonoraenequipo.com.mx\/restos-encontrados-en-predio-de-ciudad-obregon-son-de-yesenia-estefania\/\"},\"author\":{\"name\":\"enequipo\",\"@id\":\"https:\/\/www.sonoraenequipo.com.mx\/#\/schema\/person\/50102df0fb23a8fa9e8effad8fa81386\"},\"headline\":\"Restos encontrados en predio de Ciudad Obreg\u00f3n son de Yesenia Estefan\u00eda\",\"datePublished\":\"2020-10-05T06:54:36+00:00\",\"dateModified\":\"2020-10-05T12:50:24+00:00\",\"mainEntityOfPage\":{\"@id\":\"https:\/\/www.sonoraenequipo.com.mx\/restos-encontrados-en-predio-de-ciudad-obregon-son-de-yesenia-estefania\/\"},\"wordCount\":330,\"commentCount\":0,\"publisher\":{\"@id\":\"https:\/\/www.sonoraenequipo.com.mx\/#organization\"},\"image\":{\"@id\":\"https:\/\/www.sonoraenequipo.com.mx\/restos-encontrados-en-predio-de-ciudad-obregon-son-de-yesenia-estefania\/#primaryimage\"},\"thumbnailUrl\":\"https:\/\/www.sonoraenequipo.com.mx\/storage\/2020\/10\/yessenia_opt.jpg\",\"articleSection\":[\"Sin categorizar\"],\"inLanguage\":\"es\",\"potentialAction\":[{\"@type\":\"CommentAction\",\"name\":\"Comment\",\"target\":[\"https:\/\/www.sonoraenequipo.com.mx\/restos-encontrados-en-predio-de-ciudad-obregon-son-de-yesenia-estefania\/#respond\"]}]},{\"@type\":\"WebPage\",\"@id\":\"https:\/\/www.sonoraenequipo.com.mx\/restos-encontrados-en-predio-de-ciudad-obregon-son-de-yesenia-estefania\/\",\"url\":\"https:\/\/www.sonoraenequipo.com.mx\/restos-encontrados-en-predio-de-ciudad-obregon-son-de-yesenia-estefania\/\",\"name\":\"Sonora en Equipo. Restos encontrados en predio de Ciudad Obreg\u00f3n son de Yesenia Estefan\u00eda\",\"isPartOf\":{\"@id\":\"https:\/\/www.sonoraenequipo.com.mx\/#website\"},\"primaryImageOfPage\":{\"@id\":\"https:\/\/www.sonoraenequipo.com.mx\/restos-encontrados-en-predio-de-ciudad-obregon-son-de-yesenia-estefania\/#primaryimage\"},\"image\":{\"@id\":\"https:\/\/www.sonoraenequipo.com.mx\/restos-encontrados-en-predio-de-ciudad-obregon-son-de-yesenia-estefania\/#primaryimage\"},\"thumbnailUrl\":\"https:\/\/www.sonoraenequipo.com.mx\/storage\/2020\/10\/yessenia_opt.jpg\",\"datePublished\":\"2020-10-05T06:54:36+00:00\",\"dateModified\":\"2020-10-05T12:50:24+00:00\",\"description\":\"HERMOSILLO, SONORA. MX. \u2014&nbsp; Familiares de Yesenia Estefan\u00eda confirmaron que se identific\u00f3, a trav\u00e9s de la prueba de ADN, el cuerpo de la joven que fue En Sonora en Equipo publicamos toda la informaci\u00f3n de Sonora, M\u00e9xico y el Mundo de manera oportuna y busca que la libertad de expresi\u00f3n sea real. Visita nuestro medio informativo publicado desde Hermosillo, Sonora. %\",\"breadcrumb\":{\"@id\":\"https:\/\/www.sonoraenequipo.com.mx\/restos-encontrados-en-predio-de-ciudad-obregon-son-de-yesenia-estefania\/#breadcrumb\"},\"inLanguage\":\"es\",\"potentialAction\":[{\"@type\":\"ReadAction\",\"target\":[\"https:\/\/www.sonoraenequipo.com.mx\/restos-encontrados-en-predio-de-ciudad-obregon-son-de-yesenia-estefania\/\"]}]},{\"@type\":\"ImageObject\",\"inLanguage\":\"es\",\"@id\":\"https:\/\/www.sonoraenequipo.com.mx\/restos-encontrados-en-predio-de-ciudad-obregon-son-de-yesenia-estefania\/#primaryimage\",\"url\":\"https:\/\/www.sonoraenequipo.com.mx\/storage\/2020\/10\/yessenia_opt.jpg\",\"contentUrl\":\"https:\/\/www.sonoraenequipo.com.mx\/storage\/2020\/10\/yessenia_opt.jpg\",\"width\":651,\"height\":500},{\"@type\":\"BreadcrumbList\",\"@id\":\"https:\/\/www.sonoraenequipo.com.mx\/restos-encontrados-en-predio-de-ciudad-obregon-son-de-yesenia-estefania\/#breadcrumb\",\"itemListElement\":[{\"@type\":\"ListItem\",\"position\":1,\"name\":\"Portada\",\"item\":\"https:\/\/www.sonoraenequipo.com.mx\/\"},{\"@type\":\"ListItem\",\"position\":2,\"name\":\"Restos encontrados en predio de Ciudad Obreg\u00f3n son de Yesenia Estefan\u00eda\"}]},{\"@type\":\"WebSite\",\"@id\":\"https:\/\/www.sonoraenequipo.com.mx\/#website\",\"url\":\"https:\/\/www.sonoraenequipo.com.mx\/\",\"name\":\"Sonora en Equipo.\",\"description\":\"Diario en l\u00ednea con Noticias desde Hermosillo, Sonora\",\"publisher\":{\"@id\":\"https:\/\/www.sonoraenequipo.com.mx\/#organization\"},\"potentialAction\":[{\"@type\":\"SearchAction\",\"target\":{\"@type\":\"EntryPoint\",\"urlTemplate\":\"https:\/\/www.sonoraenequipo.com.mx\/?s={search_term_string}\"},\"query-input\":{\"@type\":\"PropertyValueSpecification\",\"valueRequired\":true,\"valueName\":\"search_term_string\"}}],\"inLanguage\":\"es\"},{\"@type\":\"Organization\",\"@id\":\"https:\/\/www.sonoraenequipo.com.mx\/#organization\",\"name\":\"Sonoraenequipo.com.mx\",\"url\":\"https:\/\/www.sonoraenequipo.com.mx\/\",\"logo\":{\"@type\":\"ImageObject\",\"inLanguage\":\"es\",\"@id\":\"https:\/\/www.sonoraenequipo.com.mx\/#\/schema\/logo\/image\/\",\"url\":\"https:\/\/www.sonoraenequipo.com.mx\/storage\/2019\/01\/sonoraenequipo_opt.png\",\"contentUrl\":\"https:\/\/www.sonoraenequipo.com.mx\/storage\/2019\/01\/sonoraenequipo_opt.png\",\"width\":375,\"height\":125,\"caption\":\"Sonoraenequipo.com.mx\"},\"image\":{\"@id\":\"https:\/\/www.sonoraenequipo.com.mx\/#\/schema\/logo\/image\/\"},\"sameAs\":[\"https:\/\/www.facebook.com\/SonoraEE\/\",\"https:\/\/x.com\/sonoraenequipo\",\"https:\/\/www.youtube.com\/channel\/UC338nW-lPEYmJQs4ZABQ1SQ\"]},{\"@type\":\"Person\",\"@id\":\"https:\/\/www.sonoraenequipo.com.mx\/#\/schema\/person\/50102df0fb23a8fa9e8effad8fa81386\",\"name\":\"enequipo\",\"image\":{\"@type\":\"ImageObject\",\"inLanguage\":\"es\",\"@id\":\"https:\/\/www.sonoraenequipo.com.mx\/#\/schema\/person\/image\/\",\"url\":\"https:\/\/secure.gravatar.com\/avatar\/049821681b589dabc0bc20695993ccebb09f5b5d4d790cd9251b97faac7c652b?s=96&d=blank&r=g\",\"contentUrl\":\"https:\/\/secure.gravatar.com\/avatar\/049821681b589dabc0bc20695993ccebb09f5b5d4d790cd9251b97faac7c652b?s=96&d=blank&r=g\",\"caption\":\"enequipo\"},\"sameAs\":[\"https:\/\/www.facebook.com\/SonoraEE\"]}]}<\/script>\n ","yoast_head_json":{"title":"Sonora en Equipo. Restos encontrados en predio de Ciudad Obreg\u00f3n son de Yesenia Estefan\u00eda","description":"HERMOSILLO, SONORA. MX. \u2014&nbsp; Familiares de Yesenia Estefan\u00eda confirmaron que se identific\u00f3, a trav\u00e9s de la prueba de ADN, el cuerpo de la joven que fue En Sonora en Equipo publicamos toda la informaci\u00f3n de Sonora, M\u00e9xico y el Mundo de manera oportuna y busca que la libertad de expresi\u00f3n sea real. Visita nuestro medio informativo publicado desde Hermosillo, Sonora. %","robots":{"index":"index","follow":"follow","max-snippet":"max-snippet:-1","max-image-preview":"max-image-preview:large","max-video-preview":"max-video-preview:-1"},"canonical":"https:\/\/www.sonoraenequipo.com.mx\/restos-encontrados-en-predio-de-ciudad-obregon-son-de-yesenia-estefania\/","og_locale":"es_ES","og_type":"article","og_title":"Sonora en Equipo. Restos encontrados en predio de Ciudad Obreg\u00f3n son de Yesenia Estefan\u00eda","og_description":"HERMOSILLO, SONORA. MX. \u2014&nbsp; Familiares de Yesenia Estefan\u00eda confirmaron que se identific\u00f3, a trav\u00e9s de la prueba de ADN, el cuerpo de la joven que fue En Sonora en Equipo publicamos toda la informaci\u00f3n de Sonora, M\u00e9xico y el Mundo de manera oportuna y busca que la libertad de expresi\u00f3n sea real. Visita nuestro medio informativo publicado desde Hermosillo, Sonora. %","og_url":"https:\/\/www.sonoraenequipo.com.mx\/restos-encontrados-en-predio-de-ciudad-obregon-son-de-yesenia-estefania\/","og_site_name":"Sonora en Equipo.","article_publisher":"https:\/\/www.facebook.com\/SonoraEE\/","article_author":"https:\/\/www.facebook.com\/SonoraEE","article_published_time":"2020-10-05T06:54:36+00:00","article_modified_time":"2020-10-05T12:50:24+00:00","og_image":[{"width":651,"height":500,"url":"https:\/\/www.sonoraenequipo.com.mx\/storage\/2020\/10\/yessenia_opt.jpg","type":"image\/jpeg"}],"author":"enequipo","twitter_card":"summary_large_image","twitter_creator":"@sonoraenequipo","twitter_site":"@sonoraenequipo","twitter_misc":{"Escrito por":"enequipo","Tiempo de lectura":"2 minutos"},"schema":{"@context":"https:\/\/schema.org","@graph":[{"@type":"Article","@id":"https:\/\/www.sonoraenequipo.com.mx\/restos-encontrados-en-predio-de-ciudad-obregon-son-de-yesenia-estefania\/#article","isPartOf":{"@id":"https:\/\/www.sonoraenequipo.com.mx\/restos-encontrados-en-predio-de-ciudad-obregon-son-de-yesenia-estefania\/"},"author":{"name":"enequipo","@id":"https:\/\/www.sonoraenequipo.com.mx\/#\/schema\/person\/50102df0fb23a8fa9e8effad8fa81386"},"headline":"Restos encontrados en predio de Ciudad Obreg\u00f3n son de Yesenia Estefan\u00eda","datePublished":"2020-10-05T06:54:36+00:00","dateModified":"2020-10-05T12:50:24+00:00","mainEntityOfPage":{"@id":"https:\/\/www.sonoraenequipo.com.mx\/restos-encontrados-en-predio-de-ciudad-obregon-son-de-yesenia-estefania\/"},"wordCount":330,"commentCount":0,"publisher":{"@id":"https:\/\/www.sonoraenequipo.com.mx\/#organization"},"image":{"@id":"https:\/\/www.sonoraenequipo.com.mx\/restos-encontrados-en-predio-de-ciudad-obregon-son-de-yesenia-estefania\/#primaryimage"},"thumbnailUrl":"https:\/\/www.sonoraenequipo.com.mx\/storage\/2020\/10\/yessenia_opt.jpg","articleSection":["Sin categorizar"],"inLanguage":"es","potentialAction":[{"@type":"CommentAction","name":"Comment","target":["https:\/\/www.sonoraenequipo.com.mx\/restos-encontrados-en-predio-de-ciudad-obregon-son-de-yesenia-estefania\/#respond"]}]},{"@type":"WebPage","@id":"https:\/\/www.sonoraenequipo.com.mx\/restos-encontrados-en-predio-de-ciudad-obregon-son-de-yesenia-estefania\/","url":"https:\/\/www.sonoraenequipo.com.mx\/restos-encontrados-en-predio-de-ciudad-obregon-son-de-yesenia-estefania\/","name":"Sonora en Equipo. Restos encontrados en predio de Ciudad Obreg\u00f3n son de Yesenia Estefan\u00eda","isPartOf":{"@id":"https:\/\/www.sonoraenequipo.com.mx\/#website"},"primaryImageOfPage":{"@id":"https:\/\/www.sonoraenequipo.com.mx\/restos-encontrados-en-predio-de-ciudad-obregon-son-de-yesenia-estefania\/#primaryimage"},"image":{"@id":"https:\/\/www.sonoraenequipo.com.mx\/restos-encontrados-en-predio-de-ciudad-obregon-son-de-yesenia-estefania\/#primaryimage"},"thumbnailUrl":"https:\/\/www.sonoraenequipo.com.mx\/storage\/2020\/10\/yessenia_opt.jpg","datePublished":"2020-10-05T06:54:36+00:00","dateModified":"2020-10-05T12:50:24+00:00","description":"HERMOSILLO, SONORA. MX. \u2014&nbsp; Familiares de Yesenia Estefan\u00eda confirmaron que se identific\u00f3, a trav\u00e9s de la prueba de ADN, el cuerpo de la joven que fue En Sonora en Equipo publicamos toda la informaci\u00f3n de Sonora, M\u00e9xico y el Mundo de manera oportuna y busca que la libertad de expresi\u00f3n sea real. Visita nuestro medio informativo publicado desde Hermosillo, Sonora. %","breadcrumb":{"@id":"https:\/\/www.sonoraenequipo.com.mx\/restos-encontrados-en-predio-de-ciudad-obregon-son-de-yesenia-estefania\/#breadcrumb"},"inLanguage":"es","potentialAction":[{"@type":"ReadAction","target":["https:\/\/www.sonoraenequipo.com.mx\/restos-encontrados-en-predio-de-ciudad-obregon-son-de-yesenia-estefania\/"]}]},{"@type":"ImageObject","inLanguage":"es","@id":"https:\/\/www.sonoraenequipo.com.mx\/restos-encontrados-en-predio-de-ciudad-obregon-son-de-yesenia-estefania\/#primaryimage","url":"https:\/\/www.sonoraenequipo.com.mx\/storage\/2020\/10\/yessenia_opt.jpg","contentUrl":"https:\/\/www.sonoraenequipo.com.mx\/storage\/2020\/10\/yessenia_opt.jpg","width":651,"height":500},{"@type":"BreadcrumbList","@id":"https:\/\/www.sonoraenequipo.com.mx\/restos-encontrados-en-predio-de-ciudad-obregon-son-de-yesenia-estefania\/#breadcrumb","itemListElement":[{"@type":"ListItem","position":1,"name":"Portada","item":"https:\/\/www.sonoraenequipo.com.mx\/"},{"@type":"ListItem","position":2,"name":"Restos encontrados en predio de Ciudad Obreg\u00f3n son de Yesenia Estefan\u00eda"}]},{"@type":"WebSite","@id":"https:\/\/www.sonoraenequipo.com.mx\/#website","url":"https:\/\/www.sonoraenequipo.com.mx\/","name":"Sonora en Equipo.","description":"Diario en l\u00ednea con Noticias desde Hermosillo, Sonora","publisher":{"@id":"https:\/\/www.sonoraenequipo.com.mx\/#organization"},"potentialAction":[{"@type":"SearchAction","target":{"@type":"EntryPoint","urlTemplate":"https:\/\/www.sonoraenequipo.com.mx\/?s={search_term_string}"},"query-input":{"@type":"PropertyValueSpecification","valueRequired":true,"valueName":"search_term_string"}}],"inLanguage":"es"},{"@type":"Organization","@id":"https:\/\/www.sonoraenequipo.com.mx\/#organization","name":"Sonoraenequipo.com.mx","url":"https:\/\/www.sonoraenequipo.com.mx\/","logo":{"@type":"ImageObject","inLanguage":"es","@id":"https:\/\/www.sonoraenequipo.com.mx\/#\/schema\/logo\/image\/","url":"https:\/\/www.sonoraenequipo.com.mx\/storage\/2019\/01\/sonoraenequipo_opt.png","contentUrl":"https:\/\/www.sonoraenequipo.com.mx\/storage\/2019\/01\/sonoraenequipo_opt.png","width":375,"height":125,"caption":"Sonoraenequipo.com.mx"},"image":{"@id":"https:\/\/www.sonoraenequipo.com.mx\/#\/schema\/logo\/image\/"},"sameAs":["https:\/\/www.facebook.com\/SonoraEE\/","https:\/\/x.com\/sonoraenequipo","https:\/\/www.youtube.com\/channel\/UC338nW-lPEYmJQs4ZABQ1SQ"]},{"@type":"Person","@id":"https:\/\/www.sonoraenequipo.com.mx\/#\/schema\/person\/50102df0fb23a8fa9e8effad8fa81386","name":"enequipo","image":{"@type":"ImageObject","inLanguage":"es","@id":"https:\/\/www.sonoraenequipo.com.mx\/#\/schema\/person\/image\/","url":"https:\/\/secure.gravatar.com\/avatar\/049821681b589dabc0bc20695993ccebb09f5b5d4d790cd9251b97faac7c652b?s=96&d=blank&r=g","contentUrl":"https:\/\/secure.gravatar.com\/avatar\/049821681b589dabc0bc20695993ccebb09f5b5d4d790cd9251b97faac7c652b?s=96&d=blank&r=g","caption":"enequipo"},"sameAs":["https:\/\/www.facebook.com\/SonoraEE"]}]}},"jetpack_featured_media_url":"https:\/\/www.sonoraenequipo.com.mx\/storage\/2020\/10\/yessenia_opt.jpg","_links":{"self":[{"href":"https:\/\/www.sonoraenequipo.com.mx\/api\/wp\/v2\/posts\/96860","targetHints":{"allow":["GET"]}}],"collection":[{"href":"https:\/\/www.sonoraenequipo.com.mx\/api\/wp\/v2\/posts"}],"about":[{"href":"https:\/\/www.sonoraenequipo.com.mx\/api\/wp\/v2\/types\/post"}],"author":[{"embeddable":true,"href":"https:\/\/www.sonoraenequipo.com.mx\/api\/wp\/v2\/users\/1"}],"replies":[{"embeddable":true,"href":"https:\/\/www.sonoraenequipo.com.mx\/api\/wp\/v2\/comments?post=96860"}],"version-history":[{"count":2,"href":"https:\/\/www.sonoraenequipo.com.mx\/api\/wp\/v2\/posts\/96860\/revisions"}],"predecessor-version":[{"id":96874,"href":"https:\/\/www.sonoraenequipo.com.mx\/api\/wp\/v2\/posts\/96860\/revisions\/96874"}],"wp:featuredmedia":[{"embeddable":true,"href":"https:\/\/www.sonoraenequipo.com.mx\/api\/wp\/v2\/media\/96863"}],"wp:attachment":[{"href":"https:\/\/www.sonoraenequipo.com.mx\/api\/wp\/v2\/media?parent=96860"}],"wp:term":[{"taxonomy":"category","embeddable":true,"href":"https:\/\/www.sonoraenequipo.com.mx\/api\/wp\/v2\/categories?post=96860"},{"taxonomy":"post_tag","embeddable":true,"href":"https:\/\/www.sonoraenequipo.com.mx\/api\/wp\/v2\/tags?post=96860"}],"curies":[{"name":"wp","href":"https:\/\/api.w.org\/{rel}","templated":true}]}}