{"id":96883,"date":"2020-10-04T16:22:35","date_gmt":"2020-10-04T23:22:35","guid":{"rendered":"https:\/\/www.sonoraenequipo.com.mx\/?p=96883"},"modified":"2020-10-05T13:01:57","modified_gmt":"2020-10-05T20:01:57","slug":"la-peor-sequia-de-los-ultimos-anos-se-presenta-en-el-sur-de-sonora","status":"publish","type":"post","link":"https:\/\/www.sonoraenequipo.com.mx\/la-peor-sequia-de-los-ultimos-anos-se-presenta-en-el-sur-de-sonora\/","title":{"rendered":"La peor sequ\u00eda de los \u00faltimos a\u00f1os se presenta en el sur de Sonora"},"content":{"rendered":"<p>NAVOJOA, SONORA. MX. \u2014\u00a0 Con la muerte de m\u00e1s de 300 reses\u00a0 se agudiza la fuerte sequ\u00eda que padece el sur de Sonora.<\/p>\n<p> <\/p>\n<p>El presidente de La Asociaci\u00f3n Ganadera Local, Ricardo Flores Arg\u00fcelles, indic\u00f3 que ya est\u00e1 gestionando con Sagarpa, con la Gobernadora Claudia Pavlovich y organismos ganaderos, para que la Secretar\u00eda de Desarrollo Rural dictamine a Sonora como zona de emergencia y env\u00ede apoyos.<\/p>\n<p><em>\u201cEstamos muy por encima de las muertes del a\u00f1o pasado, no ha habido buenas lluvias, se han presentado muertes en Masiaca, Bacabachi, Pueblo Mayo, Camoa, \u00c1lamos y otros lugares\u201d<\/em> indic\u00f3.<\/p>\n<p>Explic\u00f3 que en el 2019 s\u00f3lo hab\u00edan muerto 200 cabezas pero en lo que va del 2020, han fallecido m\u00e1s de 320 las cuales fueron contadas hasta mediados de la semana pasada.<\/p>\n<p>Finalmente dijo que esta sequ\u00eda no se hab\u00eda presentado desde hace m\u00e1s de cincuenta a\u00f1os en el valle del Mayo.<\/p>\n<p>(PUBLICADO EL 04\/10\/2020)<\/p>\n","protected":false},"excerpt":{"rendered":"<p>NAVOJOA, SONORA. MX. \u2014\u00a0 Con la muerte de m\u00e1s de 300 reses\u00a0 se agudiza la&#8230;<\/p>\n","protected":false},"author":1,"featured_media":96884,"comment_status":"open","ping_status":"open","sticky":false,"template":"","format":"standard","meta":{"_monsterinsights_skip_tracking":false,"_monsterinsights_sitenote_active":false,"_monsterinsights_sitenote_note":"","_monsterinsights_sitenote_category":0,"footnotes":""},"categories":[22],"tags":[],"class_list":["post"],"yoast_head":" \n<title>Sonora en Equipo. La peor sequ\u00eda de los \u00faltimos a\u00f1os se presenta en el sur de Sonora Sonora<\/title>\n<meta name=\"description\" content=\"NAVOJOA, SONORA. MX. \u2014\u00a0 Con la muerte de m\u00e1s de 300 reses\u00a0 se agudiza la fuerte sequ\u00eda que padece el sur de Sonora. El presidente de La Asociaci\u00f3n En Sonora en Equipo publicamos toda la informaci\u00f3n de Sonora, M\u00e9xico y el Mundo de manera oportuna y busca que la libertad de expresi\u00f3n sea real. Visita nuestro medio informativo publicado desde Hermosillo, Sonora. %\" \/>\n<meta name=\"robots\" content=\"index, follow, max-snippet:-1, max-image-preview:large, max-video-preview:-1\" \/>\n<link rel=\"canonical\" href=\"https:\/\/www.sonoraenequipo.com.mx\/la-peor-sequia-de-los-ultimos-anos-se-presenta-en-el-sur-de-sonora\/\" \/>\n<meta property=\"og:locale\" content=\"es_ES\" \/>\n<meta property=\"og:type\" content=\"article\" \/>\n<meta property=\"og:title\" content=\"Sonora en Equipo. La peor sequ\u00eda de los \u00faltimos a\u00f1os se presenta en el sur de Sonora Sonora\" \/>\n<meta property=\"og:description\" content=\"NAVOJOA, SONORA. MX. \u2014\u00a0 Con la muerte de m\u00e1s de 300 reses\u00a0 se agudiza la fuerte sequ\u00eda que padece el sur de Sonora. El presidente de La Asociaci\u00f3n En Sonora en Equipo publicamos toda la informaci\u00f3n de Sonora, M\u00e9xico y el Mundo de manera oportuna y busca que la libertad de expresi\u00f3n sea real. Visita nuestro medio informativo publicado desde Hermosillo, Sonora. %\" \/>\n<meta property=\"og:url\" content=\"https:\/\/www.sonoraenequipo.com.mx\/la-peor-sequia-de-los-ultimos-anos-se-presenta-en-el-sur-de-sonora\/\" \/>\n<meta property=\"og:site_name\" content=\"Sonora en Equipo.\" \/>\n<meta property=\"article:publisher\" content=\"https:\/\/www.facebook.com\/SonoraEE\/\" \/>\n<meta property=\"article:author\" content=\"https:\/\/www.facebook.com\/SonoraEE\" \/>\n<meta property=\"article:published_time\" content=\"2020-10-04T23:22:35+00:00\" \/>\n<meta property=\"article:modified_time\" content=\"2020-10-05T20:01:57+00:00\" \/>\n<meta property=\"og:image\" content=\"https:\/\/www.sonoraenequipo.com.mx\/storage\/2020\/10\/sequia-en-el-sur-de-sonora_opt.jpg\" \/>\n\t<meta property=\"og:image:width\" content=\"713\" \/>\n\t<meta property=\"og:image:height\" content=\"400\" \/>\n\t<meta property=\"og:image:type\" content=\"image\/jpeg\" \/>\n<meta name=\"author\" content=\"enequipo\" \/>\n<meta name=\"twitter:card\" content=\"summary_large_image\" \/>\n<meta name=\"twitter:creator\" content=\"@sonoraenequipo\" \/>\n<meta name=\"twitter:site\" content=\"@sonoraenequipo\" \/>\n<meta name=\"twitter:label1\" content=\"Escrito por\" \/>\n\t<meta name=\"twitter:data1\" content=\"enequipo\" \/>\n\t<meta name=\"twitter:label2\" content=\"Tiempo de lectura\" \/>\n\t<meta name=\"twitter:data2\" content=\"1 minuto\" \/>\n<script type=\"application\/ld+json\" class=\"yoast-schema-graph\">{\"@context\":\"https:\/\/schema.org\",\"@graph\":[{\"@type\":\"Article\",\"@id\":\"https:\/\/www.sonoraenequipo.com.mx\/la-peor-sequia-de-los-ultimos-anos-se-presenta-en-el-sur-de-sonora\/#article\",\"isPartOf\":{\"@id\":\"https:\/\/www.sonoraenequipo.com.mx\/la-peor-sequia-de-los-ultimos-anos-se-presenta-en-el-sur-de-sonora\/\"},\"author\":{\"name\":\"enequipo\",\"@id\":\"https:\/\/www.sonoraenequipo.com.mx\/#\/schema\/person\/50102df0fb23a8fa9e8effad8fa81386\"},\"headline\":\"La peor sequ\u00eda de los \u00faltimos a\u00f1os se presenta en el sur de Sonora\",\"datePublished\":\"2020-10-04T23:22:35+00:00\",\"dateModified\":\"2020-10-05T20:01:57+00:00\",\"mainEntityOfPage\":{\"@id\":\"https:\/\/www.sonoraenequipo.com.mx\/la-peor-sequia-de-los-ultimos-anos-se-presenta-en-el-sur-de-sonora\/\"},\"wordCount\":173,\"commentCount\":0,\"publisher\":{\"@id\":\"https:\/\/www.sonoraenequipo.com.mx\/#organization\"},\"image\":{\"@id\":\"https:\/\/www.sonoraenequipo.com.mx\/la-peor-sequia-de-los-ultimos-anos-se-presenta-en-el-sur-de-sonora\/#primaryimage\"},\"thumbnailUrl\":\"https:\/\/www.sonoraenequipo.com.mx\/storage\/2020\/10\/sequia-en-el-sur-de-sonora_opt.jpg\",\"articleSection\":[\"Sonora\"],\"inLanguage\":\"es\",\"potentialAction\":[{\"@type\":\"CommentAction\",\"name\":\"Comment\",\"target\":[\"https:\/\/www.sonoraenequipo.com.mx\/la-peor-sequia-de-los-ultimos-anos-se-presenta-en-el-sur-de-sonora\/#respond\"]}]},{\"@type\":\"WebPage\",\"@id\":\"https:\/\/www.sonoraenequipo.com.mx\/la-peor-sequia-de-los-ultimos-anos-se-presenta-en-el-sur-de-sonora\/\",\"url\":\"https:\/\/www.sonoraenequipo.com.mx\/la-peor-sequia-de-los-ultimos-anos-se-presenta-en-el-sur-de-sonora\/\",\"name\":\"Sonora en Equipo. La peor sequ\u00eda de los \u00faltimos a\u00f1os se presenta en el sur de Sonora Sonora\",\"isPartOf\":{\"@id\":\"https:\/\/www.sonoraenequipo.com.mx\/#website\"},\"primaryImageOfPage\":{\"@id\":\"https:\/\/www.sonoraenequipo.com.mx\/la-peor-sequia-de-los-ultimos-anos-se-presenta-en-el-sur-de-sonora\/#primaryimage\"},\"image\":{\"@id\":\"https:\/\/www.sonoraenequipo.com.mx\/la-peor-sequia-de-los-ultimos-anos-se-presenta-en-el-sur-de-sonora\/#primaryimage\"},\"thumbnailUrl\":\"https:\/\/www.sonoraenequipo.com.mx\/storage\/2020\/10\/sequia-en-el-sur-de-sonora_opt.jpg\",\"datePublished\":\"2020-10-04T23:22:35+00:00\",\"dateModified\":\"2020-10-05T20:01:57+00:00\",\"description\":\"NAVOJOA, SONORA. MX. \u2014\u00a0 Con la muerte de m\u00e1s de 300 reses\u00a0 se agudiza la fuerte sequ\u00eda que padece el sur de Sonora. El presidente de La Asociaci\u00f3n En Sonora en Equipo publicamos toda la informaci\u00f3n de Sonora, M\u00e9xico y el Mundo de manera oportuna y busca que la libertad de expresi\u00f3n sea real. Visita nuestro medio informativo publicado desde Hermosillo, Sonora. %\",\"breadcrumb\":{\"@id\":\"https:\/\/www.sonoraenequipo.com.mx\/la-peor-sequia-de-los-ultimos-anos-se-presenta-en-el-sur-de-sonora\/#breadcrumb\"},\"inLanguage\":\"es\",\"potentialAction\":[{\"@type\":\"ReadAction\",\"target\":[\"https:\/\/www.sonoraenequipo.com.mx\/la-peor-sequia-de-los-ultimos-anos-se-presenta-en-el-sur-de-sonora\/\"]}]},{\"@type\":\"ImageObject\",\"inLanguage\":\"es\",\"@id\":\"https:\/\/www.sonoraenequipo.com.mx\/la-peor-sequia-de-los-ultimos-anos-se-presenta-en-el-sur-de-sonora\/#primaryimage\",\"url\":\"https:\/\/www.sonoraenequipo.com.mx\/storage\/2020\/10\/sequia-en-el-sur-de-sonora_opt.jpg\",\"contentUrl\":\"https:\/\/www.sonoraenequipo.com.mx\/storage\/2020\/10\/sequia-en-el-sur-de-sonora_opt.jpg\",\"width\":713,\"height\":400},{\"@type\":\"BreadcrumbList\",\"@id\":\"https:\/\/www.sonoraenequipo.com.mx\/la-peor-sequia-de-los-ultimos-anos-se-presenta-en-el-sur-de-sonora\/#breadcrumb\",\"itemListElement\":[{\"@type\":\"ListItem\",\"position\":1,\"name\":\"Portada\",\"item\":\"https:\/\/www.sonoraenequipo.com.mx\/\"},{\"@type\":\"ListItem\",\"position\":2,\"name\":\"La peor sequ\u00eda de los \u00faltimos a\u00f1os se presenta en el sur de Sonora\"}]},{\"@type\":\"WebSite\",\"@id\":\"https:\/\/www.sonoraenequipo.com.mx\/#website\",\"url\":\"https:\/\/www.sonoraenequipo.com.mx\/\",\"name\":\"Sonora en Equipo.\",\"description\":\"Diario en l\u00ednea con Noticias desde Hermosillo, Sonora\",\"publisher\":{\"@id\":\"https:\/\/www.sonoraenequipo.com.mx\/#organization\"},\"potentialAction\":[{\"@type\":\"SearchAction\",\"target\":{\"@type\":\"EntryPoint\",\"urlTemplate\":\"https:\/\/www.sonoraenequipo.com.mx\/?s={search_term_string}\"},\"query-input\":{\"@type\":\"PropertyValueSpecification\",\"valueRequired\":true,\"valueName\":\"search_term_string\"}}],\"inLanguage\":\"es\"},{\"@type\":\"Organization\",\"@id\":\"https:\/\/www.sonoraenequipo.com.mx\/#organization\",\"name\":\"Sonoraenequipo.com.mx\",\"url\":\"https:\/\/www.sonoraenequipo.com.mx\/\",\"logo\":{\"@type\":\"ImageObject\",\"inLanguage\":\"es\",\"@id\":\"https:\/\/www.sonoraenequipo.com.mx\/#\/schema\/logo\/image\/\",\"url\":\"https:\/\/www.sonoraenequipo.com.mx\/storage\/2019\/01\/sonoraenequipo_opt.png\",\"contentUrl\":\"https:\/\/www.sonoraenequipo.com.mx\/storage\/2019\/01\/sonoraenequipo_opt.png\",\"width\":375,\"height\":125,\"caption\":\"Sonoraenequipo.com.mx\"},\"image\":{\"@id\":\"https:\/\/www.sonoraenequipo.com.mx\/#\/schema\/logo\/image\/\"},\"sameAs\":[\"https:\/\/www.facebook.com\/SonoraEE\/\",\"https:\/\/x.com\/sonoraenequipo\",\"https:\/\/www.youtube.com\/channel\/UC338nW-lPEYmJQs4ZABQ1SQ\"]},{\"@type\":\"Person\",\"@id\":\"https:\/\/www.sonoraenequipo.com.mx\/#\/schema\/person\/50102df0fb23a8fa9e8effad8fa81386\",\"name\":\"enequipo\",\"image\":{\"@type\":\"ImageObject\",\"inLanguage\":\"es\",\"@id\":\"https:\/\/www.sonoraenequipo.com.mx\/#\/schema\/person\/image\/\",\"url\":\"https:\/\/secure.gravatar.com\/avatar\/049821681b589dabc0bc20695993ccebb09f5b5d4d790cd9251b97faac7c652b?s=96&d=blank&r=g\",\"contentUrl\":\"https:\/\/secure.gravatar.com\/avatar\/049821681b589dabc0bc20695993ccebb09f5b5d4d790cd9251b97faac7c652b?s=96&d=blank&r=g\",\"caption\":\"enequipo\"},\"sameAs\":[\"https:\/\/www.facebook.com\/SonoraEE\"]}]}<\/script>\n ","yoast_head_json":{"title":"Sonora en Equipo. La peor sequ\u00eda de los \u00faltimos a\u00f1os se presenta en el sur de Sonora Sonora","description":"NAVOJOA, SONORA. MX. \u2014\u00a0 Con la muerte de m\u00e1s de 300 reses\u00a0 se agudiza la fuerte sequ\u00eda que padece el sur de Sonora. El presidente de La Asociaci\u00f3n En Sonora en Equipo publicamos toda la informaci\u00f3n de Sonora, M\u00e9xico y el Mundo de manera oportuna y busca que la libertad de expresi\u00f3n sea real. Visita nuestro medio informativo publicado desde Hermosillo, Sonora. %","robots":{"index":"index","follow":"follow","max-snippet":"max-snippet:-1","max-image-preview":"max-image-preview:large","max-video-preview":"max-video-preview:-1"},"canonical":"https:\/\/www.sonoraenequipo.com.mx\/la-peor-sequia-de-los-ultimos-anos-se-presenta-en-el-sur-de-sonora\/","og_locale":"es_ES","og_type":"article","og_title":"Sonora en Equipo. La peor sequ\u00eda de los \u00faltimos a\u00f1os se presenta en el sur de Sonora Sonora","og_description":"NAVOJOA, SONORA. MX. \u2014\u00a0 Con la muerte de m\u00e1s de 300 reses\u00a0 se agudiza la fuerte sequ\u00eda que padece el sur de Sonora. El presidente de La Asociaci\u00f3n En Sonora en Equipo publicamos toda la informaci\u00f3n de Sonora, M\u00e9xico y el Mundo de manera oportuna y busca que la libertad de expresi\u00f3n sea real. Visita nuestro medio informativo publicado desde Hermosillo, Sonora. %","og_url":"https:\/\/www.sonoraenequipo.com.mx\/la-peor-sequia-de-los-ultimos-anos-se-presenta-en-el-sur-de-sonora\/","og_site_name":"Sonora en Equipo.","article_publisher":"https:\/\/www.facebook.com\/SonoraEE\/","article_author":"https:\/\/www.facebook.com\/SonoraEE","article_published_time":"2020-10-04T23:22:35+00:00","article_modified_time":"2020-10-05T20:01:57+00:00","og_image":[{"width":713,"height":400,"url":"https:\/\/www.sonoraenequipo.com.mx\/storage\/2020\/10\/sequia-en-el-sur-de-sonora_opt.jpg","type":"image\/jpeg"}],"author":"enequipo","twitter_card":"summary_large_image","twitter_creator":"@sonoraenequipo","twitter_site":"@sonoraenequipo","twitter_misc":{"Escrito por":"enequipo","Tiempo de lectura":"1 minuto"},"schema":{"@context":"https:\/\/schema.org","@graph":[{"@type":"Article","@id":"https:\/\/www.sonoraenequipo.com.mx\/la-peor-sequia-de-los-ultimos-anos-se-presenta-en-el-sur-de-sonora\/#article","isPartOf":{"@id":"https:\/\/www.sonoraenequipo.com.mx\/la-peor-sequia-de-los-ultimos-anos-se-presenta-en-el-sur-de-sonora\/"},"author":{"name":"enequipo","@id":"https:\/\/www.sonoraenequipo.com.mx\/#\/schema\/person\/50102df0fb23a8fa9e8effad8fa81386"},"headline":"La peor sequ\u00eda de los \u00faltimos a\u00f1os se presenta en el sur de Sonora","datePublished":"2020-10-04T23:22:35+00:00","dateModified":"2020-10-05T20:01:57+00:00","mainEntityOfPage":{"@id":"https:\/\/www.sonoraenequipo.com.mx\/la-peor-sequia-de-los-ultimos-anos-se-presenta-en-el-sur-de-sonora\/"},"wordCount":173,"commentCount":0,"publisher":{"@id":"https:\/\/www.sonoraenequipo.com.mx\/#organization"},"image":{"@id":"https:\/\/www.sonoraenequipo.com.mx\/la-peor-sequia-de-los-ultimos-anos-se-presenta-en-el-sur-de-sonora\/#primaryimage"},"thumbnailUrl":"https:\/\/www.sonoraenequipo.com.mx\/storage\/2020\/10\/sequia-en-el-sur-de-sonora_opt.jpg","articleSection":["Sonora"],"inLanguage":"es","potentialAction":[{"@type":"CommentAction","name":"Comment","target":["https:\/\/www.sonoraenequipo.com.mx\/la-peor-sequia-de-los-ultimos-anos-se-presenta-en-el-sur-de-sonora\/#respond"]}]},{"@type":"WebPage","@id":"https:\/\/www.sonoraenequipo.com.mx\/la-peor-sequia-de-los-ultimos-anos-se-presenta-en-el-sur-de-sonora\/","url":"https:\/\/www.sonoraenequipo.com.mx\/la-peor-sequia-de-los-ultimos-anos-se-presenta-en-el-sur-de-sonora\/","name":"Sonora en Equipo. La peor sequ\u00eda de los \u00faltimos a\u00f1os se presenta en el sur de Sonora Sonora","isPartOf":{"@id":"https:\/\/www.sonoraenequipo.com.mx\/#website"},"primaryImageOfPage":{"@id":"https:\/\/www.sonoraenequipo.com.mx\/la-peor-sequia-de-los-ultimos-anos-se-presenta-en-el-sur-de-sonora\/#primaryimage"},"image":{"@id":"https:\/\/www.sonoraenequipo.com.mx\/la-peor-sequia-de-los-ultimos-anos-se-presenta-en-el-sur-de-sonora\/#primaryimage"},"thumbnailUrl":"https:\/\/www.sonoraenequipo.com.mx\/storage\/2020\/10\/sequia-en-el-sur-de-sonora_opt.jpg","datePublished":"2020-10-04T23:22:35+00:00","dateModified":"2020-10-05T20:01:57+00:00","description":"NAVOJOA, SONORA. MX. \u2014\u00a0 Con la muerte de m\u00e1s de 300 reses\u00a0 se agudiza la fuerte sequ\u00eda que padece el sur de Sonora. El presidente de La Asociaci\u00f3n En Sonora en Equipo publicamos toda la informaci\u00f3n de Sonora, M\u00e9xico y el Mundo de manera oportuna y busca que la libertad de expresi\u00f3n sea real. Visita nuestro medio informativo publicado desde Hermosillo, Sonora. %","breadcrumb":{"@id":"https:\/\/www.sonoraenequipo.com.mx\/la-peor-sequia-de-los-ultimos-anos-se-presenta-en-el-sur-de-sonora\/#breadcrumb"},"inLanguage":"es","potentialAction":[{"@type":"ReadAction","target":["https:\/\/www.sonoraenequipo.com.mx\/la-peor-sequia-de-los-ultimos-anos-se-presenta-en-el-sur-de-sonora\/"]}]},{"@type":"ImageObject","inLanguage":"es","@id":"https:\/\/www.sonoraenequipo.com.mx\/la-peor-sequia-de-los-ultimos-anos-se-presenta-en-el-sur-de-sonora\/#primaryimage","url":"https:\/\/www.sonoraenequipo.com.mx\/storage\/2020\/10\/sequia-en-el-sur-de-sonora_opt.jpg","contentUrl":"https:\/\/www.sonoraenequipo.com.mx\/storage\/2020\/10\/sequia-en-el-sur-de-sonora_opt.jpg","width":713,"height":400},{"@type":"BreadcrumbList","@id":"https:\/\/www.sonoraenequipo.com.mx\/la-peor-sequia-de-los-ultimos-anos-se-presenta-en-el-sur-de-sonora\/#breadcrumb","itemListElement":[{"@type":"ListItem","position":1,"name":"Portada","item":"https:\/\/www.sonoraenequipo.com.mx\/"},{"@type":"ListItem","position":2,"name":"La peor sequ\u00eda de los \u00faltimos a\u00f1os se presenta en el sur de Sonora"}]},{"@type":"WebSite","@id":"https:\/\/www.sonoraenequipo.com.mx\/#website","url":"https:\/\/www.sonoraenequipo.com.mx\/","name":"Sonora en Equipo.","description":"Diario en l\u00ednea con Noticias desde Hermosillo, Sonora","publisher":{"@id":"https:\/\/www.sonoraenequipo.com.mx\/#organization"},"potentialAction":[{"@type":"SearchAction","target":{"@type":"EntryPoint","urlTemplate":"https:\/\/www.sonoraenequipo.com.mx\/?s={search_term_string}"},"query-input":{"@type":"PropertyValueSpecification","valueRequired":true,"valueName":"search_term_string"}}],"inLanguage":"es"},{"@type":"Organization","@id":"https:\/\/www.sonoraenequipo.com.mx\/#organization","name":"Sonoraenequipo.com.mx","url":"https:\/\/www.sonoraenequipo.com.mx\/","logo":{"@type":"ImageObject","inLanguage":"es","@id":"https:\/\/www.sonoraenequipo.com.mx\/#\/schema\/logo\/image\/","url":"https:\/\/www.sonoraenequipo.com.mx\/storage\/2019\/01\/sonoraenequipo_opt.png","contentUrl":"https:\/\/www.sonoraenequipo.com.mx\/storage\/2019\/01\/sonoraenequipo_opt.png","width":375,"height":125,"caption":"Sonoraenequipo.com.mx"},"image":{"@id":"https:\/\/www.sonoraenequipo.com.mx\/#\/schema\/logo\/image\/"},"sameAs":["https:\/\/www.facebook.com\/SonoraEE\/","https:\/\/x.com\/sonoraenequipo","https:\/\/www.youtube.com\/channel\/UC338nW-lPEYmJQs4ZABQ1SQ"]},{"@type":"Person","@id":"https:\/\/www.sonoraenequipo.com.mx\/#\/schema\/person\/50102df0fb23a8fa9e8effad8fa81386","name":"enequipo","image":{"@type":"ImageObject","inLanguage":"es","@id":"https:\/\/www.sonoraenequipo.com.mx\/#\/schema\/person\/image\/","url":"https:\/\/secure.gravatar.com\/avatar\/049821681b589dabc0bc20695993ccebb09f5b5d4d790cd9251b97faac7c652b?s=96&d=blank&r=g","contentUrl":"https:\/\/secure.gravatar.com\/avatar\/049821681b589dabc0bc20695993ccebb09f5b5d4d790cd9251b97faac7c652b?s=96&d=blank&r=g","caption":"enequipo"},"sameAs":["https:\/\/www.facebook.com\/SonoraEE"]}]}},"jetpack_featured_media_url":"https:\/\/www.sonoraenequipo.com.mx\/storage\/2020\/10\/sequia-en-el-sur-de-sonora_opt.jpg","_links":{"self":[{"href":"https:\/\/www.sonoraenequipo.com.mx\/api\/wp\/v2\/posts\/96883","targetHints":{"allow":["GET"]}}],"collection":[{"href":"https:\/\/www.sonoraenequipo.com.mx\/api\/wp\/v2\/posts"}],"about":[{"href":"https:\/\/www.sonoraenequipo.com.mx\/api\/wp\/v2\/types\/post"}],"author":[{"embeddable":true,"href":"https:\/\/www.sonoraenequipo.com.mx\/api\/wp\/v2\/users\/1"}],"replies":[{"embeddable":true,"href":"https:\/\/www.sonoraenequipo.com.mx\/api\/wp\/v2\/comments?post=96883"}],"version-history":[{"count":4,"href":"https:\/\/www.sonoraenequipo.com.mx\/api\/wp\/v2\/posts\/96883\/revisions"}],"predecessor-version":[{"id":96932,"href":"https:\/\/www.sonoraenequipo.com.mx\/api\/wp\/v2\/posts\/96883\/revisions\/96932"}],"wp:featuredmedia":[{"embeddable":true,"href":"https:\/\/www.sonoraenequipo.com.mx\/api\/wp\/v2\/media\/96884"}],"wp:attachment":[{"href":"https:\/\/www.sonoraenequipo.com.mx\/api\/wp\/v2\/media?parent=96883"}],"wp:term":[{"taxonomy":"category","embeddable":true,"href":"https:\/\/www.sonoraenequipo.com.mx\/api\/wp\/v2\/categories?post=96883"},{"taxonomy":"post_tag","embeddable":true,"href":"https:\/\/www.sonoraenequipo.com.mx\/api\/wp\/v2\/tags?post=96883"}],"curies":[{"name":"wp","href":"https:\/\/api.w.org\/{rel}","templated":true}]}}