{"id":96903,"date":"2020-10-05T05:45:39","date_gmt":"2020-10-05T12:45:39","guid":{"rendered":"https:\/\/www.sonoraenequipo.com.mx\/?p=96903"},"modified":"2020-10-05T08:16:50","modified_gmt":"2020-10-05T15:16:50","slug":"conferencia-presidencial-del-5-de-octubre-gobierno-atiende-afectaciones-por-lluvia","status":"publish","type":"post","link":"https:\/\/www.sonoraenequipo.com.mx\/conferencia-presidencial-del-5-de-octubre-gobierno-atiende-afectaciones-por-lluvia\/","title":{"rendered":"Conferencia presidencial del 5 de octubre. Gobierno atiende afectaciones por lluvia"},"content":{"rendered":"<p>CIUDAD DE M\u00c9XICO. MX. \u2014 En el sal\u00f3n Tesorer\u00eda de Palacio Nacional, asisten empresarios para la presentaci\u00f3n del plan de infraestructura entre el gobierno federal y la iniciativa privada.<\/p>\n<p>&nbsp;<\/p>\n<p> <\/p>\n<p>&nbsp;<\/p>\n<p>El presidente Andr\u00e9s Manuel L\u00f3pez Obrador inform\u00f3 que se atienden las afectaciones por las lluvias en diversos estados del pa\u00eds.<br \/>\nAl iniciar la conferencia de prensa matutina a las 7:26 horas, indic\u00f3 que este tema se abord\u00f3 en la reuni\u00f3n del gabinete de seguridad.<br \/>\n<em>\u201cSe demor\u00f3 la reuni\u00f3n de seguridad porque estuvimos viendo lo de las inundaciones y el manejo de las presas, sobre todo de la presa Pe\u00f1itas en Chiapas, que si no se cuida el manejo de esa presa afectan m\u00e1s lluvia en Tabasco y tambi\u00e9n se afectados estados como Quintana Roo, Yucat\u00e1n, el norte de Chiapas con la lluvia, pero ya estamos atendiendo esto\u201d<\/em>, se\u00f1al\u00f3.<\/p>\n<p>&nbsp;<\/p>\n<p>&nbsp;<\/p>\n<p>Despu\u00e9s se present\u00f3 el informe de <em>\u201cqui\u00e9n es qui\u00e9n en los precios\u201d<\/em> de Profeco y los videos de los avances de las obras prioritarias como el Tren Maya, la refiner\u00eda en Dos Bocas y el aeropuerto Felipe \u00c1ngeles.<\/p>\n<p>&nbsp;<\/p>\n<p>En el sal\u00f3n Tesorer\u00eda de Palacio Nacional, asisten empresarios para la presentaci\u00f3n del plan de infraestructura entre el gobierno federal y la iniciativa privada.<\/p>\n<p><iframe loading=\"lazy\" title=\"Acuerdo con empresarios para la reactivaci\u00f3n econ\u00f3mica tras epidemia. Conferencia presidente AMLO\" width=\"640\" height=\"360\" src=\"https:\/\/www.youtube.com\/embed\/aL62PWK9Nx0?feature=oembed\" frameborder=\"0\" allow=\"accelerometer; autoplay; clipboard-write; encrypted-media; gyroscope; picture-in-picture; web-share\" referrerpolicy=\"strict-origin-when-cross-origin\" allowfullscreen><\/iframe><\/p>\n<p>&nbsp;<\/p>\n<p>&nbsp;<\/p>\n<p>(PUBLICADO EL 05\/10\/2020)<\/p>\n","protected":false},"excerpt":{"rendered":"<p>CIUDAD DE M\u00c9XICO. MX. \u2014 En el sal\u00f3n Tesorer\u00eda de Palacio Nacional, asisten empresarios para&#8230;<\/p>\n","protected":false},"author":1,"featured_media":96904,"comment_status":"open","ping_status":"open","sticky":false,"template":"","format":"standard","meta":{"_monsterinsights_skip_tracking":false,"_monsterinsights_sitenote_active":false,"_monsterinsights_sitenote_note":"","_monsterinsights_sitenote_category":0,"footnotes":""},"categories":[5],"tags":[],"class_list":["post"],"yoast_head":" \n<title>Sonora en Equipo. Conferencia presidencial del 5 de octubre. Gobierno atiende afectaciones por lluvia Rep\u00fablica<\/title>\n<meta name=\"description\" content=\"CIUDAD DE M\u00c9XICO. MX. \u2014 En el sal\u00f3n Tesorer\u00eda de Palacio Nacional, asisten empresarios para la presentaci\u00f3n del plan de infraestructura entre el gobierno En Sonora en Equipo publicamos toda la informaci\u00f3n de Sonora, M\u00e9xico y el Mundo de manera oportuna y busca que la libertad de expresi\u00f3n sea real. Visita nuestro medio informativo publicado desde Hermosillo, Sonora. %\" \/>\n<meta name=\"robots\" content=\"index, follow, max-snippet:-1, max-image-preview:large, max-video-preview:-1\" \/>\n<link rel=\"canonical\" href=\"https:\/\/www.sonoraenequipo.com.mx\/conferencia-presidencial-del-5-de-octubre-gobierno-atiende-afectaciones-por-lluvia\/\" \/>\n<meta property=\"og:locale\" content=\"es_ES\" \/>\n<meta property=\"og:type\" content=\"article\" \/>\n<meta property=\"og:title\" content=\"Sonora en Equipo. Conferencia presidencial del 5 de octubre. Gobierno atiende afectaciones por lluvia Rep\u00fablica\" \/>\n<meta property=\"og:description\" content=\"CIUDAD DE M\u00c9XICO. MX. \u2014 En el sal\u00f3n Tesorer\u00eda de Palacio Nacional, asisten empresarios para la presentaci\u00f3n del plan de infraestructura entre el gobierno En Sonora en Equipo publicamos toda la informaci\u00f3n de Sonora, M\u00e9xico y el Mundo de manera oportuna y busca que la libertad de expresi\u00f3n sea real. Visita nuestro medio informativo publicado desde Hermosillo, Sonora. %\" \/>\n<meta property=\"og:url\" content=\"https:\/\/www.sonoraenequipo.com.mx\/conferencia-presidencial-del-5-de-octubre-gobierno-atiende-afectaciones-por-lluvia\/\" \/>\n<meta property=\"og:site_name\" content=\"Sonora en Equipo.\" \/>\n<meta property=\"article:publisher\" content=\"https:\/\/www.facebook.com\/SonoraEE\/\" \/>\n<meta property=\"article:author\" content=\"https:\/\/www.facebook.com\/SonoraEE\" \/>\n<meta property=\"article:published_time\" content=\"2020-10-05T12:45:39+00:00\" \/>\n<meta property=\"article:modified_time\" content=\"2020-10-05T15:16:50+00:00\" \/>\n<meta property=\"og:image\" content=\"https:\/\/www.sonoraenequipo.com.mx\/storage\/2020\/10\/lopez-obrador_opt6.jpg\" \/>\n\t<meta property=\"og:image:width\" content=\"657\" \/>\n\t<meta property=\"og:image:height\" content=\"438\" \/>\n\t<meta property=\"og:image:type\" content=\"image\/jpeg\" \/>\n<meta name=\"author\" content=\"enequipo\" \/>\n<meta name=\"twitter:card\" content=\"summary_large_image\" \/>\n<meta name=\"twitter:creator\" content=\"@sonoraenequipo\" \/>\n<meta name=\"twitter:site\" content=\"@sonoraenequipo\" \/>\n<meta name=\"twitter:label1\" content=\"Escrito por\" \/>\n\t<meta name=\"twitter:data1\" content=\"enequipo\" \/>\n\t<meta name=\"twitter:label2\" content=\"Tiempo de lectura\" \/>\n\t<meta name=\"twitter:data2\" content=\"1 minuto\" \/>\n<script type=\"application\/ld+json\" class=\"yoast-schema-graph\">{\"@context\":\"https:\/\/schema.org\",\"@graph\":[{\"@type\":\"Article\",\"@id\":\"https:\/\/www.sonoraenequipo.com.mx\/conferencia-presidencial-del-5-de-octubre-gobierno-atiende-afectaciones-por-lluvia\/#article\",\"isPartOf\":{\"@id\":\"https:\/\/www.sonoraenequipo.com.mx\/conferencia-presidencial-del-5-de-octubre-gobierno-atiende-afectaciones-por-lluvia\/\"},\"author\":{\"name\":\"enequipo\",\"@id\":\"https:\/\/www.sonoraenequipo.com.mx\/#\/schema\/person\/50102df0fb23a8fa9e8effad8fa81386\"},\"headline\":\"Conferencia presidencial del 5 de octubre. Gobierno atiende afectaciones por lluvia\",\"datePublished\":\"2020-10-05T12:45:39+00:00\",\"dateModified\":\"2020-10-05T15:16:50+00:00\",\"mainEntityOfPage\":{\"@id\":\"https:\/\/www.sonoraenequipo.com.mx\/conferencia-presidencial-del-5-de-octubre-gobierno-atiende-afectaciones-por-lluvia\/\"},\"wordCount\":246,\"commentCount\":0,\"publisher\":{\"@id\":\"https:\/\/www.sonoraenequipo.com.mx\/#organization\"},\"image\":{\"@id\":\"https:\/\/www.sonoraenequipo.com.mx\/conferencia-presidencial-del-5-de-octubre-gobierno-atiende-afectaciones-por-lluvia\/#primaryimage\"},\"thumbnailUrl\":\"https:\/\/www.sonoraenequipo.com.mx\/storage\/2020\/10\/lopez-obrador_opt6.jpg\",\"articleSection\":[\"Rep\u00fablica\"],\"inLanguage\":\"es\",\"potentialAction\":[{\"@type\":\"CommentAction\",\"name\":\"Comment\",\"target\":[\"https:\/\/www.sonoraenequipo.com.mx\/conferencia-presidencial-del-5-de-octubre-gobierno-atiende-afectaciones-por-lluvia\/#respond\"]}]},{\"@type\":\"WebPage\",\"@id\":\"https:\/\/www.sonoraenequipo.com.mx\/conferencia-presidencial-del-5-de-octubre-gobierno-atiende-afectaciones-por-lluvia\/\",\"url\":\"https:\/\/www.sonoraenequipo.com.mx\/conferencia-presidencial-del-5-de-octubre-gobierno-atiende-afectaciones-por-lluvia\/\",\"name\":\"Sonora en Equipo. Conferencia presidencial del 5 de octubre. Gobierno atiende afectaciones por lluvia Rep\u00fablica\",\"isPartOf\":{\"@id\":\"https:\/\/www.sonoraenequipo.com.mx\/#website\"},\"primaryImageOfPage\":{\"@id\":\"https:\/\/www.sonoraenequipo.com.mx\/conferencia-presidencial-del-5-de-octubre-gobierno-atiende-afectaciones-por-lluvia\/#primaryimage\"},\"image\":{\"@id\":\"https:\/\/www.sonoraenequipo.com.mx\/conferencia-presidencial-del-5-de-octubre-gobierno-atiende-afectaciones-por-lluvia\/#primaryimage\"},\"thumbnailUrl\":\"https:\/\/www.sonoraenequipo.com.mx\/storage\/2020\/10\/lopez-obrador_opt6.jpg\",\"datePublished\":\"2020-10-05T12:45:39+00:00\",\"dateModified\":\"2020-10-05T15:16:50+00:00\",\"description\":\"CIUDAD DE M\u00c9XICO. MX. \u2014 En el sal\u00f3n Tesorer\u00eda de Palacio Nacional, asisten empresarios para la presentaci\u00f3n del plan de infraestructura entre el gobierno En Sonora en Equipo publicamos toda la informaci\u00f3n de Sonora, M\u00e9xico y el Mundo de manera oportuna y busca que la libertad de expresi\u00f3n sea real. Visita nuestro medio informativo publicado desde Hermosillo, Sonora. %\",\"breadcrumb\":{\"@id\":\"https:\/\/www.sonoraenequipo.com.mx\/conferencia-presidencial-del-5-de-octubre-gobierno-atiende-afectaciones-por-lluvia\/#breadcrumb\"},\"inLanguage\":\"es\",\"potentialAction\":[{\"@type\":\"ReadAction\",\"target\":[\"https:\/\/www.sonoraenequipo.com.mx\/conferencia-presidencial-del-5-de-octubre-gobierno-atiende-afectaciones-por-lluvia\/\"]}]},{\"@type\":\"ImageObject\",\"inLanguage\":\"es\",\"@id\":\"https:\/\/www.sonoraenequipo.com.mx\/conferencia-presidencial-del-5-de-octubre-gobierno-atiende-afectaciones-por-lluvia\/#primaryimage\",\"url\":\"https:\/\/www.sonoraenequipo.com.mx\/storage\/2020\/10\/lopez-obrador_opt6.jpg\",\"contentUrl\":\"https:\/\/www.sonoraenequipo.com.mx\/storage\/2020\/10\/lopez-obrador_opt6.jpg\",\"width\":657,\"height\":438},{\"@type\":\"BreadcrumbList\",\"@id\":\"https:\/\/www.sonoraenequipo.com.mx\/conferencia-presidencial-del-5-de-octubre-gobierno-atiende-afectaciones-por-lluvia\/#breadcrumb\",\"itemListElement\":[{\"@type\":\"ListItem\",\"position\":1,\"name\":\"Portada\",\"item\":\"https:\/\/www.sonoraenequipo.com.mx\/\"},{\"@type\":\"ListItem\",\"position\":2,\"name\":\"Conferencia presidencial del 5 de octubre. Gobierno atiende afectaciones por lluvia\"}]},{\"@type\":\"WebSite\",\"@id\":\"https:\/\/www.sonoraenequipo.com.mx\/#website\",\"url\":\"https:\/\/www.sonoraenequipo.com.mx\/\",\"name\":\"Sonora en Equipo.\",\"description\":\"Diario en l\u00ednea con Noticias desde Hermosillo, Sonora\",\"publisher\":{\"@id\":\"https:\/\/www.sonoraenequipo.com.mx\/#organization\"},\"potentialAction\":[{\"@type\":\"SearchAction\",\"target\":{\"@type\":\"EntryPoint\",\"urlTemplate\":\"https:\/\/www.sonoraenequipo.com.mx\/?s={search_term_string}\"},\"query-input\":{\"@type\":\"PropertyValueSpecification\",\"valueRequired\":true,\"valueName\":\"search_term_string\"}}],\"inLanguage\":\"es\"},{\"@type\":\"Organization\",\"@id\":\"https:\/\/www.sonoraenequipo.com.mx\/#organization\",\"name\":\"Sonoraenequipo.com.mx\",\"url\":\"https:\/\/www.sonoraenequipo.com.mx\/\",\"logo\":{\"@type\":\"ImageObject\",\"inLanguage\":\"es\",\"@id\":\"https:\/\/www.sonoraenequipo.com.mx\/#\/schema\/logo\/image\/\",\"url\":\"https:\/\/www.sonoraenequipo.com.mx\/storage\/2019\/01\/sonoraenequipo_opt.png\",\"contentUrl\":\"https:\/\/www.sonoraenequipo.com.mx\/storage\/2019\/01\/sonoraenequipo_opt.png\",\"width\":375,\"height\":125,\"caption\":\"Sonoraenequipo.com.mx\"},\"image\":{\"@id\":\"https:\/\/www.sonoraenequipo.com.mx\/#\/schema\/logo\/image\/\"},\"sameAs\":[\"https:\/\/www.facebook.com\/SonoraEE\/\",\"https:\/\/x.com\/sonoraenequipo\",\"https:\/\/www.youtube.com\/channel\/UC338nW-lPEYmJQs4ZABQ1SQ\"]},{\"@type\":\"Person\",\"@id\":\"https:\/\/www.sonoraenequipo.com.mx\/#\/schema\/person\/50102df0fb23a8fa9e8effad8fa81386\",\"name\":\"enequipo\",\"image\":{\"@type\":\"ImageObject\",\"inLanguage\":\"es\",\"@id\":\"https:\/\/www.sonoraenequipo.com.mx\/#\/schema\/person\/image\/\",\"url\":\"https:\/\/secure.gravatar.com\/avatar\/049821681b589dabc0bc20695993ccebb09f5b5d4d790cd9251b97faac7c652b?s=96&d=blank&r=g\",\"contentUrl\":\"https:\/\/secure.gravatar.com\/avatar\/049821681b589dabc0bc20695993ccebb09f5b5d4d790cd9251b97faac7c652b?s=96&d=blank&r=g\",\"caption\":\"enequipo\"},\"sameAs\":[\"https:\/\/www.facebook.com\/SonoraEE\"]}]}<\/script>\n ","yoast_head_json":{"title":"Sonora en Equipo. Conferencia presidencial del 5 de octubre. Gobierno atiende afectaciones por lluvia Rep\u00fablica","description":"CIUDAD DE M\u00c9XICO. MX. \u2014 En el sal\u00f3n Tesorer\u00eda de Palacio Nacional, asisten empresarios para la presentaci\u00f3n del plan de infraestructura entre el gobierno En Sonora en Equipo publicamos toda la informaci\u00f3n de Sonora, M\u00e9xico y el Mundo de manera oportuna y busca que la libertad de expresi\u00f3n sea real. Visita nuestro medio informativo publicado desde Hermosillo, Sonora. %","robots":{"index":"index","follow":"follow","max-snippet":"max-snippet:-1","max-image-preview":"max-image-preview:large","max-video-preview":"max-video-preview:-1"},"canonical":"https:\/\/www.sonoraenequipo.com.mx\/conferencia-presidencial-del-5-de-octubre-gobierno-atiende-afectaciones-por-lluvia\/","og_locale":"es_ES","og_type":"article","og_title":"Sonora en Equipo. Conferencia presidencial del 5 de octubre. Gobierno atiende afectaciones por lluvia Rep\u00fablica","og_description":"CIUDAD DE M\u00c9XICO. MX. \u2014 En el sal\u00f3n Tesorer\u00eda de Palacio Nacional, asisten empresarios para la presentaci\u00f3n del plan de infraestructura entre el gobierno En Sonora en Equipo publicamos toda la informaci\u00f3n de Sonora, M\u00e9xico y el Mundo de manera oportuna y busca que la libertad de expresi\u00f3n sea real. Visita nuestro medio informativo publicado desde Hermosillo, Sonora. %","og_url":"https:\/\/www.sonoraenequipo.com.mx\/conferencia-presidencial-del-5-de-octubre-gobierno-atiende-afectaciones-por-lluvia\/","og_site_name":"Sonora en Equipo.","article_publisher":"https:\/\/www.facebook.com\/SonoraEE\/","article_author":"https:\/\/www.facebook.com\/SonoraEE","article_published_time":"2020-10-05T12:45:39+00:00","article_modified_time":"2020-10-05T15:16:50+00:00","og_image":[{"width":657,"height":438,"url":"https:\/\/www.sonoraenequipo.com.mx\/storage\/2020\/10\/lopez-obrador_opt6.jpg","type":"image\/jpeg"}],"author":"enequipo","twitter_card":"summary_large_image","twitter_creator":"@sonoraenequipo","twitter_site":"@sonoraenequipo","twitter_misc":{"Escrito por":"enequipo","Tiempo de lectura":"1 minuto"},"schema":{"@context":"https:\/\/schema.org","@graph":[{"@type":"Article","@id":"https:\/\/www.sonoraenequipo.com.mx\/conferencia-presidencial-del-5-de-octubre-gobierno-atiende-afectaciones-por-lluvia\/#article","isPartOf":{"@id":"https:\/\/www.sonoraenequipo.com.mx\/conferencia-presidencial-del-5-de-octubre-gobierno-atiende-afectaciones-por-lluvia\/"},"author":{"name":"enequipo","@id":"https:\/\/www.sonoraenequipo.com.mx\/#\/schema\/person\/50102df0fb23a8fa9e8effad8fa81386"},"headline":"Conferencia presidencial del 5 de octubre. Gobierno atiende afectaciones por lluvia","datePublished":"2020-10-05T12:45:39+00:00","dateModified":"2020-10-05T15:16:50+00:00","mainEntityOfPage":{"@id":"https:\/\/www.sonoraenequipo.com.mx\/conferencia-presidencial-del-5-de-octubre-gobierno-atiende-afectaciones-por-lluvia\/"},"wordCount":246,"commentCount":0,"publisher":{"@id":"https:\/\/www.sonoraenequipo.com.mx\/#organization"},"image":{"@id":"https:\/\/www.sonoraenequipo.com.mx\/conferencia-presidencial-del-5-de-octubre-gobierno-atiende-afectaciones-por-lluvia\/#primaryimage"},"thumbnailUrl":"https:\/\/www.sonoraenequipo.com.mx\/storage\/2020\/10\/lopez-obrador_opt6.jpg","articleSection":["Rep\u00fablica"],"inLanguage":"es","potentialAction":[{"@type":"CommentAction","name":"Comment","target":["https:\/\/www.sonoraenequipo.com.mx\/conferencia-presidencial-del-5-de-octubre-gobierno-atiende-afectaciones-por-lluvia\/#respond"]}]},{"@type":"WebPage","@id":"https:\/\/www.sonoraenequipo.com.mx\/conferencia-presidencial-del-5-de-octubre-gobierno-atiende-afectaciones-por-lluvia\/","url":"https:\/\/www.sonoraenequipo.com.mx\/conferencia-presidencial-del-5-de-octubre-gobierno-atiende-afectaciones-por-lluvia\/","name":"Sonora en Equipo. Conferencia presidencial del 5 de octubre. Gobierno atiende afectaciones por lluvia Rep\u00fablica","isPartOf":{"@id":"https:\/\/www.sonoraenequipo.com.mx\/#website"},"primaryImageOfPage":{"@id":"https:\/\/www.sonoraenequipo.com.mx\/conferencia-presidencial-del-5-de-octubre-gobierno-atiende-afectaciones-por-lluvia\/#primaryimage"},"image":{"@id":"https:\/\/www.sonoraenequipo.com.mx\/conferencia-presidencial-del-5-de-octubre-gobierno-atiende-afectaciones-por-lluvia\/#primaryimage"},"thumbnailUrl":"https:\/\/www.sonoraenequipo.com.mx\/storage\/2020\/10\/lopez-obrador_opt6.jpg","datePublished":"2020-10-05T12:45:39+00:00","dateModified":"2020-10-05T15:16:50+00:00","description":"CIUDAD DE M\u00c9XICO. MX. \u2014 En el sal\u00f3n Tesorer\u00eda de Palacio Nacional, asisten empresarios para la presentaci\u00f3n del plan de infraestructura entre el gobierno En Sonora en Equipo publicamos toda la informaci\u00f3n de Sonora, M\u00e9xico y el Mundo de manera oportuna y busca que la libertad de expresi\u00f3n sea real. Visita nuestro medio informativo publicado desde Hermosillo, Sonora. %","breadcrumb":{"@id":"https:\/\/www.sonoraenequipo.com.mx\/conferencia-presidencial-del-5-de-octubre-gobierno-atiende-afectaciones-por-lluvia\/#breadcrumb"},"inLanguage":"es","potentialAction":[{"@type":"ReadAction","target":["https:\/\/www.sonoraenequipo.com.mx\/conferencia-presidencial-del-5-de-octubre-gobierno-atiende-afectaciones-por-lluvia\/"]}]},{"@type":"ImageObject","inLanguage":"es","@id":"https:\/\/www.sonoraenequipo.com.mx\/conferencia-presidencial-del-5-de-octubre-gobierno-atiende-afectaciones-por-lluvia\/#primaryimage","url":"https:\/\/www.sonoraenequipo.com.mx\/storage\/2020\/10\/lopez-obrador_opt6.jpg","contentUrl":"https:\/\/www.sonoraenequipo.com.mx\/storage\/2020\/10\/lopez-obrador_opt6.jpg","width":657,"height":438},{"@type":"BreadcrumbList","@id":"https:\/\/www.sonoraenequipo.com.mx\/conferencia-presidencial-del-5-de-octubre-gobierno-atiende-afectaciones-por-lluvia\/#breadcrumb","itemListElement":[{"@type":"ListItem","position":1,"name":"Portada","item":"https:\/\/www.sonoraenequipo.com.mx\/"},{"@type":"ListItem","position":2,"name":"Conferencia presidencial del 5 de octubre. Gobierno atiende afectaciones por lluvia"}]},{"@type":"WebSite","@id":"https:\/\/www.sonoraenequipo.com.mx\/#website","url":"https:\/\/www.sonoraenequipo.com.mx\/","name":"Sonora en Equipo.","description":"Diario en l\u00ednea con Noticias desde Hermosillo, Sonora","publisher":{"@id":"https:\/\/www.sonoraenequipo.com.mx\/#organization"},"potentialAction":[{"@type":"SearchAction","target":{"@type":"EntryPoint","urlTemplate":"https:\/\/www.sonoraenequipo.com.mx\/?s={search_term_string}"},"query-input":{"@type":"PropertyValueSpecification","valueRequired":true,"valueName":"search_term_string"}}],"inLanguage":"es"},{"@type":"Organization","@id":"https:\/\/www.sonoraenequipo.com.mx\/#organization","name":"Sonoraenequipo.com.mx","url":"https:\/\/www.sonoraenequipo.com.mx\/","logo":{"@type":"ImageObject","inLanguage":"es","@id":"https:\/\/www.sonoraenequipo.com.mx\/#\/schema\/logo\/image\/","url":"https:\/\/www.sonoraenequipo.com.mx\/storage\/2019\/01\/sonoraenequipo_opt.png","contentUrl":"https:\/\/www.sonoraenequipo.com.mx\/storage\/2019\/01\/sonoraenequipo_opt.png","width":375,"height":125,"caption":"Sonoraenequipo.com.mx"},"image":{"@id":"https:\/\/www.sonoraenequipo.com.mx\/#\/schema\/logo\/image\/"},"sameAs":["https:\/\/www.facebook.com\/SonoraEE\/","https:\/\/x.com\/sonoraenequipo","https:\/\/www.youtube.com\/channel\/UC338nW-lPEYmJQs4ZABQ1SQ"]},{"@type":"Person","@id":"https:\/\/www.sonoraenequipo.com.mx\/#\/schema\/person\/50102df0fb23a8fa9e8effad8fa81386","name":"enequipo","image":{"@type":"ImageObject","inLanguage":"es","@id":"https:\/\/www.sonoraenequipo.com.mx\/#\/schema\/person\/image\/","url":"https:\/\/secure.gravatar.com\/avatar\/049821681b589dabc0bc20695993ccebb09f5b5d4d790cd9251b97faac7c652b?s=96&d=blank&r=g","contentUrl":"https:\/\/secure.gravatar.com\/avatar\/049821681b589dabc0bc20695993ccebb09f5b5d4d790cd9251b97faac7c652b?s=96&d=blank&r=g","caption":"enequipo"},"sameAs":["https:\/\/www.facebook.com\/SonoraEE"]}]}},"jetpack_featured_media_url":"https:\/\/www.sonoraenequipo.com.mx\/storage\/2020\/10\/lopez-obrador_opt6.jpg","_links":{"self":[{"href":"https:\/\/www.sonoraenequipo.com.mx\/api\/wp\/v2\/posts\/96903","targetHints":{"allow":["GET"]}}],"collection":[{"href":"https:\/\/www.sonoraenequipo.com.mx\/api\/wp\/v2\/posts"}],"about":[{"href":"https:\/\/www.sonoraenequipo.com.mx\/api\/wp\/v2\/types\/post"}],"author":[{"embeddable":true,"href":"https:\/\/www.sonoraenequipo.com.mx\/api\/wp\/v2\/users\/1"}],"replies":[{"embeddable":true,"href":"https:\/\/www.sonoraenequipo.com.mx\/api\/wp\/v2\/comments?post=96903"}],"version-history":[{"count":1,"href":"https:\/\/www.sonoraenequipo.com.mx\/api\/wp\/v2\/posts\/96903\/revisions"}],"predecessor-version":[{"id":96905,"href":"https:\/\/www.sonoraenequipo.com.mx\/api\/wp\/v2\/posts\/96903\/revisions\/96905"}],"wp:featuredmedia":[{"embeddable":true,"href":"https:\/\/www.sonoraenequipo.com.mx\/api\/wp\/v2\/media\/96904"}],"wp:attachment":[{"href":"https:\/\/www.sonoraenequipo.com.mx\/api\/wp\/v2\/media?parent=96903"}],"wp:term":[{"taxonomy":"category","embeddable":true,"href":"https:\/\/www.sonoraenequipo.com.mx\/api\/wp\/v2\/categories?post=96903"},{"taxonomy":"post_tag","embeddable":true,"href":"https:\/\/www.sonoraenequipo.com.mx\/api\/wp\/v2\/tags?post=96903"}],"curies":[{"name":"wp","href":"https:\/\/api.w.org\/{rel}","templated":true}]}}