{"id":96906,"date":"2020-10-05T08:27:43","date_gmt":"2020-10-05T15:27:43","guid":{"rendered":"https:\/\/www.sonoraenequipo.com.mx\/?p=96906"},"modified":"2020-10-05T08:28:27","modified_gmt":"2020-10-05T15:28:27","slug":"tepjf-podria-posponer-la-renovacion-de-dirigencia-de-morena","status":"publish","type":"post","link":"https:\/\/www.sonoraenequipo.com.mx\/tepjf-podria-posponer-la-renovacion-de-dirigencia-de-morena\/","title":{"rendered":"TEPJF podr\u00eda posponer la renovaci\u00f3n de dirigencia de Morena"},"content":{"rendered":"<p>CIUDAD DE M\u00c9XICO. MX. \u2014 Por medio de su cuenta de Twitter, Delgado denunci\u00f3 que de aprobarse este proyecto se confirmar\u00eda que existen ciertas presiones externas sobre Morena para evitar que la gente decida en su movimiento.<\/p>\n<p>&nbsp;<\/p>\n<p> <\/p>\n<p>&nbsp;<\/p>\n<p>Este domingo (04.10.2020) se dio a conocer un presunto proyecto del Tribunal Electoral del Poder Judicial de la Federaci\u00f3n (TEPJF), donde se suspender\u00eda el proceso de renovaci\u00f3n de la dirigencia de Morena, por lo que la elecci\u00f3n ser\u00eda hasta despu\u00e9s de que concluya el proceso electoral 2020-2021.<\/p>\n<p>&nbsp;<\/p>\n<p>&nbsp;<\/p>\n<p>Lo anterior fue replicado por el legislador de Morena, Mario Delgado, quien comparti\u00f3 el proyecto de sentencia del TEPJF, con lo cual tambi\u00e9n confirm\u00f3 que la encuesta para la dirigencia de Morena se cancelar\u00eda.<\/p>\n<p>&nbsp;<\/p>\n<p>&nbsp;<\/p>\n<p>Por medio de su cuenta de Twitter, Delgado denunci\u00f3 que de aprobarse este proyecto se confirmar\u00eda que existen ciertas presiones externas sobre Morena para evitar que la gente decida en su movimiento.<\/p>\n<p>&nbsp;<\/p>\n<p>El coordinador de Morena en San L\u00e1zaro y aspirante a la dirigencia del partido comparti\u00f3 el proyecto del TEPJF por medio de su cuenta de Twitter, con lo que la dirigencia de Morena no sufrir\u00eda cambios por el momento.<\/p>\n<p>&nbsp;<\/p>\n<p>&nbsp;<\/p>\n<p>Lo anterior se da despu\u00e9s que la semana pasada, el INE dio a conocer los resultados de la encuesta de reconocimiento que definir\u00edan a los aspirantes finales a la dirigencia de Morena.<\/p>\n<p>&nbsp;<\/p>\n<p>&nbsp;<\/p>\n<p>De esta manera, de acuerdo con los datos ser\u00e1n cinco los aspirantes que contender\u00e1n: Mario Delgado, Porfirio Mu\u00f1oz Ledo, Yeidckol Polevnsky, adem\u00e1s de Adriana Men\u00e9ndez Romero e Hilda Mirna D\u00edaz Caballero.<\/p>\n<p>&nbsp;<\/p>\n<p>&nbsp;<\/p>\n<p>A pesar de que la encuesta abierta final se lleva a cabo desde el 2 de octubre y hasta el pr\u00f3ximo 8 de octubre, podr\u00eda ser frenada de confirmarse el documento que difundi\u00f3 Delgado sobre el proyecto del TEPJF<\/p>\n<p>&nbsp;<\/p>\n<p><a class=\"twitter-timeline\" data-width=\"640\" data-height=\"960\" data-dnt=\"true\" href=\"https:\/\/twitter.com\/mario_delgado?ref_src=twsrc%5Etfw\">Tweets by mario_delgado<\/a><script async src=\"https:\/\/platform.twitter.com\/widgets.js\" charset=\"utf-8\"><\/script><\/p>\n<p>(PUBLICADO EL 05\/10\/2020)<\/p>\n","protected":false},"excerpt":{"rendered":"<p>CIUDAD DE M\u00c9XICO. MX. \u2014 Por medio de su cuenta de Twitter, Delgado denunci\u00f3 que&#8230;<\/p>\n","protected":false},"author":1,"featured_media":96908,"comment_status":"open","ping_status":"open","sticky":false,"template":"","format":"standard","meta":{"_monsterinsights_skip_tracking":false,"_monsterinsights_sitenote_active":false,"_monsterinsights_sitenote_note":"","_monsterinsights_sitenote_category":0,"footnotes":""},"categories":[5],"tags":[],"class_list":["post"],"yoast_head":" \n<title>Sonora en Equipo. TEPJF podr\u00eda posponer la renovaci\u00f3n de dirigencia de Morena Rep\u00fablica<\/title>\n<meta name=\"description\" content=\"CIUDAD DE M\u00c9XICO. MX. \u2014 Por medio de su cuenta de Twitter, Delgado denunci\u00f3 que de aprobarse este proyecto se confirmar\u00eda que existen ciertas presiones En Sonora en Equipo publicamos toda la informaci\u00f3n de Sonora, M\u00e9xico y el Mundo de manera oportuna y busca que la libertad de expresi\u00f3n sea real. Visita nuestro medio informativo publicado desde Hermosillo, Sonora. %\" \/>\n<meta name=\"robots\" content=\"index, follow, max-snippet:-1, max-image-preview:large, max-video-preview:-1\" \/>\n<link rel=\"canonical\" href=\"https:\/\/www.sonoraenequipo.com.mx\/tepjf-podria-posponer-la-renovacion-de-dirigencia-de-morena\/\" \/>\n<meta property=\"og:locale\" content=\"es_ES\" \/>\n<meta property=\"og:type\" content=\"article\" \/>\n<meta property=\"og:title\" content=\"Sonora en Equipo. TEPJF podr\u00eda posponer la renovaci\u00f3n de dirigencia de Morena Rep\u00fablica\" \/>\n<meta property=\"og:description\" content=\"CIUDAD DE M\u00c9XICO. MX. \u2014 Por medio de su cuenta de Twitter, Delgado denunci\u00f3 que de aprobarse este proyecto se confirmar\u00eda que existen ciertas presiones En Sonora en Equipo publicamos toda la informaci\u00f3n de Sonora, M\u00e9xico y el Mundo de manera oportuna y busca que la libertad de expresi\u00f3n sea real. Visita nuestro medio informativo publicado desde Hermosillo, Sonora. %\" \/>\n<meta property=\"og:url\" content=\"https:\/\/www.sonoraenequipo.com.mx\/tepjf-podria-posponer-la-renovacion-de-dirigencia-de-morena\/\" \/>\n<meta property=\"og:site_name\" content=\"Sonora en Equipo.\" \/>\n<meta property=\"article:publisher\" content=\"https:\/\/www.facebook.com\/SonoraEE\/\" \/>\n<meta property=\"article:author\" content=\"https:\/\/www.facebook.com\/SonoraEE\" \/>\n<meta property=\"article:published_time\" content=\"2020-10-05T15:27:43+00:00\" \/>\n<meta property=\"article:modified_time\" content=\"2020-10-05T15:28:27+00:00\" \/>\n<meta property=\"og:image\" content=\"https:\/\/www.sonoraenequipo.com.mx\/storage\/2020\/10\/tribunal-federal_opt.jpg\" \/>\n\t<meta property=\"og:image:width\" content=\"780\" \/>\n\t<meta property=\"og:image:height\" content=\"438\" \/>\n\t<meta property=\"og:image:type\" content=\"image\/jpeg\" \/>\n<meta name=\"author\" content=\"enequipo\" \/>\n<meta name=\"twitter:card\" content=\"summary_large_image\" \/>\n<meta name=\"twitter:creator\" content=\"@sonoraenequipo\" \/>\n<meta name=\"twitter:site\" content=\"@sonoraenequipo\" \/>\n<meta name=\"twitter:label1\" content=\"Escrito por\" \/>\n\t<meta name=\"twitter:data1\" content=\"enequipo\" \/>\n\t<meta name=\"twitter:label2\" content=\"Tiempo de lectura\" \/>\n\t<meta name=\"twitter:data2\" content=\"2 minutos\" \/>\n<script type=\"application\/ld+json\" class=\"yoast-schema-graph\">{\"@context\":\"https:\/\/schema.org\",\"@graph\":[{\"@type\":\"Article\",\"@id\":\"https:\/\/www.sonoraenequipo.com.mx\/tepjf-podria-posponer-la-renovacion-de-dirigencia-de-morena\/#article\",\"isPartOf\":{\"@id\":\"https:\/\/www.sonoraenequipo.com.mx\/tepjf-podria-posponer-la-renovacion-de-dirigencia-de-morena\/\"},\"author\":{\"name\":\"enequipo\",\"@id\":\"https:\/\/www.sonoraenequipo.com.mx\/#\/schema\/person\/50102df0fb23a8fa9e8effad8fa81386\"},\"headline\":\"TEPJF podr\u00eda posponer la renovaci\u00f3n de dirigencia de Morena\",\"datePublished\":\"2020-10-05T15:27:43+00:00\",\"dateModified\":\"2020-10-05T15:28:27+00:00\",\"mainEntityOfPage\":{\"@id\":\"https:\/\/www.sonoraenequipo.com.mx\/tepjf-podria-posponer-la-renovacion-de-dirigencia-de-morena\/\"},\"wordCount\":342,\"commentCount\":0,\"publisher\":{\"@id\":\"https:\/\/www.sonoraenequipo.com.mx\/#organization\"},\"image\":{\"@id\":\"https:\/\/www.sonoraenequipo.com.mx\/tepjf-podria-posponer-la-renovacion-de-dirigencia-de-morena\/#primaryimage\"},\"thumbnailUrl\":\"https:\/\/www.sonoraenequipo.com.mx\/storage\/2020\/10\/tribunal-federal_opt.jpg\",\"articleSection\":[\"Rep\u00fablica\"],\"inLanguage\":\"es\",\"potentialAction\":[{\"@type\":\"CommentAction\",\"name\":\"Comment\",\"target\":[\"https:\/\/www.sonoraenequipo.com.mx\/tepjf-podria-posponer-la-renovacion-de-dirigencia-de-morena\/#respond\"]}]},{\"@type\":\"WebPage\",\"@id\":\"https:\/\/www.sonoraenequipo.com.mx\/tepjf-podria-posponer-la-renovacion-de-dirigencia-de-morena\/\",\"url\":\"https:\/\/www.sonoraenequipo.com.mx\/tepjf-podria-posponer-la-renovacion-de-dirigencia-de-morena\/\",\"name\":\"Sonora en Equipo. TEPJF podr\u00eda posponer la renovaci\u00f3n de dirigencia de Morena Rep\u00fablica\",\"isPartOf\":{\"@id\":\"https:\/\/www.sonoraenequipo.com.mx\/#website\"},\"primaryImageOfPage\":{\"@id\":\"https:\/\/www.sonoraenequipo.com.mx\/tepjf-podria-posponer-la-renovacion-de-dirigencia-de-morena\/#primaryimage\"},\"image\":{\"@id\":\"https:\/\/www.sonoraenequipo.com.mx\/tepjf-podria-posponer-la-renovacion-de-dirigencia-de-morena\/#primaryimage\"},\"thumbnailUrl\":\"https:\/\/www.sonoraenequipo.com.mx\/storage\/2020\/10\/tribunal-federal_opt.jpg\",\"datePublished\":\"2020-10-05T15:27:43+00:00\",\"dateModified\":\"2020-10-05T15:28:27+00:00\",\"description\":\"CIUDAD DE M\u00c9XICO. MX. \u2014 Por medio de su cuenta de Twitter, Delgado denunci\u00f3 que de aprobarse este proyecto se confirmar\u00eda que existen ciertas presiones En Sonora en Equipo publicamos toda la informaci\u00f3n de Sonora, M\u00e9xico y el Mundo de manera oportuna y busca que la libertad de expresi\u00f3n sea real. Visita nuestro medio informativo publicado desde Hermosillo, Sonora. %\",\"breadcrumb\":{\"@id\":\"https:\/\/www.sonoraenequipo.com.mx\/tepjf-podria-posponer-la-renovacion-de-dirigencia-de-morena\/#breadcrumb\"},\"inLanguage\":\"es\",\"potentialAction\":[{\"@type\":\"ReadAction\",\"target\":[\"https:\/\/www.sonoraenequipo.com.mx\/tepjf-podria-posponer-la-renovacion-de-dirigencia-de-morena\/\"]}]},{\"@type\":\"ImageObject\",\"inLanguage\":\"es\",\"@id\":\"https:\/\/www.sonoraenequipo.com.mx\/tepjf-podria-posponer-la-renovacion-de-dirigencia-de-morena\/#primaryimage\",\"url\":\"https:\/\/www.sonoraenequipo.com.mx\/storage\/2020\/10\/tribunal-federal_opt.jpg\",\"contentUrl\":\"https:\/\/www.sonoraenequipo.com.mx\/storage\/2020\/10\/tribunal-federal_opt.jpg\",\"width\":780,\"height\":438},{\"@type\":\"BreadcrumbList\",\"@id\":\"https:\/\/www.sonoraenequipo.com.mx\/tepjf-podria-posponer-la-renovacion-de-dirigencia-de-morena\/#breadcrumb\",\"itemListElement\":[{\"@type\":\"ListItem\",\"position\":1,\"name\":\"Portada\",\"item\":\"https:\/\/www.sonoraenequipo.com.mx\/\"},{\"@type\":\"ListItem\",\"position\":2,\"name\":\"TEPJF podr\u00eda posponer la renovaci\u00f3n de dirigencia de Morena\"}]},{\"@type\":\"WebSite\",\"@id\":\"https:\/\/www.sonoraenequipo.com.mx\/#website\",\"url\":\"https:\/\/www.sonoraenequipo.com.mx\/\",\"name\":\"Sonora en Equipo.\",\"description\":\"Diario en l\u00ednea con Noticias desde Hermosillo, Sonora\",\"publisher\":{\"@id\":\"https:\/\/www.sonoraenequipo.com.mx\/#organization\"},\"potentialAction\":[{\"@type\":\"SearchAction\",\"target\":{\"@type\":\"EntryPoint\",\"urlTemplate\":\"https:\/\/www.sonoraenequipo.com.mx\/?s={search_term_string}\"},\"query-input\":{\"@type\":\"PropertyValueSpecification\",\"valueRequired\":true,\"valueName\":\"search_term_string\"}}],\"inLanguage\":\"es\"},{\"@type\":\"Organization\",\"@id\":\"https:\/\/www.sonoraenequipo.com.mx\/#organization\",\"name\":\"Sonoraenequipo.com.mx\",\"url\":\"https:\/\/www.sonoraenequipo.com.mx\/\",\"logo\":{\"@type\":\"ImageObject\",\"inLanguage\":\"es\",\"@id\":\"https:\/\/www.sonoraenequipo.com.mx\/#\/schema\/logo\/image\/\",\"url\":\"https:\/\/www.sonoraenequipo.com.mx\/storage\/2019\/01\/sonoraenequipo_opt.png\",\"contentUrl\":\"https:\/\/www.sonoraenequipo.com.mx\/storage\/2019\/01\/sonoraenequipo_opt.png\",\"width\":375,\"height\":125,\"caption\":\"Sonoraenequipo.com.mx\"},\"image\":{\"@id\":\"https:\/\/www.sonoraenequipo.com.mx\/#\/schema\/logo\/image\/\"},\"sameAs\":[\"https:\/\/www.facebook.com\/SonoraEE\/\",\"https:\/\/x.com\/sonoraenequipo\",\"https:\/\/www.youtube.com\/channel\/UC338nW-lPEYmJQs4ZABQ1SQ\"]},{\"@type\":\"Person\",\"@id\":\"https:\/\/www.sonoraenequipo.com.mx\/#\/schema\/person\/50102df0fb23a8fa9e8effad8fa81386\",\"name\":\"enequipo\",\"image\":{\"@type\":\"ImageObject\",\"inLanguage\":\"es\",\"@id\":\"https:\/\/www.sonoraenequipo.com.mx\/#\/schema\/person\/image\/\",\"url\":\"https:\/\/secure.gravatar.com\/avatar\/049821681b589dabc0bc20695993ccebb09f5b5d4d790cd9251b97faac7c652b?s=96&d=blank&r=g\",\"contentUrl\":\"https:\/\/secure.gravatar.com\/avatar\/049821681b589dabc0bc20695993ccebb09f5b5d4d790cd9251b97faac7c652b?s=96&d=blank&r=g\",\"caption\":\"enequipo\"},\"sameAs\":[\"https:\/\/www.facebook.com\/SonoraEE\"]}]}<\/script>\n ","yoast_head_json":{"title":"Sonora en Equipo. TEPJF podr\u00eda posponer la renovaci\u00f3n de dirigencia de Morena Rep\u00fablica","description":"CIUDAD DE M\u00c9XICO. MX. \u2014 Por medio de su cuenta de Twitter, Delgado denunci\u00f3 que de aprobarse este proyecto se confirmar\u00eda que existen ciertas presiones En Sonora en Equipo publicamos toda la informaci\u00f3n de Sonora, M\u00e9xico y el Mundo de manera oportuna y busca que la libertad de expresi\u00f3n sea real. Visita nuestro medio informativo publicado desde Hermosillo, Sonora. %","robots":{"index":"index","follow":"follow","max-snippet":"max-snippet:-1","max-image-preview":"max-image-preview:large","max-video-preview":"max-video-preview:-1"},"canonical":"https:\/\/www.sonoraenequipo.com.mx\/tepjf-podria-posponer-la-renovacion-de-dirigencia-de-morena\/","og_locale":"es_ES","og_type":"article","og_title":"Sonora en Equipo. TEPJF podr\u00eda posponer la renovaci\u00f3n de dirigencia de Morena Rep\u00fablica","og_description":"CIUDAD DE M\u00c9XICO. MX. \u2014 Por medio de su cuenta de Twitter, Delgado denunci\u00f3 que de aprobarse este proyecto se confirmar\u00eda que existen ciertas presiones En Sonora en Equipo publicamos toda la informaci\u00f3n de Sonora, M\u00e9xico y el Mundo de manera oportuna y busca que la libertad de expresi\u00f3n sea real. Visita nuestro medio informativo publicado desde Hermosillo, Sonora. %","og_url":"https:\/\/www.sonoraenequipo.com.mx\/tepjf-podria-posponer-la-renovacion-de-dirigencia-de-morena\/","og_site_name":"Sonora en Equipo.","article_publisher":"https:\/\/www.facebook.com\/SonoraEE\/","article_author":"https:\/\/www.facebook.com\/SonoraEE","article_published_time":"2020-10-05T15:27:43+00:00","article_modified_time":"2020-10-05T15:28:27+00:00","og_image":[{"width":780,"height":438,"url":"https:\/\/www.sonoraenequipo.com.mx\/storage\/2020\/10\/tribunal-federal_opt.jpg","type":"image\/jpeg"}],"author":"enequipo","twitter_card":"summary_large_image","twitter_creator":"@sonoraenequipo","twitter_site":"@sonoraenequipo","twitter_misc":{"Escrito por":"enequipo","Tiempo de lectura":"2 minutos"},"schema":{"@context":"https:\/\/schema.org","@graph":[{"@type":"Article","@id":"https:\/\/www.sonoraenequipo.com.mx\/tepjf-podria-posponer-la-renovacion-de-dirigencia-de-morena\/#article","isPartOf":{"@id":"https:\/\/www.sonoraenequipo.com.mx\/tepjf-podria-posponer-la-renovacion-de-dirigencia-de-morena\/"},"author":{"name":"enequipo","@id":"https:\/\/www.sonoraenequipo.com.mx\/#\/schema\/person\/50102df0fb23a8fa9e8effad8fa81386"},"headline":"TEPJF podr\u00eda posponer la renovaci\u00f3n de dirigencia de Morena","datePublished":"2020-10-05T15:27:43+00:00","dateModified":"2020-10-05T15:28:27+00:00","mainEntityOfPage":{"@id":"https:\/\/www.sonoraenequipo.com.mx\/tepjf-podria-posponer-la-renovacion-de-dirigencia-de-morena\/"},"wordCount":342,"commentCount":0,"publisher":{"@id":"https:\/\/www.sonoraenequipo.com.mx\/#organization"},"image":{"@id":"https:\/\/www.sonoraenequipo.com.mx\/tepjf-podria-posponer-la-renovacion-de-dirigencia-de-morena\/#primaryimage"},"thumbnailUrl":"https:\/\/www.sonoraenequipo.com.mx\/storage\/2020\/10\/tribunal-federal_opt.jpg","articleSection":["Rep\u00fablica"],"inLanguage":"es","potentialAction":[{"@type":"CommentAction","name":"Comment","target":["https:\/\/www.sonoraenequipo.com.mx\/tepjf-podria-posponer-la-renovacion-de-dirigencia-de-morena\/#respond"]}]},{"@type":"WebPage","@id":"https:\/\/www.sonoraenequipo.com.mx\/tepjf-podria-posponer-la-renovacion-de-dirigencia-de-morena\/","url":"https:\/\/www.sonoraenequipo.com.mx\/tepjf-podria-posponer-la-renovacion-de-dirigencia-de-morena\/","name":"Sonora en Equipo. TEPJF podr\u00eda posponer la renovaci\u00f3n de dirigencia de Morena Rep\u00fablica","isPartOf":{"@id":"https:\/\/www.sonoraenequipo.com.mx\/#website"},"primaryImageOfPage":{"@id":"https:\/\/www.sonoraenequipo.com.mx\/tepjf-podria-posponer-la-renovacion-de-dirigencia-de-morena\/#primaryimage"},"image":{"@id":"https:\/\/www.sonoraenequipo.com.mx\/tepjf-podria-posponer-la-renovacion-de-dirigencia-de-morena\/#primaryimage"},"thumbnailUrl":"https:\/\/www.sonoraenequipo.com.mx\/storage\/2020\/10\/tribunal-federal_opt.jpg","datePublished":"2020-10-05T15:27:43+00:00","dateModified":"2020-10-05T15:28:27+00:00","description":"CIUDAD DE M\u00c9XICO. MX. \u2014 Por medio de su cuenta de Twitter, Delgado denunci\u00f3 que de aprobarse este proyecto se confirmar\u00eda que existen ciertas presiones En Sonora en Equipo publicamos toda la informaci\u00f3n de Sonora, M\u00e9xico y el Mundo de manera oportuna y busca que la libertad de expresi\u00f3n sea real. Visita nuestro medio informativo publicado desde Hermosillo, Sonora. %","breadcrumb":{"@id":"https:\/\/www.sonoraenequipo.com.mx\/tepjf-podria-posponer-la-renovacion-de-dirigencia-de-morena\/#breadcrumb"},"inLanguage":"es","potentialAction":[{"@type":"ReadAction","target":["https:\/\/www.sonoraenequipo.com.mx\/tepjf-podria-posponer-la-renovacion-de-dirigencia-de-morena\/"]}]},{"@type":"ImageObject","inLanguage":"es","@id":"https:\/\/www.sonoraenequipo.com.mx\/tepjf-podria-posponer-la-renovacion-de-dirigencia-de-morena\/#primaryimage","url":"https:\/\/www.sonoraenequipo.com.mx\/storage\/2020\/10\/tribunal-federal_opt.jpg","contentUrl":"https:\/\/www.sonoraenequipo.com.mx\/storage\/2020\/10\/tribunal-federal_opt.jpg","width":780,"height":438},{"@type":"BreadcrumbList","@id":"https:\/\/www.sonoraenequipo.com.mx\/tepjf-podria-posponer-la-renovacion-de-dirigencia-de-morena\/#breadcrumb","itemListElement":[{"@type":"ListItem","position":1,"name":"Portada","item":"https:\/\/www.sonoraenequipo.com.mx\/"},{"@type":"ListItem","position":2,"name":"TEPJF podr\u00eda posponer la renovaci\u00f3n de dirigencia de Morena"}]},{"@type":"WebSite","@id":"https:\/\/www.sonoraenequipo.com.mx\/#website","url":"https:\/\/www.sonoraenequipo.com.mx\/","name":"Sonora en Equipo.","description":"Diario en l\u00ednea con Noticias desde Hermosillo, Sonora","publisher":{"@id":"https:\/\/www.sonoraenequipo.com.mx\/#organization"},"potentialAction":[{"@type":"SearchAction","target":{"@type":"EntryPoint","urlTemplate":"https:\/\/www.sonoraenequipo.com.mx\/?s={search_term_string}"},"query-input":{"@type":"PropertyValueSpecification","valueRequired":true,"valueName":"search_term_string"}}],"inLanguage":"es"},{"@type":"Organization","@id":"https:\/\/www.sonoraenequipo.com.mx\/#organization","name":"Sonoraenequipo.com.mx","url":"https:\/\/www.sonoraenequipo.com.mx\/","logo":{"@type":"ImageObject","inLanguage":"es","@id":"https:\/\/www.sonoraenequipo.com.mx\/#\/schema\/logo\/image\/","url":"https:\/\/www.sonoraenequipo.com.mx\/storage\/2019\/01\/sonoraenequipo_opt.png","contentUrl":"https:\/\/www.sonoraenequipo.com.mx\/storage\/2019\/01\/sonoraenequipo_opt.png","width":375,"height":125,"caption":"Sonoraenequipo.com.mx"},"image":{"@id":"https:\/\/www.sonoraenequipo.com.mx\/#\/schema\/logo\/image\/"},"sameAs":["https:\/\/www.facebook.com\/SonoraEE\/","https:\/\/x.com\/sonoraenequipo","https:\/\/www.youtube.com\/channel\/UC338nW-lPEYmJQs4ZABQ1SQ"]},{"@type":"Person","@id":"https:\/\/www.sonoraenequipo.com.mx\/#\/schema\/person\/50102df0fb23a8fa9e8effad8fa81386","name":"enequipo","image":{"@type":"ImageObject","inLanguage":"es","@id":"https:\/\/www.sonoraenequipo.com.mx\/#\/schema\/person\/image\/","url":"https:\/\/secure.gravatar.com\/avatar\/049821681b589dabc0bc20695993ccebb09f5b5d4d790cd9251b97faac7c652b?s=96&d=blank&r=g","contentUrl":"https:\/\/secure.gravatar.com\/avatar\/049821681b589dabc0bc20695993ccebb09f5b5d4d790cd9251b97faac7c652b?s=96&d=blank&r=g","caption":"enequipo"},"sameAs":["https:\/\/www.facebook.com\/SonoraEE"]}]}},"jetpack_featured_media_url":"https:\/\/www.sonoraenequipo.com.mx\/storage\/2020\/10\/tribunal-federal_opt.jpg","_links":{"self":[{"href":"https:\/\/www.sonoraenequipo.com.mx\/api\/wp\/v2\/posts\/96906","targetHints":{"allow":["GET"]}}],"collection":[{"href":"https:\/\/www.sonoraenequipo.com.mx\/api\/wp\/v2\/posts"}],"about":[{"href":"https:\/\/www.sonoraenequipo.com.mx\/api\/wp\/v2\/types\/post"}],"author":[{"embeddable":true,"href":"https:\/\/www.sonoraenequipo.com.mx\/api\/wp\/v2\/users\/1"}],"replies":[{"embeddable":true,"href":"https:\/\/www.sonoraenequipo.com.mx\/api\/wp\/v2\/comments?post=96906"}],"version-history":[{"count":1,"href":"https:\/\/www.sonoraenequipo.com.mx\/api\/wp\/v2\/posts\/96906\/revisions"}],"predecessor-version":[{"id":96909,"href":"https:\/\/www.sonoraenequipo.com.mx\/api\/wp\/v2\/posts\/96906\/revisions\/96909"}],"wp:featuredmedia":[{"embeddable":true,"href":"https:\/\/www.sonoraenequipo.com.mx\/api\/wp\/v2\/media\/96908"}],"wp:attachment":[{"href":"https:\/\/www.sonoraenequipo.com.mx\/api\/wp\/v2\/media?parent=96906"}],"wp:term":[{"taxonomy":"category","embeddable":true,"href":"https:\/\/www.sonoraenequipo.com.mx\/api\/wp\/v2\/categories?post=96906"},{"taxonomy":"post_tag","embeddable":true,"href":"https:\/\/www.sonoraenequipo.com.mx\/api\/wp\/v2\/tags?post=96906"}],"curies":[{"name":"wp","href":"https:\/\/api.w.org\/{rel}","templated":true}]}}