{"id":97128,"date":"2020-10-07T23:53:37","date_gmt":"2020-10-08T06:53:37","guid":{"rendered":"https:\/\/www.sonoraenequipo.com.mx\/?p=97128"},"modified":"2020-10-07T13:56:55","modified_gmt":"2020-10-07T20:56:55","slug":"marte-esta-en-su-punto-mas-cercano-a-la-tierra-por-los-proximos-15-anos","status":"publish","type":"post","link":"https:\/\/www.sonoraenequipo.com.mx\/marte-esta-en-su-punto-mas-cercano-a-la-tierra-por-los-proximos-15-anos\/","title":{"rendered":"Marte est\u00e1 en su punto m\u00e1s cercano a la Tierra por los pr\u00f3ximos 15 a\u00f1os"},"content":{"rendered":"<p>ESPECIAL. \u2014 La semana pasada las fotograf\u00edas de la Luna llena abarrotaron las redes sociales, en ellas se ve\u00eda a un compa\u00f1ero luminoso y rojo: Marte. Esta semana el cuarto planeta del sistema solar se encuentra muy cerca de la Tierra, tanto que no lo veremos igual en los pr\u00f3ximos 15 a\u00f1os. En este momento se encuentra apenas a una distancia de 62.1 millones de kil\u00f3metros de distancia de la Tierra.<\/p>\n<p>&nbsp;<\/p>\n<h3>\nUna visita que tardar\u00e1 en volver<\/h3>\n<p>&nbsp;<\/p>\n<p>El 6 de octubre de 2020 fue el momento de mayor proximidad entre nuestro planeta y Marte. Las \u00f3rbitas de ambos planetas son el\u00edpticas, por su alargamiento es dif\u00edcil que coincidan con mucha frecuencia. Y estamos en un momento adecuado para ver de cerca a nuestro vecino.<\/p>\n<p>&nbsp;<\/p>\n<p>&nbsp;<\/p>\n<p>A\u00fan estamos lejos de la mayor cercan\u00eda posible entre la Tierra y Marte. Esta ocurre cuando nuestro planeta est\u00e1 en su punto m\u00e1s alejado del Sol (afelio) y el planeta rojo en el m\u00e1s cercano (perihelio). Cuando esto ocurre la distancia entre los dos planetas es de apenas 54.6 millones de kil\u00f3metros. En esta ocasi\u00f3n la distancia ser\u00e1 ligeramente mayor; sin embargo, sigue ofreciendo un espect\u00e1culo que vale la pena observar.<\/p>\n<p>&nbsp;<\/p>\n<p>&nbsp;<\/p>\n<p>Marte ser\u00e1 visible sin necesidad de equipo especial. A\u00fan si no cuentas con un telescopio es posible reconocer su brillo rojo. Ahora que si cuentas con uno el espect\u00e1culo ser\u00e1 todav\u00eda mejor. Existen distintas formas para encontrarlo en el cielo. Actualmente aplicaciones como Sky Map te ayudan a reconocer los distintos objetos celestes a partir de la ubicaci\u00f3n de tu tel\u00e9fono o computadora.<\/p>\n<p>&nbsp;<\/p>\n<p>&nbsp;<\/p>\n<p>Cuando la Tierra y Marte se encuentran en esa posici\u00f3n ideal de cercan\u00eda ocurre un fen\u00f3meno conocido como <em>\u201coposici\u00f3n\u201d.<\/em> \u00c9sta ocurre aproximadamente cada dos a\u00f1os pero no siempre se consigue la misma cercan\u00eda y ahora es un buen momento para apreciarla. Hasta ahora la oposici\u00f3n m\u00e1s cercana de la que se tiene registro ocurri\u00f3 en 2003, en aquel momento hubo una distancia de apenas 55.7 millones de kil\u00f3metros. En 2018 ocurri\u00f3 otra en donde nos separaron 57.6 millones de kil\u00f3metros del planeta rojo.<\/p>\n<p>&nbsp;<\/p>\n<p>&nbsp;<\/p>\n<p>El pr\u00f3ximo gran acercamiento de ambos planetas ocurrir\u00e1 en 2035. Para ese momento se calcula una separaci\u00f3n de 56.9 millones de kil\u00f3metros. Adem\u00e1s de las oposiciones existe otro fen\u00f3meno conocido como \u201cconjunci\u00f3n\u201d, que es el momento en que m\u00e1s se alejan entre s\u00ed porque ambos se encuentran en su afelio. Cuando esto ocurre la distancia que nos separa del planeta rojo es de 401 millones de kil\u00f3metros.<\/p>\n<p>&nbsp;<\/p>\n<p>&nbsp;<\/p>\n<p>La distancia tan corta entre ambos planetas es lo que permiti\u00f3 una ventana de lanzamiento tan larga para misiones espaciales este a\u00f1o. Estados Unidos, China y Emiratos \u00c1rabes Unidos ya tienen a sus respectivas misiones en viaje hacia Marte. Tambi\u00e9n la Agencia Espacial Europea (ESA) ten\u00eda planeado un viaje hacia el cuarto planeta pero la pandemia por Covid-19 oblig\u00f3 a retrasarlo hasta 2022.<\/p>\n<p>&nbsp;<\/p>\n<p>&nbsp;<\/p>\n<p>2022 ser\u00e1 otro a\u00f1o en que se enviar\u00e1n misiones de exploraci\u00f3n espacial a Marte. Cuando esto ocurra la distancia ser\u00e1 ligeramente mayor: 81.5 millones de kil\u00f3metros de distancia. Casi 20 millones de kil\u00f3metros en distancias espaciales es una distancia peque\u00f1a pero desde nuestro planeta la vista no ser\u00e1 tan afortunada. Para quienes disfrutan de observar el cielo este es un buen momento para estar atentos al planeta rojo, ya que no lo veremos as\u00ed hasta dentro de 15 a\u00f1os.<\/p>\n<p>&nbsp;<\/p>\n<p>&nbsp;<\/p>\n<p>(PUBLICADO EL 07\/10\/2020\/ Luis Moctezuma )<\/p>\n","protected":false},"excerpt":{"rendered":"<p>ESPECIAL. \u2014 La semana pasada las fotograf\u00edas de la Luna llena abarrotaron las redes sociales,&#8230;<\/p>\n","protected":false},"author":1,"featured_media":97106,"comment_status":"open","ping_status":"open","sticky":false,"template":"","format":"standard","meta":{"_monsterinsights_skip_tracking":false,"_monsterinsights_sitenote_active":false,"_monsterinsights_sitenote_note":"","_monsterinsights_sitenote_category":0,"footnotes":""},"categories":[2216],"tags":[],"class_list":["post"],"yoast_head":" \n<title>Sonora en Equipo. Marte est\u00e1 en su punto m\u00e1s cercano a la Tierra por los pr\u00f3ximos 15 a\u00f1os Ciencia y Tecnolog\u00eda<\/title>\n<meta name=\"description\" content=\"ESPECIAL. \u2014 La semana pasada las fotograf\u00edas de la Luna llena abarrotaron las redes sociales, en ellas se ve\u00eda a un compa\u00f1ero luminoso y rojo: Marte. Esta En Sonora en Equipo publicamos toda la informaci\u00f3n de Sonora, M\u00e9xico y el Mundo de manera oportuna y busca que la libertad de expresi\u00f3n sea real. Visita nuestro medio informativo publicado desde Hermosillo, Sonora. %\" \/>\n<meta name=\"robots\" content=\"index, follow, max-snippet:-1, max-image-preview:large, max-video-preview:-1\" \/>\n<link rel=\"canonical\" href=\"https:\/\/www.sonoraenequipo.com.mx\/marte-esta-en-su-punto-mas-cercano-a-la-tierra-por-los-proximos-15-anos\/\" \/>\n<meta property=\"og:locale\" content=\"es_ES\" \/>\n<meta property=\"og:type\" content=\"article\" \/>\n<meta property=\"og:title\" content=\"Sonora en Equipo. Marte est\u00e1 en su punto m\u00e1s cercano a la Tierra por los pr\u00f3ximos 15 a\u00f1os Ciencia y Tecnolog\u00eda\" \/>\n<meta property=\"og:description\" content=\"ESPECIAL. \u2014 La semana pasada las fotograf\u00edas de la Luna llena abarrotaron las redes sociales, en ellas se ve\u00eda a un compa\u00f1ero luminoso y rojo: Marte. Esta En Sonora en Equipo publicamos toda la informaci\u00f3n de Sonora, M\u00e9xico y el Mundo de manera oportuna y busca que la libertad de expresi\u00f3n sea real. Visita nuestro medio informativo publicado desde Hermosillo, Sonora. %\" \/>\n<meta property=\"og:url\" content=\"https:\/\/www.sonoraenequipo.com.mx\/marte-esta-en-su-punto-mas-cercano-a-la-tierra-por-los-proximos-15-anos\/\" \/>\n<meta property=\"og:site_name\" content=\"Sonora en Equipo.\" \/>\n<meta property=\"article:publisher\" content=\"https:\/\/www.facebook.com\/SonoraEE\/\" \/>\n<meta property=\"article:author\" content=\"https:\/\/www.facebook.com\/SonoraEE\" \/>\n<meta property=\"article:published_time\" content=\"2020-10-08T06:53:37+00:00\" \/>\n<meta property=\"og:image\" content=\"https:\/\/www.sonoraenequipo.com.mx\/storage\/2020\/10\/Marte_opt.jpg\" \/>\n\t<meta property=\"og:image:width\" content=\"500\" \/>\n\t<meta property=\"og:image:height\" content=\"500\" \/>\n\t<meta property=\"og:image:type\" content=\"image\/jpeg\" \/>\n<meta name=\"author\" content=\"enequipo\" \/>\n<meta name=\"twitter:card\" content=\"summary_large_image\" \/>\n<meta name=\"twitter:creator\" content=\"@sonoraenequipo\" \/>\n<meta name=\"twitter:site\" content=\"@sonoraenequipo\" \/>\n<meta name=\"twitter:label1\" content=\"Escrito por\" \/>\n\t<meta name=\"twitter:data1\" content=\"enequipo\" \/>\n\t<meta name=\"twitter:label2\" content=\"Tiempo de lectura\" \/>\n\t<meta name=\"twitter:data2\" content=\"3 minutos\" \/>\n<script type=\"application\/ld+json\" class=\"yoast-schema-graph\">{\"@context\":\"https:\/\/schema.org\",\"@graph\":[{\"@type\":\"Article\",\"@id\":\"https:\/\/www.sonoraenequipo.com.mx\/marte-esta-en-su-punto-mas-cercano-a-la-tierra-por-los-proximos-15-anos\/#article\",\"isPartOf\":{\"@id\":\"https:\/\/www.sonoraenequipo.com.mx\/marte-esta-en-su-punto-mas-cercano-a-la-tierra-por-los-proximos-15-anos\/\"},\"author\":{\"name\":\"enequipo\",\"@id\":\"https:\/\/www.sonoraenequipo.com.mx\/#\/schema\/person\/50102df0fb23a8fa9e8effad8fa81386\"},\"headline\":\"Marte est\u00e1 en su punto m\u00e1s cercano a la Tierra por los pr\u00f3ximos 15 a\u00f1os\",\"datePublished\":\"2020-10-08T06:53:37+00:00\",\"mainEntityOfPage\":{\"@id\":\"https:\/\/www.sonoraenequipo.com.mx\/marte-esta-en-su-punto-mas-cercano-a-la-tierra-por-los-proximos-15-anos\/\"},\"wordCount\":617,\"commentCount\":0,\"publisher\":{\"@id\":\"https:\/\/www.sonoraenequipo.com.mx\/#organization\"},\"image\":{\"@id\":\"https:\/\/www.sonoraenequipo.com.mx\/marte-esta-en-su-punto-mas-cercano-a-la-tierra-por-los-proximos-15-anos\/#primaryimage\"},\"thumbnailUrl\":\"https:\/\/www.sonoraenequipo.com.mx\/storage\/2020\/10\/Marte_opt.jpg\",\"articleSection\":[\"Ciencia y Tecnolog\u00eda\"],\"inLanguage\":\"es\",\"potentialAction\":[{\"@type\":\"CommentAction\",\"name\":\"Comment\",\"target\":[\"https:\/\/www.sonoraenequipo.com.mx\/marte-esta-en-su-punto-mas-cercano-a-la-tierra-por-los-proximos-15-anos\/#respond\"]}]},{\"@type\":\"WebPage\",\"@id\":\"https:\/\/www.sonoraenequipo.com.mx\/marte-esta-en-su-punto-mas-cercano-a-la-tierra-por-los-proximos-15-anos\/\",\"url\":\"https:\/\/www.sonoraenequipo.com.mx\/marte-esta-en-su-punto-mas-cercano-a-la-tierra-por-los-proximos-15-anos\/\",\"name\":\"Sonora en Equipo. Marte est\u00e1 en su punto m\u00e1s cercano a la Tierra por los pr\u00f3ximos 15 a\u00f1os Ciencia y Tecnolog\u00eda\",\"isPartOf\":{\"@id\":\"https:\/\/www.sonoraenequipo.com.mx\/#website\"},\"primaryImageOfPage\":{\"@id\":\"https:\/\/www.sonoraenequipo.com.mx\/marte-esta-en-su-punto-mas-cercano-a-la-tierra-por-los-proximos-15-anos\/#primaryimage\"},\"image\":{\"@id\":\"https:\/\/www.sonoraenequipo.com.mx\/marte-esta-en-su-punto-mas-cercano-a-la-tierra-por-los-proximos-15-anos\/#primaryimage\"},\"thumbnailUrl\":\"https:\/\/www.sonoraenequipo.com.mx\/storage\/2020\/10\/Marte_opt.jpg\",\"datePublished\":\"2020-10-08T06:53:37+00:00\",\"description\":\"ESPECIAL. \u2014 La semana pasada las fotograf\u00edas de la Luna llena abarrotaron las redes sociales, en ellas se ve\u00eda a un compa\u00f1ero luminoso y rojo: Marte. Esta En Sonora en Equipo publicamos toda la informaci\u00f3n de Sonora, M\u00e9xico y el Mundo de manera oportuna y busca que la libertad de expresi\u00f3n sea real. Visita nuestro medio informativo publicado desde Hermosillo, Sonora. %\",\"breadcrumb\":{\"@id\":\"https:\/\/www.sonoraenequipo.com.mx\/marte-esta-en-su-punto-mas-cercano-a-la-tierra-por-los-proximos-15-anos\/#breadcrumb\"},\"inLanguage\":\"es\",\"potentialAction\":[{\"@type\":\"ReadAction\",\"target\":[\"https:\/\/www.sonoraenequipo.com.mx\/marte-esta-en-su-punto-mas-cercano-a-la-tierra-por-los-proximos-15-anos\/\"]}]},{\"@type\":\"ImageObject\",\"inLanguage\":\"es\",\"@id\":\"https:\/\/www.sonoraenequipo.com.mx\/marte-esta-en-su-punto-mas-cercano-a-la-tierra-por-los-proximos-15-anos\/#primaryimage\",\"url\":\"https:\/\/www.sonoraenequipo.com.mx\/storage\/2020\/10\/Marte_opt.jpg\",\"contentUrl\":\"https:\/\/www.sonoraenequipo.com.mx\/storage\/2020\/10\/Marte_opt.jpg\",\"width\":500,\"height\":500},{\"@type\":\"BreadcrumbList\",\"@id\":\"https:\/\/www.sonoraenequipo.com.mx\/marte-esta-en-su-punto-mas-cercano-a-la-tierra-por-los-proximos-15-anos\/#breadcrumb\",\"itemListElement\":[{\"@type\":\"ListItem\",\"position\":1,\"name\":\"Portada\",\"item\":\"https:\/\/www.sonoraenequipo.com.mx\/\"},{\"@type\":\"ListItem\",\"position\":2,\"name\":\"Marte est\u00e1 en su punto m\u00e1s cercano a la Tierra por los pr\u00f3ximos 15 a\u00f1os\"}]},{\"@type\":\"WebSite\",\"@id\":\"https:\/\/www.sonoraenequipo.com.mx\/#website\",\"url\":\"https:\/\/www.sonoraenequipo.com.mx\/\",\"name\":\"Sonora en Equipo.\",\"description\":\"Diario en l\u00ednea con Noticias desde Hermosillo, Sonora\",\"publisher\":{\"@id\":\"https:\/\/www.sonoraenequipo.com.mx\/#organization\"},\"potentialAction\":[{\"@type\":\"SearchAction\",\"target\":{\"@type\":\"EntryPoint\",\"urlTemplate\":\"https:\/\/www.sonoraenequipo.com.mx\/?s={search_term_string}\"},\"query-input\":{\"@type\":\"PropertyValueSpecification\",\"valueRequired\":true,\"valueName\":\"search_term_string\"}}],\"inLanguage\":\"es\"},{\"@type\":\"Organization\",\"@id\":\"https:\/\/www.sonoraenequipo.com.mx\/#organization\",\"name\":\"Sonoraenequipo.com.mx\",\"url\":\"https:\/\/www.sonoraenequipo.com.mx\/\",\"logo\":{\"@type\":\"ImageObject\",\"inLanguage\":\"es\",\"@id\":\"https:\/\/www.sonoraenequipo.com.mx\/#\/schema\/logo\/image\/\",\"url\":\"https:\/\/www.sonoraenequipo.com.mx\/storage\/2019\/01\/sonoraenequipo_opt.png\",\"contentUrl\":\"https:\/\/www.sonoraenequipo.com.mx\/storage\/2019\/01\/sonoraenequipo_opt.png\",\"width\":375,\"height\":125,\"caption\":\"Sonoraenequipo.com.mx\"},\"image\":{\"@id\":\"https:\/\/www.sonoraenequipo.com.mx\/#\/schema\/logo\/image\/\"},\"sameAs\":[\"https:\/\/www.facebook.com\/SonoraEE\/\",\"https:\/\/x.com\/sonoraenequipo\",\"https:\/\/www.youtube.com\/channel\/UC338nW-lPEYmJQs4ZABQ1SQ\"]},{\"@type\":\"Person\",\"@id\":\"https:\/\/www.sonoraenequipo.com.mx\/#\/schema\/person\/50102df0fb23a8fa9e8effad8fa81386\",\"name\":\"enequipo\",\"image\":{\"@type\":\"ImageObject\",\"inLanguage\":\"es\",\"@id\":\"https:\/\/www.sonoraenequipo.com.mx\/#\/schema\/person\/image\/\",\"url\":\"https:\/\/secure.gravatar.com\/avatar\/049821681b589dabc0bc20695993ccebb09f5b5d4d790cd9251b97faac7c652b?s=96&d=blank&r=g\",\"contentUrl\":\"https:\/\/secure.gravatar.com\/avatar\/049821681b589dabc0bc20695993ccebb09f5b5d4d790cd9251b97faac7c652b?s=96&d=blank&r=g\",\"caption\":\"enequipo\"},\"sameAs\":[\"https:\/\/www.facebook.com\/SonoraEE\"]}]}<\/script>\n ","yoast_head_json":{"title":"Sonora en Equipo. Marte est\u00e1 en su punto m\u00e1s cercano a la Tierra por los pr\u00f3ximos 15 a\u00f1os Ciencia y Tecnolog\u00eda","description":"ESPECIAL. \u2014 La semana pasada las fotograf\u00edas de la Luna llena abarrotaron las redes sociales, en ellas se ve\u00eda a un compa\u00f1ero luminoso y rojo: Marte. Esta En Sonora en Equipo publicamos toda la informaci\u00f3n de Sonora, M\u00e9xico y el Mundo de manera oportuna y busca que la libertad de expresi\u00f3n sea real. Visita nuestro medio informativo publicado desde Hermosillo, Sonora. %","robots":{"index":"index","follow":"follow","max-snippet":"max-snippet:-1","max-image-preview":"max-image-preview:large","max-video-preview":"max-video-preview:-1"},"canonical":"https:\/\/www.sonoraenequipo.com.mx\/marte-esta-en-su-punto-mas-cercano-a-la-tierra-por-los-proximos-15-anos\/","og_locale":"es_ES","og_type":"article","og_title":"Sonora en Equipo. Marte est\u00e1 en su punto m\u00e1s cercano a la Tierra por los pr\u00f3ximos 15 a\u00f1os Ciencia y Tecnolog\u00eda","og_description":"ESPECIAL. \u2014 La semana pasada las fotograf\u00edas de la Luna llena abarrotaron las redes sociales, en ellas se ve\u00eda a un compa\u00f1ero luminoso y rojo: Marte. Esta En Sonora en Equipo publicamos toda la informaci\u00f3n de Sonora, M\u00e9xico y el Mundo de manera oportuna y busca que la libertad de expresi\u00f3n sea real. Visita nuestro medio informativo publicado desde Hermosillo, Sonora. %","og_url":"https:\/\/www.sonoraenequipo.com.mx\/marte-esta-en-su-punto-mas-cercano-a-la-tierra-por-los-proximos-15-anos\/","og_site_name":"Sonora en Equipo.","article_publisher":"https:\/\/www.facebook.com\/SonoraEE\/","article_author":"https:\/\/www.facebook.com\/SonoraEE","article_published_time":"2020-10-08T06:53:37+00:00","og_image":[{"width":500,"height":500,"url":"https:\/\/www.sonoraenequipo.com.mx\/storage\/2020\/10\/Marte_opt.jpg","type":"image\/jpeg"}],"author":"enequipo","twitter_card":"summary_large_image","twitter_creator":"@sonoraenequipo","twitter_site":"@sonoraenequipo","twitter_misc":{"Escrito por":"enequipo","Tiempo de lectura":"3 minutos"},"schema":{"@context":"https:\/\/schema.org","@graph":[{"@type":"Article","@id":"https:\/\/www.sonoraenequipo.com.mx\/marte-esta-en-su-punto-mas-cercano-a-la-tierra-por-los-proximos-15-anos\/#article","isPartOf":{"@id":"https:\/\/www.sonoraenequipo.com.mx\/marte-esta-en-su-punto-mas-cercano-a-la-tierra-por-los-proximos-15-anos\/"},"author":{"name":"enequipo","@id":"https:\/\/www.sonoraenequipo.com.mx\/#\/schema\/person\/50102df0fb23a8fa9e8effad8fa81386"},"headline":"Marte est\u00e1 en su punto m\u00e1s cercano a la Tierra por los pr\u00f3ximos 15 a\u00f1os","datePublished":"2020-10-08T06:53:37+00:00","mainEntityOfPage":{"@id":"https:\/\/www.sonoraenequipo.com.mx\/marte-esta-en-su-punto-mas-cercano-a-la-tierra-por-los-proximos-15-anos\/"},"wordCount":617,"commentCount":0,"publisher":{"@id":"https:\/\/www.sonoraenequipo.com.mx\/#organization"},"image":{"@id":"https:\/\/www.sonoraenequipo.com.mx\/marte-esta-en-su-punto-mas-cercano-a-la-tierra-por-los-proximos-15-anos\/#primaryimage"},"thumbnailUrl":"https:\/\/www.sonoraenequipo.com.mx\/storage\/2020\/10\/Marte_opt.jpg","articleSection":["Ciencia y Tecnolog\u00eda"],"inLanguage":"es","potentialAction":[{"@type":"CommentAction","name":"Comment","target":["https:\/\/www.sonoraenequipo.com.mx\/marte-esta-en-su-punto-mas-cercano-a-la-tierra-por-los-proximos-15-anos\/#respond"]}]},{"@type":"WebPage","@id":"https:\/\/www.sonoraenequipo.com.mx\/marte-esta-en-su-punto-mas-cercano-a-la-tierra-por-los-proximos-15-anos\/","url":"https:\/\/www.sonoraenequipo.com.mx\/marte-esta-en-su-punto-mas-cercano-a-la-tierra-por-los-proximos-15-anos\/","name":"Sonora en Equipo. Marte est\u00e1 en su punto m\u00e1s cercano a la Tierra por los pr\u00f3ximos 15 a\u00f1os Ciencia y Tecnolog\u00eda","isPartOf":{"@id":"https:\/\/www.sonoraenequipo.com.mx\/#website"},"primaryImageOfPage":{"@id":"https:\/\/www.sonoraenequipo.com.mx\/marte-esta-en-su-punto-mas-cercano-a-la-tierra-por-los-proximos-15-anos\/#primaryimage"},"image":{"@id":"https:\/\/www.sonoraenequipo.com.mx\/marte-esta-en-su-punto-mas-cercano-a-la-tierra-por-los-proximos-15-anos\/#primaryimage"},"thumbnailUrl":"https:\/\/www.sonoraenequipo.com.mx\/storage\/2020\/10\/Marte_opt.jpg","datePublished":"2020-10-08T06:53:37+00:00","description":"ESPECIAL. \u2014 La semana pasada las fotograf\u00edas de la Luna llena abarrotaron las redes sociales, en ellas se ve\u00eda a un compa\u00f1ero luminoso y rojo: Marte. Esta En Sonora en Equipo publicamos toda la informaci\u00f3n de Sonora, M\u00e9xico y el Mundo de manera oportuna y busca que la libertad de expresi\u00f3n sea real. Visita nuestro medio informativo publicado desde Hermosillo, Sonora. %","breadcrumb":{"@id":"https:\/\/www.sonoraenequipo.com.mx\/marte-esta-en-su-punto-mas-cercano-a-la-tierra-por-los-proximos-15-anos\/#breadcrumb"},"inLanguage":"es","potentialAction":[{"@type":"ReadAction","target":["https:\/\/www.sonoraenequipo.com.mx\/marte-esta-en-su-punto-mas-cercano-a-la-tierra-por-los-proximos-15-anos\/"]}]},{"@type":"ImageObject","inLanguage":"es","@id":"https:\/\/www.sonoraenequipo.com.mx\/marte-esta-en-su-punto-mas-cercano-a-la-tierra-por-los-proximos-15-anos\/#primaryimage","url":"https:\/\/www.sonoraenequipo.com.mx\/storage\/2020\/10\/Marte_opt.jpg","contentUrl":"https:\/\/www.sonoraenequipo.com.mx\/storage\/2020\/10\/Marte_opt.jpg","width":500,"height":500},{"@type":"BreadcrumbList","@id":"https:\/\/www.sonoraenequipo.com.mx\/marte-esta-en-su-punto-mas-cercano-a-la-tierra-por-los-proximos-15-anos\/#breadcrumb","itemListElement":[{"@type":"ListItem","position":1,"name":"Portada","item":"https:\/\/www.sonoraenequipo.com.mx\/"},{"@type":"ListItem","position":2,"name":"Marte est\u00e1 en su punto m\u00e1s cercano a la Tierra por los pr\u00f3ximos 15 a\u00f1os"}]},{"@type":"WebSite","@id":"https:\/\/www.sonoraenequipo.com.mx\/#website","url":"https:\/\/www.sonoraenequipo.com.mx\/","name":"Sonora en Equipo.","description":"Diario en l\u00ednea con Noticias desde Hermosillo, Sonora","publisher":{"@id":"https:\/\/www.sonoraenequipo.com.mx\/#organization"},"potentialAction":[{"@type":"SearchAction","target":{"@type":"EntryPoint","urlTemplate":"https:\/\/www.sonoraenequipo.com.mx\/?s={search_term_string}"},"query-input":{"@type":"PropertyValueSpecification","valueRequired":true,"valueName":"search_term_string"}}],"inLanguage":"es"},{"@type":"Organization","@id":"https:\/\/www.sonoraenequipo.com.mx\/#organization","name":"Sonoraenequipo.com.mx","url":"https:\/\/www.sonoraenequipo.com.mx\/","logo":{"@type":"ImageObject","inLanguage":"es","@id":"https:\/\/www.sonoraenequipo.com.mx\/#\/schema\/logo\/image\/","url":"https:\/\/www.sonoraenequipo.com.mx\/storage\/2019\/01\/sonoraenequipo_opt.png","contentUrl":"https:\/\/www.sonoraenequipo.com.mx\/storage\/2019\/01\/sonoraenequipo_opt.png","width":375,"height":125,"caption":"Sonoraenequipo.com.mx"},"image":{"@id":"https:\/\/www.sonoraenequipo.com.mx\/#\/schema\/logo\/image\/"},"sameAs":["https:\/\/www.facebook.com\/SonoraEE\/","https:\/\/x.com\/sonoraenequipo","https:\/\/www.youtube.com\/channel\/UC338nW-lPEYmJQs4ZABQ1SQ"]},{"@type":"Person","@id":"https:\/\/www.sonoraenequipo.com.mx\/#\/schema\/person\/50102df0fb23a8fa9e8effad8fa81386","name":"enequipo","image":{"@type":"ImageObject","inLanguage":"es","@id":"https:\/\/www.sonoraenequipo.com.mx\/#\/schema\/person\/image\/","url":"https:\/\/secure.gravatar.com\/avatar\/049821681b589dabc0bc20695993ccebb09f5b5d4d790cd9251b97faac7c652b?s=96&d=blank&r=g","contentUrl":"https:\/\/secure.gravatar.com\/avatar\/049821681b589dabc0bc20695993ccebb09f5b5d4d790cd9251b97faac7c652b?s=96&d=blank&r=g","caption":"enequipo"},"sameAs":["https:\/\/www.facebook.com\/SonoraEE"]}]}},"jetpack_featured_media_url":"https:\/\/www.sonoraenequipo.com.mx\/storage\/2020\/10\/Marte_opt.jpg","_links":{"self":[{"href":"https:\/\/www.sonoraenequipo.com.mx\/api\/wp\/v2\/posts\/97128","targetHints":{"allow":["GET"]}}],"collection":[{"href":"https:\/\/www.sonoraenequipo.com.mx\/api\/wp\/v2\/posts"}],"about":[{"href":"https:\/\/www.sonoraenequipo.com.mx\/api\/wp\/v2\/types\/post"}],"author":[{"embeddable":true,"href":"https:\/\/www.sonoraenequipo.com.mx\/api\/wp\/v2\/users\/1"}],"replies":[{"embeddable":true,"href":"https:\/\/www.sonoraenequipo.com.mx\/api\/wp\/v2\/comments?post=97128"}],"version-history":[{"count":1,"href":"https:\/\/www.sonoraenequipo.com.mx\/api\/wp\/v2\/posts\/97128\/revisions"}],"predecessor-version":[{"id":97129,"href":"https:\/\/www.sonoraenequipo.com.mx\/api\/wp\/v2\/posts\/97128\/revisions\/97129"}],"wp:featuredmedia":[{"embeddable":true,"href":"https:\/\/www.sonoraenequipo.com.mx\/api\/wp\/v2\/media\/97106"}],"wp:attachment":[{"href":"https:\/\/www.sonoraenequipo.com.mx\/api\/wp\/v2\/media?parent=97128"}],"wp:term":[{"taxonomy":"category","embeddable":true,"href":"https:\/\/www.sonoraenequipo.com.mx\/api\/wp\/v2\/categories?post=97128"},{"taxonomy":"post_tag","embeddable":true,"href":"https:\/\/www.sonoraenequipo.com.mx\/api\/wp\/v2\/tags?post=97128"}],"curies":[{"name":"wp","href":"https:\/\/api.w.org\/{rel}","templated":true}]}}