{"id":97195,"date":"2020-10-07T23:55:08","date_gmt":"2020-10-08T06:55:08","guid":{"rendered":"https:\/\/www.sonoraenequipo.com.mx\/?p=97195"},"modified":"2020-10-07T20:51:09","modified_gmt":"2020-10-08T03:51:09","slug":"interpone-denuncia-gobierno-de-baja-california-por-venta-de-actas-de-nacimiento","status":"publish","type":"post","link":"https:\/\/www.sonoraenequipo.com.mx\/interpone-denuncia-gobierno-de-baja-california-por-venta-de-actas-de-nacimiento\/","title":{"rendered":"Interpone denuncia Gobierno de Baja California por venta de actas de nacimiento"},"content":{"rendered":"<p>TIJUANA, BAJA CALIFORNIA. MX. \u2014 El Gobierno de Baja California, a trav\u00e9s del \u00e1rea jur\u00eddica interpuso ante la Fiscal\u00eda General del Estado (FGE), la denuncia contra quien resulte responsable por la venta de actas de nacimiento falsas, que se venden en el sitio registro civil online, <strong><a href=\"https:\/\/registrocivil-online.net\/#\/intro.\">https:\/\/registrocivil-online.net\/#\/intro.<\/a><\/strong><\/p>\n<p>&nbsp;<\/p>\n<p><em>\u201cEs una instrucci\u00f3n que nos dio el del Secretario General de Gobierno, Amador Rodr\u00edguez Lozano; no vamos permitir actos de corrupci\u00f3n como el que sucedi\u00f3 cuando vend\u00edan actas de otros estados con la firma de un ex director de registro civil, ni estos sitios en internet que enga\u00f1an a la gente al venderles un acta ap\u00f3crifa, lo cual a todas luces es un delito\u201d,<\/em> dijo la Directora de Registro Civil Estatal, Paloma Alegr\u00eda Murrieta.<\/p>\n<p>&nbsp;<\/p>\n<p>&nbsp;<\/p>\n<p>La funcionaria, acompa\u00f1ada del director Jur\u00eddico Para el Combate a la Corrupci\u00f3n, Jos\u00e9 Luis D\u00edaz Mart\u00ednez, coment\u00f3 que esta denuncia se interpuso en el \u00e1rea de la polic\u00eda cibern\u00e9tica de la FGE, y es contra quien resulte responsable por los delitos de fraude, m\u00e1s las violaciones que resulten de la investigaci\u00f3n.<\/p>\n<p>&nbsp;<\/p>\n<p>&nbsp;<\/p>\n<p>La Directora de Registro Civil Estatal, Paloma Alegr\u00eda Murrieta, dijo nuevamente que el \u00fanico sitio oficial para buscar el acta de nacimiento es el del Gobierno de M\u00e9xico, en la direcci\u00f3n, <a href=\"https:\/\/www.gob.mx\/ActaNacimiento\/.\"><strong>https:\/\/www.gob.mx\/ActaNacimiento\/.<\/strong><\/a><\/p>\n<p>&nbsp;<\/p>\n<p>&nbsp;<\/p>\n<p>(PUBLICADO EL 07\/10\/2020 \/ V\u00edctor Adri\u00e1n Ram\u00edrez)<\/p>\n","protected":false},"excerpt":{"rendered":"<p>TIJUANA, BAJA CALIFORNIA. MX. \u2014 El Gobierno de Baja California, a trav\u00e9s del \u00e1rea jur\u00eddica&#8230;<\/p>\n","protected":false},"author":1,"featured_media":97182,"comment_status":"open","ping_status":"open","sticky":false,"template":"","format":"standard","meta":{"_monsterinsights_skip_tracking":false,"_monsterinsights_sitenote_active":false,"_monsterinsights_sitenote_note":"","_monsterinsights_sitenote_category":0,"footnotes":""},"categories":[5],"tags":[4909,4907,4908],"class_list":["post"],"yoast_head":" \n<title>Interpone denuncia Gobierno de Baja California por venta de actas de nacimiento Sonora en Equipo.<\/title>\n<meta name=\"description\" content=\"TIJUANA, BAJA CALIFORNIA. MX. \u2014 El Gobierno de Baja California, a trav\u00e9s del \u00e1rea jur\u00eddica interpuso ante la Fiscal\u00eda General del Estado (FGE), la En Sonora en Equipo publicamos toda la informaci\u00f3n de Sonora, M\u00e9xico y el Mundo de manera oportuna y busca que la libertad de expresi\u00f3n sea real. Visita nuestro medio informativo publicado desde Hermosillo, Sonora. %\" \/>\n<meta name=\"robots\" content=\"index, follow, max-snippet:-1, max-image-preview:large, max-video-preview:-1\" \/>\n<link rel=\"canonical\" href=\"https:\/\/www.sonoraenequipo.com.mx\/interpone-denuncia-gobierno-de-baja-california-por-venta-de-actas-de-nacimiento\/\" \/>\n<meta property=\"og:locale\" content=\"es_ES\" \/>\n<meta property=\"og:type\" content=\"article\" \/>\n<meta property=\"og:title\" content=\"Interpone denuncia Gobierno de Baja California por venta de actas de nacimiento Sonora en Equipo.\" \/>\n<meta property=\"og:description\" content=\"TIJUANA, BAJA CALIFORNIA. MX. \u2014 El Gobierno de Baja California, a trav\u00e9s del \u00e1rea jur\u00eddica interpuso ante la Fiscal\u00eda General del Estado (FGE), la En Sonora en Equipo publicamos toda la informaci\u00f3n de Sonora, M\u00e9xico y el Mundo de manera oportuna y busca que la libertad de expresi\u00f3n sea real. Visita nuestro medio informativo publicado desde Hermosillo, Sonora. %\" \/>\n<meta property=\"og:url\" content=\"https:\/\/www.sonoraenequipo.com.mx\/interpone-denuncia-gobierno-de-baja-california-por-venta-de-actas-de-nacimiento\/\" \/>\n<meta property=\"og:site_name\" content=\"Sonora en Equipo.\" \/>\n<meta property=\"article:publisher\" content=\"https:\/\/www.facebook.com\/SonoraEE\/\" \/>\n<meta property=\"article:author\" content=\"https:\/\/www.facebook.com\/SonoraEE\" \/>\n<meta property=\"article:published_time\" content=\"2020-10-08T06:55:08+00:00\" \/>\n<meta property=\"og:image\" content=\"https:\/\/www.sonoraenequipo.com.mx\/storage\/2020\/10\/venta-de-actas-de-nacimiento_opt.jpg\" \/>\n\t<meta property=\"og:image:width\" content=\"711\" \/>\n\t<meta property=\"og:image:height\" content=\"400\" \/>\n\t<meta property=\"og:image:type\" content=\"image\/jpeg\" \/>\n<meta name=\"author\" content=\"enequipo\" \/>\n<meta name=\"twitter:card\" content=\"summary_large_image\" \/>\n<meta name=\"twitter:creator\" content=\"@sonoraenequipo\" \/>\n<meta name=\"twitter:site\" content=\"@sonoraenequipo\" \/>\n<meta name=\"twitter:label1\" content=\"Escrito por\" \/>\n\t<meta name=\"twitter:data1\" content=\"enequipo\" \/>\n\t<meta name=\"twitter:label2\" content=\"Tiempo de lectura\" \/>\n\t<meta name=\"twitter:data2\" content=\"1 minuto\" \/>\n<script type=\"application\/ld+json\" class=\"yoast-schema-graph\">{\"@context\":\"https:\/\/schema.org\",\"@graph\":[{\"@type\":\"Article\",\"@id\":\"https:\/\/www.sonoraenequipo.com.mx\/interpone-denuncia-gobierno-de-baja-california-por-venta-de-actas-de-nacimiento\/#article\",\"isPartOf\":{\"@id\":\"https:\/\/www.sonoraenequipo.com.mx\/interpone-denuncia-gobierno-de-baja-california-por-venta-de-actas-de-nacimiento\/\"},\"author\":{\"name\":\"enequipo\",\"@id\":\"https:\/\/www.sonoraenequipo.com.mx\/#\/schema\/person\/50102df0fb23a8fa9e8effad8fa81386\"},\"headline\":\"Interpone denuncia Gobierno de Baja California por venta de actas de nacimiento\",\"datePublished\":\"2020-10-08T06:55:08+00:00\",\"mainEntityOfPage\":{\"@id\":\"https:\/\/www.sonoraenequipo.com.mx\/interpone-denuncia-gobierno-de-baja-california-por-venta-de-actas-de-nacimiento\/\"},\"wordCount\":259,\"commentCount\":0,\"publisher\":{\"@id\":\"https:\/\/www.sonoraenequipo.com.mx\/#organization\"},\"image\":{\"@id\":\"https:\/\/www.sonoraenequipo.com.mx\/interpone-denuncia-gobierno-de-baja-california-por-venta-de-actas-de-nacimiento\/#primaryimage\"},\"thumbnailUrl\":\"https:\/\/www.sonoraenequipo.com.mx\/storage\/2020\/10\/venta-de-actas-de-nacimiento_opt.jpg\",\"keywords\":[\"Actas de nacimiento falsas\",\"Fiscal\u00eda General del Estado (FGE)\",\"venta de actas de nacimiento\"],\"articleSection\":[\"Rep\u00fablica\"],\"inLanguage\":\"es\",\"potentialAction\":[{\"@type\":\"CommentAction\",\"name\":\"Comment\",\"target\":[\"https:\/\/www.sonoraenequipo.com.mx\/interpone-denuncia-gobierno-de-baja-california-por-venta-de-actas-de-nacimiento\/#respond\"]}]},{\"@type\":\"WebPage\",\"@id\":\"https:\/\/www.sonoraenequipo.com.mx\/interpone-denuncia-gobierno-de-baja-california-por-venta-de-actas-de-nacimiento\/\",\"url\":\"https:\/\/www.sonoraenequipo.com.mx\/interpone-denuncia-gobierno-de-baja-california-por-venta-de-actas-de-nacimiento\/\",\"name\":\"Interpone denuncia Gobierno de Baja California por venta de actas de nacimiento Sonora en Equipo.\",\"isPartOf\":{\"@id\":\"https:\/\/www.sonoraenequipo.com.mx\/#website\"},\"primaryImageOfPage\":{\"@id\":\"https:\/\/www.sonoraenequipo.com.mx\/interpone-denuncia-gobierno-de-baja-california-por-venta-de-actas-de-nacimiento\/#primaryimage\"},\"image\":{\"@id\":\"https:\/\/www.sonoraenequipo.com.mx\/interpone-denuncia-gobierno-de-baja-california-por-venta-de-actas-de-nacimiento\/#primaryimage\"},\"thumbnailUrl\":\"https:\/\/www.sonoraenequipo.com.mx\/storage\/2020\/10\/venta-de-actas-de-nacimiento_opt.jpg\",\"datePublished\":\"2020-10-08T06:55:08+00:00\",\"description\":\"TIJUANA, BAJA CALIFORNIA. MX. \u2014 El Gobierno de Baja California, a trav\u00e9s del \u00e1rea jur\u00eddica interpuso ante la Fiscal\u00eda General del Estado (FGE), la En Sonora en Equipo publicamos toda la informaci\u00f3n de Sonora, M\u00e9xico y el Mundo de manera oportuna y busca que la libertad de expresi\u00f3n sea real. Visita nuestro medio informativo publicado desde Hermosillo, Sonora. %\",\"breadcrumb\":{\"@id\":\"https:\/\/www.sonoraenequipo.com.mx\/interpone-denuncia-gobierno-de-baja-california-por-venta-de-actas-de-nacimiento\/#breadcrumb\"},\"inLanguage\":\"es\",\"potentialAction\":[{\"@type\":\"ReadAction\",\"target\":[\"https:\/\/www.sonoraenequipo.com.mx\/interpone-denuncia-gobierno-de-baja-california-por-venta-de-actas-de-nacimiento\/\"]}]},{\"@type\":\"ImageObject\",\"inLanguage\":\"es\",\"@id\":\"https:\/\/www.sonoraenequipo.com.mx\/interpone-denuncia-gobierno-de-baja-california-por-venta-de-actas-de-nacimiento\/#primaryimage\",\"url\":\"https:\/\/www.sonoraenequipo.com.mx\/storage\/2020\/10\/venta-de-actas-de-nacimiento_opt.jpg\",\"contentUrl\":\"https:\/\/www.sonoraenequipo.com.mx\/storage\/2020\/10\/venta-de-actas-de-nacimiento_opt.jpg\",\"width\":711,\"height\":400},{\"@type\":\"BreadcrumbList\",\"@id\":\"https:\/\/www.sonoraenequipo.com.mx\/interpone-denuncia-gobierno-de-baja-california-por-venta-de-actas-de-nacimiento\/#breadcrumb\",\"itemListElement\":[{\"@type\":\"ListItem\",\"position\":1,\"name\":\"Portada\",\"item\":\"https:\/\/www.sonoraenequipo.com.mx\/\"},{\"@type\":\"ListItem\",\"position\":2,\"name\":\"Interpone denuncia Gobierno de Baja California por venta de actas de nacimiento\"}]},{\"@type\":\"WebSite\",\"@id\":\"https:\/\/www.sonoraenequipo.com.mx\/#website\",\"url\":\"https:\/\/www.sonoraenequipo.com.mx\/\",\"name\":\"Sonora en Equipo.\",\"description\":\"Diario en l\u00ednea con Noticias desde Hermosillo, Sonora\",\"publisher\":{\"@id\":\"https:\/\/www.sonoraenequipo.com.mx\/#organization\"},\"potentialAction\":[{\"@type\":\"SearchAction\",\"target\":{\"@type\":\"EntryPoint\",\"urlTemplate\":\"https:\/\/www.sonoraenequipo.com.mx\/?s={search_term_string}\"},\"query-input\":{\"@type\":\"PropertyValueSpecification\",\"valueRequired\":true,\"valueName\":\"search_term_string\"}}],\"inLanguage\":\"es\"},{\"@type\":\"Organization\",\"@id\":\"https:\/\/www.sonoraenequipo.com.mx\/#organization\",\"name\":\"Sonoraenequipo.com.mx\",\"url\":\"https:\/\/www.sonoraenequipo.com.mx\/\",\"logo\":{\"@type\":\"ImageObject\",\"inLanguage\":\"es\",\"@id\":\"https:\/\/www.sonoraenequipo.com.mx\/#\/schema\/logo\/image\/\",\"url\":\"https:\/\/www.sonoraenequipo.com.mx\/storage\/2019\/01\/sonoraenequipo_opt.png\",\"contentUrl\":\"https:\/\/www.sonoraenequipo.com.mx\/storage\/2019\/01\/sonoraenequipo_opt.png\",\"width\":375,\"height\":125,\"caption\":\"Sonoraenequipo.com.mx\"},\"image\":{\"@id\":\"https:\/\/www.sonoraenequipo.com.mx\/#\/schema\/logo\/image\/\"},\"sameAs\":[\"https:\/\/www.facebook.com\/SonoraEE\/\",\"https:\/\/x.com\/sonoraenequipo\",\"https:\/\/www.youtube.com\/channel\/UC338nW-lPEYmJQs4ZABQ1SQ\"]},{\"@type\":\"Person\",\"@id\":\"https:\/\/www.sonoraenequipo.com.mx\/#\/schema\/person\/50102df0fb23a8fa9e8effad8fa81386\",\"name\":\"enequipo\",\"image\":{\"@type\":\"ImageObject\",\"inLanguage\":\"es\",\"@id\":\"https:\/\/www.sonoraenequipo.com.mx\/#\/schema\/person\/image\/\",\"url\":\"https:\/\/secure.gravatar.com\/avatar\/049821681b589dabc0bc20695993ccebb09f5b5d4d790cd9251b97faac7c652b?s=96&d=blank&r=g\",\"contentUrl\":\"https:\/\/secure.gravatar.com\/avatar\/049821681b589dabc0bc20695993ccebb09f5b5d4d790cd9251b97faac7c652b?s=96&d=blank&r=g\",\"caption\":\"enequipo\"},\"sameAs\":[\"https:\/\/www.facebook.com\/SonoraEE\"]}]}<\/script>\n ","yoast_head_json":{"title":"Interpone denuncia Gobierno de Baja California por venta de actas de nacimiento Sonora en Equipo.","description":"TIJUANA, BAJA CALIFORNIA. MX. \u2014 El Gobierno de Baja California, a trav\u00e9s del \u00e1rea jur\u00eddica interpuso ante la Fiscal\u00eda General del Estado (FGE), la En Sonora en Equipo publicamos toda la informaci\u00f3n de Sonora, M\u00e9xico y el Mundo de manera oportuna y busca que la libertad de expresi\u00f3n sea real. Visita nuestro medio informativo publicado desde Hermosillo, Sonora. %","robots":{"index":"index","follow":"follow","max-snippet":"max-snippet:-1","max-image-preview":"max-image-preview:large","max-video-preview":"max-video-preview:-1"},"canonical":"https:\/\/www.sonoraenequipo.com.mx\/interpone-denuncia-gobierno-de-baja-california-por-venta-de-actas-de-nacimiento\/","og_locale":"es_ES","og_type":"article","og_title":"Interpone denuncia Gobierno de Baja California por venta de actas de nacimiento Sonora en Equipo.","og_description":"TIJUANA, BAJA CALIFORNIA. MX. \u2014 El Gobierno de Baja California, a trav\u00e9s del \u00e1rea jur\u00eddica interpuso ante la Fiscal\u00eda General del Estado (FGE), la En Sonora en Equipo publicamos toda la informaci\u00f3n de Sonora, M\u00e9xico y el Mundo de manera oportuna y busca que la libertad de expresi\u00f3n sea real. Visita nuestro medio informativo publicado desde Hermosillo, Sonora. %","og_url":"https:\/\/www.sonoraenequipo.com.mx\/interpone-denuncia-gobierno-de-baja-california-por-venta-de-actas-de-nacimiento\/","og_site_name":"Sonora en Equipo.","article_publisher":"https:\/\/www.facebook.com\/SonoraEE\/","article_author":"https:\/\/www.facebook.com\/SonoraEE","article_published_time":"2020-10-08T06:55:08+00:00","og_image":[{"width":711,"height":400,"url":"https:\/\/www.sonoraenequipo.com.mx\/storage\/2020\/10\/venta-de-actas-de-nacimiento_opt.jpg","type":"image\/jpeg"}],"author":"enequipo","twitter_card":"summary_large_image","twitter_creator":"@sonoraenequipo","twitter_site":"@sonoraenequipo","twitter_misc":{"Escrito por":"enequipo","Tiempo de lectura":"1 minuto"},"schema":{"@context":"https:\/\/schema.org","@graph":[{"@type":"Article","@id":"https:\/\/www.sonoraenequipo.com.mx\/interpone-denuncia-gobierno-de-baja-california-por-venta-de-actas-de-nacimiento\/#article","isPartOf":{"@id":"https:\/\/www.sonoraenequipo.com.mx\/interpone-denuncia-gobierno-de-baja-california-por-venta-de-actas-de-nacimiento\/"},"author":{"name":"enequipo","@id":"https:\/\/www.sonoraenequipo.com.mx\/#\/schema\/person\/50102df0fb23a8fa9e8effad8fa81386"},"headline":"Interpone denuncia Gobierno de Baja California por venta de actas de nacimiento","datePublished":"2020-10-08T06:55:08+00:00","mainEntityOfPage":{"@id":"https:\/\/www.sonoraenequipo.com.mx\/interpone-denuncia-gobierno-de-baja-california-por-venta-de-actas-de-nacimiento\/"},"wordCount":259,"commentCount":0,"publisher":{"@id":"https:\/\/www.sonoraenequipo.com.mx\/#organization"},"image":{"@id":"https:\/\/www.sonoraenequipo.com.mx\/interpone-denuncia-gobierno-de-baja-california-por-venta-de-actas-de-nacimiento\/#primaryimage"},"thumbnailUrl":"https:\/\/www.sonoraenequipo.com.mx\/storage\/2020\/10\/venta-de-actas-de-nacimiento_opt.jpg","keywords":["Actas de nacimiento falsas","Fiscal\u00eda General del Estado (FGE)","venta de actas de nacimiento"],"articleSection":["Rep\u00fablica"],"inLanguage":"es","potentialAction":[{"@type":"CommentAction","name":"Comment","target":["https:\/\/www.sonoraenequipo.com.mx\/interpone-denuncia-gobierno-de-baja-california-por-venta-de-actas-de-nacimiento\/#respond"]}]},{"@type":"WebPage","@id":"https:\/\/www.sonoraenequipo.com.mx\/interpone-denuncia-gobierno-de-baja-california-por-venta-de-actas-de-nacimiento\/","url":"https:\/\/www.sonoraenequipo.com.mx\/interpone-denuncia-gobierno-de-baja-california-por-venta-de-actas-de-nacimiento\/","name":"Interpone denuncia Gobierno de Baja California por venta de actas de nacimiento Sonora en Equipo.","isPartOf":{"@id":"https:\/\/www.sonoraenequipo.com.mx\/#website"},"primaryImageOfPage":{"@id":"https:\/\/www.sonoraenequipo.com.mx\/interpone-denuncia-gobierno-de-baja-california-por-venta-de-actas-de-nacimiento\/#primaryimage"},"image":{"@id":"https:\/\/www.sonoraenequipo.com.mx\/interpone-denuncia-gobierno-de-baja-california-por-venta-de-actas-de-nacimiento\/#primaryimage"},"thumbnailUrl":"https:\/\/www.sonoraenequipo.com.mx\/storage\/2020\/10\/venta-de-actas-de-nacimiento_opt.jpg","datePublished":"2020-10-08T06:55:08+00:00","description":"TIJUANA, BAJA CALIFORNIA. MX. \u2014 El Gobierno de Baja California, a trav\u00e9s del \u00e1rea jur\u00eddica interpuso ante la Fiscal\u00eda General del Estado (FGE), la En Sonora en Equipo publicamos toda la informaci\u00f3n de Sonora, M\u00e9xico y el Mundo de manera oportuna y busca que la libertad de expresi\u00f3n sea real. Visita nuestro medio informativo publicado desde Hermosillo, Sonora. %","breadcrumb":{"@id":"https:\/\/www.sonoraenequipo.com.mx\/interpone-denuncia-gobierno-de-baja-california-por-venta-de-actas-de-nacimiento\/#breadcrumb"},"inLanguage":"es","potentialAction":[{"@type":"ReadAction","target":["https:\/\/www.sonoraenequipo.com.mx\/interpone-denuncia-gobierno-de-baja-california-por-venta-de-actas-de-nacimiento\/"]}]},{"@type":"ImageObject","inLanguage":"es","@id":"https:\/\/www.sonoraenequipo.com.mx\/interpone-denuncia-gobierno-de-baja-california-por-venta-de-actas-de-nacimiento\/#primaryimage","url":"https:\/\/www.sonoraenequipo.com.mx\/storage\/2020\/10\/venta-de-actas-de-nacimiento_opt.jpg","contentUrl":"https:\/\/www.sonoraenequipo.com.mx\/storage\/2020\/10\/venta-de-actas-de-nacimiento_opt.jpg","width":711,"height":400},{"@type":"BreadcrumbList","@id":"https:\/\/www.sonoraenequipo.com.mx\/interpone-denuncia-gobierno-de-baja-california-por-venta-de-actas-de-nacimiento\/#breadcrumb","itemListElement":[{"@type":"ListItem","position":1,"name":"Portada","item":"https:\/\/www.sonoraenequipo.com.mx\/"},{"@type":"ListItem","position":2,"name":"Interpone denuncia Gobierno de Baja California por venta de actas de nacimiento"}]},{"@type":"WebSite","@id":"https:\/\/www.sonoraenequipo.com.mx\/#website","url":"https:\/\/www.sonoraenequipo.com.mx\/","name":"Sonora en Equipo.","description":"Diario en l\u00ednea con Noticias desde Hermosillo, Sonora","publisher":{"@id":"https:\/\/www.sonoraenequipo.com.mx\/#organization"},"potentialAction":[{"@type":"SearchAction","target":{"@type":"EntryPoint","urlTemplate":"https:\/\/www.sonoraenequipo.com.mx\/?s={search_term_string}"},"query-input":{"@type":"PropertyValueSpecification","valueRequired":true,"valueName":"search_term_string"}}],"inLanguage":"es"},{"@type":"Organization","@id":"https:\/\/www.sonoraenequipo.com.mx\/#organization","name":"Sonoraenequipo.com.mx","url":"https:\/\/www.sonoraenequipo.com.mx\/","logo":{"@type":"ImageObject","inLanguage":"es","@id":"https:\/\/www.sonoraenequipo.com.mx\/#\/schema\/logo\/image\/","url":"https:\/\/www.sonoraenequipo.com.mx\/storage\/2019\/01\/sonoraenequipo_opt.png","contentUrl":"https:\/\/www.sonoraenequipo.com.mx\/storage\/2019\/01\/sonoraenequipo_opt.png","width":375,"height":125,"caption":"Sonoraenequipo.com.mx"},"image":{"@id":"https:\/\/www.sonoraenequipo.com.mx\/#\/schema\/logo\/image\/"},"sameAs":["https:\/\/www.facebook.com\/SonoraEE\/","https:\/\/x.com\/sonoraenequipo","https:\/\/www.youtube.com\/channel\/UC338nW-lPEYmJQs4ZABQ1SQ"]},{"@type":"Person","@id":"https:\/\/www.sonoraenequipo.com.mx\/#\/schema\/person\/50102df0fb23a8fa9e8effad8fa81386","name":"enequipo","image":{"@type":"ImageObject","inLanguage":"es","@id":"https:\/\/www.sonoraenequipo.com.mx\/#\/schema\/person\/image\/","url":"https:\/\/secure.gravatar.com\/avatar\/049821681b589dabc0bc20695993ccebb09f5b5d4d790cd9251b97faac7c652b?s=96&d=blank&r=g","contentUrl":"https:\/\/secure.gravatar.com\/avatar\/049821681b589dabc0bc20695993ccebb09f5b5d4d790cd9251b97faac7c652b?s=96&d=blank&r=g","caption":"enequipo"},"sameAs":["https:\/\/www.facebook.com\/SonoraEE"]}]}},"jetpack_featured_media_url":"https:\/\/www.sonoraenequipo.com.mx\/storage\/2020\/10\/venta-de-actas-de-nacimiento_opt.jpg","_links":{"self":[{"href":"https:\/\/www.sonoraenequipo.com.mx\/api\/wp\/v2\/posts\/97195","targetHints":{"allow":["GET"]}}],"collection":[{"href":"https:\/\/www.sonoraenequipo.com.mx\/api\/wp\/v2\/posts"}],"about":[{"href":"https:\/\/www.sonoraenequipo.com.mx\/api\/wp\/v2\/types\/post"}],"author":[{"embeddable":true,"href":"https:\/\/www.sonoraenequipo.com.mx\/api\/wp\/v2\/users\/1"}],"replies":[{"embeddable":true,"href":"https:\/\/www.sonoraenequipo.com.mx\/api\/wp\/v2\/comments?post=97195"}],"version-history":[{"count":1,"href":"https:\/\/www.sonoraenequipo.com.mx\/api\/wp\/v2\/posts\/97195\/revisions"}],"predecessor-version":[{"id":97197,"href":"https:\/\/www.sonoraenequipo.com.mx\/api\/wp\/v2\/posts\/97195\/revisions\/97197"}],"wp:featuredmedia":[{"embeddable":true,"href":"https:\/\/www.sonoraenequipo.com.mx\/api\/wp\/v2\/media\/97182"}],"wp:attachment":[{"href":"https:\/\/www.sonoraenequipo.com.mx\/api\/wp\/v2\/media?parent=97195"}],"wp:term":[{"taxonomy":"category","embeddable":true,"href":"https:\/\/www.sonoraenequipo.com.mx\/api\/wp\/v2\/categories?post=97195"},{"taxonomy":"post_tag","embeddable":true,"href":"https:\/\/www.sonoraenequipo.com.mx\/api\/wp\/v2\/tags?post=97195"}],"curies":[{"name":"wp","href":"https:\/\/api.w.org\/{rel}","templated":true}]}}