{"id":97199,"date":"2020-10-07T21:05:50","date_gmt":"2020-10-08T04:05:50","guid":{"rendered":"https:\/\/www.sonoraenequipo.com.mx\/?p=97199"},"modified":"2020-10-07T21:15:48","modified_gmt":"2020-10-08T04:15:48","slug":"se-fortalece-sistema-penal-en-sonora-con-comision-intersecretarial-gobernadora","status":"publish","type":"post","link":"https:\/\/www.sonoraenequipo.com.mx\/se-fortalece-sistema-penal-en-sonora-con-comision-intersecretarial-gobernadora\/","title":{"rendered":"Se fortalece Sistema Penal en Sonora con Comisi\u00f3n Intersecretarial: Gobernadora"},"content":{"rendered":"<p><strong>&gt;&gt;Se instala en Sonora la Comisi\u00f3n Intersecretarial para la Consolidaci\u00f3n del Sistema de Justicia Penal en el Estado<\/strong><\/p>\n<p><strong>&gt;&gt;Secretaria de Gobernaci\u00f3n, Olga S\u00e1nchez Cordero atestigua instalaci\u00f3n<\/strong><\/p>\n<p>&nbsp;<\/p>\n<p>HERMOSILLO, SONORA,MX.\u2500\u2500 Con la integraci\u00f3n la Comisi\u00f3n Intersecretarial para la Consolidaci\u00f3n del Sistema de Justicia Penal en el Estado de Sonora, se fortalece la coordinaci\u00f3n para lograr mejores resultados en la procuraci\u00f3n y administraci\u00f3n de justicia que las y los\u00a0 sonorenses merecen, destac\u00f3 la gobernadora Claudia Pavlovich Arellano, al firmarse un acuerdo entre los poderes Ejecutivo, Legislativo y Judicial para integrar esta comisi\u00f3n que es coordinada por la Fiscal\u00eda de Justicia del Estado de Sonora.<\/p>\n<p>&nbsp;<\/p>\n<p>Acompa\u00f1ada de Olga S\u00e1nchez Cordero, secretaria de Gobernaci\u00f3n, como testigo de honor de la integraci\u00f3n de esta comisi\u00f3n intersecretarial, la mandataria estatal celebr\u00f3 que por primera vez en la historia de Sonora, los tres poderes firmen un acuerdo para crear esta instancia y generar con ella las condiciones de cooperaci\u00f3n entre los tres poderes, la Fiscal\u00eda General de Justicia del Estado, instituciones p\u00fablicas y privadas, asociaciones civiles, organismos no gubernamentales y la sociedad en general para colaborar en la consolidaci\u00f3n del Sistema de Justicia Penal Acusatorio en Sonora.<\/p>\n<p>&nbsp;<\/p>\n<p>\u201cLa integraci\u00f3n de esta Comisi\u00f3n traer\u00e1 consigo la implementaci\u00f3n de mesas de trabajo semanales, lo cual es una oportunidad de ver con claridad todos los aspectos en los que debemos mejorar, estoy convencida de la importancia y la necesidad de esta comisi\u00f3n intersecretarial que ser\u00e1 fundamental para una eficiente consolidaci\u00f3n del sistema acusatorio y oral\u201d, coment\u00f3.<\/p>\n<p>&nbsp;<\/p>\n<p>En reuni\u00f3n virtual, en la que participaron los titulares de los poderes Ejecutivo, Legislativo y Judicial de Sonora, as\u00ed como funcionarios de la administraci\u00f3n p\u00fablica estatal y federal y la Fiscal General de Justicia del Estado, la Gobernadora Pavlovich se\u00f1al\u00f3 que la integraci\u00f3n de los tres poderes contribuye a asegurar los derechos de las v\u00edctimas y garantizar el debido proceso, a trav\u00e9s de criterios homog\u00e9neos entre las instituciones encargadas de la impartici\u00f3n y procuraci\u00f3n de justicia.<\/p>\n<p>&nbsp;<\/p>\n<p>\u00abEl estado de Sonora se suma con determinaci\u00f3n a estos trabajos para fortalecer el sistema de justicia penal y celebra la iniciativa del Gobierno Federal a trav\u00e9s de la Secretar\u00eda de Gobernaci\u00f3n, nos alienta que ya tenemos resultados y estoy segura que daremos mejores avances y sumaremos los esfuerzos para crear una mejor procuraci\u00f3n y administraci\u00f3n\u00a0 de justicia en nuestro estado\u00bb, coment\u00f3.<\/p>\n<p>&nbsp;<\/p>\n<p>La secretaria de Gobernaci\u00f3n Olga S\u00e1nchez Cordero, testigo de honor de la integraci\u00f3n de esta comisi\u00f3n intersecretarial, destac\u00f3 el compromiso que la gobernadora Claudia Pavlovich tiene con los sonorenses.<\/p>\n<p>&nbsp;<\/p>\n<p>Record\u00f3 que al iniciar su gobierno, solo se ten\u00eda un plazo de tres meses para que en la entidad se implementara el Nuevo Sistema de Justicia Penal y, de ser el \u00faltimo estado en su implementaci\u00f3n, Sonora ahora tiene un gran avance en la procuraci\u00f3n de justicia.<\/p>\n<p>&nbsp;<\/p>\n<p>\u201cYo quiero felicitar nuevamente a la gobernadora del estado, porque en esos tres meses, justo al vencimiento de la fecha l\u00edmite para la implementaci\u00f3n del sistema penal, tom\u00f3 las riendas y logr\u00f3 lo necesario para impulsar esta reforma\u201d, reiter\u00f3.<\/p>\n<p>&nbsp;<\/p>\n<p>Paulina T\u00e9llez Mart\u00ednez, encargada de la Unidad de Apoyo al Sistema de Justicia de la Secretar\u00eda de Gobernaci\u00f3n, reconoci\u00f3 a la gobernadora Claudia Pavlovich, quien desde el inicio de su administraci\u00f3n se ha trabajado para que haya una procuraci\u00f3n de justicia en beneficio de los sonorenses.<\/p>\n<p>&nbsp;<\/p>\n<p>Claudia Indira Contreras C\u00f3rdova, fiscal general, cit\u00f3 como un gran avance de la coordinaci\u00f3n del sistema de Justicia, la elaboraci\u00f3n de lineamientos para la regulaci\u00f3n del procedimiento abreviado, donde se desarroll\u00f3 e implement\u00f3 un Registro Electr\u00f3nico de Procedimientos Abreviados, (REPAB), que agiliza la solicitud y autorizaci\u00f3n en l\u00ednea y con ello se ha logrado en las mismas audiencias 3 mil 665 sentencias condenatorias, durante 2019 y 2010.<\/p>\n<p>&nbsp;<\/p>\n<p>Esto representa un incremento de 23.8% en comparaci\u00f3n al a\u00f1o anterior y en delitos de alto impacto, en el mismo periodo, se ha llegado al r\u00e9cord de una sentencia condenatoria por homicidio, en promedio, cada 40 horas.<\/p>\n<p>&nbsp;<\/p>\n<p>\u201cSi de algo estoy convencida es que no hay problema que no podamos resolver juntos. Ninguno de nosotros es tan bueno como todas y todos nosotros juntos, hag\u00e1moslo no s\u00f3lo por el beneficio de las instituciones que representamos, sino por el de todas y todos los sonorenses, que esperan lo mejor de nosotros como servidores p\u00fablicos\u201d, expuso.<\/p>\n<p>&nbsp;<\/p>\n<p>Presentes: Miguel Pompa Corella, secretario de Gobierno, Francisco Guti\u00e9rrez Rodr\u00edguez, presidente del Supremo Tribunal de Justicia en el Estado; Carlos Navarrete Aguirre, presidente del Congreso del Estado; David Anaya Cooley, secretario de Seguridad P\u00fablica en Sonora; Roberto S\u00e1nchez Cerezo, director general de Defensor\u00eda en el Estado e Iv\u00e1n Jaimes Archundia, secretario de la Consejer\u00eda Jur\u00eddica.<\/p>\n<p>Fecha de Publicaci\u00f3n 07\/OCT\/2020<\/p>\n<p>&nbsp;<\/p>\n","protected":false},"excerpt":{"rendered":"<p>&gt;&gt;Se instala en Sonora la Comisi\u00f3n Intersecretarial para la Consolidaci\u00f3n del Sistema de Justicia Penal&#8230;<\/p>\n","protected":false},"author":1,"featured_media":97200,"comment_status":"open","ping_status":"open","sticky":false,"template":"","format":"standard","meta":{"_monsterinsights_skip_tracking":false,"_monsterinsights_sitenote_active":false,"_monsterinsights_sitenote_note":"","_monsterinsights_sitenote_category":0,"footnotes":""},"categories":[22],"tags":[116,4912,2954,321,4911,4910],"class_list":["post"],"yoast_head":" \n<title>Sonora en Equipo. Se fortalece Sistema Penal en Sonora con Comisi\u00f3n Intersecretarial: Gobernadora Sonora<\/title>\n<meta name=\"description\" content=\"&gt;&gt;Se instala en Sonora la Comisi\u00f3n Intersecretarial para la Consolidaci\u00f3n del Sistema de Justicia Penal en el Estado &gt;&gt;Secretaria de En Sonora en Equipo publicamos toda la informaci\u00f3n de Sonora, M\u00e9xico y el Mundo de manera oportuna y busca que la libertad de expresi\u00f3n sea real. Visita nuestro medio informativo publicado desde Hermosillo, Sonora. %\" \/>\n<meta name=\"robots\" content=\"index, follow, max-snippet:-1, max-image-preview:large, max-video-preview:-1\" \/>\n<link rel=\"canonical\" href=\"https:\/\/www.sonoraenequipo.com.mx\/se-fortalece-sistema-penal-en-sonora-con-comision-intersecretarial-gobernadora\/\" \/>\n<meta property=\"og:locale\" content=\"es_ES\" \/>\n<meta property=\"og:type\" content=\"article\" \/>\n<meta property=\"og:title\" content=\"Sonora en Equipo. Se fortalece Sistema Penal en Sonora con Comisi\u00f3n Intersecretarial: Gobernadora Sonora\" \/>\n<meta property=\"og:description\" content=\"&gt;&gt;Se instala en Sonora la Comisi\u00f3n Intersecretarial para la Consolidaci\u00f3n del Sistema de Justicia Penal en el Estado &gt;&gt;Secretaria de En Sonora en Equipo publicamos toda la informaci\u00f3n de Sonora, M\u00e9xico y el Mundo de manera oportuna y busca que la libertad de expresi\u00f3n sea real. Visita nuestro medio informativo publicado desde Hermosillo, Sonora. %\" \/>\n<meta property=\"og:url\" content=\"https:\/\/www.sonoraenequipo.com.mx\/se-fortalece-sistema-penal-en-sonora-con-comision-intersecretarial-gobernadora\/\" \/>\n<meta property=\"og:site_name\" content=\"Sonora en Equipo.\" \/>\n<meta property=\"article:publisher\" content=\"https:\/\/www.facebook.com\/SonoraEE\/\" \/>\n<meta property=\"article:author\" content=\"https:\/\/www.facebook.com\/SonoraEE\" \/>\n<meta property=\"article:published_time\" content=\"2020-10-08T04:05:50+00:00\" \/>\n<meta property=\"article:modified_time\" content=\"2020-10-08T04:15:48+00:00\" \/>\n<meta property=\"og:image\" content=\"https:\/\/www.sonoraenequipo.com.mx\/storage\/2020\/10\/cpa071020B.jpg\" \/>\n\t<meta property=\"og:image:width\" content=\"600\" \/>\n\t<meta property=\"og:image:height\" content=\"400\" \/>\n\t<meta property=\"og:image:type\" content=\"image\/jpeg\" \/>\n<meta name=\"author\" content=\"enequipo\" \/>\n<meta name=\"twitter:card\" content=\"summary_large_image\" \/>\n<meta name=\"twitter:creator\" content=\"@sonoraenequipo\" \/>\n<meta name=\"twitter:site\" content=\"@sonoraenequipo\" \/>\n<meta name=\"twitter:label1\" content=\"Escrito por\" \/>\n\t<meta name=\"twitter:data1\" content=\"enequipo\" \/>\n\t<meta name=\"twitter:label2\" content=\"Tiempo de lectura\" \/>\n\t<meta name=\"twitter:data2\" content=\"4 minutos\" \/>\n<script type=\"application\/ld+json\" class=\"yoast-schema-graph\">{\"@context\":\"https:\/\/schema.org\",\"@graph\":[{\"@type\":\"Article\",\"@id\":\"https:\/\/www.sonoraenequipo.com.mx\/se-fortalece-sistema-penal-en-sonora-con-comision-intersecretarial-gobernadora\/#article\",\"isPartOf\":{\"@id\":\"https:\/\/www.sonoraenequipo.com.mx\/se-fortalece-sistema-penal-en-sonora-con-comision-intersecretarial-gobernadora\/\"},\"author\":{\"name\":\"enequipo\",\"@id\":\"https:\/\/www.sonoraenequipo.com.mx\/#\/schema\/person\/50102df0fb23a8fa9e8effad8fa81386\"},\"headline\":\"Se fortalece Sistema Penal en Sonora con Comisi\u00f3n Intersecretarial: Gobernadora\",\"datePublished\":\"2020-10-08T04:05:50+00:00\",\"dateModified\":\"2020-10-08T04:15:48+00:00\",\"mainEntityOfPage\":{\"@id\":\"https:\/\/www.sonoraenequipo.com.mx\/se-fortalece-sistema-penal-en-sonora-con-comision-intersecretarial-gobernadora\/\"},\"wordCount\":868,\"commentCount\":0,\"publisher\":{\"@id\":\"https:\/\/www.sonoraenequipo.com.mx\/#organization\"},\"image\":{\"@id\":\"https:\/\/www.sonoraenequipo.com.mx\/se-fortalece-sistema-penal-en-sonora-con-comision-intersecretarial-gobernadora\/#primaryimage\"},\"thumbnailUrl\":\"https:\/\/www.sonoraenequipo.com.mx\/storage\/2020\/10\/cpa071020B.jpg\",\"keywords\":[\"claudia pavlovich\",\"Comisi\u00f3n Intersecretarial\",\"gobernadora\",\"Gobierno de M\u00e9xico\",\"Sistema Penal\",\"Sistema Penal en Sonora\"],\"articleSection\":[\"Sonora\"],\"inLanguage\":\"es\",\"potentialAction\":[{\"@type\":\"CommentAction\",\"name\":\"Comment\",\"target\":[\"https:\/\/www.sonoraenequipo.com.mx\/se-fortalece-sistema-penal-en-sonora-con-comision-intersecretarial-gobernadora\/#respond\"]}]},{\"@type\":\"WebPage\",\"@id\":\"https:\/\/www.sonoraenequipo.com.mx\/se-fortalece-sistema-penal-en-sonora-con-comision-intersecretarial-gobernadora\/\",\"url\":\"https:\/\/www.sonoraenequipo.com.mx\/se-fortalece-sistema-penal-en-sonora-con-comision-intersecretarial-gobernadora\/\",\"name\":\"Sonora en Equipo. Se fortalece Sistema Penal en Sonora con Comisi\u00f3n Intersecretarial: Gobernadora Sonora\",\"isPartOf\":{\"@id\":\"https:\/\/www.sonoraenequipo.com.mx\/#website\"},\"primaryImageOfPage\":{\"@id\":\"https:\/\/www.sonoraenequipo.com.mx\/se-fortalece-sistema-penal-en-sonora-con-comision-intersecretarial-gobernadora\/#primaryimage\"},\"image\":{\"@id\":\"https:\/\/www.sonoraenequipo.com.mx\/se-fortalece-sistema-penal-en-sonora-con-comision-intersecretarial-gobernadora\/#primaryimage\"},\"thumbnailUrl\":\"https:\/\/www.sonoraenequipo.com.mx\/storage\/2020\/10\/cpa071020B.jpg\",\"datePublished\":\"2020-10-08T04:05:50+00:00\",\"dateModified\":\"2020-10-08T04:15:48+00:00\",\"description\":\"&gt;&gt;Se instala en Sonora la Comisi\u00f3n Intersecretarial para la Consolidaci\u00f3n del Sistema de Justicia Penal en el Estado &gt;&gt;Secretaria de En Sonora en Equipo publicamos toda la informaci\u00f3n de Sonora, M\u00e9xico y el Mundo de manera oportuna y busca que la libertad de expresi\u00f3n sea real. Visita nuestro medio informativo publicado desde Hermosillo, Sonora. %\",\"breadcrumb\":{\"@id\":\"https:\/\/www.sonoraenequipo.com.mx\/se-fortalece-sistema-penal-en-sonora-con-comision-intersecretarial-gobernadora\/#breadcrumb\"},\"inLanguage\":\"es\",\"potentialAction\":[{\"@type\":\"ReadAction\",\"target\":[\"https:\/\/www.sonoraenequipo.com.mx\/se-fortalece-sistema-penal-en-sonora-con-comision-intersecretarial-gobernadora\/\"]}]},{\"@type\":\"ImageObject\",\"inLanguage\":\"es\",\"@id\":\"https:\/\/www.sonoraenequipo.com.mx\/se-fortalece-sistema-penal-en-sonora-con-comision-intersecretarial-gobernadora\/#primaryimage\",\"url\":\"https:\/\/www.sonoraenequipo.com.mx\/storage\/2020\/10\/cpa071020B.jpg\",\"contentUrl\":\"https:\/\/www.sonoraenequipo.com.mx\/storage\/2020\/10\/cpa071020B.jpg\",\"width\":600,\"height\":400},{\"@type\":\"BreadcrumbList\",\"@id\":\"https:\/\/www.sonoraenequipo.com.mx\/se-fortalece-sistema-penal-en-sonora-con-comision-intersecretarial-gobernadora\/#breadcrumb\",\"itemListElement\":[{\"@type\":\"ListItem\",\"position\":1,\"name\":\"Portada\",\"item\":\"https:\/\/www.sonoraenequipo.com.mx\/\"},{\"@type\":\"ListItem\",\"position\":2,\"name\":\"Se fortalece Sistema Penal en Sonora con Comisi\u00f3n Intersecretarial: Gobernadora\"}]},{\"@type\":\"WebSite\",\"@id\":\"https:\/\/www.sonoraenequipo.com.mx\/#website\",\"url\":\"https:\/\/www.sonoraenequipo.com.mx\/\",\"name\":\"Sonora en Equipo.\",\"description\":\"Diario en l\u00ednea con Noticias desde Hermosillo, Sonora\",\"publisher\":{\"@id\":\"https:\/\/www.sonoraenequipo.com.mx\/#organization\"},\"potentialAction\":[{\"@type\":\"SearchAction\",\"target\":{\"@type\":\"EntryPoint\",\"urlTemplate\":\"https:\/\/www.sonoraenequipo.com.mx\/?s={search_term_string}\"},\"query-input\":{\"@type\":\"PropertyValueSpecification\",\"valueRequired\":true,\"valueName\":\"search_term_string\"}}],\"inLanguage\":\"es\"},{\"@type\":\"Organization\",\"@id\":\"https:\/\/www.sonoraenequipo.com.mx\/#organization\",\"name\":\"Sonoraenequipo.com.mx\",\"url\":\"https:\/\/www.sonoraenequipo.com.mx\/\",\"logo\":{\"@type\":\"ImageObject\",\"inLanguage\":\"es\",\"@id\":\"https:\/\/www.sonoraenequipo.com.mx\/#\/schema\/logo\/image\/\",\"url\":\"https:\/\/www.sonoraenequipo.com.mx\/storage\/2019\/01\/sonoraenequipo_opt.png\",\"contentUrl\":\"https:\/\/www.sonoraenequipo.com.mx\/storage\/2019\/01\/sonoraenequipo_opt.png\",\"width\":375,\"height\":125,\"caption\":\"Sonoraenequipo.com.mx\"},\"image\":{\"@id\":\"https:\/\/www.sonoraenequipo.com.mx\/#\/schema\/logo\/image\/\"},\"sameAs\":[\"https:\/\/www.facebook.com\/SonoraEE\/\",\"https:\/\/x.com\/sonoraenequipo\",\"https:\/\/www.youtube.com\/channel\/UC338nW-lPEYmJQs4ZABQ1SQ\"]},{\"@type\":\"Person\",\"@id\":\"https:\/\/www.sonoraenequipo.com.mx\/#\/schema\/person\/50102df0fb23a8fa9e8effad8fa81386\",\"name\":\"enequipo\",\"image\":{\"@type\":\"ImageObject\",\"inLanguage\":\"es\",\"@id\":\"https:\/\/www.sonoraenequipo.com.mx\/#\/schema\/person\/image\/\",\"url\":\"https:\/\/secure.gravatar.com\/avatar\/049821681b589dabc0bc20695993ccebb09f5b5d4d790cd9251b97faac7c652b?s=96&d=blank&r=g\",\"contentUrl\":\"https:\/\/secure.gravatar.com\/avatar\/049821681b589dabc0bc20695993ccebb09f5b5d4d790cd9251b97faac7c652b?s=96&d=blank&r=g\",\"caption\":\"enequipo\"},\"sameAs\":[\"https:\/\/www.facebook.com\/SonoraEE\"]}]}<\/script>\n ","yoast_head_json":{"title":"Sonora en Equipo. Se fortalece Sistema Penal en Sonora con Comisi\u00f3n Intersecretarial: Gobernadora Sonora","description":"&gt;&gt;Se instala en Sonora la Comisi\u00f3n Intersecretarial para la Consolidaci\u00f3n del Sistema de Justicia Penal en el Estado &gt;&gt;Secretaria de En Sonora en Equipo publicamos toda la informaci\u00f3n de Sonora, M\u00e9xico y el Mundo de manera oportuna y busca que la libertad de expresi\u00f3n sea real. Visita nuestro medio informativo publicado desde Hermosillo, Sonora. %","robots":{"index":"index","follow":"follow","max-snippet":"max-snippet:-1","max-image-preview":"max-image-preview:large","max-video-preview":"max-video-preview:-1"},"canonical":"https:\/\/www.sonoraenequipo.com.mx\/se-fortalece-sistema-penal-en-sonora-con-comision-intersecretarial-gobernadora\/","og_locale":"es_ES","og_type":"article","og_title":"Sonora en Equipo. Se fortalece Sistema Penal en Sonora con Comisi\u00f3n Intersecretarial: Gobernadora Sonora","og_description":"&gt;&gt;Se instala en Sonora la Comisi\u00f3n Intersecretarial para la Consolidaci\u00f3n del Sistema de Justicia Penal en el Estado &gt;&gt;Secretaria de En Sonora en Equipo publicamos toda la informaci\u00f3n de Sonora, M\u00e9xico y el Mundo de manera oportuna y busca que la libertad de expresi\u00f3n sea real. Visita nuestro medio informativo publicado desde Hermosillo, Sonora. %","og_url":"https:\/\/www.sonoraenequipo.com.mx\/se-fortalece-sistema-penal-en-sonora-con-comision-intersecretarial-gobernadora\/","og_site_name":"Sonora en Equipo.","article_publisher":"https:\/\/www.facebook.com\/SonoraEE\/","article_author":"https:\/\/www.facebook.com\/SonoraEE","article_published_time":"2020-10-08T04:05:50+00:00","article_modified_time":"2020-10-08T04:15:48+00:00","og_image":[{"width":600,"height":400,"url":"https:\/\/www.sonoraenequipo.com.mx\/storage\/2020\/10\/cpa071020B.jpg","type":"image\/jpeg"}],"author":"enequipo","twitter_card":"summary_large_image","twitter_creator":"@sonoraenequipo","twitter_site":"@sonoraenequipo","twitter_misc":{"Escrito por":"enequipo","Tiempo de lectura":"4 minutos"},"schema":{"@context":"https:\/\/schema.org","@graph":[{"@type":"Article","@id":"https:\/\/www.sonoraenequipo.com.mx\/se-fortalece-sistema-penal-en-sonora-con-comision-intersecretarial-gobernadora\/#article","isPartOf":{"@id":"https:\/\/www.sonoraenequipo.com.mx\/se-fortalece-sistema-penal-en-sonora-con-comision-intersecretarial-gobernadora\/"},"author":{"name":"enequipo","@id":"https:\/\/www.sonoraenequipo.com.mx\/#\/schema\/person\/50102df0fb23a8fa9e8effad8fa81386"},"headline":"Se fortalece Sistema Penal en Sonora con Comisi\u00f3n Intersecretarial: Gobernadora","datePublished":"2020-10-08T04:05:50+00:00","dateModified":"2020-10-08T04:15:48+00:00","mainEntityOfPage":{"@id":"https:\/\/www.sonoraenequipo.com.mx\/se-fortalece-sistema-penal-en-sonora-con-comision-intersecretarial-gobernadora\/"},"wordCount":868,"commentCount":0,"publisher":{"@id":"https:\/\/www.sonoraenequipo.com.mx\/#organization"},"image":{"@id":"https:\/\/www.sonoraenequipo.com.mx\/se-fortalece-sistema-penal-en-sonora-con-comision-intersecretarial-gobernadora\/#primaryimage"},"thumbnailUrl":"https:\/\/www.sonoraenequipo.com.mx\/storage\/2020\/10\/cpa071020B.jpg","keywords":["claudia pavlovich","Comisi\u00f3n Intersecretarial","gobernadora","Gobierno de M\u00e9xico","Sistema Penal","Sistema Penal en Sonora"],"articleSection":["Sonora"],"inLanguage":"es","potentialAction":[{"@type":"CommentAction","name":"Comment","target":["https:\/\/www.sonoraenequipo.com.mx\/se-fortalece-sistema-penal-en-sonora-con-comision-intersecretarial-gobernadora\/#respond"]}]},{"@type":"WebPage","@id":"https:\/\/www.sonoraenequipo.com.mx\/se-fortalece-sistema-penal-en-sonora-con-comision-intersecretarial-gobernadora\/","url":"https:\/\/www.sonoraenequipo.com.mx\/se-fortalece-sistema-penal-en-sonora-con-comision-intersecretarial-gobernadora\/","name":"Sonora en Equipo. Se fortalece Sistema Penal en Sonora con Comisi\u00f3n Intersecretarial: Gobernadora Sonora","isPartOf":{"@id":"https:\/\/www.sonoraenequipo.com.mx\/#website"},"primaryImageOfPage":{"@id":"https:\/\/www.sonoraenequipo.com.mx\/se-fortalece-sistema-penal-en-sonora-con-comision-intersecretarial-gobernadora\/#primaryimage"},"image":{"@id":"https:\/\/www.sonoraenequipo.com.mx\/se-fortalece-sistema-penal-en-sonora-con-comision-intersecretarial-gobernadora\/#primaryimage"},"thumbnailUrl":"https:\/\/www.sonoraenequipo.com.mx\/storage\/2020\/10\/cpa071020B.jpg","datePublished":"2020-10-08T04:05:50+00:00","dateModified":"2020-10-08T04:15:48+00:00","description":"&gt;&gt;Se instala en Sonora la Comisi\u00f3n Intersecretarial para la Consolidaci\u00f3n del Sistema de Justicia Penal en el Estado &gt;&gt;Secretaria de En Sonora en Equipo publicamos toda la informaci\u00f3n de Sonora, M\u00e9xico y el Mundo de manera oportuna y busca que la libertad de expresi\u00f3n sea real. Visita nuestro medio informativo publicado desde Hermosillo, Sonora. %","breadcrumb":{"@id":"https:\/\/www.sonoraenequipo.com.mx\/se-fortalece-sistema-penal-en-sonora-con-comision-intersecretarial-gobernadora\/#breadcrumb"},"inLanguage":"es","potentialAction":[{"@type":"ReadAction","target":["https:\/\/www.sonoraenequipo.com.mx\/se-fortalece-sistema-penal-en-sonora-con-comision-intersecretarial-gobernadora\/"]}]},{"@type":"ImageObject","inLanguage":"es","@id":"https:\/\/www.sonoraenequipo.com.mx\/se-fortalece-sistema-penal-en-sonora-con-comision-intersecretarial-gobernadora\/#primaryimage","url":"https:\/\/www.sonoraenequipo.com.mx\/storage\/2020\/10\/cpa071020B.jpg","contentUrl":"https:\/\/www.sonoraenequipo.com.mx\/storage\/2020\/10\/cpa071020B.jpg","width":600,"height":400},{"@type":"BreadcrumbList","@id":"https:\/\/www.sonoraenequipo.com.mx\/se-fortalece-sistema-penal-en-sonora-con-comision-intersecretarial-gobernadora\/#breadcrumb","itemListElement":[{"@type":"ListItem","position":1,"name":"Portada","item":"https:\/\/www.sonoraenequipo.com.mx\/"},{"@type":"ListItem","position":2,"name":"Se fortalece Sistema Penal en Sonora con Comisi\u00f3n Intersecretarial: Gobernadora"}]},{"@type":"WebSite","@id":"https:\/\/www.sonoraenequipo.com.mx\/#website","url":"https:\/\/www.sonoraenequipo.com.mx\/","name":"Sonora en Equipo.","description":"Diario en l\u00ednea con Noticias desde Hermosillo, Sonora","publisher":{"@id":"https:\/\/www.sonoraenequipo.com.mx\/#organization"},"potentialAction":[{"@type":"SearchAction","target":{"@type":"EntryPoint","urlTemplate":"https:\/\/www.sonoraenequipo.com.mx\/?s={search_term_string}"},"query-input":{"@type":"PropertyValueSpecification","valueRequired":true,"valueName":"search_term_string"}}],"inLanguage":"es"},{"@type":"Organization","@id":"https:\/\/www.sonoraenequipo.com.mx\/#organization","name":"Sonoraenequipo.com.mx","url":"https:\/\/www.sonoraenequipo.com.mx\/","logo":{"@type":"ImageObject","inLanguage":"es","@id":"https:\/\/www.sonoraenequipo.com.mx\/#\/schema\/logo\/image\/","url":"https:\/\/www.sonoraenequipo.com.mx\/storage\/2019\/01\/sonoraenequipo_opt.png","contentUrl":"https:\/\/www.sonoraenequipo.com.mx\/storage\/2019\/01\/sonoraenequipo_opt.png","width":375,"height":125,"caption":"Sonoraenequipo.com.mx"},"image":{"@id":"https:\/\/www.sonoraenequipo.com.mx\/#\/schema\/logo\/image\/"},"sameAs":["https:\/\/www.facebook.com\/SonoraEE\/","https:\/\/x.com\/sonoraenequipo","https:\/\/www.youtube.com\/channel\/UC338nW-lPEYmJQs4ZABQ1SQ"]},{"@type":"Person","@id":"https:\/\/www.sonoraenequipo.com.mx\/#\/schema\/person\/50102df0fb23a8fa9e8effad8fa81386","name":"enequipo","image":{"@type":"ImageObject","inLanguage":"es","@id":"https:\/\/www.sonoraenequipo.com.mx\/#\/schema\/person\/image\/","url":"https:\/\/secure.gravatar.com\/avatar\/049821681b589dabc0bc20695993ccebb09f5b5d4d790cd9251b97faac7c652b?s=96&d=blank&r=g","contentUrl":"https:\/\/secure.gravatar.com\/avatar\/049821681b589dabc0bc20695993ccebb09f5b5d4d790cd9251b97faac7c652b?s=96&d=blank&r=g","caption":"enequipo"},"sameAs":["https:\/\/www.facebook.com\/SonoraEE"]}]}},"jetpack_featured_media_url":"https:\/\/www.sonoraenequipo.com.mx\/storage\/2020\/10\/cpa071020B.jpg","_links":{"self":[{"href":"https:\/\/www.sonoraenequipo.com.mx\/api\/wp\/v2\/posts\/97199","targetHints":{"allow":["GET"]}}],"collection":[{"href":"https:\/\/www.sonoraenequipo.com.mx\/api\/wp\/v2\/posts"}],"about":[{"href":"https:\/\/www.sonoraenequipo.com.mx\/api\/wp\/v2\/types\/post"}],"author":[{"embeddable":true,"href":"https:\/\/www.sonoraenequipo.com.mx\/api\/wp\/v2\/users\/1"}],"replies":[{"embeddable":true,"href":"https:\/\/www.sonoraenequipo.com.mx\/api\/wp\/v2\/comments?post=97199"}],"version-history":[{"count":1,"href":"https:\/\/www.sonoraenequipo.com.mx\/api\/wp\/v2\/posts\/97199\/revisions"}],"predecessor-version":[{"id":97201,"href":"https:\/\/www.sonoraenequipo.com.mx\/api\/wp\/v2\/posts\/97199\/revisions\/97201"}],"wp:featuredmedia":[{"embeddable":true,"href":"https:\/\/www.sonoraenequipo.com.mx\/api\/wp\/v2\/media\/97200"}],"wp:attachment":[{"href":"https:\/\/www.sonoraenequipo.com.mx\/api\/wp\/v2\/media?parent=97199"}],"wp:term":[{"taxonomy":"category","embeddable":true,"href":"https:\/\/www.sonoraenequipo.com.mx\/api\/wp\/v2\/categories?post=97199"},{"taxonomy":"post_tag","embeddable":true,"href":"https:\/\/www.sonoraenequipo.com.mx\/api\/wp\/v2\/tags?post=97199"}],"curies":[{"name":"wp","href":"https:\/\/api.w.org\/{rel}","templated":true}]}}