{"id":97209,"date":"2020-10-08T05:00:26","date_gmt":"2020-10-08T12:00:26","guid":{"rendered":"https:\/\/www.sonoraenequipo.com.mx\/?p=97209"},"modified":"2020-10-08T09:18:47","modified_gmt":"2020-10-08T16:18:47","slug":"caen-en-mas-del-50-las-ventas-en-el-3er-trimestre-canaco-cdmx","status":"publish","type":"post","link":"https:\/\/www.sonoraenequipo.com.mx\/caen-en-mas-del-50-las-ventas-en-el-3er-trimestre-canaco-cdmx\/","title":{"rendered":"Caen en m\u00e1s del 50% las ventas en el 3er trimestre: CANACO-CDMX"},"content":{"rendered":"<p>CIUDAD DE M\u00c9XICO. MX. \u2014 A pesar de que en el tercer trimestre comenz\u00f3 la reactivaci\u00f3n econ\u00f3mica de la mayor parte de las actividades comerciales, se estiman ingresos por 92 mil 880 millones de pesos, lo que representa una disminuci\u00f3n de las ventas en 53.4% respecto al mismo periodo del 2019, revel\u00f3 un estudio realizado por la C\u00e1mara Nacional de Comercio, Servicios y Turismo de la Ciudad de M\u00e9xico, (CanacoServytur-CDMX).<\/p>\n<p>&nbsp;<\/p>\n<p> <\/p>\n<p>&nbsp;<\/p>\n<p>&nbsp;<\/p>\n<p>Al respecto, el presidente del organismo Nathan Poplawsky, record\u00f3 que el mes de julio se incorporaron a la apertura econ\u00f3mica restaurantes y hoteles; est\u00e9ticas, peluquer\u00edas, salones de belleza, centros comerciales y tiendas departamentales, museos y cines. En este mes se estimaron ingresos por 23 mil 321 millones de pesos, lo que representa una ca\u00edda de 63.6%, con respecto al mismo mes de julio 2019.<\/p>\n<p>&nbsp;<\/p>\n<p>En tanto, explic\u00f3, en el mes de agosto se registr\u00f3 una leve recuperaci\u00f3n de las ventas principalmente del comercio al por menor, en servicios de alojamiento y preparaci\u00f3n de alimentos y bebidas, pero fechas como el regreso a clases no tuvieron un impacto significativo en las ventas, debido a un menor consumo de material escolar atribuible al aprendizaje en casa.<\/p>\n<p>&nbsp;<\/p>\n<p>En este mes se estimaron ingresos por 32 mil 297 millones de pesos, lo que significa una ca\u00edda de 51%, con respecto a agosto 2019.<\/p>\n<p>&nbsp;<\/p>\n<p>El dirigente del comercio establecido en la Ciudad de M\u00e9xico a\u00f1adi\u00f3 que, en septiembre, sucesos como La Noche del Grito el 15 de septiembre, la apertura al 100% de los comercios del Centro Hist\u00f3rico y la incorporaci\u00f3n de los gimnasios a la reapertura (de manera muy limitada y controlada), mejoraron la din\u00e1mica econ\u00f3mica con respecto a los meses anteriores, sin embargo, los ingresos fueron de 37 mil 262 millones de pesos, es decir, una ca\u00edda de 46.4%, con respecto a septiembre 2019.<\/p>\n<p>&nbsp;<\/p>\n<p>En cuanto al empleo, Nathan Poplawsky destac\u00f3 que desde el inici\u00f3 de la pandemia y hasta el mes de septiembre se han perdido alrededor de 199 mil 421 empleos formales en la capital del pa\u00eds, atribuibles a la contingencia sanitaria.<\/p>\n<p>&nbsp;<\/p>\n<p>Por otra parte, el l\u00ecder empresarial se\u00f1al\u00f3 que, hasta el mes de septiembre, el estimado de peque\u00f1as, medianas y microempresas en la Ciudad de M\u00e9xico que han cerrado de manera definitiva asciende a 32 mil unidades, mientras que 82 mil establecimientos m\u00e1s se encuentran en riesgo de cerrar.<\/p>\n<p>&nbsp;<\/p>\n<p>Explic\u00f3 que entre las razones principales del cierre se encuentran: nulo acceso a alg\u00fan tipo de apoyo gubernamental, financiamiento privado o pr\u00e9stamo personal; la falta de incentivos fiscales y a que el plan de reactivaci\u00f3n econ\u00f3mica result\u00f3 ser insuficiente para mermar las p\u00e9rdidas de los meses anteriores.<\/p>\n<p>&nbsp;<\/p>\n<p>Por lo anterior Nathan Poplawsky hizo un en\u00e9rgico llamado a las autoridades, a tomar cuanto antes las acciones necesarias, a fin de pasar a la siguiente fase del sem\u00e1foro epidemiol\u00f3gico, pues miles de micro y peque\u00f1as empresas no podr\u00e1n superar el momento cr\u00edtico por el que atraviesan.<\/p>\n<p>&nbsp;<\/p>\n<p>Indic\u00f3 que, si el sem\u00e1foro evoluciona, para el cuarto trimestre podr\u00eda lograrse una recuperaci\u00f3n mayor, sobre todo en fechas como el Buen Fin, d\u00edas de Muertos y fiestas decembrinas.<\/p>\n<p>&nbsp;<\/p>\n<p>El l\u00edder empresarial subray\u00f3 que s\u00f3lo si los empresarios del comercio, los servicios y el turismo reciben apoyo gubernamental ser\u00eda posible que para el cuarto trimestre se alcancen ventas por 199 mil 163 millones de pesos, es decir, 29.6% menos que lo que se obtuvieron en el cuarto trimestre de 2019. De lo contrario, las ventas seguir\u00e1n en el orden de las que se obtuvieron en el tercer trimestre y cerrar\u00e1n miles de empresas, con la consiguiente p\u00e9rdida de empleos.<\/p>\n<p>&nbsp;<\/p>\n<p>(PUBLICADO EL 08\/10\/2020)<\/p>\n","protected":false},"excerpt":{"rendered":"<p>CIUDAD DE M\u00c9XICO. MX. \u2014 A pesar de que en el tercer trimestre comenz\u00f3 la&#8230;<\/p>\n","protected":false},"author":1,"featured_media":97210,"comment_status":"open","ping_status":"open","sticky":false,"template":"","format":"standard","meta":{"_monsterinsights_skip_tracking":false,"_monsterinsights_sitenote_active":false,"_monsterinsights_sitenote_note":"","_monsterinsights_sitenote_category":0,"footnotes":""},"categories":[5],"tags":[],"class_list":["post"],"yoast_head":" \n<title>Caen en m\u00e1s del 50% las ventas en el 3er trimestre: CANACO-CDMX Sonora en Equipo.<\/title>\n<meta name=\"description\" content=\"CIUDAD DE M\u00c9XICO. MX. \u2014 A pesar de que en el tercer trimestre comenz\u00f3 la reactivaci\u00f3n econ\u00f3mica de la mayor parte de las actividades comerciales, se En Sonora en Equipo publicamos toda la informaci\u00f3n de Sonora, M\u00e9xico y el Mundo de manera oportuna y busca que la libertad de expresi\u00f3n sea real. Visita nuestro medio informativo publicado desde Hermosillo, Sonora. %\" \/>\n<meta name=\"robots\" content=\"index, follow, max-snippet:-1, max-image-preview:large, max-video-preview:-1\" \/>\n<link rel=\"canonical\" href=\"https:\/\/www.sonoraenequipo.com.mx\/caen-en-mas-del-50-las-ventas-en-el-3er-trimestre-canaco-cdmx\/\" \/>\n<meta property=\"og:locale\" content=\"es_ES\" \/>\n<meta property=\"og:type\" content=\"article\" \/>\n<meta property=\"og:title\" content=\"Caen en m\u00e1s del 50% las ventas en el 3er trimestre: CANACO-CDMX Sonora en Equipo.\" \/>\n<meta property=\"og:description\" content=\"CIUDAD DE M\u00c9XICO. MX. \u2014 A pesar de que en el tercer trimestre comenz\u00f3 la reactivaci\u00f3n econ\u00f3mica de la mayor parte de las actividades comerciales, se En Sonora en Equipo publicamos toda la informaci\u00f3n de Sonora, M\u00e9xico y el Mundo de manera oportuna y busca que la libertad de expresi\u00f3n sea real. Visita nuestro medio informativo publicado desde Hermosillo, Sonora. %\" \/>\n<meta property=\"og:url\" content=\"https:\/\/www.sonoraenequipo.com.mx\/caen-en-mas-del-50-las-ventas-en-el-3er-trimestre-canaco-cdmx\/\" \/>\n<meta property=\"og:site_name\" content=\"Sonora en Equipo.\" \/>\n<meta property=\"article:publisher\" content=\"https:\/\/www.facebook.com\/SonoraEE\/\" \/>\n<meta property=\"article:author\" content=\"https:\/\/www.facebook.com\/SonoraEE\" \/>\n<meta property=\"article:published_time\" content=\"2020-10-08T12:00:26+00:00\" \/>\n<meta property=\"article:modified_time\" content=\"2020-10-08T16:18:47+00:00\" \/>\n<meta property=\"og:image\" content=\"https:\/\/www.sonoraenequipo.com.mx\/storage\/2020\/10\/bajas-ventas_opt.jpg\" \/>\n\t<meta property=\"og:image:width\" content=\"640\" \/>\n\t<meta property=\"og:image:height\" content=\"400\" \/>\n\t<meta property=\"og:image:type\" content=\"image\/jpeg\" \/>\n<meta name=\"author\" content=\"enequipo\" \/>\n<meta name=\"twitter:card\" content=\"summary_large_image\" \/>\n<meta name=\"twitter:creator\" content=\"@sonoraenequipo\" \/>\n<meta name=\"twitter:site\" content=\"@sonoraenequipo\" \/>\n<meta name=\"twitter:label1\" content=\"Escrito por\" \/>\n\t<meta name=\"twitter:data1\" content=\"enequipo\" \/>\n\t<meta name=\"twitter:label2\" content=\"Tiempo de lectura\" \/>\n\t<meta name=\"twitter:data2\" content=\"3 minutos\" \/>\n<script type=\"application\/ld+json\" class=\"yoast-schema-graph\">{\"@context\":\"https:\/\/schema.org\",\"@graph\":[{\"@type\":\"Article\",\"@id\":\"https:\/\/www.sonoraenequipo.com.mx\/caen-en-mas-del-50-las-ventas-en-el-3er-trimestre-canaco-cdmx\/#article\",\"isPartOf\":{\"@id\":\"https:\/\/www.sonoraenequipo.com.mx\/caen-en-mas-del-50-las-ventas-en-el-3er-trimestre-canaco-cdmx\/\"},\"author\":{\"name\":\"enequipo\",\"@id\":\"https:\/\/www.sonoraenequipo.com.mx\/#\/schema\/person\/50102df0fb23a8fa9e8effad8fa81386\"},\"headline\":\"Caen en m\u00e1s del 50% las ventas en el 3er trimestre: CANACO-CDMX\",\"datePublished\":\"2020-10-08T12:00:26+00:00\",\"dateModified\":\"2020-10-08T16:18:47+00:00\",\"mainEntityOfPage\":{\"@id\":\"https:\/\/www.sonoraenequipo.com.mx\/caen-en-mas-del-50-las-ventas-en-el-3er-trimestre-canaco-cdmx\/\"},\"wordCount\":639,\"commentCount\":0,\"publisher\":{\"@id\":\"https:\/\/www.sonoraenequipo.com.mx\/#organization\"},\"image\":{\"@id\":\"https:\/\/www.sonoraenequipo.com.mx\/caen-en-mas-del-50-las-ventas-en-el-3er-trimestre-canaco-cdmx\/#primaryimage\"},\"thumbnailUrl\":\"https:\/\/www.sonoraenequipo.com.mx\/storage\/2020\/10\/bajas-ventas_opt.jpg\",\"articleSection\":[\"Rep\u00fablica\"],\"inLanguage\":\"es\",\"potentialAction\":[{\"@type\":\"CommentAction\",\"name\":\"Comment\",\"target\":[\"https:\/\/www.sonoraenequipo.com.mx\/caen-en-mas-del-50-las-ventas-en-el-3er-trimestre-canaco-cdmx\/#respond\"]}]},{\"@type\":\"WebPage\",\"@id\":\"https:\/\/www.sonoraenequipo.com.mx\/caen-en-mas-del-50-las-ventas-en-el-3er-trimestre-canaco-cdmx\/\",\"url\":\"https:\/\/www.sonoraenequipo.com.mx\/caen-en-mas-del-50-las-ventas-en-el-3er-trimestre-canaco-cdmx\/\",\"name\":\"Caen en m\u00e1s del 50% las ventas en el 3er trimestre: CANACO-CDMX Sonora en Equipo.\",\"isPartOf\":{\"@id\":\"https:\/\/www.sonoraenequipo.com.mx\/#website\"},\"primaryImageOfPage\":{\"@id\":\"https:\/\/www.sonoraenequipo.com.mx\/caen-en-mas-del-50-las-ventas-en-el-3er-trimestre-canaco-cdmx\/#primaryimage\"},\"image\":{\"@id\":\"https:\/\/www.sonoraenequipo.com.mx\/caen-en-mas-del-50-las-ventas-en-el-3er-trimestre-canaco-cdmx\/#primaryimage\"},\"thumbnailUrl\":\"https:\/\/www.sonoraenequipo.com.mx\/storage\/2020\/10\/bajas-ventas_opt.jpg\",\"datePublished\":\"2020-10-08T12:00:26+00:00\",\"dateModified\":\"2020-10-08T16:18:47+00:00\",\"description\":\"CIUDAD DE M\u00c9XICO. MX. \u2014 A pesar de que en el tercer trimestre comenz\u00f3 la reactivaci\u00f3n econ\u00f3mica de la mayor parte de las actividades comerciales, se En Sonora en Equipo publicamos toda la informaci\u00f3n de Sonora, M\u00e9xico y el Mundo de manera oportuna y busca que la libertad de expresi\u00f3n sea real. Visita nuestro medio informativo publicado desde Hermosillo, Sonora. %\",\"breadcrumb\":{\"@id\":\"https:\/\/www.sonoraenequipo.com.mx\/caen-en-mas-del-50-las-ventas-en-el-3er-trimestre-canaco-cdmx\/#breadcrumb\"},\"inLanguage\":\"es\",\"potentialAction\":[{\"@type\":\"ReadAction\",\"target\":[\"https:\/\/www.sonoraenequipo.com.mx\/caen-en-mas-del-50-las-ventas-en-el-3er-trimestre-canaco-cdmx\/\"]}]},{\"@type\":\"ImageObject\",\"inLanguage\":\"es\",\"@id\":\"https:\/\/www.sonoraenequipo.com.mx\/caen-en-mas-del-50-las-ventas-en-el-3er-trimestre-canaco-cdmx\/#primaryimage\",\"url\":\"https:\/\/www.sonoraenequipo.com.mx\/storage\/2020\/10\/bajas-ventas_opt.jpg\",\"contentUrl\":\"https:\/\/www.sonoraenequipo.com.mx\/storage\/2020\/10\/bajas-ventas_opt.jpg\",\"width\":640,\"height\":400},{\"@type\":\"BreadcrumbList\",\"@id\":\"https:\/\/www.sonoraenequipo.com.mx\/caen-en-mas-del-50-las-ventas-en-el-3er-trimestre-canaco-cdmx\/#breadcrumb\",\"itemListElement\":[{\"@type\":\"ListItem\",\"position\":1,\"name\":\"Portada\",\"item\":\"https:\/\/www.sonoraenequipo.com.mx\/\"},{\"@type\":\"ListItem\",\"position\":2,\"name\":\"Caen en m\u00e1s del 50% las ventas en el 3er trimestre: CANACO-CDMX\"}]},{\"@type\":\"WebSite\",\"@id\":\"https:\/\/www.sonoraenequipo.com.mx\/#website\",\"url\":\"https:\/\/www.sonoraenequipo.com.mx\/\",\"name\":\"Sonora en Equipo.\",\"description\":\"Diario en l\u00ednea con Noticias desde Hermosillo, Sonora\",\"publisher\":{\"@id\":\"https:\/\/www.sonoraenequipo.com.mx\/#organization\"},\"potentialAction\":[{\"@type\":\"SearchAction\",\"target\":{\"@type\":\"EntryPoint\",\"urlTemplate\":\"https:\/\/www.sonoraenequipo.com.mx\/?s={search_term_string}\"},\"query-input\":{\"@type\":\"PropertyValueSpecification\",\"valueRequired\":true,\"valueName\":\"search_term_string\"}}],\"inLanguage\":\"es\"},{\"@type\":\"Organization\",\"@id\":\"https:\/\/www.sonoraenequipo.com.mx\/#organization\",\"name\":\"Sonoraenequipo.com.mx\",\"url\":\"https:\/\/www.sonoraenequipo.com.mx\/\",\"logo\":{\"@type\":\"ImageObject\",\"inLanguage\":\"es\",\"@id\":\"https:\/\/www.sonoraenequipo.com.mx\/#\/schema\/logo\/image\/\",\"url\":\"https:\/\/www.sonoraenequipo.com.mx\/storage\/2019\/01\/sonoraenequipo_opt.png\",\"contentUrl\":\"https:\/\/www.sonoraenequipo.com.mx\/storage\/2019\/01\/sonoraenequipo_opt.png\",\"width\":375,\"height\":125,\"caption\":\"Sonoraenequipo.com.mx\"},\"image\":{\"@id\":\"https:\/\/www.sonoraenequipo.com.mx\/#\/schema\/logo\/image\/\"},\"sameAs\":[\"https:\/\/www.facebook.com\/SonoraEE\/\",\"https:\/\/x.com\/sonoraenequipo\",\"https:\/\/www.youtube.com\/channel\/UC338nW-lPEYmJQs4ZABQ1SQ\"]},{\"@type\":\"Person\",\"@id\":\"https:\/\/www.sonoraenequipo.com.mx\/#\/schema\/person\/50102df0fb23a8fa9e8effad8fa81386\",\"name\":\"enequipo\",\"image\":{\"@type\":\"ImageObject\",\"inLanguage\":\"es\",\"@id\":\"https:\/\/www.sonoraenequipo.com.mx\/#\/schema\/person\/image\/\",\"url\":\"https:\/\/secure.gravatar.com\/avatar\/049821681b589dabc0bc20695993ccebb09f5b5d4d790cd9251b97faac7c652b?s=96&d=blank&r=g\",\"contentUrl\":\"https:\/\/secure.gravatar.com\/avatar\/049821681b589dabc0bc20695993ccebb09f5b5d4d790cd9251b97faac7c652b?s=96&d=blank&r=g\",\"caption\":\"enequipo\"},\"sameAs\":[\"https:\/\/www.facebook.com\/SonoraEE\"]}]}<\/script>\n ","yoast_head_json":{"title":"Caen en m\u00e1s del 50% las ventas en el 3er trimestre: CANACO-CDMX Sonora en Equipo.","description":"CIUDAD DE M\u00c9XICO. MX. \u2014 A pesar de que en el tercer trimestre comenz\u00f3 la reactivaci\u00f3n econ\u00f3mica de la mayor parte de las actividades comerciales, se En Sonora en Equipo publicamos toda la informaci\u00f3n de Sonora, M\u00e9xico y el Mundo de manera oportuna y busca que la libertad de expresi\u00f3n sea real. Visita nuestro medio informativo publicado desde Hermosillo, Sonora. %","robots":{"index":"index","follow":"follow","max-snippet":"max-snippet:-1","max-image-preview":"max-image-preview:large","max-video-preview":"max-video-preview:-1"},"canonical":"https:\/\/www.sonoraenequipo.com.mx\/caen-en-mas-del-50-las-ventas-en-el-3er-trimestre-canaco-cdmx\/","og_locale":"es_ES","og_type":"article","og_title":"Caen en m\u00e1s del 50% las ventas en el 3er trimestre: CANACO-CDMX Sonora en Equipo.","og_description":"CIUDAD DE M\u00c9XICO. MX. \u2014 A pesar de que en el tercer trimestre comenz\u00f3 la reactivaci\u00f3n econ\u00f3mica de la mayor parte de las actividades comerciales, se En Sonora en Equipo publicamos toda la informaci\u00f3n de Sonora, M\u00e9xico y el Mundo de manera oportuna y busca que la libertad de expresi\u00f3n sea real. Visita nuestro medio informativo publicado desde Hermosillo, Sonora. %","og_url":"https:\/\/www.sonoraenequipo.com.mx\/caen-en-mas-del-50-las-ventas-en-el-3er-trimestre-canaco-cdmx\/","og_site_name":"Sonora en Equipo.","article_publisher":"https:\/\/www.facebook.com\/SonoraEE\/","article_author":"https:\/\/www.facebook.com\/SonoraEE","article_published_time":"2020-10-08T12:00:26+00:00","article_modified_time":"2020-10-08T16:18:47+00:00","og_image":[{"width":640,"height":400,"url":"https:\/\/www.sonoraenequipo.com.mx\/storage\/2020\/10\/bajas-ventas_opt.jpg","type":"image\/jpeg"}],"author":"enequipo","twitter_card":"summary_large_image","twitter_creator":"@sonoraenequipo","twitter_site":"@sonoraenequipo","twitter_misc":{"Escrito por":"enequipo","Tiempo de lectura":"3 minutos"},"schema":{"@context":"https:\/\/schema.org","@graph":[{"@type":"Article","@id":"https:\/\/www.sonoraenequipo.com.mx\/caen-en-mas-del-50-las-ventas-en-el-3er-trimestre-canaco-cdmx\/#article","isPartOf":{"@id":"https:\/\/www.sonoraenequipo.com.mx\/caen-en-mas-del-50-las-ventas-en-el-3er-trimestre-canaco-cdmx\/"},"author":{"name":"enequipo","@id":"https:\/\/www.sonoraenequipo.com.mx\/#\/schema\/person\/50102df0fb23a8fa9e8effad8fa81386"},"headline":"Caen en m\u00e1s del 50% las ventas en el 3er trimestre: CANACO-CDMX","datePublished":"2020-10-08T12:00:26+00:00","dateModified":"2020-10-08T16:18:47+00:00","mainEntityOfPage":{"@id":"https:\/\/www.sonoraenequipo.com.mx\/caen-en-mas-del-50-las-ventas-en-el-3er-trimestre-canaco-cdmx\/"},"wordCount":639,"commentCount":0,"publisher":{"@id":"https:\/\/www.sonoraenequipo.com.mx\/#organization"},"image":{"@id":"https:\/\/www.sonoraenequipo.com.mx\/caen-en-mas-del-50-las-ventas-en-el-3er-trimestre-canaco-cdmx\/#primaryimage"},"thumbnailUrl":"https:\/\/www.sonoraenequipo.com.mx\/storage\/2020\/10\/bajas-ventas_opt.jpg","articleSection":["Rep\u00fablica"],"inLanguage":"es","potentialAction":[{"@type":"CommentAction","name":"Comment","target":["https:\/\/www.sonoraenequipo.com.mx\/caen-en-mas-del-50-las-ventas-en-el-3er-trimestre-canaco-cdmx\/#respond"]}]},{"@type":"WebPage","@id":"https:\/\/www.sonoraenequipo.com.mx\/caen-en-mas-del-50-las-ventas-en-el-3er-trimestre-canaco-cdmx\/","url":"https:\/\/www.sonoraenequipo.com.mx\/caen-en-mas-del-50-las-ventas-en-el-3er-trimestre-canaco-cdmx\/","name":"Caen en m\u00e1s del 50% las ventas en el 3er trimestre: CANACO-CDMX Sonora en Equipo.","isPartOf":{"@id":"https:\/\/www.sonoraenequipo.com.mx\/#website"},"primaryImageOfPage":{"@id":"https:\/\/www.sonoraenequipo.com.mx\/caen-en-mas-del-50-las-ventas-en-el-3er-trimestre-canaco-cdmx\/#primaryimage"},"image":{"@id":"https:\/\/www.sonoraenequipo.com.mx\/caen-en-mas-del-50-las-ventas-en-el-3er-trimestre-canaco-cdmx\/#primaryimage"},"thumbnailUrl":"https:\/\/www.sonoraenequipo.com.mx\/storage\/2020\/10\/bajas-ventas_opt.jpg","datePublished":"2020-10-08T12:00:26+00:00","dateModified":"2020-10-08T16:18:47+00:00","description":"CIUDAD DE M\u00c9XICO. MX. \u2014 A pesar de que en el tercer trimestre comenz\u00f3 la reactivaci\u00f3n econ\u00f3mica de la mayor parte de las actividades comerciales, se En Sonora en Equipo publicamos toda la informaci\u00f3n de Sonora, M\u00e9xico y el Mundo de manera oportuna y busca que la libertad de expresi\u00f3n sea real. Visita nuestro medio informativo publicado desde Hermosillo, Sonora. %","breadcrumb":{"@id":"https:\/\/www.sonoraenequipo.com.mx\/caen-en-mas-del-50-las-ventas-en-el-3er-trimestre-canaco-cdmx\/#breadcrumb"},"inLanguage":"es","potentialAction":[{"@type":"ReadAction","target":["https:\/\/www.sonoraenequipo.com.mx\/caen-en-mas-del-50-las-ventas-en-el-3er-trimestre-canaco-cdmx\/"]}]},{"@type":"ImageObject","inLanguage":"es","@id":"https:\/\/www.sonoraenequipo.com.mx\/caen-en-mas-del-50-las-ventas-en-el-3er-trimestre-canaco-cdmx\/#primaryimage","url":"https:\/\/www.sonoraenequipo.com.mx\/storage\/2020\/10\/bajas-ventas_opt.jpg","contentUrl":"https:\/\/www.sonoraenequipo.com.mx\/storage\/2020\/10\/bajas-ventas_opt.jpg","width":640,"height":400},{"@type":"BreadcrumbList","@id":"https:\/\/www.sonoraenequipo.com.mx\/caen-en-mas-del-50-las-ventas-en-el-3er-trimestre-canaco-cdmx\/#breadcrumb","itemListElement":[{"@type":"ListItem","position":1,"name":"Portada","item":"https:\/\/www.sonoraenequipo.com.mx\/"},{"@type":"ListItem","position":2,"name":"Caen en m\u00e1s del 50% las ventas en el 3er trimestre: CANACO-CDMX"}]},{"@type":"WebSite","@id":"https:\/\/www.sonoraenequipo.com.mx\/#website","url":"https:\/\/www.sonoraenequipo.com.mx\/","name":"Sonora en Equipo.","description":"Diario en l\u00ednea con Noticias desde Hermosillo, Sonora","publisher":{"@id":"https:\/\/www.sonoraenequipo.com.mx\/#organization"},"potentialAction":[{"@type":"SearchAction","target":{"@type":"EntryPoint","urlTemplate":"https:\/\/www.sonoraenequipo.com.mx\/?s={search_term_string}"},"query-input":{"@type":"PropertyValueSpecification","valueRequired":true,"valueName":"search_term_string"}}],"inLanguage":"es"},{"@type":"Organization","@id":"https:\/\/www.sonoraenequipo.com.mx\/#organization","name":"Sonoraenequipo.com.mx","url":"https:\/\/www.sonoraenequipo.com.mx\/","logo":{"@type":"ImageObject","inLanguage":"es","@id":"https:\/\/www.sonoraenequipo.com.mx\/#\/schema\/logo\/image\/","url":"https:\/\/www.sonoraenequipo.com.mx\/storage\/2019\/01\/sonoraenequipo_opt.png","contentUrl":"https:\/\/www.sonoraenequipo.com.mx\/storage\/2019\/01\/sonoraenequipo_opt.png","width":375,"height":125,"caption":"Sonoraenequipo.com.mx"},"image":{"@id":"https:\/\/www.sonoraenequipo.com.mx\/#\/schema\/logo\/image\/"},"sameAs":["https:\/\/www.facebook.com\/SonoraEE\/","https:\/\/x.com\/sonoraenequipo","https:\/\/www.youtube.com\/channel\/UC338nW-lPEYmJQs4ZABQ1SQ"]},{"@type":"Person","@id":"https:\/\/www.sonoraenequipo.com.mx\/#\/schema\/person\/50102df0fb23a8fa9e8effad8fa81386","name":"enequipo","image":{"@type":"ImageObject","inLanguage":"es","@id":"https:\/\/www.sonoraenequipo.com.mx\/#\/schema\/person\/image\/","url":"https:\/\/secure.gravatar.com\/avatar\/049821681b589dabc0bc20695993ccebb09f5b5d4d790cd9251b97faac7c652b?s=96&d=blank&r=g","contentUrl":"https:\/\/secure.gravatar.com\/avatar\/049821681b589dabc0bc20695993ccebb09f5b5d4d790cd9251b97faac7c652b?s=96&d=blank&r=g","caption":"enequipo"},"sameAs":["https:\/\/www.facebook.com\/SonoraEE"]}]}},"jetpack_featured_media_url":"https:\/\/www.sonoraenequipo.com.mx\/storage\/2020\/10\/bajas-ventas_opt.jpg","_links":{"self":[{"href":"https:\/\/www.sonoraenequipo.com.mx\/api\/wp\/v2\/posts\/97209","targetHints":{"allow":["GET"]}}],"collection":[{"href":"https:\/\/www.sonoraenequipo.com.mx\/api\/wp\/v2\/posts"}],"about":[{"href":"https:\/\/www.sonoraenequipo.com.mx\/api\/wp\/v2\/types\/post"}],"author":[{"embeddable":true,"href":"https:\/\/www.sonoraenequipo.com.mx\/api\/wp\/v2\/users\/1"}],"replies":[{"embeddable":true,"href":"https:\/\/www.sonoraenequipo.com.mx\/api\/wp\/v2\/comments?post=97209"}],"version-history":[{"count":1,"href":"https:\/\/www.sonoraenequipo.com.mx\/api\/wp\/v2\/posts\/97209\/revisions"}],"predecessor-version":[{"id":97212,"href":"https:\/\/www.sonoraenequipo.com.mx\/api\/wp\/v2\/posts\/97209\/revisions\/97212"}],"wp:featuredmedia":[{"embeddable":true,"href":"https:\/\/www.sonoraenequipo.com.mx\/api\/wp\/v2\/media\/97210"}],"wp:attachment":[{"href":"https:\/\/www.sonoraenequipo.com.mx\/api\/wp\/v2\/media?parent=97209"}],"wp:term":[{"taxonomy":"category","embeddable":true,"href":"https:\/\/www.sonoraenequipo.com.mx\/api\/wp\/v2\/categories?post=97209"},{"taxonomy":"post_tag","embeddable":true,"href":"https:\/\/www.sonoraenequipo.com.mx\/api\/wp\/v2\/tags?post=97209"}],"curies":[{"name":"wp","href":"https:\/\/api.w.org\/{rel}","templated":true}]}}