{"id":97222,"date":"2020-10-08T07:20:04","date_gmt":"2020-10-08T14:20:04","guid":{"rendered":"https:\/\/www.sonoraenequipo.com.mx\/?p=97222"},"modified":"2020-10-08T16:38:07","modified_gmt":"2020-10-08T23:38:07","slug":"preocupa-baja-en-consultas-para-pruebas-de-deteccion-de-cancer-de-mama","status":"publish","type":"post","link":"https:\/\/www.sonoraenequipo.com.mx\/preocupa-baja-en-consultas-para-pruebas-de-deteccion-de-cancer-de-mama\/","title":{"rendered":"Preocupa baja en consultas para pruebas de detecci\u00f3n de c\u00e1ncer de mama"},"content":{"rendered":"<p>HERMOSILLO, SONORA. MX. \u2014 Manifiesta la agrupaci\u00f3n George Papanicolao, que se ha notado en los \u00faltimos meses una disminuci\u00f3n de hasta un 40 por ciento de mujeres que no han acudido a realizarse ex\u00e1menes de c\u00e1ncer de mama.<\/p>\n<p>&nbsp;<\/p>\n<p> <\/p>\n<p>&nbsp;<\/p>\n<p>La presidenta de la agrupaci\u00f3n George Papanicolau, Fernanda Salazar de Maz\u00f3n, dio a conocer que esa situaci\u00f3n en especial se ha notado tanto en hospitales, cl\u00ednicas asi como organizaciones como la que ella forma parte y donde hacen pruebas gratuitas para prevenir casos de c\u00e1ncer de mama.<\/p>\n<p>&nbsp;<\/p>\n<p><em>\u201cPor la pandemia pues les dio miedo y como todos nos encerramos un poco en casa, dejamos de hacer nuestras salidas comunes y eso fue lo que detuvo yo a ciertas mujeres a salir\u201d<\/em>, se\u00f1al\u00f3.<\/p>\n<p>&nbsp;<\/p>\n<p>En ese sentido, manifest\u00f3 que de nueva cuenta est\u00e1n haciendo el llamado a toda mujer que requiera hacerse un estudio a que acudan con un m\u00e9dico especializado en ello y de esa manera poder descartar la presencia de c\u00e1ncer de mama o en el caso de ya padecerlo, atend\u00e9rselo con tiempo.<\/p>\n<p>&nbsp;<\/p>\n<p>(PUBLICADO EL 07\/10\/2020)<\/p>\n","protected":false},"excerpt":{"rendered":"<p>HERMOSILLO, SONORA. MX. \u2014 Manifiesta la agrupaci\u00f3n George Papanicolao, que se ha notado en los&#8230;<\/p>\n","protected":false},"author":1,"featured_media":97224,"comment_status":"open","ping_status":"open","sticky":false,"template":"","format":"standard","meta":{"_monsterinsights_skip_tracking":false,"_monsterinsights_sitenote_active":false,"_monsterinsights_sitenote_note":"","_monsterinsights_sitenote_category":0,"footnotes":""},"categories":[22],"tags":[],"class_list":["post"],"yoast_head":" \n<title>Sonora en Equipo. Preocupa baja en consultas para pruebas de detecci\u00f3n de c\u00e1ncer de mama Sonora<\/title>\n<meta name=\"description\" content=\"HERMOSILLO, SONORA. MX. \u2014 Manifiesta la agrupaci\u00f3n George Papanicolao, que se ha notado en los \u00faltimos meses una disminuci\u00f3n de hasta un 40 por ciento de En Sonora en Equipo publicamos toda la informaci\u00f3n de Sonora, M\u00e9xico y el Mundo de manera oportuna y busca que la libertad de expresi\u00f3n sea real. Visita nuestro medio informativo publicado desde Hermosillo, Sonora. %\" \/>\n<meta name=\"robots\" content=\"index, follow, max-snippet:-1, max-image-preview:large, max-video-preview:-1\" \/>\n<link rel=\"canonical\" href=\"https:\/\/www.sonoraenequipo.com.mx\/preocupa-baja-en-consultas-para-pruebas-de-deteccion-de-cancer-de-mama\/\" \/>\n<meta property=\"og:locale\" content=\"es_ES\" \/>\n<meta property=\"og:type\" content=\"article\" \/>\n<meta property=\"og:title\" content=\"Sonora en Equipo. Preocupa baja en consultas para pruebas de detecci\u00f3n de c\u00e1ncer de mama Sonora\" \/>\n<meta property=\"og:description\" content=\"HERMOSILLO, SONORA. MX. \u2014 Manifiesta la agrupaci\u00f3n George Papanicolao, que se ha notado en los \u00faltimos meses una disminuci\u00f3n de hasta un 40 por ciento de En Sonora en Equipo publicamos toda la informaci\u00f3n de Sonora, M\u00e9xico y el Mundo de manera oportuna y busca que la libertad de expresi\u00f3n sea real. Visita nuestro medio informativo publicado desde Hermosillo, Sonora. %\" \/>\n<meta property=\"og:url\" content=\"https:\/\/www.sonoraenequipo.com.mx\/preocupa-baja-en-consultas-para-pruebas-de-deteccion-de-cancer-de-mama\/\" \/>\n<meta property=\"og:site_name\" content=\"Sonora en Equipo.\" \/>\n<meta property=\"article:publisher\" content=\"https:\/\/www.facebook.com\/SonoraEE\/\" \/>\n<meta property=\"article:author\" content=\"https:\/\/www.facebook.com\/SonoraEE\" \/>\n<meta property=\"article:published_time\" content=\"2020-10-08T14:20:04+00:00\" \/>\n<meta property=\"article:modified_time\" content=\"2020-10-08T23:38:07+00:00\" \/>\n<meta property=\"og:image\" content=\"https:\/\/www.sonoraenequipo.com.mx\/storage\/2020\/10\/secuelas-_opt.jpg\" \/>\n\t<meta property=\"og:image:width\" content=\"1041\" \/>\n\t<meta property=\"og:image:height\" content=\"400\" \/>\n\t<meta property=\"og:image:type\" content=\"image\/jpeg\" \/>\n<meta name=\"author\" content=\"enequipo\" \/>\n<meta name=\"twitter:card\" content=\"summary_large_image\" \/>\n<meta name=\"twitter:creator\" content=\"@sonoraenequipo\" \/>\n<meta name=\"twitter:site\" content=\"@sonoraenequipo\" \/>\n<meta name=\"twitter:label1\" content=\"Escrito por\" \/>\n\t<meta name=\"twitter:data1\" content=\"enequipo\" \/>\n\t<meta name=\"twitter:label2\" content=\"Tiempo de lectura\" \/>\n\t<meta name=\"twitter:data2\" content=\"1 minuto\" \/>\n<script type=\"application\/ld+json\" class=\"yoast-schema-graph\">{\"@context\":\"https:\/\/schema.org\",\"@graph\":[{\"@type\":\"Article\",\"@id\":\"https:\/\/www.sonoraenequipo.com.mx\/preocupa-baja-en-consultas-para-pruebas-de-deteccion-de-cancer-de-mama\/#article\",\"isPartOf\":{\"@id\":\"https:\/\/www.sonoraenequipo.com.mx\/preocupa-baja-en-consultas-para-pruebas-de-deteccion-de-cancer-de-mama\/\"},\"author\":{\"name\":\"enequipo\",\"@id\":\"https:\/\/www.sonoraenequipo.com.mx\/#\/schema\/person\/50102df0fb23a8fa9e8effad8fa81386\"},\"headline\":\"Preocupa baja en consultas para pruebas de detecci\u00f3n de c\u00e1ncer de mama\",\"datePublished\":\"2020-10-08T14:20:04+00:00\",\"dateModified\":\"2020-10-08T23:38:07+00:00\",\"mainEntityOfPage\":{\"@id\":\"https:\/\/www.sonoraenequipo.com.mx\/preocupa-baja-en-consultas-para-pruebas-de-deteccion-de-cancer-de-mama\/\"},\"wordCount\":204,\"commentCount\":0,\"publisher\":{\"@id\":\"https:\/\/www.sonoraenequipo.com.mx\/#organization\"},\"image\":{\"@id\":\"https:\/\/www.sonoraenequipo.com.mx\/preocupa-baja-en-consultas-para-pruebas-de-deteccion-de-cancer-de-mama\/#primaryimage\"},\"thumbnailUrl\":\"https:\/\/www.sonoraenequipo.com.mx\/storage\/2020\/10\/secuelas-_opt.jpg\",\"articleSection\":[\"Sonora\"],\"inLanguage\":\"es\",\"potentialAction\":[{\"@type\":\"CommentAction\",\"name\":\"Comment\",\"target\":[\"https:\/\/www.sonoraenequipo.com.mx\/preocupa-baja-en-consultas-para-pruebas-de-deteccion-de-cancer-de-mama\/#respond\"]}]},{\"@type\":\"WebPage\",\"@id\":\"https:\/\/www.sonoraenequipo.com.mx\/preocupa-baja-en-consultas-para-pruebas-de-deteccion-de-cancer-de-mama\/\",\"url\":\"https:\/\/www.sonoraenequipo.com.mx\/preocupa-baja-en-consultas-para-pruebas-de-deteccion-de-cancer-de-mama\/\",\"name\":\"Sonora en Equipo. Preocupa baja en consultas para pruebas de detecci\u00f3n de c\u00e1ncer de mama Sonora\",\"isPartOf\":{\"@id\":\"https:\/\/www.sonoraenequipo.com.mx\/#website\"},\"primaryImageOfPage\":{\"@id\":\"https:\/\/www.sonoraenequipo.com.mx\/preocupa-baja-en-consultas-para-pruebas-de-deteccion-de-cancer-de-mama\/#primaryimage\"},\"image\":{\"@id\":\"https:\/\/www.sonoraenequipo.com.mx\/preocupa-baja-en-consultas-para-pruebas-de-deteccion-de-cancer-de-mama\/#primaryimage\"},\"thumbnailUrl\":\"https:\/\/www.sonoraenequipo.com.mx\/storage\/2020\/10\/secuelas-_opt.jpg\",\"datePublished\":\"2020-10-08T14:20:04+00:00\",\"dateModified\":\"2020-10-08T23:38:07+00:00\",\"description\":\"HERMOSILLO, SONORA. MX. \u2014 Manifiesta la agrupaci\u00f3n George Papanicolao, que se ha notado en los \u00faltimos meses una disminuci\u00f3n de hasta un 40 por ciento de En Sonora en Equipo publicamos toda la informaci\u00f3n de Sonora, M\u00e9xico y el Mundo de manera oportuna y busca que la libertad de expresi\u00f3n sea real. Visita nuestro medio informativo publicado desde Hermosillo, Sonora. %\",\"breadcrumb\":{\"@id\":\"https:\/\/www.sonoraenequipo.com.mx\/preocupa-baja-en-consultas-para-pruebas-de-deteccion-de-cancer-de-mama\/#breadcrumb\"},\"inLanguage\":\"es\",\"potentialAction\":[{\"@type\":\"ReadAction\",\"target\":[\"https:\/\/www.sonoraenequipo.com.mx\/preocupa-baja-en-consultas-para-pruebas-de-deteccion-de-cancer-de-mama\/\"]}]},{\"@type\":\"ImageObject\",\"inLanguage\":\"es\",\"@id\":\"https:\/\/www.sonoraenequipo.com.mx\/preocupa-baja-en-consultas-para-pruebas-de-deteccion-de-cancer-de-mama\/#primaryimage\",\"url\":\"https:\/\/www.sonoraenequipo.com.mx\/storage\/2020\/10\/secuelas-_opt.jpg\",\"contentUrl\":\"https:\/\/www.sonoraenequipo.com.mx\/storage\/2020\/10\/secuelas-_opt.jpg\",\"width\":1041,\"height\":400},{\"@type\":\"BreadcrumbList\",\"@id\":\"https:\/\/www.sonoraenequipo.com.mx\/preocupa-baja-en-consultas-para-pruebas-de-deteccion-de-cancer-de-mama\/#breadcrumb\",\"itemListElement\":[{\"@type\":\"ListItem\",\"position\":1,\"name\":\"Portada\",\"item\":\"https:\/\/www.sonoraenequipo.com.mx\/\"},{\"@type\":\"ListItem\",\"position\":2,\"name\":\"Preocupa baja en consultas para pruebas de detecci\u00f3n de c\u00e1ncer de mama\"}]},{\"@type\":\"WebSite\",\"@id\":\"https:\/\/www.sonoraenequipo.com.mx\/#website\",\"url\":\"https:\/\/www.sonoraenequipo.com.mx\/\",\"name\":\"Sonora en Equipo.\",\"description\":\"Diario en l\u00ednea con Noticias desde Hermosillo, Sonora\",\"publisher\":{\"@id\":\"https:\/\/www.sonoraenequipo.com.mx\/#organization\"},\"potentialAction\":[{\"@type\":\"SearchAction\",\"target\":{\"@type\":\"EntryPoint\",\"urlTemplate\":\"https:\/\/www.sonoraenequipo.com.mx\/?s={search_term_string}\"},\"query-input\":{\"@type\":\"PropertyValueSpecification\",\"valueRequired\":true,\"valueName\":\"search_term_string\"}}],\"inLanguage\":\"es\"},{\"@type\":\"Organization\",\"@id\":\"https:\/\/www.sonoraenequipo.com.mx\/#organization\",\"name\":\"Sonoraenequipo.com.mx\",\"url\":\"https:\/\/www.sonoraenequipo.com.mx\/\",\"logo\":{\"@type\":\"ImageObject\",\"inLanguage\":\"es\",\"@id\":\"https:\/\/www.sonoraenequipo.com.mx\/#\/schema\/logo\/image\/\",\"url\":\"https:\/\/www.sonoraenequipo.com.mx\/storage\/2019\/01\/sonoraenequipo_opt.png\",\"contentUrl\":\"https:\/\/www.sonoraenequipo.com.mx\/storage\/2019\/01\/sonoraenequipo_opt.png\",\"width\":375,\"height\":125,\"caption\":\"Sonoraenequipo.com.mx\"},\"image\":{\"@id\":\"https:\/\/www.sonoraenequipo.com.mx\/#\/schema\/logo\/image\/\"},\"sameAs\":[\"https:\/\/www.facebook.com\/SonoraEE\/\",\"https:\/\/x.com\/sonoraenequipo\",\"https:\/\/www.youtube.com\/channel\/UC338nW-lPEYmJQs4ZABQ1SQ\"]},{\"@type\":\"Person\",\"@id\":\"https:\/\/www.sonoraenequipo.com.mx\/#\/schema\/person\/50102df0fb23a8fa9e8effad8fa81386\",\"name\":\"enequipo\",\"image\":{\"@type\":\"ImageObject\",\"inLanguage\":\"es\",\"@id\":\"https:\/\/www.sonoraenequipo.com.mx\/#\/schema\/person\/image\/\",\"url\":\"https:\/\/secure.gravatar.com\/avatar\/049821681b589dabc0bc20695993ccebb09f5b5d4d790cd9251b97faac7c652b?s=96&d=blank&r=g\",\"contentUrl\":\"https:\/\/secure.gravatar.com\/avatar\/049821681b589dabc0bc20695993ccebb09f5b5d4d790cd9251b97faac7c652b?s=96&d=blank&r=g\",\"caption\":\"enequipo\"},\"sameAs\":[\"https:\/\/www.facebook.com\/SonoraEE\"]}]}<\/script>\n ","yoast_head_json":{"title":"Sonora en Equipo. Preocupa baja en consultas para pruebas de detecci\u00f3n de c\u00e1ncer de mama Sonora","description":"HERMOSILLO, SONORA. MX. \u2014 Manifiesta la agrupaci\u00f3n George Papanicolao, que se ha notado en los \u00faltimos meses una disminuci\u00f3n de hasta un 40 por ciento de En Sonora en Equipo publicamos toda la informaci\u00f3n de Sonora, M\u00e9xico y el Mundo de manera oportuna y busca que la libertad de expresi\u00f3n sea real. Visita nuestro medio informativo publicado desde Hermosillo, Sonora. %","robots":{"index":"index","follow":"follow","max-snippet":"max-snippet:-1","max-image-preview":"max-image-preview:large","max-video-preview":"max-video-preview:-1"},"canonical":"https:\/\/www.sonoraenequipo.com.mx\/preocupa-baja-en-consultas-para-pruebas-de-deteccion-de-cancer-de-mama\/","og_locale":"es_ES","og_type":"article","og_title":"Sonora en Equipo. Preocupa baja en consultas para pruebas de detecci\u00f3n de c\u00e1ncer de mama Sonora","og_description":"HERMOSILLO, SONORA. MX. \u2014 Manifiesta la agrupaci\u00f3n George Papanicolao, que se ha notado en los \u00faltimos meses una disminuci\u00f3n de hasta un 40 por ciento de En Sonora en Equipo publicamos toda la informaci\u00f3n de Sonora, M\u00e9xico y el Mundo de manera oportuna y busca que la libertad de expresi\u00f3n sea real. Visita nuestro medio informativo publicado desde Hermosillo, Sonora. %","og_url":"https:\/\/www.sonoraenequipo.com.mx\/preocupa-baja-en-consultas-para-pruebas-de-deteccion-de-cancer-de-mama\/","og_site_name":"Sonora en Equipo.","article_publisher":"https:\/\/www.facebook.com\/SonoraEE\/","article_author":"https:\/\/www.facebook.com\/SonoraEE","article_published_time":"2020-10-08T14:20:04+00:00","article_modified_time":"2020-10-08T23:38:07+00:00","og_image":[{"width":1041,"height":400,"url":"https:\/\/www.sonoraenequipo.com.mx\/storage\/2020\/10\/secuelas-_opt.jpg","type":"image\/jpeg"}],"author":"enequipo","twitter_card":"summary_large_image","twitter_creator":"@sonoraenequipo","twitter_site":"@sonoraenequipo","twitter_misc":{"Escrito por":"enequipo","Tiempo de lectura":"1 minuto"},"schema":{"@context":"https:\/\/schema.org","@graph":[{"@type":"Article","@id":"https:\/\/www.sonoraenequipo.com.mx\/preocupa-baja-en-consultas-para-pruebas-de-deteccion-de-cancer-de-mama\/#article","isPartOf":{"@id":"https:\/\/www.sonoraenequipo.com.mx\/preocupa-baja-en-consultas-para-pruebas-de-deteccion-de-cancer-de-mama\/"},"author":{"name":"enequipo","@id":"https:\/\/www.sonoraenequipo.com.mx\/#\/schema\/person\/50102df0fb23a8fa9e8effad8fa81386"},"headline":"Preocupa baja en consultas para pruebas de detecci\u00f3n de c\u00e1ncer de mama","datePublished":"2020-10-08T14:20:04+00:00","dateModified":"2020-10-08T23:38:07+00:00","mainEntityOfPage":{"@id":"https:\/\/www.sonoraenequipo.com.mx\/preocupa-baja-en-consultas-para-pruebas-de-deteccion-de-cancer-de-mama\/"},"wordCount":204,"commentCount":0,"publisher":{"@id":"https:\/\/www.sonoraenequipo.com.mx\/#organization"},"image":{"@id":"https:\/\/www.sonoraenequipo.com.mx\/preocupa-baja-en-consultas-para-pruebas-de-deteccion-de-cancer-de-mama\/#primaryimage"},"thumbnailUrl":"https:\/\/www.sonoraenequipo.com.mx\/storage\/2020\/10\/secuelas-_opt.jpg","articleSection":["Sonora"],"inLanguage":"es","potentialAction":[{"@type":"CommentAction","name":"Comment","target":["https:\/\/www.sonoraenequipo.com.mx\/preocupa-baja-en-consultas-para-pruebas-de-deteccion-de-cancer-de-mama\/#respond"]}]},{"@type":"WebPage","@id":"https:\/\/www.sonoraenequipo.com.mx\/preocupa-baja-en-consultas-para-pruebas-de-deteccion-de-cancer-de-mama\/","url":"https:\/\/www.sonoraenequipo.com.mx\/preocupa-baja-en-consultas-para-pruebas-de-deteccion-de-cancer-de-mama\/","name":"Sonora en Equipo. Preocupa baja en consultas para pruebas de detecci\u00f3n de c\u00e1ncer de mama Sonora","isPartOf":{"@id":"https:\/\/www.sonoraenequipo.com.mx\/#website"},"primaryImageOfPage":{"@id":"https:\/\/www.sonoraenequipo.com.mx\/preocupa-baja-en-consultas-para-pruebas-de-deteccion-de-cancer-de-mama\/#primaryimage"},"image":{"@id":"https:\/\/www.sonoraenequipo.com.mx\/preocupa-baja-en-consultas-para-pruebas-de-deteccion-de-cancer-de-mama\/#primaryimage"},"thumbnailUrl":"https:\/\/www.sonoraenequipo.com.mx\/storage\/2020\/10\/secuelas-_opt.jpg","datePublished":"2020-10-08T14:20:04+00:00","dateModified":"2020-10-08T23:38:07+00:00","description":"HERMOSILLO, SONORA. MX. \u2014 Manifiesta la agrupaci\u00f3n George Papanicolao, que se ha notado en los \u00faltimos meses una disminuci\u00f3n de hasta un 40 por ciento de En Sonora en Equipo publicamos toda la informaci\u00f3n de Sonora, M\u00e9xico y el Mundo de manera oportuna y busca que la libertad de expresi\u00f3n sea real. Visita nuestro medio informativo publicado desde Hermosillo, Sonora. %","breadcrumb":{"@id":"https:\/\/www.sonoraenequipo.com.mx\/preocupa-baja-en-consultas-para-pruebas-de-deteccion-de-cancer-de-mama\/#breadcrumb"},"inLanguage":"es","potentialAction":[{"@type":"ReadAction","target":["https:\/\/www.sonoraenequipo.com.mx\/preocupa-baja-en-consultas-para-pruebas-de-deteccion-de-cancer-de-mama\/"]}]},{"@type":"ImageObject","inLanguage":"es","@id":"https:\/\/www.sonoraenequipo.com.mx\/preocupa-baja-en-consultas-para-pruebas-de-deteccion-de-cancer-de-mama\/#primaryimage","url":"https:\/\/www.sonoraenequipo.com.mx\/storage\/2020\/10\/secuelas-_opt.jpg","contentUrl":"https:\/\/www.sonoraenequipo.com.mx\/storage\/2020\/10\/secuelas-_opt.jpg","width":1041,"height":400},{"@type":"BreadcrumbList","@id":"https:\/\/www.sonoraenequipo.com.mx\/preocupa-baja-en-consultas-para-pruebas-de-deteccion-de-cancer-de-mama\/#breadcrumb","itemListElement":[{"@type":"ListItem","position":1,"name":"Portada","item":"https:\/\/www.sonoraenequipo.com.mx\/"},{"@type":"ListItem","position":2,"name":"Preocupa baja en consultas para pruebas de detecci\u00f3n de c\u00e1ncer de mama"}]},{"@type":"WebSite","@id":"https:\/\/www.sonoraenequipo.com.mx\/#website","url":"https:\/\/www.sonoraenequipo.com.mx\/","name":"Sonora en Equipo.","description":"Diario en l\u00ednea con Noticias desde Hermosillo, Sonora","publisher":{"@id":"https:\/\/www.sonoraenequipo.com.mx\/#organization"},"potentialAction":[{"@type":"SearchAction","target":{"@type":"EntryPoint","urlTemplate":"https:\/\/www.sonoraenequipo.com.mx\/?s={search_term_string}"},"query-input":{"@type":"PropertyValueSpecification","valueRequired":true,"valueName":"search_term_string"}}],"inLanguage":"es"},{"@type":"Organization","@id":"https:\/\/www.sonoraenequipo.com.mx\/#organization","name":"Sonoraenequipo.com.mx","url":"https:\/\/www.sonoraenequipo.com.mx\/","logo":{"@type":"ImageObject","inLanguage":"es","@id":"https:\/\/www.sonoraenequipo.com.mx\/#\/schema\/logo\/image\/","url":"https:\/\/www.sonoraenequipo.com.mx\/storage\/2019\/01\/sonoraenequipo_opt.png","contentUrl":"https:\/\/www.sonoraenequipo.com.mx\/storage\/2019\/01\/sonoraenequipo_opt.png","width":375,"height":125,"caption":"Sonoraenequipo.com.mx"},"image":{"@id":"https:\/\/www.sonoraenequipo.com.mx\/#\/schema\/logo\/image\/"},"sameAs":["https:\/\/www.facebook.com\/SonoraEE\/","https:\/\/x.com\/sonoraenequipo","https:\/\/www.youtube.com\/channel\/UC338nW-lPEYmJQs4ZABQ1SQ"]},{"@type":"Person","@id":"https:\/\/www.sonoraenequipo.com.mx\/#\/schema\/person\/50102df0fb23a8fa9e8effad8fa81386","name":"enequipo","image":{"@type":"ImageObject","inLanguage":"es","@id":"https:\/\/www.sonoraenequipo.com.mx\/#\/schema\/person\/image\/","url":"https:\/\/secure.gravatar.com\/avatar\/049821681b589dabc0bc20695993ccebb09f5b5d4d790cd9251b97faac7c652b?s=96&d=blank&r=g","contentUrl":"https:\/\/secure.gravatar.com\/avatar\/049821681b589dabc0bc20695993ccebb09f5b5d4d790cd9251b97faac7c652b?s=96&d=blank&r=g","caption":"enequipo"},"sameAs":["https:\/\/www.facebook.com\/SonoraEE"]}]}},"jetpack_featured_media_url":"https:\/\/www.sonoraenequipo.com.mx\/storage\/2020\/10\/secuelas-_opt.jpg","_links":{"self":[{"href":"https:\/\/www.sonoraenequipo.com.mx\/api\/wp\/v2\/posts\/97222","targetHints":{"allow":["GET"]}}],"collection":[{"href":"https:\/\/www.sonoraenequipo.com.mx\/api\/wp\/v2\/posts"}],"about":[{"href":"https:\/\/www.sonoraenequipo.com.mx\/api\/wp\/v2\/types\/post"}],"author":[{"embeddable":true,"href":"https:\/\/www.sonoraenequipo.com.mx\/api\/wp\/v2\/users\/1"}],"replies":[{"embeddable":true,"href":"https:\/\/www.sonoraenequipo.com.mx\/api\/wp\/v2\/comments?post=97222"}],"version-history":[{"count":1,"href":"https:\/\/www.sonoraenequipo.com.mx\/api\/wp\/v2\/posts\/97222\/revisions"}],"predecessor-version":[{"id":97225,"href":"https:\/\/www.sonoraenequipo.com.mx\/api\/wp\/v2\/posts\/97222\/revisions\/97225"}],"wp:featuredmedia":[{"embeddable":true,"href":"https:\/\/www.sonoraenequipo.com.mx\/api\/wp\/v2\/media\/97224"}],"wp:attachment":[{"href":"https:\/\/www.sonoraenequipo.com.mx\/api\/wp\/v2\/media?parent=97222"}],"wp:term":[{"taxonomy":"category","embeddable":true,"href":"https:\/\/www.sonoraenequipo.com.mx\/api\/wp\/v2\/categories?post=97222"},{"taxonomy":"post_tag","embeddable":true,"href":"https:\/\/www.sonoraenequipo.com.mx\/api\/wp\/v2\/tags?post=97222"}],"curies":[{"name":"wp","href":"https:\/\/api.w.org\/{rel}","templated":true}]}}