{"id":97226,"date":"2020-10-08T14:47:26","date_gmt":"2020-10-08T21:47:26","guid":{"rendered":"https:\/\/www.sonoraenequipo.com.mx\/?p=97226"},"modified":"2020-10-08T21:48:58","modified_gmt":"2020-10-09T04:48:58","slug":"es-una-realidad-la-paz-laboral-en-sonora-en-cinco-anos-de-gobierno-de-claudia-pavlovich-valenzuela-ibarra","status":"publish","type":"post","link":"https:\/\/www.sonoraenequipo.com.mx\/es-una-realidad-la-paz-laboral-en-sonora-en-cinco-anos-de-gobierno-de-claudia-pavlovich-valenzuela-ibarra\/","title":{"rendered":"Es una realidad la paz laboral en Sonora en cinco a\u00f1os de Gobierno de Claudia Pavlovich: Valenzuela Ibarra."},"content":{"rendered":"<p>&nbsp;<\/p>\n<p><strong>&gt;&gt;Sigamos Sonora con mayor generaci\u00f3n de empleos, certidumbre jur\u00eddica para el bienestar y el combate a la pobreza.<\/strong><\/p>\n<p>HERMOSILLO, SONORA,MX.\u2500\u2500 Una de sus grandes metas durante los cinco a\u00f1os de gobierno de Claudia Pavlovich Arellano ha sido la paz laboral para una mayor generaci\u00f3n de empleos, al asumir desde el inicio de su administraci\u00f3n el reto de dar respuesta pronta y eficaz a las necesidades de los sonorenses en materia de justicia laboral, resalt\u00f3 Horacio Valenzuela Ibarra.<\/p>\n<p>&nbsp;<\/p>\n<p>El secretario del Trabajo en Sonora record\u00f3 que en 2016 los sectores productivos y las organizaciones obreras suscribieron el Pacto Sonora para el empleo, la productividad, la competitividad y la paz laboral, a fin de construir una nueva cultura en esta materia para que, a trav\u00e9s del di\u00e1logo y la negociaci\u00f3n se resolvieran las diferencias.<\/p>\n<p>&nbsp;<\/p>\n<p>Mencion\u00f3 que esta pol\u00edtica p\u00fablica que recoge el Plan Estatal de Desarrollo es uno de los ejes centrales que ha detonado el crecimiento econ\u00f3mico en la entidad, que sumado a la confianza, la certidumbre jur\u00eddica y la paz laboral, ha sido el insumo b\u00e1sico para la promoci\u00f3n econ\u00f3mica en Sonora y lograr mayores y mejores empleos.<\/p>\n<p>&nbsp;<\/p>\n<p>\u201cNo hubiera sido posible construir esta paz laboral, si no hubi\u00e9semos contado con el mejor activo de este gobierno, que es la fortaleza moral y la transparencia con la que la gobernadora Claudia Pavlovich ha dirigido los destinos de Sonora\u201d, se\u00f1al\u00f3.<\/p>\n<p>&nbsp;<\/p>\n<p>En la construcci\u00f3n de paz laboral, agreg\u00f3, se han instrumentado diversas pol\u00edticas p\u00fablicas como la inclusi\u00f3n, realizando ferias del empleo para personas con discapacidad y para adultos mayores, las cuales fueron reconocidas en diciembre de 2016, cuando el Servicio Nacional de Empleo Sonora, fue galardonado con el distintivo Empresa Incluyente \u201cGilberto Rinc\u00f3n Gallardo\u201d, gracias a la aplicaci\u00f3n de una pol\u00edtica de inclusi\u00f3n laboral para grupos vulnerables, convirti\u00e9ndose en la \u00fanica dependencia estatal que ha obtenido dicho reconocimiento, pasando de ser el lugar n\u00famero 32 en el pa\u00eds, a ser el lugar 9.<\/p>\n<p>&nbsp;<\/p>\n<p>Se realiz\u00f3, dijo, la donaci\u00f3n de un Equipo Valpar al Centro de Rehabilitaci\u00f3n y Educaci\u00f3n Especial (CREE) Hermosillo con un valor aproximado de 2 millones 500 mil pesos, dicho equipo permite identificar las habilidades y capacidades de las personas con discapacidad para la creaci\u00f3n de su perfil laboral, con el que se ha atendido a m\u00e1s de mil 200 personas; as\u00ed tambi\u00e9n la igualdad ha sido de gran importancia durante la presente administraci\u00f3n, por lo que se han realizado ferias del empleo exclusivas para mujeres y se han entregado los recursos necesarios que permitan iniciar su propio negocio a m\u00e1s de 866 jefas de familia sonorenses.<\/p>\n<p>&nbsp;<\/p>\n<p>En los centros laborales, el Gobierno de Claudia Pavlovich trabaja con acciones en favor del bienestar de los trabajadores; la promoci\u00f3n de empleos formales, la capacitaci\u00f3n laboral, la seguridad y salud en el trabajo, mismos que fueron reconocidos en noviembre de 2017 durante el Encuentro del Sistema Nacional de Competencias Construyendo el Capital Humano del Siglo XXI, celebrado en Monterrey, Nuevo Le\u00f3n, CONOCER, por contar Sonora con la mejor pol\u00edtica p\u00fablica del pa\u00eds que impulsa la profesionalizaci\u00f3n y certificaci\u00f3n de los trabajadores.<\/p>\n<p>&nbsp;<\/p>\n<p>En enero de 2016 se instal\u00f3 la Comisi\u00f3n estatal para la erradicaci\u00f3n del trabajo infantil y la protecci\u00f3n de trabajadores adolescentes en edad permitida. Despu\u00e9s de que el INEGI informara de que en Sonora exist\u00eda un censo de 54 mil 882 ni\u00f1os y adolescentes trabajando en la econom\u00eda informal, se realiz\u00f3 una intensa campa\u00f1a de concientizaci\u00f3n para que los empleadores se abstuvieran de contratar a menores en los campos agr\u00edcolas y en todos los centros de trabajo y en estos cinco a\u00f1os el Gobierno del Estado obtuvo el primer lugar en la eficiencia de este programa.<\/p>\n<p>&nbsp;<\/p>\n<p>El secretario del Trabajo subray\u00f3 que con la labor del Instituto de Capacitaci\u00f3n para el Trabajo en el Estado de Sonora (Icatson), durante estos cincos a\u00f1os m\u00e1s de 171 mil personas han logrado culminar una capacitaci\u00f3n basada en necesidades reales de la sociedad y que adem\u00e1s les aporta las herramientas necesarias para contar con mayores oportunidades de trabajo.<\/p>\n<p>&nbsp;<\/p>\n<p>Valenzuela Ibarra indic\u00f3 que la mandataria sonorense ha logrado generar alianzas con diversas empresas para que mediante el Servicio Nacional del Empleo puedan ofertarse las vacantes de trabajo disponibles, lo cual ha permitido realizar m\u00e1s de 500 cursos para el autoempleo, jornadas de reclutamiento y m\u00e1s de 40 ferias del empleo en Sonora.<\/p>\n<p>&nbsp;<\/p>\n<p>\u201cDurante el presente a\u00f1o se ha llevado a cabo la revisi\u00f3n de 1,469 contratos colectivos de trabajo, se han atendido m\u00e1s de 11, mil 500 quejas y brindado cerca de 16 mil asesor\u00edas en materia laboral, presentado un porcentaje de soluci\u00f3n de demandas del 67.9%\u201d, apunt\u00f3 Valenzuela Ibarra.<\/p>\n<p>&nbsp;<\/p>\n<p>El funcionario estatal destac\u00f3 que al momento no se tiene alguna huelga estallada en Sonora, resultado de haber construido una relaci\u00f3n de respeto con los l\u00edderes obreros y organizaciones empresariales.<\/p>\n<p>&nbsp;<\/p>\n<p>En momentos de crisis, resalt\u00f3, es cuando se ponen a prueba los gobiernos y las instituciones, Sonora ha podido sortear los efectos del COVID-19, a pesar de la p\u00e9rdida de empleos, que afortunadamente y gracias al trabajo de la gobernadora ya se han recuperado.<\/p>\n<p>&nbsp;<\/p>\n<p>Fecha de Publicaci\u00f3n 08\/OCT\/2020<\/p>\n","protected":false},"excerpt":{"rendered":"<p>&nbsp; &gt;&gt;Sigamos Sonora con mayor generaci\u00f3n de empleos, certidumbre jur\u00eddica para el bienestar y el&#8230;<\/p>\n","protected":false},"author":1,"featured_media":97229,"comment_status":"open","ping_status":"open","sticky":false,"template":"","format":"standard","meta":{"_monsterinsights_skip_tracking":false,"_monsterinsights_sitenote_active":false,"_monsterinsights_sitenote_note":"","_monsterinsights_sitenote_category":0,"footnotes":""},"categories":[22],"tags":[],"class_list":["post"],"yoast_head":" \n<title>Sonora en Equipo. Es una realidad la paz laboral en Sonora en cinco a\u00f1os de Gobierno de Claudia Pavlovich: Valenzuela Ibarra. Sonora<\/title>\n<meta name=\"description\" content=\"&nbsp; &gt;&gt;Sigamos Sonora con mayor generaci\u00f3n de empleos, certidumbre jur\u00eddica para el bienestar y el combate a la pobreza. HERMOSILLO, SONORA,MX.\u2500\u2500 En Sonora en Equipo publicamos toda la informaci\u00f3n de Sonora, M\u00e9xico y el Mundo de manera oportuna y busca que la libertad de expresi\u00f3n sea real. Visita nuestro medio informativo publicado desde Hermosillo, Sonora. %\" \/>\n<meta name=\"robots\" content=\"index, follow, max-snippet:-1, max-image-preview:large, max-video-preview:-1\" \/>\n<link rel=\"canonical\" href=\"https:\/\/www.sonoraenequipo.com.mx\/es-una-realidad-la-paz-laboral-en-sonora-en-cinco-anos-de-gobierno-de-claudia-pavlovich-valenzuela-ibarra\/\" \/>\n<meta property=\"og:locale\" content=\"es_ES\" \/>\n<meta property=\"og:type\" content=\"article\" \/>\n<meta property=\"og:title\" content=\"Sonora en Equipo. Es una realidad la paz laboral en Sonora en cinco a\u00f1os de Gobierno de Claudia Pavlovich: Valenzuela Ibarra. Sonora\" \/>\n<meta property=\"og:description\" content=\"&nbsp; &gt;&gt;Sigamos Sonora con mayor generaci\u00f3n de empleos, certidumbre jur\u00eddica para el bienestar y el combate a la pobreza. HERMOSILLO, SONORA,MX.\u2500\u2500 En Sonora en Equipo publicamos toda la informaci\u00f3n de Sonora, M\u00e9xico y el Mundo de manera oportuna y busca que la libertad de expresi\u00f3n sea real. Visita nuestro medio informativo publicado desde Hermosillo, Sonora. %\" \/>\n<meta property=\"og:url\" content=\"https:\/\/www.sonoraenequipo.com.mx\/es-una-realidad-la-paz-laboral-en-sonora-en-cinco-anos-de-gobierno-de-claudia-pavlovich-valenzuela-ibarra\/\" \/>\n<meta property=\"og:site_name\" content=\"Sonora en Equipo.\" \/>\n<meta property=\"article:publisher\" content=\"https:\/\/www.facebook.com\/SonoraEE\/\" \/>\n<meta property=\"article:author\" content=\"https:\/\/www.facebook.com\/SonoraEE\" \/>\n<meta property=\"article:published_time\" content=\"2020-10-08T21:47:26+00:00\" \/>\n<meta property=\"article:modified_time\" content=\"2020-10-09T04:48:58+00:00\" \/>\n<meta property=\"og:image\" content=\"https:\/\/www.sonoraenequipo.com.mx\/storage\/2020\/10\/cpa081020.jpg\" \/>\n\t<meta property=\"og:image:width\" content=\"603\" \/>\n\t<meta property=\"og:image:height\" content=\"400\" \/>\n\t<meta property=\"og:image:type\" content=\"image\/jpeg\" \/>\n<meta name=\"author\" content=\"enequipo\" \/>\n<meta name=\"twitter:card\" content=\"summary_large_image\" \/>\n<meta name=\"twitter:creator\" content=\"@sonoraenequipo\" \/>\n<meta name=\"twitter:site\" content=\"@sonoraenequipo\" \/>\n<meta name=\"twitter:label1\" content=\"Escrito por\" \/>\n\t<meta name=\"twitter:data1\" content=\"enequipo\" \/>\n\t<meta name=\"twitter:label2\" content=\"Tiempo de lectura\" \/>\n\t<meta name=\"twitter:data2\" content=\"5 minutos\" \/>\n<script type=\"application\/ld+json\" class=\"yoast-schema-graph\">{\"@context\":\"https:\/\/schema.org\",\"@graph\":[{\"@type\":\"Article\",\"@id\":\"https:\/\/www.sonoraenequipo.com.mx\/es-una-realidad-la-paz-laboral-en-sonora-en-cinco-anos-de-gobierno-de-claudia-pavlovich-valenzuela-ibarra\/#article\",\"isPartOf\":{\"@id\":\"https:\/\/www.sonoraenequipo.com.mx\/es-una-realidad-la-paz-laboral-en-sonora-en-cinco-anos-de-gobierno-de-claudia-pavlovich-valenzuela-ibarra\/\"},\"author\":{\"name\":\"enequipo\",\"@id\":\"https:\/\/www.sonoraenequipo.com.mx\/#\/schema\/person\/50102df0fb23a8fa9e8effad8fa81386\"},\"headline\":\"Es una realidad la paz laboral en Sonora en cinco a\u00f1os de Gobierno de Claudia Pavlovich: Valenzuela Ibarra.\",\"datePublished\":\"2020-10-08T21:47:26+00:00\",\"dateModified\":\"2020-10-09T04:48:58+00:00\",\"mainEntityOfPage\":{\"@id\":\"https:\/\/www.sonoraenequipo.com.mx\/es-una-realidad-la-paz-laboral-en-sonora-en-cinco-anos-de-gobierno-de-claudia-pavlovich-valenzuela-ibarra\/\"},\"wordCount\":929,\"commentCount\":0,\"publisher\":{\"@id\":\"https:\/\/www.sonoraenequipo.com.mx\/#organization\"},\"image\":{\"@id\":\"https:\/\/www.sonoraenequipo.com.mx\/es-una-realidad-la-paz-laboral-en-sonora-en-cinco-anos-de-gobierno-de-claudia-pavlovich-valenzuela-ibarra\/#primaryimage\"},\"thumbnailUrl\":\"https:\/\/www.sonoraenequipo.com.mx\/storage\/2020\/10\/cpa081020.jpg\",\"articleSection\":[\"Sonora\"],\"inLanguage\":\"es\",\"potentialAction\":[{\"@type\":\"CommentAction\",\"name\":\"Comment\",\"target\":[\"https:\/\/www.sonoraenequipo.com.mx\/es-una-realidad-la-paz-laboral-en-sonora-en-cinco-anos-de-gobierno-de-claudia-pavlovich-valenzuela-ibarra\/#respond\"]}]},{\"@type\":\"WebPage\",\"@id\":\"https:\/\/www.sonoraenequipo.com.mx\/es-una-realidad-la-paz-laboral-en-sonora-en-cinco-anos-de-gobierno-de-claudia-pavlovich-valenzuela-ibarra\/\",\"url\":\"https:\/\/www.sonoraenequipo.com.mx\/es-una-realidad-la-paz-laboral-en-sonora-en-cinco-anos-de-gobierno-de-claudia-pavlovich-valenzuela-ibarra\/\",\"name\":\"Sonora en Equipo. Es una realidad la paz laboral en Sonora en cinco a\u00f1os de Gobierno de Claudia Pavlovich: Valenzuela Ibarra. Sonora\",\"isPartOf\":{\"@id\":\"https:\/\/www.sonoraenequipo.com.mx\/#website\"},\"primaryImageOfPage\":{\"@id\":\"https:\/\/www.sonoraenequipo.com.mx\/es-una-realidad-la-paz-laboral-en-sonora-en-cinco-anos-de-gobierno-de-claudia-pavlovich-valenzuela-ibarra\/#primaryimage\"},\"image\":{\"@id\":\"https:\/\/www.sonoraenequipo.com.mx\/es-una-realidad-la-paz-laboral-en-sonora-en-cinco-anos-de-gobierno-de-claudia-pavlovich-valenzuela-ibarra\/#primaryimage\"},\"thumbnailUrl\":\"https:\/\/www.sonoraenequipo.com.mx\/storage\/2020\/10\/cpa081020.jpg\",\"datePublished\":\"2020-10-08T21:47:26+00:00\",\"dateModified\":\"2020-10-09T04:48:58+00:00\",\"description\":\"&nbsp; &gt;&gt;Sigamos Sonora con mayor generaci\u00f3n de empleos, certidumbre jur\u00eddica para el bienestar y el combate a la pobreza. HERMOSILLO, SONORA,MX.\u2500\u2500 En Sonora en Equipo publicamos toda la informaci\u00f3n de Sonora, M\u00e9xico y el Mundo de manera oportuna y busca que la libertad de expresi\u00f3n sea real. Visita nuestro medio informativo publicado desde Hermosillo, Sonora. %\",\"breadcrumb\":{\"@id\":\"https:\/\/www.sonoraenequipo.com.mx\/es-una-realidad-la-paz-laboral-en-sonora-en-cinco-anos-de-gobierno-de-claudia-pavlovich-valenzuela-ibarra\/#breadcrumb\"},\"inLanguage\":\"es\",\"potentialAction\":[{\"@type\":\"ReadAction\",\"target\":[\"https:\/\/www.sonoraenequipo.com.mx\/es-una-realidad-la-paz-laboral-en-sonora-en-cinco-anos-de-gobierno-de-claudia-pavlovich-valenzuela-ibarra\/\"]}]},{\"@type\":\"ImageObject\",\"inLanguage\":\"es\",\"@id\":\"https:\/\/www.sonoraenequipo.com.mx\/es-una-realidad-la-paz-laboral-en-sonora-en-cinco-anos-de-gobierno-de-claudia-pavlovich-valenzuela-ibarra\/#primaryimage\",\"url\":\"https:\/\/www.sonoraenequipo.com.mx\/storage\/2020\/10\/cpa081020.jpg\",\"contentUrl\":\"https:\/\/www.sonoraenequipo.com.mx\/storage\/2020\/10\/cpa081020.jpg\",\"width\":603,\"height\":400},{\"@type\":\"BreadcrumbList\",\"@id\":\"https:\/\/www.sonoraenequipo.com.mx\/es-una-realidad-la-paz-laboral-en-sonora-en-cinco-anos-de-gobierno-de-claudia-pavlovich-valenzuela-ibarra\/#breadcrumb\",\"itemListElement\":[{\"@type\":\"ListItem\",\"position\":1,\"name\":\"Portada\",\"item\":\"https:\/\/www.sonoraenequipo.com.mx\/\"},{\"@type\":\"ListItem\",\"position\":2,\"name\":\"Es una realidad la paz laboral en Sonora en cinco a\u00f1os de Gobierno de Claudia Pavlovich: Valenzuela Ibarra.\"}]},{\"@type\":\"WebSite\",\"@id\":\"https:\/\/www.sonoraenequipo.com.mx\/#website\",\"url\":\"https:\/\/www.sonoraenequipo.com.mx\/\",\"name\":\"Sonora en Equipo.\",\"description\":\"Diario en l\u00ednea con Noticias desde Hermosillo, Sonora\",\"publisher\":{\"@id\":\"https:\/\/www.sonoraenequipo.com.mx\/#organization\"},\"potentialAction\":[{\"@type\":\"SearchAction\",\"target\":{\"@type\":\"EntryPoint\",\"urlTemplate\":\"https:\/\/www.sonoraenequipo.com.mx\/?s={search_term_string}\"},\"query-input\":{\"@type\":\"PropertyValueSpecification\",\"valueRequired\":true,\"valueName\":\"search_term_string\"}}],\"inLanguage\":\"es\"},{\"@type\":\"Organization\",\"@id\":\"https:\/\/www.sonoraenequipo.com.mx\/#organization\",\"name\":\"Sonoraenequipo.com.mx\",\"url\":\"https:\/\/www.sonoraenequipo.com.mx\/\",\"logo\":{\"@type\":\"ImageObject\",\"inLanguage\":\"es\",\"@id\":\"https:\/\/www.sonoraenequipo.com.mx\/#\/schema\/logo\/image\/\",\"url\":\"https:\/\/www.sonoraenequipo.com.mx\/storage\/2019\/01\/sonoraenequipo_opt.png\",\"contentUrl\":\"https:\/\/www.sonoraenequipo.com.mx\/storage\/2019\/01\/sonoraenequipo_opt.png\",\"width\":375,\"height\":125,\"caption\":\"Sonoraenequipo.com.mx\"},\"image\":{\"@id\":\"https:\/\/www.sonoraenequipo.com.mx\/#\/schema\/logo\/image\/\"},\"sameAs\":[\"https:\/\/www.facebook.com\/SonoraEE\/\",\"https:\/\/x.com\/sonoraenequipo\",\"https:\/\/www.youtube.com\/channel\/UC338nW-lPEYmJQs4ZABQ1SQ\"]},{\"@type\":\"Person\",\"@id\":\"https:\/\/www.sonoraenequipo.com.mx\/#\/schema\/person\/50102df0fb23a8fa9e8effad8fa81386\",\"name\":\"enequipo\",\"image\":{\"@type\":\"ImageObject\",\"inLanguage\":\"es\",\"@id\":\"https:\/\/www.sonoraenequipo.com.mx\/#\/schema\/person\/image\/\",\"url\":\"https:\/\/secure.gravatar.com\/avatar\/049821681b589dabc0bc20695993ccebb09f5b5d4d790cd9251b97faac7c652b?s=96&d=blank&r=g\",\"contentUrl\":\"https:\/\/secure.gravatar.com\/avatar\/049821681b589dabc0bc20695993ccebb09f5b5d4d790cd9251b97faac7c652b?s=96&d=blank&r=g\",\"caption\":\"enequipo\"},\"sameAs\":[\"https:\/\/www.facebook.com\/SonoraEE\"]}]}<\/script>\n ","yoast_head_json":{"title":"Sonora en Equipo. Es una realidad la paz laboral en Sonora en cinco a\u00f1os de Gobierno de Claudia Pavlovich: Valenzuela Ibarra. Sonora","description":"&nbsp; &gt;&gt;Sigamos Sonora con mayor generaci\u00f3n de empleos, certidumbre jur\u00eddica para el bienestar y el combate a la pobreza. HERMOSILLO, SONORA,MX.\u2500\u2500 En Sonora en Equipo publicamos toda la informaci\u00f3n de Sonora, M\u00e9xico y el Mundo de manera oportuna y busca que la libertad de expresi\u00f3n sea real. Visita nuestro medio informativo publicado desde Hermosillo, Sonora. %","robots":{"index":"index","follow":"follow","max-snippet":"max-snippet:-1","max-image-preview":"max-image-preview:large","max-video-preview":"max-video-preview:-1"},"canonical":"https:\/\/www.sonoraenequipo.com.mx\/es-una-realidad-la-paz-laboral-en-sonora-en-cinco-anos-de-gobierno-de-claudia-pavlovich-valenzuela-ibarra\/","og_locale":"es_ES","og_type":"article","og_title":"Sonora en Equipo. Es una realidad la paz laboral en Sonora en cinco a\u00f1os de Gobierno de Claudia Pavlovich: Valenzuela Ibarra. Sonora","og_description":"&nbsp; &gt;&gt;Sigamos Sonora con mayor generaci\u00f3n de empleos, certidumbre jur\u00eddica para el bienestar y el combate a la pobreza. HERMOSILLO, SONORA,MX.\u2500\u2500 En Sonora en Equipo publicamos toda la informaci\u00f3n de Sonora, M\u00e9xico y el Mundo de manera oportuna y busca que la libertad de expresi\u00f3n sea real. Visita nuestro medio informativo publicado desde Hermosillo, Sonora. %","og_url":"https:\/\/www.sonoraenequipo.com.mx\/es-una-realidad-la-paz-laboral-en-sonora-en-cinco-anos-de-gobierno-de-claudia-pavlovich-valenzuela-ibarra\/","og_site_name":"Sonora en Equipo.","article_publisher":"https:\/\/www.facebook.com\/SonoraEE\/","article_author":"https:\/\/www.facebook.com\/SonoraEE","article_published_time":"2020-10-08T21:47:26+00:00","article_modified_time":"2020-10-09T04:48:58+00:00","og_image":[{"width":603,"height":400,"url":"https:\/\/www.sonoraenequipo.com.mx\/storage\/2020\/10\/cpa081020.jpg","type":"image\/jpeg"}],"author":"enequipo","twitter_card":"summary_large_image","twitter_creator":"@sonoraenequipo","twitter_site":"@sonoraenequipo","twitter_misc":{"Escrito por":"enequipo","Tiempo de lectura":"5 minutos"},"schema":{"@context":"https:\/\/schema.org","@graph":[{"@type":"Article","@id":"https:\/\/www.sonoraenequipo.com.mx\/es-una-realidad-la-paz-laboral-en-sonora-en-cinco-anos-de-gobierno-de-claudia-pavlovich-valenzuela-ibarra\/#article","isPartOf":{"@id":"https:\/\/www.sonoraenequipo.com.mx\/es-una-realidad-la-paz-laboral-en-sonora-en-cinco-anos-de-gobierno-de-claudia-pavlovich-valenzuela-ibarra\/"},"author":{"name":"enequipo","@id":"https:\/\/www.sonoraenequipo.com.mx\/#\/schema\/person\/50102df0fb23a8fa9e8effad8fa81386"},"headline":"Es una realidad la paz laboral en Sonora en cinco a\u00f1os de Gobierno de Claudia Pavlovich: Valenzuela Ibarra.","datePublished":"2020-10-08T21:47:26+00:00","dateModified":"2020-10-09T04:48:58+00:00","mainEntityOfPage":{"@id":"https:\/\/www.sonoraenequipo.com.mx\/es-una-realidad-la-paz-laboral-en-sonora-en-cinco-anos-de-gobierno-de-claudia-pavlovich-valenzuela-ibarra\/"},"wordCount":929,"commentCount":0,"publisher":{"@id":"https:\/\/www.sonoraenequipo.com.mx\/#organization"},"image":{"@id":"https:\/\/www.sonoraenequipo.com.mx\/es-una-realidad-la-paz-laboral-en-sonora-en-cinco-anos-de-gobierno-de-claudia-pavlovich-valenzuela-ibarra\/#primaryimage"},"thumbnailUrl":"https:\/\/www.sonoraenequipo.com.mx\/storage\/2020\/10\/cpa081020.jpg","articleSection":["Sonora"],"inLanguage":"es","potentialAction":[{"@type":"CommentAction","name":"Comment","target":["https:\/\/www.sonoraenequipo.com.mx\/es-una-realidad-la-paz-laboral-en-sonora-en-cinco-anos-de-gobierno-de-claudia-pavlovich-valenzuela-ibarra\/#respond"]}]},{"@type":"WebPage","@id":"https:\/\/www.sonoraenequipo.com.mx\/es-una-realidad-la-paz-laboral-en-sonora-en-cinco-anos-de-gobierno-de-claudia-pavlovich-valenzuela-ibarra\/","url":"https:\/\/www.sonoraenequipo.com.mx\/es-una-realidad-la-paz-laboral-en-sonora-en-cinco-anos-de-gobierno-de-claudia-pavlovich-valenzuela-ibarra\/","name":"Sonora en Equipo. Es una realidad la paz laboral en Sonora en cinco a\u00f1os de Gobierno de Claudia Pavlovich: Valenzuela Ibarra. Sonora","isPartOf":{"@id":"https:\/\/www.sonoraenequipo.com.mx\/#website"},"primaryImageOfPage":{"@id":"https:\/\/www.sonoraenequipo.com.mx\/es-una-realidad-la-paz-laboral-en-sonora-en-cinco-anos-de-gobierno-de-claudia-pavlovich-valenzuela-ibarra\/#primaryimage"},"image":{"@id":"https:\/\/www.sonoraenequipo.com.mx\/es-una-realidad-la-paz-laboral-en-sonora-en-cinco-anos-de-gobierno-de-claudia-pavlovich-valenzuela-ibarra\/#primaryimage"},"thumbnailUrl":"https:\/\/www.sonoraenequipo.com.mx\/storage\/2020\/10\/cpa081020.jpg","datePublished":"2020-10-08T21:47:26+00:00","dateModified":"2020-10-09T04:48:58+00:00","description":"&nbsp; &gt;&gt;Sigamos Sonora con mayor generaci\u00f3n de empleos, certidumbre jur\u00eddica para el bienestar y el combate a la pobreza. HERMOSILLO, SONORA,MX.\u2500\u2500 En Sonora en Equipo publicamos toda la informaci\u00f3n de Sonora, M\u00e9xico y el Mundo de manera oportuna y busca que la libertad de expresi\u00f3n sea real. Visita nuestro medio informativo publicado desde Hermosillo, Sonora. %","breadcrumb":{"@id":"https:\/\/www.sonoraenequipo.com.mx\/es-una-realidad-la-paz-laboral-en-sonora-en-cinco-anos-de-gobierno-de-claudia-pavlovich-valenzuela-ibarra\/#breadcrumb"},"inLanguage":"es","potentialAction":[{"@type":"ReadAction","target":["https:\/\/www.sonoraenequipo.com.mx\/es-una-realidad-la-paz-laboral-en-sonora-en-cinco-anos-de-gobierno-de-claudia-pavlovich-valenzuela-ibarra\/"]}]},{"@type":"ImageObject","inLanguage":"es","@id":"https:\/\/www.sonoraenequipo.com.mx\/es-una-realidad-la-paz-laboral-en-sonora-en-cinco-anos-de-gobierno-de-claudia-pavlovich-valenzuela-ibarra\/#primaryimage","url":"https:\/\/www.sonoraenequipo.com.mx\/storage\/2020\/10\/cpa081020.jpg","contentUrl":"https:\/\/www.sonoraenequipo.com.mx\/storage\/2020\/10\/cpa081020.jpg","width":603,"height":400},{"@type":"BreadcrumbList","@id":"https:\/\/www.sonoraenequipo.com.mx\/es-una-realidad-la-paz-laboral-en-sonora-en-cinco-anos-de-gobierno-de-claudia-pavlovich-valenzuela-ibarra\/#breadcrumb","itemListElement":[{"@type":"ListItem","position":1,"name":"Portada","item":"https:\/\/www.sonoraenequipo.com.mx\/"},{"@type":"ListItem","position":2,"name":"Es una realidad la paz laboral en Sonora en cinco a\u00f1os de Gobierno de Claudia Pavlovich: Valenzuela Ibarra."}]},{"@type":"WebSite","@id":"https:\/\/www.sonoraenequipo.com.mx\/#website","url":"https:\/\/www.sonoraenequipo.com.mx\/","name":"Sonora en Equipo.","description":"Diario en l\u00ednea con Noticias desde Hermosillo, Sonora","publisher":{"@id":"https:\/\/www.sonoraenequipo.com.mx\/#organization"},"potentialAction":[{"@type":"SearchAction","target":{"@type":"EntryPoint","urlTemplate":"https:\/\/www.sonoraenequipo.com.mx\/?s={search_term_string}"},"query-input":{"@type":"PropertyValueSpecification","valueRequired":true,"valueName":"search_term_string"}}],"inLanguage":"es"},{"@type":"Organization","@id":"https:\/\/www.sonoraenequipo.com.mx\/#organization","name":"Sonoraenequipo.com.mx","url":"https:\/\/www.sonoraenequipo.com.mx\/","logo":{"@type":"ImageObject","inLanguage":"es","@id":"https:\/\/www.sonoraenequipo.com.mx\/#\/schema\/logo\/image\/","url":"https:\/\/www.sonoraenequipo.com.mx\/storage\/2019\/01\/sonoraenequipo_opt.png","contentUrl":"https:\/\/www.sonoraenequipo.com.mx\/storage\/2019\/01\/sonoraenequipo_opt.png","width":375,"height":125,"caption":"Sonoraenequipo.com.mx"},"image":{"@id":"https:\/\/www.sonoraenequipo.com.mx\/#\/schema\/logo\/image\/"},"sameAs":["https:\/\/www.facebook.com\/SonoraEE\/","https:\/\/x.com\/sonoraenequipo","https:\/\/www.youtube.com\/channel\/UC338nW-lPEYmJQs4ZABQ1SQ"]},{"@type":"Person","@id":"https:\/\/www.sonoraenequipo.com.mx\/#\/schema\/person\/50102df0fb23a8fa9e8effad8fa81386","name":"enequipo","image":{"@type":"ImageObject","inLanguage":"es","@id":"https:\/\/www.sonoraenequipo.com.mx\/#\/schema\/person\/image\/","url":"https:\/\/secure.gravatar.com\/avatar\/049821681b589dabc0bc20695993ccebb09f5b5d4d790cd9251b97faac7c652b?s=96&d=blank&r=g","contentUrl":"https:\/\/secure.gravatar.com\/avatar\/049821681b589dabc0bc20695993ccebb09f5b5d4d790cd9251b97faac7c652b?s=96&d=blank&r=g","caption":"enequipo"},"sameAs":["https:\/\/www.facebook.com\/SonoraEE"]}]}},"jetpack_featured_media_url":"https:\/\/www.sonoraenequipo.com.mx\/storage\/2020\/10\/cpa081020.jpg","_links":{"self":[{"href":"https:\/\/www.sonoraenequipo.com.mx\/api\/wp\/v2\/posts\/97226","targetHints":{"allow":["GET"]}}],"collection":[{"href":"https:\/\/www.sonoraenequipo.com.mx\/api\/wp\/v2\/posts"}],"about":[{"href":"https:\/\/www.sonoraenequipo.com.mx\/api\/wp\/v2\/types\/post"}],"author":[{"embeddable":true,"href":"https:\/\/www.sonoraenequipo.com.mx\/api\/wp\/v2\/users\/1"}],"replies":[{"embeddable":true,"href":"https:\/\/www.sonoraenequipo.com.mx\/api\/wp\/v2\/comments?post=97226"}],"version-history":[{"count":1,"href":"https:\/\/www.sonoraenequipo.com.mx\/api\/wp\/v2\/posts\/97226\/revisions"}],"predecessor-version":[{"id":97230,"href":"https:\/\/www.sonoraenequipo.com.mx\/api\/wp\/v2\/posts\/97226\/revisions\/97230"}],"wp:featuredmedia":[{"embeddable":true,"href":"https:\/\/www.sonoraenequipo.com.mx\/api\/wp\/v2\/media\/97229"}],"wp:attachment":[{"href":"https:\/\/www.sonoraenequipo.com.mx\/api\/wp\/v2\/media?parent=97226"}],"wp:term":[{"taxonomy":"category","embeddable":true,"href":"https:\/\/www.sonoraenequipo.com.mx\/api\/wp\/v2\/categories?post=97226"},{"taxonomy":"post_tag","embeddable":true,"href":"https:\/\/www.sonoraenequipo.com.mx\/api\/wp\/v2\/tags?post=97226"}],"curies":[{"name":"wp","href":"https:\/\/api.w.org\/{rel}","templated":true}]}}