{"id":97227,"date":"2020-10-08T08:28:48","date_gmt":"2020-10-08T15:28:48","guid":{"rendered":"https:\/\/www.sonoraenequipo.com.mx\/?p=97227"},"modified":"2020-10-08T16:45:16","modified_gmt":"2020-10-08T23:45:16","slug":"lanzan-encuesta-de-movilidad-para-mejorar-trazado-de-rutas-de-transporte-en-hermosillo","status":"publish","type":"post","link":"https:\/\/www.sonoraenequipo.com.mx\/lanzan-encuesta-de-movilidad-para-mejorar-trazado-de-rutas-de-transporte-en-hermosillo\/","title":{"rendered":"Lanzan encuesta de movilidad para mejorar trazado de rutas de transporte en Hermosillo"},"content":{"rendered":"<p>HERMOSILLO, SONORA. MX. \u2014\u00a0 Para conocer la opini\u00f3n de los usuarios de Hermosillo en relaci\u00f3n a las necesidades de mejora de las rutas del transporte p\u00fablico urbano y, con ello, tomar decisiones para eficientar el servicio y los tiempos de recorrido, la Secretar\u00eda de Infraestructura y Desarrollo Urbano, en coordinaci\u00f3n con la Direcci\u00f3n General de Transporte en Sonora, lanzaron una encuesta de movilidad en la capital sonorense.<\/p>\n<p>&nbsp;<\/p>\n<p> <\/p>\n<p>&nbsp;<\/p>\n<p>El director de Transporte en Sonora, Carlos Morales Buelna, invit\u00f3 a todos los interesados en participar a que lo hagan a trav\u00e9s del portal www.une.sonora.gob.mx y accediendo a la encuesta: \u201cQueremos conocer tu opini\u00f3n #MovilidadSonora\u201d, ya que su opini\u00f3n es muy importante para el dise\u00f1o de cualquier ampliaci\u00f3n o cambio en el trazado de recorridos de las unidades.<\/p>\n<p>&nbsp;<\/p>\n<p>Morales Buelna explic\u00f3 que este instrumento forma parte del trabajo conjunto que se realiza con el apoyo de la Embajada Brit\u00e1nica en M\u00e9xico luego que la capital sonorense fue incluida en el programa \u201cCiudades del Futuro\u201d que busca impulsar proyectos de mejora de movilidad en las ciudades.<\/p>\n<p>&nbsp;<\/p>\n<p><em>\u201cEstamos recabando opiniones y document\u00e1ndonos de informaci\u00f3n para buscar tomar las mejores decisiones que est\u00e9n sustentadas con el pensar y sentir de los usuarios de transporte p\u00fablico en la capital sonorense y con ello beneficiarlos\u201d,<\/em> dijo.<\/p>\n<p>&nbsp;<\/p>\n<p>Record\u00f3 que la DGT est\u00e1 trabajando en coordinaci\u00f3n con Impulsor y con Ciudades del Futuro, bajo la coordinaci\u00f3n de Sidur y con este trabajo se busca conocer la opini\u00f3n y h\u00e1bitos de viajes de las personas usuarias del servicio para mejorar el trazado de rutas en Hermosillo.<\/p>\n<p>&nbsp;<\/p>\n<p>Los usuarios que deseen formar parte de esta consulta ciudadana, pueden ingresar al portal www.une.sonora.gob.mx, dando click en el apartado \u201cQueremos conocer tu opini\u00f3n #MovilidadSonora\u201d, que les llevar\u00e1 a contestar una breve encuesta.<\/p>\n<p>&nbsp;<\/p>\n<p>(PUBLICADO EL 08\/10\/2020)<\/p>\n","protected":false},"excerpt":{"rendered":"<p>HERMOSILLO, SONORA. MX. \u2014\u00a0 Para conocer la opini\u00f3n de los usuarios de Hermosillo en relaci\u00f3n&#8230;<\/p>\n","protected":false},"author":1,"featured_media":97174,"comment_status":"open","ping_status":"open","sticky":false,"template":"","format":"standard","meta":{"_monsterinsights_skip_tracking":false,"_monsterinsights_sitenote_active":false,"_monsterinsights_sitenote_note":"","_monsterinsights_sitenote_category":0,"footnotes":""},"categories":[22],"tags":[4917,4918,35,4916,15,3036],"class_list":["post"],"yoast_head":" \n<title>Sonora en Equipo. Lanzan encuesta de movilidad para mejorar trazado de rutas de transporte en Hermosillo Sonora<\/title>\n<meta name=\"description\" content=\"HERMOSILLO, SONORA. MX. \u2014\u00a0 Para conocer la opini\u00f3n de los usuarios de Hermosillo en relaci\u00f3n a las necesidades de mejora de las rutas del transporte En Sonora en Equipo publicamos toda la informaci\u00f3n de Sonora, M\u00e9xico y el Mundo de manera oportuna y busca que la libertad de expresi\u00f3n sea real. Visita nuestro medio informativo publicado desde Hermosillo, Sonora. %\" \/>\n<meta name=\"robots\" content=\"index, follow, max-snippet:-1, max-image-preview:large, max-video-preview:-1\" \/>\n<link rel=\"canonical\" href=\"https:\/\/www.sonoraenequipo.com.mx\/lanzan-encuesta-de-movilidad-para-mejorar-trazado-de-rutas-de-transporte-en-hermosillo\/\" \/>\n<meta property=\"og:locale\" content=\"es_ES\" \/>\n<meta property=\"og:type\" content=\"article\" \/>\n<meta property=\"og:title\" content=\"Sonora en Equipo. Lanzan encuesta de movilidad para mejorar trazado de rutas de transporte en Hermosillo Sonora\" \/>\n<meta property=\"og:description\" content=\"HERMOSILLO, SONORA. MX. \u2014\u00a0 Para conocer la opini\u00f3n de los usuarios de Hermosillo en relaci\u00f3n a las necesidades de mejora de las rutas del transporte En Sonora en Equipo publicamos toda la informaci\u00f3n de Sonora, M\u00e9xico y el Mundo de manera oportuna y busca que la libertad de expresi\u00f3n sea real. Visita nuestro medio informativo publicado desde Hermosillo, Sonora. %\" \/>\n<meta property=\"og:url\" content=\"https:\/\/www.sonoraenequipo.com.mx\/lanzan-encuesta-de-movilidad-para-mejorar-trazado-de-rutas-de-transporte-en-hermosillo\/\" \/>\n<meta property=\"og:site_name\" content=\"Sonora en Equipo.\" \/>\n<meta property=\"article:publisher\" content=\"https:\/\/www.facebook.com\/SonoraEE\/\" \/>\n<meta property=\"article:author\" content=\"https:\/\/www.facebook.com\/SonoraEE\" \/>\n<meta property=\"article:published_time\" content=\"2020-10-08T15:28:48+00:00\" \/>\n<meta property=\"article:modified_time\" content=\"2020-10-08T23:45:16+00:00\" \/>\n<meta property=\"og:image\" content=\"https:\/\/www.sonoraenequipo.com.mx\/storage\/2020\/10\/carlos-morales-buelna_opt.jpg\" \/>\n\t<meta property=\"og:image:width\" content=\"869\" \/>\n\t<meta property=\"og:image:height\" content=\"500\" \/>\n\t<meta property=\"og:image:type\" content=\"image\/jpeg\" \/>\n<meta name=\"author\" content=\"enequipo\" \/>\n<meta name=\"twitter:card\" content=\"summary_large_image\" \/>\n<meta name=\"twitter:creator\" content=\"@sonoraenequipo\" \/>\n<meta name=\"twitter:site\" content=\"@sonoraenequipo\" \/>\n<meta name=\"twitter:label1\" content=\"Escrito por\" \/>\n\t<meta name=\"twitter:data1\" content=\"enequipo\" \/>\n\t<meta name=\"twitter:label2\" content=\"Tiempo de lectura\" \/>\n\t<meta name=\"twitter:data2\" content=\"2 minutos\" \/>\n<script type=\"application\/ld+json\" class=\"yoast-schema-graph\">{\"@context\":\"https:\/\/schema.org\",\"@graph\":[{\"@type\":\"Article\",\"@id\":\"https:\/\/www.sonoraenequipo.com.mx\/lanzan-encuesta-de-movilidad-para-mejorar-trazado-de-rutas-de-transporte-en-hermosillo\/#article\",\"isPartOf\":{\"@id\":\"https:\/\/www.sonoraenequipo.com.mx\/lanzan-encuesta-de-movilidad-para-mejorar-trazado-de-rutas-de-transporte-en-hermosillo\/\"},\"author\":{\"name\":\"enequipo\",\"@id\":\"https:\/\/www.sonoraenequipo.com.mx\/#\/schema\/person\/50102df0fb23a8fa9e8effad8fa81386\"},\"headline\":\"Lanzan encuesta de movilidad para mejorar trazado de rutas de transporte en Hermosillo\",\"datePublished\":\"2020-10-08T15:28:48+00:00\",\"dateModified\":\"2020-10-08T23:45:16+00:00\",\"mainEntityOfPage\":{\"@id\":\"https:\/\/www.sonoraenequipo.com.mx\/lanzan-encuesta-de-movilidad-para-mejorar-trazado-de-rutas-de-transporte-en-hermosillo\/\"},\"wordCount\":339,\"commentCount\":0,\"publisher\":{\"@id\":\"https:\/\/www.sonoraenequipo.com.mx\/#organization\"},\"image\":{\"@id\":\"https:\/\/www.sonoraenequipo.com.mx\/lanzan-encuesta-de-movilidad-para-mejorar-trazado-de-rutas-de-transporte-en-hermosillo\/#primaryimage\"},\"thumbnailUrl\":\"https:\/\/www.sonoraenequipo.com.mx\/storage\/2020\/10\/carlos-morales-buelna_opt.jpg\",\"keywords\":[\"BUELNA\",\"ENCUESTA\",\"hermosillo\",\"MOVILIDAD\",\"Sonora\",\"transporte\"],\"articleSection\":[\"Sonora\"],\"inLanguage\":\"es\",\"potentialAction\":[{\"@type\":\"CommentAction\",\"name\":\"Comment\",\"target\":[\"https:\/\/www.sonoraenequipo.com.mx\/lanzan-encuesta-de-movilidad-para-mejorar-trazado-de-rutas-de-transporte-en-hermosillo\/#respond\"]}]},{\"@type\":\"WebPage\",\"@id\":\"https:\/\/www.sonoraenequipo.com.mx\/lanzan-encuesta-de-movilidad-para-mejorar-trazado-de-rutas-de-transporte-en-hermosillo\/\",\"url\":\"https:\/\/www.sonoraenequipo.com.mx\/lanzan-encuesta-de-movilidad-para-mejorar-trazado-de-rutas-de-transporte-en-hermosillo\/\",\"name\":\"Sonora en Equipo. Lanzan encuesta de movilidad para mejorar trazado de rutas de transporte en Hermosillo Sonora\",\"isPartOf\":{\"@id\":\"https:\/\/www.sonoraenequipo.com.mx\/#website\"},\"primaryImageOfPage\":{\"@id\":\"https:\/\/www.sonoraenequipo.com.mx\/lanzan-encuesta-de-movilidad-para-mejorar-trazado-de-rutas-de-transporte-en-hermosillo\/#primaryimage\"},\"image\":{\"@id\":\"https:\/\/www.sonoraenequipo.com.mx\/lanzan-encuesta-de-movilidad-para-mejorar-trazado-de-rutas-de-transporte-en-hermosillo\/#primaryimage\"},\"thumbnailUrl\":\"https:\/\/www.sonoraenequipo.com.mx\/storage\/2020\/10\/carlos-morales-buelna_opt.jpg\",\"datePublished\":\"2020-10-08T15:28:48+00:00\",\"dateModified\":\"2020-10-08T23:45:16+00:00\",\"description\":\"HERMOSILLO, SONORA. MX. \u2014\u00a0 Para conocer la opini\u00f3n de los usuarios de Hermosillo en relaci\u00f3n a las necesidades de mejora de las rutas del transporte En Sonora en Equipo publicamos toda la informaci\u00f3n de Sonora, M\u00e9xico y el Mundo de manera oportuna y busca que la libertad de expresi\u00f3n sea real. Visita nuestro medio informativo publicado desde Hermosillo, Sonora. %\",\"breadcrumb\":{\"@id\":\"https:\/\/www.sonoraenequipo.com.mx\/lanzan-encuesta-de-movilidad-para-mejorar-trazado-de-rutas-de-transporte-en-hermosillo\/#breadcrumb\"},\"inLanguage\":\"es\",\"potentialAction\":[{\"@type\":\"ReadAction\",\"target\":[\"https:\/\/www.sonoraenequipo.com.mx\/lanzan-encuesta-de-movilidad-para-mejorar-trazado-de-rutas-de-transporte-en-hermosillo\/\"]}]},{\"@type\":\"ImageObject\",\"inLanguage\":\"es\",\"@id\":\"https:\/\/www.sonoraenequipo.com.mx\/lanzan-encuesta-de-movilidad-para-mejorar-trazado-de-rutas-de-transporte-en-hermosillo\/#primaryimage\",\"url\":\"https:\/\/www.sonoraenequipo.com.mx\/storage\/2020\/10\/carlos-morales-buelna_opt.jpg\",\"contentUrl\":\"https:\/\/www.sonoraenequipo.com.mx\/storage\/2020\/10\/carlos-morales-buelna_opt.jpg\",\"width\":869,\"height\":500},{\"@type\":\"BreadcrumbList\",\"@id\":\"https:\/\/www.sonoraenequipo.com.mx\/lanzan-encuesta-de-movilidad-para-mejorar-trazado-de-rutas-de-transporte-en-hermosillo\/#breadcrumb\",\"itemListElement\":[{\"@type\":\"ListItem\",\"position\":1,\"name\":\"Portada\",\"item\":\"https:\/\/www.sonoraenequipo.com.mx\/\"},{\"@type\":\"ListItem\",\"position\":2,\"name\":\"Lanzan encuesta de movilidad para mejorar trazado de rutas de transporte en Hermosillo\"}]},{\"@type\":\"WebSite\",\"@id\":\"https:\/\/www.sonoraenequipo.com.mx\/#website\",\"url\":\"https:\/\/www.sonoraenequipo.com.mx\/\",\"name\":\"Sonora en Equipo.\",\"description\":\"Diario en l\u00ednea con Noticias desde Hermosillo, Sonora\",\"publisher\":{\"@id\":\"https:\/\/www.sonoraenequipo.com.mx\/#organization\"},\"potentialAction\":[{\"@type\":\"SearchAction\",\"target\":{\"@type\":\"EntryPoint\",\"urlTemplate\":\"https:\/\/www.sonoraenequipo.com.mx\/?s={search_term_string}\"},\"query-input\":{\"@type\":\"PropertyValueSpecification\",\"valueRequired\":true,\"valueName\":\"search_term_string\"}}],\"inLanguage\":\"es\"},{\"@type\":\"Organization\",\"@id\":\"https:\/\/www.sonoraenequipo.com.mx\/#organization\",\"name\":\"Sonoraenequipo.com.mx\",\"url\":\"https:\/\/www.sonoraenequipo.com.mx\/\",\"logo\":{\"@type\":\"ImageObject\",\"inLanguage\":\"es\",\"@id\":\"https:\/\/www.sonoraenequipo.com.mx\/#\/schema\/logo\/image\/\",\"url\":\"https:\/\/www.sonoraenequipo.com.mx\/storage\/2019\/01\/sonoraenequipo_opt.png\",\"contentUrl\":\"https:\/\/www.sonoraenequipo.com.mx\/storage\/2019\/01\/sonoraenequipo_opt.png\",\"width\":375,\"height\":125,\"caption\":\"Sonoraenequipo.com.mx\"},\"image\":{\"@id\":\"https:\/\/www.sonoraenequipo.com.mx\/#\/schema\/logo\/image\/\"},\"sameAs\":[\"https:\/\/www.facebook.com\/SonoraEE\/\",\"https:\/\/x.com\/sonoraenequipo\",\"https:\/\/www.youtube.com\/channel\/UC338nW-lPEYmJQs4ZABQ1SQ\"]},{\"@type\":\"Person\",\"@id\":\"https:\/\/www.sonoraenequipo.com.mx\/#\/schema\/person\/50102df0fb23a8fa9e8effad8fa81386\",\"name\":\"enequipo\",\"image\":{\"@type\":\"ImageObject\",\"inLanguage\":\"es\",\"@id\":\"https:\/\/www.sonoraenequipo.com.mx\/#\/schema\/person\/image\/\",\"url\":\"https:\/\/secure.gravatar.com\/avatar\/049821681b589dabc0bc20695993ccebb09f5b5d4d790cd9251b97faac7c652b?s=96&d=blank&r=g\",\"contentUrl\":\"https:\/\/secure.gravatar.com\/avatar\/049821681b589dabc0bc20695993ccebb09f5b5d4d790cd9251b97faac7c652b?s=96&d=blank&r=g\",\"caption\":\"enequipo\"},\"sameAs\":[\"https:\/\/www.facebook.com\/SonoraEE\"]}]}<\/script>\n ","yoast_head_json":{"title":"Sonora en Equipo. Lanzan encuesta de movilidad para mejorar trazado de rutas de transporte en Hermosillo Sonora","description":"HERMOSILLO, SONORA. MX. \u2014\u00a0 Para conocer la opini\u00f3n de los usuarios de Hermosillo en relaci\u00f3n a las necesidades de mejora de las rutas del transporte En Sonora en Equipo publicamos toda la informaci\u00f3n de Sonora, M\u00e9xico y el Mundo de manera oportuna y busca que la libertad de expresi\u00f3n sea real. Visita nuestro medio informativo publicado desde Hermosillo, Sonora. %","robots":{"index":"index","follow":"follow","max-snippet":"max-snippet:-1","max-image-preview":"max-image-preview:large","max-video-preview":"max-video-preview:-1"},"canonical":"https:\/\/www.sonoraenequipo.com.mx\/lanzan-encuesta-de-movilidad-para-mejorar-trazado-de-rutas-de-transporte-en-hermosillo\/","og_locale":"es_ES","og_type":"article","og_title":"Sonora en Equipo. Lanzan encuesta de movilidad para mejorar trazado de rutas de transporte en Hermosillo Sonora","og_description":"HERMOSILLO, SONORA. MX. \u2014\u00a0 Para conocer la opini\u00f3n de los usuarios de Hermosillo en relaci\u00f3n a las necesidades de mejora de las rutas del transporte En Sonora en Equipo publicamos toda la informaci\u00f3n de Sonora, M\u00e9xico y el Mundo de manera oportuna y busca que la libertad de expresi\u00f3n sea real. Visita nuestro medio informativo publicado desde Hermosillo, Sonora. %","og_url":"https:\/\/www.sonoraenequipo.com.mx\/lanzan-encuesta-de-movilidad-para-mejorar-trazado-de-rutas-de-transporte-en-hermosillo\/","og_site_name":"Sonora en Equipo.","article_publisher":"https:\/\/www.facebook.com\/SonoraEE\/","article_author":"https:\/\/www.facebook.com\/SonoraEE","article_published_time":"2020-10-08T15:28:48+00:00","article_modified_time":"2020-10-08T23:45:16+00:00","og_image":[{"width":869,"height":500,"url":"https:\/\/www.sonoraenequipo.com.mx\/storage\/2020\/10\/carlos-morales-buelna_opt.jpg","type":"image\/jpeg"}],"author":"enequipo","twitter_card":"summary_large_image","twitter_creator":"@sonoraenequipo","twitter_site":"@sonoraenequipo","twitter_misc":{"Escrito por":"enequipo","Tiempo de lectura":"2 minutos"},"schema":{"@context":"https:\/\/schema.org","@graph":[{"@type":"Article","@id":"https:\/\/www.sonoraenequipo.com.mx\/lanzan-encuesta-de-movilidad-para-mejorar-trazado-de-rutas-de-transporte-en-hermosillo\/#article","isPartOf":{"@id":"https:\/\/www.sonoraenequipo.com.mx\/lanzan-encuesta-de-movilidad-para-mejorar-trazado-de-rutas-de-transporte-en-hermosillo\/"},"author":{"name":"enequipo","@id":"https:\/\/www.sonoraenequipo.com.mx\/#\/schema\/person\/50102df0fb23a8fa9e8effad8fa81386"},"headline":"Lanzan encuesta de movilidad para mejorar trazado de rutas de transporte en Hermosillo","datePublished":"2020-10-08T15:28:48+00:00","dateModified":"2020-10-08T23:45:16+00:00","mainEntityOfPage":{"@id":"https:\/\/www.sonoraenequipo.com.mx\/lanzan-encuesta-de-movilidad-para-mejorar-trazado-de-rutas-de-transporte-en-hermosillo\/"},"wordCount":339,"commentCount":0,"publisher":{"@id":"https:\/\/www.sonoraenequipo.com.mx\/#organization"},"image":{"@id":"https:\/\/www.sonoraenequipo.com.mx\/lanzan-encuesta-de-movilidad-para-mejorar-trazado-de-rutas-de-transporte-en-hermosillo\/#primaryimage"},"thumbnailUrl":"https:\/\/www.sonoraenequipo.com.mx\/storage\/2020\/10\/carlos-morales-buelna_opt.jpg","keywords":["BUELNA","ENCUESTA","hermosillo","MOVILIDAD","Sonora","transporte"],"articleSection":["Sonora"],"inLanguage":"es","potentialAction":[{"@type":"CommentAction","name":"Comment","target":["https:\/\/www.sonoraenequipo.com.mx\/lanzan-encuesta-de-movilidad-para-mejorar-trazado-de-rutas-de-transporte-en-hermosillo\/#respond"]}]},{"@type":"WebPage","@id":"https:\/\/www.sonoraenequipo.com.mx\/lanzan-encuesta-de-movilidad-para-mejorar-trazado-de-rutas-de-transporte-en-hermosillo\/","url":"https:\/\/www.sonoraenequipo.com.mx\/lanzan-encuesta-de-movilidad-para-mejorar-trazado-de-rutas-de-transporte-en-hermosillo\/","name":"Sonora en Equipo. Lanzan encuesta de movilidad para mejorar trazado de rutas de transporte en Hermosillo Sonora","isPartOf":{"@id":"https:\/\/www.sonoraenequipo.com.mx\/#website"},"primaryImageOfPage":{"@id":"https:\/\/www.sonoraenequipo.com.mx\/lanzan-encuesta-de-movilidad-para-mejorar-trazado-de-rutas-de-transporte-en-hermosillo\/#primaryimage"},"image":{"@id":"https:\/\/www.sonoraenequipo.com.mx\/lanzan-encuesta-de-movilidad-para-mejorar-trazado-de-rutas-de-transporte-en-hermosillo\/#primaryimage"},"thumbnailUrl":"https:\/\/www.sonoraenequipo.com.mx\/storage\/2020\/10\/carlos-morales-buelna_opt.jpg","datePublished":"2020-10-08T15:28:48+00:00","dateModified":"2020-10-08T23:45:16+00:00","description":"HERMOSILLO, SONORA. MX. \u2014\u00a0 Para conocer la opini\u00f3n de los usuarios de Hermosillo en relaci\u00f3n a las necesidades de mejora de las rutas del transporte En Sonora en Equipo publicamos toda la informaci\u00f3n de Sonora, M\u00e9xico y el Mundo de manera oportuna y busca que la libertad de expresi\u00f3n sea real. Visita nuestro medio informativo publicado desde Hermosillo, Sonora. %","breadcrumb":{"@id":"https:\/\/www.sonoraenequipo.com.mx\/lanzan-encuesta-de-movilidad-para-mejorar-trazado-de-rutas-de-transporte-en-hermosillo\/#breadcrumb"},"inLanguage":"es","potentialAction":[{"@type":"ReadAction","target":["https:\/\/www.sonoraenequipo.com.mx\/lanzan-encuesta-de-movilidad-para-mejorar-trazado-de-rutas-de-transporte-en-hermosillo\/"]}]},{"@type":"ImageObject","inLanguage":"es","@id":"https:\/\/www.sonoraenequipo.com.mx\/lanzan-encuesta-de-movilidad-para-mejorar-trazado-de-rutas-de-transporte-en-hermosillo\/#primaryimage","url":"https:\/\/www.sonoraenequipo.com.mx\/storage\/2020\/10\/carlos-morales-buelna_opt.jpg","contentUrl":"https:\/\/www.sonoraenequipo.com.mx\/storage\/2020\/10\/carlos-morales-buelna_opt.jpg","width":869,"height":500},{"@type":"BreadcrumbList","@id":"https:\/\/www.sonoraenequipo.com.mx\/lanzan-encuesta-de-movilidad-para-mejorar-trazado-de-rutas-de-transporte-en-hermosillo\/#breadcrumb","itemListElement":[{"@type":"ListItem","position":1,"name":"Portada","item":"https:\/\/www.sonoraenequipo.com.mx\/"},{"@type":"ListItem","position":2,"name":"Lanzan encuesta de movilidad para mejorar trazado de rutas de transporte en Hermosillo"}]},{"@type":"WebSite","@id":"https:\/\/www.sonoraenequipo.com.mx\/#website","url":"https:\/\/www.sonoraenequipo.com.mx\/","name":"Sonora en Equipo.","description":"Diario en l\u00ednea con Noticias desde Hermosillo, Sonora","publisher":{"@id":"https:\/\/www.sonoraenequipo.com.mx\/#organization"},"potentialAction":[{"@type":"SearchAction","target":{"@type":"EntryPoint","urlTemplate":"https:\/\/www.sonoraenequipo.com.mx\/?s={search_term_string}"},"query-input":{"@type":"PropertyValueSpecification","valueRequired":true,"valueName":"search_term_string"}}],"inLanguage":"es"},{"@type":"Organization","@id":"https:\/\/www.sonoraenequipo.com.mx\/#organization","name":"Sonoraenequipo.com.mx","url":"https:\/\/www.sonoraenequipo.com.mx\/","logo":{"@type":"ImageObject","inLanguage":"es","@id":"https:\/\/www.sonoraenequipo.com.mx\/#\/schema\/logo\/image\/","url":"https:\/\/www.sonoraenequipo.com.mx\/storage\/2019\/01\/sonoraenequipo_opt.png","contentUrl":"https:\/\/www.sonoraenequipo.com.mx\/storage\/2019\/01\/sonoraenequipo_opt.png","width":375,"height":125,"caption":"Sonoraenequipo.com.mx"},"image":{"@id":"https:\/\/www.sonoraenequipo.com.mx\/#\/schema\/logo\/image\/"},"sameAs":["https:\/\/www.facebook.com\/SonoraEE\/","https:\/\/x.com\/sonoraenequipo","https:\/\/www.youtube.com\/channel\/UC338nW-lPEYmJQs4ZABQ1SQ"]},{"@type":"Person","@id":"https:\/\/www.sonoraenequipo.com.mx\/#\/schema\/person\/50102df0fb23a8fa9e8effad8fa81386","name":"enequipo","image":{"@type":"ImageObject","inLanguage":"es","@id":"https:\/\/www.sonoraenequipo.com.mx\/#\/schema\/person\/image\/","url":"https:\/\/secure.gravatar.com\/avatar\/049821681b589dabc0bc20695993ccebb09f5b5d4d790cd9251b97faac7c652b?s=96&d=blank&r=g","contentUrl":"https:\/\/secure.gravatar.com\/avatar\/049821681b589dabc0bc20695993ccebb09f5b5d4d790cd9251b97faac7c652b?s=96&d=blank&r=g","caption":"enequipo"},"sameAs":["https:\/\/www.facebook.com\/SonoraEE"]}]}},"jetpack_featured_media_url":"https:\/\/www.sonoraenequipo.com.mx\/storage\/2020\/10\/carlos-morales-buelna_opt.jpg","_links":{"self":[{"href":"https:\/\/www.sonoraenequipo.com.mx\/api\/wp\/v2\/posts\/97227","targetHints":{"allow":["GET"]}}],"collection":[{"href":"https:\/\/www.sonoraenequipo.com.mx\/api\/wp\/v2\/posts"}],"about":[{"href":"https:\/\/www.sonoraenequipo.com.mx\/api\/wp\/v2\/types\/post"}],"author":[{"embeddable":true,"href":"https:\/\/www.sonoraenequipo.com.mx\/api\/wp\/v2\/users\/1"}],"replies":[{"embeddable":true,"href":"https:\/\/www.sonoraenequipo.com.mx\/api\/wp\/v2\/comments?post=97227"}],"version-history":[{"count":1,"href":"https:\/\/www.sonoraenequipo.com.mx\/api\/wp\/v2\/posts\/97227\/revisions"}],"predecessor-version":[{"id":97228,"href":"https:\/\/www.sonoraenequipo.com.mx\/api\/wp\/v2\/posts\/97227\/revisions\/97228"}],"wp:featuredmedia":[{"embeddable":true,"href":"https:\/\/www.sonoraenequipo.com.mx\/api\/wp\/v2\/media\/97174"}],"wp:attachment":[{"href":"https:\/\/www.sonoraenequipo.com.mx\/api\/wp\/v2\/media?parent=97227"}],"wp:term":[{"taxonomy":"category","embeddable":true,"href":"https:\/\/www.sonoraenequipo.com.mx\/api\/wp\/v2\/categories?post=97227"},{"taxonomy":"post_tag","embeddable":true,"href":"https:\/\/www.sonoraenequipo.com.mx\/api\/wp\/v2\/tags?post=97227"}],"curies":[{"name":"wp","href":"https:\/\/api.w.org\/{rel}","templated":true}]}}