{"id":97231,"date":"2020-10-08T16:58:06","date_gmt":"2020-10-08T23:58:06","guid":{"rendered":"https:\/\/www.sonoraenequipo.com.mx\/?p=97231"},"modified":"2020-10-08T17:32:33","modified_gmt":"2020-10-09T00:32:33","slug":"cae-en-hermosillo-sujeto-acusado-de-secuestro-en-el-edomex","status":"publish","type":"post","link":"https:\/\/www.sonoraenequipo.com.mx\/cae-en-hermosillo-sujeto-acusado-de-secuestro-en-el-edomex\/","title":{"rendered":"Cae en Hermosillo sujeto acusado de secuestro en el Edomex"},"content":{"rendered":"<p>&nbsp;<\/p>\n<p><strong>&gt;&gt;Benjam\u00edn \u201cN.\u201d fue ubicado por elementos AMIC, de la Unidad Especializada en Combate al Secuestro (UECS), al atender oficio de colaboraci\u00f3n.<\/strong><\/p>\n<p>HERMOSILLO, SONORA,MX.\u2500\u2500<\/p>\n<p>Elementos de la Agencia Ministerial de Investigaci\u00f3n Criminal (AMIC) pertenecientes a la Unidad Especializada en Combate al Secuestro (UECS), de la Fiscal\u00eda General de Justicia del Estado de Sonora (FGJE), ubicaron y aprehendieron a un objetivo prioritario requerido en el Estado de M\u00e9xico por el delito de secuestro.<\/p>\n<p>&nbsp;<\/p>\n<p>Benjam\u00edn \u201cN.\u201d fue ubicado y asegurado a las 08:17 horas del pasado mi\u00e9rcoles 7 de octubre, al contar con el mandato judicial girado por el Juez de Control Especializado en Cateos y \u00d3rdenes de Aprehensi\u00f3n con sede en Toluca.<\/p>\n<p>&nbsp;<\/p>\n<p>La acci\u00f3n se deriv\u00f3 en atenci\u00f3n a oficio de colaboraci\u00f3n, emitido por el Fiscal Especializado de Secuestro del Valle de Toluca para la Fiscal de Sonora, atendido por el Comisario General de AMIC.<\/p>\n<p>&nbsp;<\/p>\n<p>Personal de AMIC Sonora, en coordinaci\u00f3n con Agentes de la Polic\u00eda de Investigaci\u00f3n de la Fiscal\u00eda del Estado de M\u00e9xico, cumplieron con la orden de aprehensi\u00f3n.<\/p>\n<p>&nbsp;<\/p>\n<p>Luego de ubicar a Benjam\u00edn \u201cN.\u201d, se le leyeron sus derechos constitucionales y los elementos AMIC le hicieron saber el motivo de su detenci\u00f3n, fue certificado por un m\u00e9dico y se entreg\u00f3 a los agentes ministeriales del Estado de M\u00e9xico.<\/p>\n<p>&nbsp;<\/p>\n<p>Para las 11:15 horas, del mismo mi\u00e9rcoles 7, se realiz\u00f3 el traslado del imputado, v\u00eda \u00e1rea, a la ciudad de Toluca, donde ser\u00eda presentado ante el Juez para que se proceda de acuerdo con lo establecido en la ley.<\/p>\n<p>&nbsp;<\/p>\n<p>Fecha de Publicaci\u00f3n 08\/OCT\/2020<\/p>\n","protected":false},"excerpt":{"rendered":"<p>&nbsp; &gt;&gt;Benjam\u00edn \u201cN.\u201d fue ubicado por elementos AMIC, de la Unidad Especializada en Combate al&#8230;<\/p>\n","protected":false},"author":1,"featured_media":88568,"comment_status":"open","ping_status":"open","sticky":false,"template":"","format":"standard","meta":{"_monsterinsights_skip_tracking":false,"_monsterinsights_sitenote_active":false,"_monsterinsights_sitenote_note":"","_monsterinsights_sitenote_category":0,"footnotes":""},"categories":[3144],"tags":[],"class_list":["post"],"yoast_head":" \n<title>Sonora en Equipo. Cae en Hermosillo sujeto acusado de secuestro en el Edomex Polic\u00edaca<\/title>\n<meta name=\"description\" content=\"&nbsp; &gt;&gt;Benjam\u00edn \u201cN.\u201d fue ubicado por elementos AMIC, de la Unidad Especializada en Combate al Secuestro (UECS), al atender oficio de colaboraci\u00f3n. En Sonora en Equipo publicamos toda la informaci\u00f3n de Sonora, M\u00e9xico y el Mundo de manera oportuna y busca que la libertad de expresi\u00f3n sea real. Visita nuestro medio informativo publicado desde Hermosillo, Sonora. %\" \/>\n<meta name=\"robots\" content=\"index, follow, max-snippet:-1, max-image-preview:large, max-video-preview:-1\" \/>\n<link rel=\"canonical\" href=\"https:\/\/www.sonoraenequipo.com.mx\/cae-en-hermosillo-sujeto-acusado-de-secuestro-en-el-edomex\/\" \/>\n<meta property=\"og:locale\" content=\"es_ES\" \/>\n<meta property=\"og:type\" content=\"article\" \/>\n<meta property=\"og:title\" content=\"Sonora en Equipo. Cae en Hermosillo sujeto acusado de secuestro en el Edomex Polic\u00edaca\" \/>\n<meta property=\"og:description\" content=\"&nbsp; &gt;&gt;Benjam\u00edn \u201cN.\u201d fue ubicado por elementos AMIC, de la Unidad Especializada en Combate al Secuestro (UECS), al atender oficio de colaboraci\u00f3n. En Sonora en Equipo publicamos toda la informaci\u00f3n de Sonora, M\u00e9xico y el Mundo de manera oportuna y busca que la libertad de expresi\u00f3n sea real. Visita nuestro medio informativo publicado desde Hermosillo, Sonora. %\" \/>\n<meta property=\"og:url\" content=\"https:\/\/www.sonoraenequipo.com.mx\/cae-en-hermosillo-sujeto-acusado-de-secuestro-en-el-edomex\/\" \/>\n<meta property=\"og:site_name\" content=\"Sonora en Equipo.\" \/>\n<meta property=\"article:publisher\" content=\"https:\/\/www.facebook.com\/SonoraEE\/\" \/>\n<meta property=\"article:author\" content=\"https:\/\/www.facebook.com\/SonoraEE\" \/>\n<meta property=\"article:published_time\" content=\"2020-10-08T23:58:06+00:00\" \/>\n<meta property=\"article:modified_time\" content=\"2020-10-09T00:32:33+00:00\" \/>\n<meta property=\"og:image\" content=\"https:\/\/www.sonoraenequipo.com.mx\/storage\/2020\/06\/secuestro2.jpg\" \/>\n\t<meta property=\"og:image:width\" content=\"600\" \/>\n\t<meta property=\"og:image:height\" content=\"400\" \/>\n\t<meta property=\"og:image:type\" content=\"image\/jpeg\" \/>\n<meta name=\"author\" content=\"enequipo\" \/>\n<meta name=\"twitter:card\" content=\"summary_large_image\" \/>\n<meta name=\"twitter:creator\" content=\"@sonoraenequipo\" \/>\n<meta name=\"twitter:site\" content=\"@sonoraenequipo\" \/>\n<meta name=\"twitter:label1\" content=\"Escrito por\" \/>\n\t<meta name=\"twitter:data1\" content=\"enequipo\" \/>\n\t<meta name=\"twitter:label2\" content=\"Tiempo de lectura\" \/>\n\t<meta name=\"twitter:data2\" content=\"1 minuto\" \/>\n<script type=\"application\/ld+json\" class=\"yoast-schema-graph\">{\"@context\":\"https:\/\/schema.org\",\"@graph\":[{\"@type\":\"Article\",\"@id\":\"https:\/\/www.sonoraenequipo.com.mx\/cae-en-hermosillo-sujeto-acusado-de-secuestro-en-el-edomex\/#article\",\"isPartOf\":{\"@id\":\"https:\/\/www.sonoraenequipo.com.mx\/cae-en-hermosillo-sujeto-acusado-de-secuestro-en-el-edomex\/\"},\"author\":{\"name\":\"enequipo\",\"@id\":\"https:\/\/www.sonoraenequipo.com.mx\/#\/schema\/person\/50102df0fb23a8fa9e8effad8fa81386\"},\"headline\":\"Cae en Hermosillo sujeto acusado de secuestro en el Edomex\",\"datePublished\":\"2020-10-08T23:58:06+00:00\",\"dateModified\":\"2020-10-09T00:32:33+00:00\",\"mainEntityOfPage\":{\"@id\":\"https:\/\/www.sonoraenequipo.com.mx\/cae-en-hermosillo-sujeto-acusado-de-secuestro-en-el-edomex\/\"},\"wordCount\":293,\"commentCount\":0,\"publisher\":{\"@id\":\"https:\/\/www.sonoraenequipo.com.mx\/#organization\"},\"image\":{\"@id\":\"https:\/\/www.sonoraenequipo.com.mx\/cae-en-hermosillo-sujeto-acusado-de-secuestro-en-el-edomex\/#primaryimage\"},\"thumbnailUrl\":\"https:\/\/www.sonoraenequipo.com.mx\/storage\/2020\/06\/secuestro2.jpg\",\"articleSection\":[\"Polic\u00edaca\"],\"inLanguage\":\"es\",\"potentialAction\":[{\"@type\":\"CommentAction\",\"name\":\"Comment\",\"target\":[\"https:\/\/www.sonoraenequipo.com.mx\/cae-en-hermosillo-sujeto-acusado-de-secuestro-en-el-edomex\/#respond\"]}]},{\"@type\":\"WebPage\",\"@id\":\"https:\/\/www.sonoraenequipo.com.mx\/cae-en-hermosillo-sujeto-acusado-de-secuestro-en-el-edomex\/\",\"url\":\"https:\/\/www.sonoraenequipo.com.mx\/cae-en-hermosillo-sujeto-acusado-de-secuestro-en-el-edomex\/\",\"name\":\"Sonora en Equipo. Cae en Hermosillo sujeto acusado de secuestro en el Edomex Polic\u00edaca\",\"isPartOf\":{\"@id\":\"https:\/\/www.sonoraenequipo.com.mx\/#website\"},\"primaryImageOfPage\":{\"@id\":\"https:\/\/www.sonoraenequipo.com.mx\/cae-en-hermosillo-sujeto-acusado-de-secuestro-en-el-edomex\/#primaryimage\"},\"image\":{\"@id\":\"https:\/\/www.sonoraenequipo.com.mx\/cae-en-hermosillo-sujeto-acusado-de-secuestro-en-el-edomex\/#primaryimage\"},\"thumbnailUrl\":\"https:\/\/www.sonoraenequipo.com.mx\/storage\/2020\/06\/secuestro2.jpg\",\"datePublished\":\"2020-10-08T23:58:06+00:00\",\"dateModified\":\"2020-10-09T00:32:33+00:00\",\"description\":\"&nbsp; &gt;&gt;Benjam\u00edn \u201cN.\u201d fue ubicado por elementos AMIC, de la Unidad Especializada en Combate al Secuestro (UECS), al atender oficio de colaboraci\u00f3n. En Sonora en Equipo publicamos toda la informaci\u00f3n de Sonora, M\u00e9xico y el Mundo de manera oportuna y busca que la libertad de expresi\u00f3n sea real. Visita nuestro medio informativo publicado desde Hermosillo, Sonora. %\",\"breadcrumb\":{\"@id\":\"https:\/\/www.sonoraenequipo.com.mx\/cae-en-hermosillo-sujeto-acusado-de-secuestro-en-el-edomex\/#breadcrumb\"},\"inLanguage\":\"es\",\"potentialAction\":[{\"@type\":\"ReadAction\",\"target\":[\"https:\/\/www.sonoraenequipo.com.mx\/cae-en-hermosillo-sujeto-acusado-de-secuestro-en-el-edomex\/\"]}]},{\"@type\":\"ImageObject\",\"inLanguage\":\"es\",\"@id\":\"https:\/\/www.sonoraenequipo.com.mx\/cae-en-hermosillo-sujeto-acusado-de-secuestro-en-el-edomex\/#primaryimage\",\"url\":\"https:\/\/www.sonoraenequipo.com.mx\/storage\/2020\/06\/secuestro2.jpg\",\"contentUrl\":\"https:\/\/www.sonoraenequipo.com.mx\/storage\/2020\/06\/secuestro2.jpg\",\"width\":600,\"height\":400,\"caption\":\"Imagen ilustrativa\"},{\"@type\":\"BreadcrumbList\",\"@id\":\"https:\/\/www.sonoraenequipo.com.mx\/cae-en-hermosillo-sujeto-acusado-de-secuestro-en-el-edomex\/#breadcrumb\",\"itemListElement\":[{\"@type\":\"ListItem\",\"position\":1,\"name\":\"Portada\",\"item\":\"https:\/\/www.sonoraenequipo.com.mx\/\"},{\"@type\":\"ListItem\",\"position\":2,\"name\":\"Cae en Hermosillo sujeto acusado de secuestro en el Edomex\"}]},{\"@type\":\"WebSite\",\"@id\":\"https:\/\/www.sonoraenequipo.com.mx\/#website\",\"url\":\"https:\/\/www.sonoraenequipo.com.mx\/\",\"name\":\"Sonora en Equipo.\",\"description\":\"Diario en l\u00ednea con Noticias desde Hermosillo, Sonora\",\"publisher\":{\"@id\":\"https:\/\/www.sonoraenequipo.com.mx\/#organization\"},\"potentialAction\":[{\"@type\":\"SearchAction\",\"target\":{\"@type\":\"EntryPoint\",\"urlTemplate\":\"https:\/\/www.sonoraenequipo.com.mx\/?s={search_term_string}\"},\"query-input\":{\"@type\":\"PropertyValueSpecification\",\"valueRequired\":true,\"valueName\":\"search_term_string\"}}],\"inLanguage\":\"es\"},{\"@type\":\"Organization\",\"@id\":\"https:\/\/www.sonoraenequipo.com.mx\/#organization\",\"name\":\"Sonoraenequipo.com.mx\",\"url\":\"https:\/\/www.sonoraenequipo.com.mx\/\",\"logo\":{\"@type\":\"ImageObject\",\"inLanguage\":\"es\",\"@id\":\"https:\/\/www.sonoraenequipo.com.mx\/#\/schema\/logo\/image\/\",\"url\":\"https:\/\/www.sonoraenequipo.com.mx\/storage\/2019\/01\/sonoraenequipo_opt.png\",\"contentUrl\":\"https:\/\/www.sonoraenequipo.com.mx\/storage\/2019\/01\/sonoraenequipo_opt.png\",\"width\":375,\"height\":125,\"caption\":\"Sonoraenequipo.com.mx\"},\"image\":{\"@id\":\"https:\/\/www.sonoraenequipo.com.mx\/#\/schema\/logo\/image\/\"},\"sameAs\":[\"https:\/\/www.facebook.com\/SonoraEE\/\",\"https:\/\/x.com\/sonoraenequipo\",\"https:\/\/www.youtube.com\/channel\/UC338nW-lPEYmJQs4ZABQ1SQ\"]},{\"@type\":\"Person\",\"@id\":\"https:\/\/www.sonoraenequipo.com.mx\/#\/schema\/person\/50102df0fb23a8fa9e8effad8fa81386\",\"name\":\"enequipo\",\"image\":{\"@type\":\"ImageObject\",\"inLanguage\":\"es\",\"@id\":\"https:\/\/www.sonoraenequipo.com.mx\/#\/schema\/person\/image\/\",\"url\":\"https:\/\/secure.gravatar.com\/avatar\/049821681b589dabc0bc20695993ccebb09f5b5d4d790cd9251b97faac7c652b?s=96&d=blank&r=g\",\"contentUrl\":\"https:\/\/secure.gravatar.com\/avatar\/049821681b589dabc0bc20695993ccebb09f5b5d4d790cd9251b97faac7c652b?s=96&d=blank&r=g\",\"caption\":\"enequipo\"},\"sameAs\":[\"https:\/\/www.facebook.com\/SonoraEE\"]}]}<\/script>\n ","yoast_head_json":{"title":"Sonora en Equipo. Cae en Hermosillo sujeto acusado de secuestro en el Edomex Polic\u00edaca","description":"&nbsp; &gt;&gt;Benjam\u00edn \u201cN.\u201d fue ubicado por elementos AMIC, de la Unidad Especializada en Combate al Secuestro (UECS), al atender oficio de colaboraci\u00f3n. En Sonora en Equipo publicamos toda la informaci\u00f3n de Sonora, M\u00e9xico y el Mundo de manera oportuna y busca que la libertad de expresi\u00f3n sea real. Visita nuestro medio informativo publicado desde Hermosillo, Sonora. %","robots":{"index":"index","follow":"follow","max-snippet":"max-snippet:-1","max-image-preview":"max-image-preview:large","max-video-preview":"max-video-preview:-1"},"canonical":"https:\/\/www.sonoraenequipo.com.mx\/cae-en-hermosillo-sujeto-acusado-de-secuestro-en-el-edomex\/","og_locale":"es_ES","og_type":"article","og_title":"Sonora en Equipo. Cae en Hermosillo sujeto acusado de secuestro en el Edomex Polic\u00edaca","og_description":"&nbsp; &gt;&gt;Benjam\u00edn \u201cN.\u201d fue ubicado por elementos AMIC, de la Unidad Especializada en Combate al Secuestro (UECS), al atender oficio de colaboraci\u00f3n. En Sonora en Equipo publicamos toda la informaci\u00f3n de Sonora, M\u00e9xico y el Mundo de manera oportuna y busca que la libertad de expresi\u00f3n sea real. Visita nuestro medio informativo publicado desde Hermosillo, Sonora. %","og_url":"https:\/\/www.sonoraenequipo.com.mx\/cae-en-hermosillo-sujeto-acusado-de-secuestro-en-el-edomex\/","og_site_name":"Sonora en Equipo.","article_publisher":"https:\/\/www.facebook.com\/SonoraEE\/","article_author":"https:\/\/www.facebook.com\/SonoraEE","article_published_time":"2020-10-08T23:58:06+00:00","article_modified_time":"2020-10-09T00:32:33+00:00","og_image":[{"width":600,"height":400,"url":"https:\/\/www.sonoraenequipo.com.mx\/storage\/2020\/06\/secuestro2.jpg","type":"image\/jpeg"}],"author":"enequipo","twitter_card":"summary_large_image","twitter_creator":"@sonoraenequipo","twitter_site":"@sonoraenequipo","twitter_misc":{"Escrito por":"enequipo","Tiempo de lectura":"1 minuto"},"schema":{"@context":"https:\/\/schema.org","@graph":[{"@type":"Article","@id":"https:\/\/www.sonoraenequipo.com.mx\/cae-en-hermosillo-sujeto-acusado-de-secuestro-en-el-edomex\/#article","isPartOf":{"@id":"https:\/\/www.sonoraenequipo.com.mx\/cae-en-hermosillo-sujeto-acusado-de-secuestro-en-el-edomex\/"},"author":{"name":"enequipo","@id":"https:\/\/www.sonoraenequipo.com.mx\/#\/schema\/person\/50102df0fb23a8fa9e8effad8fa81386"},"headline":"Cae en Hermosillo sujeto acusado de secuestro en el Edomex","datePublished":"2020-10-08T23:58:06+00:00","dateModified":"2020-10-09T00:32:33+00:00","mainEntityOfPage":{"@id":"https:\/\/www.sonoraenequipo.com.mx\/cae-en-hermosillo-sujeto-acusado-de-secuestro-en-el-edomex\/"},"wordCount":293,"commentCount":0,"publisher":{"@id":"https:\/\/www.sonoraenequipo.com.mx\/#organization"},"image":{"@id":"https:\/\/www.sonoraenequipo.com.mx\/cae-en-hermosillo-sujeto-acusado-de-secuestro-en-el-edomex\/#primaryimage"},"thumbnailUrl":"https:\/\/www.sonoraenequipo.com.mx\/storage\/2020\/06\/secuestro2.jpg","articleSection":["Polic\u00edaca"],"inLanguage":"es","potentialAction":[{"@type":"CommentAction","name":"Comment","target":["https:\/\/www.sonoraenequipo.com.mx\/cae-en-hermosillo-sujeto-acusado-de-secuestro-en-el-edomex\/#respond"]}]},{"@type":"WebPage","@id":"https:\/\/www.sonoraenequipo.com.mx\/cae-en-hermosillo-sujeto-acusado-de-secuestro-en-el-edomex\/","url":"https:\/\/www.sonoraenequipo.com.mx\/cae-en-hermosillo-sujeto-acusado-de-secuestro-en-el-edomex\/","name":"Sonora en Equipo. Cae en Hermosillo sujeto acusado de secuestro en el Edomex Polic\u00edaca","isPartOf":{"@id":"https:\/\/www.sonoraenequipo.com.mx\/#website"},"primaryImageOfPage":{"@id":"https:\/\/www.sonoraenequipo.com.mx\/cae-en-hermosillo-sujeto-acusado-de-secuestro-en-el-edomex\/#primaryimage"},"image":{"@id":"https:\/\/www.sonoraenequipo.com.mx\/cae-en-hermosillo-sujeto-acusado-de-secuestro-en-el-edomex\/#primaryimage"},"thumbnailUrl":"https:\/\/www.sonoraenequipo.com.mx\/storage\/2020\/06\/secuestro2.jpg","datePublished":"2020-10-08T23:58:06+00:00","dateModified":"2020-10-09T00:32:33+00:00","description":"&nbsp; &gt;&gt;Benjam\u00edn \u201cN.\u201d fue ubicado por elementos AMIC, de la Unidad Especializada en Combate al Secuestro (UECS), al atender oficio de colaboraci\u00f3n. En Sonora en Equipo publicamos toda la informaci\u00f3n de Sonora, M\u00e9xico y el Mundo de manera oportuna y busca que la libertad de expresi\u00f3n sea real. Visita nuestro medio informativo publicado desde Hermosillo, Sonora. %","breadcrumb":{"@id":"https:\/\/www.sonoraenequipo.com.mx\/cae-en-hermosillo-sujeto-acusado-de-secuestro-en-el-edomex\/#breadcrumb"},"inLanguage":"es","potentialAction":[{"@type":"ReadAction","target":["https:\/\/www.sonoraenequipo.com.mx\/cae-en-hermosillo-sujeto-acusado-de-secuestro-en-el-edomex\/"]}]},{"@type":"ImageObject","inLanguage":"es","@id":"https:\/\/www.sonoraenequipo.com.mx\/cae-en-hermosillo-sujeto-acusado-de-secuestro-en-el-edomex\/#primaryimage","url":"https:\/\/www.sonoraenequipo.com.mx\/storage\/2020\/06\/secuestro2.jpg","contentUrl":"https:\/\/www.sonoraenequipo.com.mx\/storage\/2020\/06\/secuestro2.jpg","width":600,"height":400,"caption":"Imagen ilustrativa"},{"@type":"BreadcrumbList","@id":"https:\/\/www.sonoraenequipo.com.mx\/cae-en-hermosillo-sujeto-acusado-de-secuestro-en-el-edomex\/#breadcrumb","itemListElement":[{"@type":"ListItem","position":1,"name":"Portada","item":"https:\/\/www.sonoraenequipo.com.mx\/"},{"@type":"ListItem","position":2,"name":"Cae en Hermosillo sujeto acusado de secuestro en el Edomex"}]},{"@type":"WebSite","@id":"https:\/\/www.sonoraenequipo.com.mx\/#website","url":"https:\/\/www.sonoraenequipo.com.mx\/","name":"Sonora en Equipo.","description":"Diario en l\u00ednea con Noticias desde Hermosillo, Sonora","publisher":{"@id":"https:\/\/www.sonoraenequipo.com.mx\/#organization"},"potentialAction":[{"@type":"SearchAction","target":{"@type":"EntryPoint","urlTemplate":"https:\/\/www.sonoraenequipo.com.mx\/?s={search_term_string}"},"query-input":{"@type":"PropertyValueSpecification","valueRequired":true,"valueName":"search_term_string"}}],"inLanguage":"es"},{"@type":"Organization","@id":"https:\/\/www.sonoraenequipo.com.mx\/#organization","name":"Sonoraenequipo.com.mx","url":"https:\/\/www.sonoraenequipo.com.mx\/","logo":{"@type":"ImageObject","inLanguage":"es","@id":"https:\/\/www.sonoraenequipo.com.mx\/#\/schema\/logo\/image\/","url":"https:\/\/www.sonoraenequipo.com.mx\/storage\/2019\/01\/sonoraenequipo_opt.png","contentUrl":"https:\/\/www.sonoraenequipo.com.mx\/storage\/2019\/01\/sonoraenequipo_opt.png","width":375,"height":125,"caption":"Sonoraenequipo.com.mx"},"image":{"@id":"https:\/\/www.sonoraenequipo.com.mx\/#\/schema\/logo\/image\/"},"sameAs":["https:\/\/www.facebook.com\/SonoraEE\/","https:\/\/x.com\/sonoraenequipo","https:\/\/www.youtube.com\/channel\/UC338nW-lPEYmJQs4ZABQ1SQ"]},{"@type":"Person","@id":"https:\/\/www.sonoraenequipo.com.mx\/#\/schema\/person\/50102df0fb23a8fa9e8effad8fa81386","name":"enequipo","image":{"@type":"ImageObject","inLanguage":"es","@id":"https:\/\/www.sonoraenequipo.com.mx\/#\/schema\/person\/image\/","url":"https:\/\/secure.gravatar.com\/avatar\/049821681b589dabc0bc20695993ccebb09f5b5d4d790cd9251b97faac7c652b?s=96&d=blank&r=g","contentUrl":"https:\/\/secure.gravatar.com\/avatar\/049821681b589dabc0bc20695993ccebb09f5b5d4d790cd9251b97faac7c652b?s=96&d=blank&r=g","caption":"enequipo"},"sameAs":["https:\/\/www.facebook.com\/SonoraEE"]}]}},"jetpack_featured_media_url":"https:\/\/www.sonoraenequipo.com.mx\/storage\/2020\/06\/secuestro2.jpg","_links":{"self":[{"href":"https:\/\/www.sonoraenequipo.com.mx\/api\/wp\/v2\/posts\/97231","targetHints":{"allow":["GET"]}}],"collection":[{"href":"https:\/\/www.sonoraenequipo.com.mx\/api\/wp\/v2\/posts"}],"about":[{"href":"https:\/\/www.sonoraenequipo.com.mx\/api\/wp\/v2\/types\/post"}],"author":[{"embeddable":true,"href":"https:\/\/www.sonoraenequipo.com.mx\/api\/wp\/v2\/users\/1"}],"replies":[{"embeddable":true,"href":"https:\/\/www.sonoraenequipo.com.mx\/api\/wp\/v2\/comments?post=97231"}],"version-history":[{"count":1,"href":"https:\/\/www.sonoraenequipo.com.mx\/api\/wp\/v2\/posts\/97231\/revisions"}],"predecessor-version":[{"id":97232,"href":"https:\/\/www.sonoraenequipo.com.mx\/api\/wp\/v2\/posts\/97231\/revisions\/97232"}],"wp:featuredmedia":[{"embeddable":true,"href":"https:\/\/www.sonoraenequipo.com.mx\/api\/wp\/v2\/media\/88568"}],"wp:attachment":[{"href":"https:\/\/www.sonoraenequipo.com.mx\/api\/wp\/v2\/media?parent=97231"}],"wp:term":[{"taxonomy":"category","embeddable":true,"href":"https:\/\/www.sonoraenequipo.com.mx\/api\/wp\/v2\/categories?post=97231"},{"taxonomy":"post_tag","embeddable":true,"href":"https:\/\/www.sonoraenequipo.com.mx\/api\/wp\/v2\/tags?post=97231"}],"curies":[{"name":"wp","href":"https:\/\/api.w.org\/{rel}","templated":true}]}}