{"id":97236,"date":"2020-10-08T15:42:27","date_gmt":"2020-10-08T22:42:27","guid":{"rendered":"https:\/\/www.sonoraenequipo.com.mx\/?p=97236"},"modified":"2020-10-09T06:51:08","modified_gmt":"2020-10-09T13:51:08","slug":"beneficiaran-recursos-federales-a-600-mil-hermosillenses-de-forma-directa-con-rehabilitacion-de-calles","status":"publish","type":"post","link":"https:\/\/www.sonoraenequipo.com.mx\/beneficiaran-recursos-federales-a-600-mil-hermosillenses-de-forma-directa-con-rehabilitacion-de-calles\/","title":{"rendered":"Beneficiar\u00e1n recursos federales a 600 mil hermosillenses de forma directa con rehabilitaci\u00f3n de calles"},"content":{"rendered":"<p><strong>&gt;&gt;El titular de CIDUE inform\u00f3 que inici\u00f3 la licitaci\u00f3n para ejercer 175.5 mdp de pesos del convenio entre SEDATU y el Municipio para construir o renovar 31 vialidades estrat\u00e9gicas<\/strong><\/p>\n<p>&nbsp;<\/p>\n<p>HERMOSILLO, SONORA,MX.\u2500\u2500 Ser\u00e1n m\u00e1s de 600 mil habitantes los beneficiados de forma directa con las 31 obras que se realizar\u00e1n con el recurso de 175.5 millones de pesos gestionados por la Alcaldesa Celida L\u00f3pez ante el Presidente Andr\u00e9s Manuel L\u00f3pez Obrador que contempla el convenio entre SEDATU y el Ayuntamiento para construir o renovar vialidades, inform\u00f3 Jos\u00e9 Carrillo Atondo.<\/p>\n<p>&nbsp;<\/p>\n<p>El titular de la Coordinaci\u00f3n de Infraestructura, Desarrollo Urbano y Ecolog\u00eda (CIDUE), explic\u00f3 que todo el mes de octubre se realizar\u00e1n las licitaciones p\u00fablicas a nivel nacional y para los primeros d\u00edas de noviembre ya habr\u00e1 obras en proceso.<\/p>\n<p>&nbsp;<\/p>\n<p>Carrillo Atondo explic\u00f3 que con estas nuevas obras y las que ya se han realizado en esta administraci\u00f3n se atender\u00e1 m\u00e1s del 20 por ciento del total de rezago en rehabilitaci\u00f3n y nuevos pavimentos en la cuidad.<\/p>\n<p>&nbsp;<\/p>\n<p>Se trata de 9 pavimentos nuevos en zonas de atenci\u00f3n prioritaria, 8 al Norte de la ciudad y uno m\u00e1s en Las Minitas, donde el gobierno federal realizar\u00e1 una rehabilitaci\u00f3n integral; y los otros 22 proyectos, que son renovaci\u00f3n, fueron elegidos con un criterio de movilidad, por ser corredores de transporte urbano, principalmente.<\/p>\n<p>&nbsp;<\/p>\n<p>\u201cEstos son proyectos de renovaci\u00f3n integral donde en muchos casos se tendr\u00e1 que renovar tambi\u00e9n la infraestructura urbana, lo que incluye ciclocarriles, ramas de accesibilidad, forestaci\u00f3n y diversas acciones\u201d, precis\u00f3.<\/p>\n<p>&nbsp;<\/p>\n<p>El funcionario dijo que el proceso de licitaci\u00f3n a nivel nacional es a trav\u00e9s de la plataforma Compranet, en el que se espera que haya la participaci\u00f3n de muchas empresas, sobre todo locales, para reactivar la econom\u00eda.<\/p>\n<p>&nbsp;<\/p>\n<p>Adem\u00e1s, el Municipio ejercer\u00e1 recursos federales del Ramo 33 en el orden de los 90 millones de pesos para obras de mejora de infraestructura.<\/p>\n<p>Fecha de Publicaci\u00f3n 08\/OCT\/2020<\/p>\n","protected":false},"excerpt":{"rendered":"<p>&gt;&gt;El titular de CIDUE inform\u00f3 que inici\u00f3 la licitaci\u00f3n para ejercer 175.5 mdp de pesos&#8230;<\/p>\n","protected":false},"author":1,"featured_media":97240,"comment_status":"open","ping_status":"open","sticky":false,"template":"","format":"standard","meta":{"_monsterinsights_skip_tracking":false,"_monsterinsights_sitenote_active":false,"_monsterinsights_sitenote_note":"","_monsterinsights_sitenote_category":0,"footnotes":""},"categories":[4],"tags":[],"class_list":["post"],"yoast_head":" \n<title>Sonora en Equipo. Beneficiar\u00e1n recursos federales a 600 mil hermosillenses de forma directa con rehabilitaci\u00f3n de calles Municipios<\/title>\n<meta name=\"description\" content=\"&gt;&gt;El titular de CIDUE inform\u00f3 que inici\u00f3 la licitaci\u00f3n para ejercer 175.5 mdp de pesos del convenio entre SEDATU y el Municipio para construir o En Sonora en Equipo publicamos toda la informaci\u00f3n de Sonora, M\u00e9xico y el Mundo de manera oportuna y busca que la libertad de expresi\u00f3n sea real. Visita nuestro medio informativo publicado desde Hermosillo, Sonora. %\" \/>\n<meta name=\"robots\" content=\"index, follow, max-snippet:-1, max-image-preview:large, max-video-preview:-1\" \/>\n<link rel=\"canonical\" href=\"https:\/\/www.sonoraenequipo.com.mx\/beneficiaran-recursos-federales-a-600-mil-hermosillenses-de-forma-directa-con-rehabilitacion-de-calles\/\" \/>\n<meta property=\"og:locale\" content=\"es_ES\" \/>\n<meta property=\"og:type\" content=\"article\" \/>\n<meta property=\"og:title\" content=\"Sonora en Equipo. Beneficiar\u00e1n recursos federales a 600 mil hermosillenses de forma directa con rehabilitaci\u00f3n de calles Municipios\" \/>\n<meta property=\"og:description\" content=\"&gt;&gt;El titular de CIDUE inform\u00f3 que inici\u00f3 la licitaci\u00f3n para ejercer 175.5 mdp de pesos del convenio entre SEDATU y el Municipio para construir o En Sonora en Equipo publicamos toda la informaci\u00f3n de Sonora, M\u00e9xico y el Mundo de manera oportuna y busca que la libertad de expresi\u00f3n sea real. Visita nuestro medio informativo publicado desde Hermosillo, Sonora. %\" \/>\n<meta property=\"og:url\" content=\"https:\/\/www.sonoraenequipo.com.mx\/beneficiaran-recursos-federales-a-600-mil-hermosillenses-de-forma-directa-con-rehabilitacion-de-calles\/\" \/>\n<meta property=\"og:site_name\" content=\"Sonora en Equipo.\" \/>\n<meta property=\"article:publisher\" content=\"https:\/\/www.facebook.com\/SonoraEE\/\" \/>\n<meta property=\"article:author\" content=\"https:\/\/www.facebook.com\/SonoraEE\" \/>\n<meta property=\"article:published_time\" content=\"2020-10-08T22:42:27+00:00\" \/>\n<meta property=\"article:modified_time\" content=\"2020-10-09T13:51:08+00:00\" \/>\n<meta property=\"og:image\" content=\"https:\/\/www.sonoraenequipo.com.mx\/storage\/2020\/10\/vialidadese.jpg\" \/>\n\t<meta property=\"og:image:width\" content=\"600\" \/>\n\t<meta property=\"og:image:height\" content=\"400\" \/>\n\t<meta property=\"og:image:type\" content=\"image\/jpeg\" \/>\n<meta name=\"author\" content=\"enequipo\" \/>\n<meta name=\"twitter:card\" content=\"summary_large_image\" \/>\n<meta name=\"twitter:creator\" content=\"@sonoraenequipo\" \/>\n<meta name=\"twitter:site\" content=\"@sonoraenequipo\" \/>\n<meta name=\"twitter:label1\" content=\"Escrito por\" \/>\n\t<meta name=\"twitter:data1\" content=\"enequipo\" \/>\n\t<meta name=\"twitter:label2\" content=\"Tiempo de lectura\" \/>\n\t<meta name=\"twitter:data2\" content=\"2 minutos\" \/>\n<script type=\"application\/ld+json\" class=\"yoast-schema-graph\">{\"@context\":\"https:\/\/schema.org\",\"@graph\":[{\"@type\":\"Article\",\"@id\":\"https:\/\/www.sonoraenequipo.com.mx\/beneficiaran-recursos-federales-a-600-mil-hermosillenses-de-forma-directa-con-rehabilitacion-de-calles\/#article\",\"isPartOf\":{\"@id\":\"https:\/\/www.sonoraenequipo.com.mx\/beneficiaran-recursos-federales-a-600-mil-hermosillenses-de-forma-directa-con-rehabilitacion-de-calles\/\"},\"author\":{\"name\":\"enequipo\",\"@id\":\"https:\/\/www.sonoraenequipo.com.mx\/#\/schema\/person\/50102df0fb23a8fa9e8effad8fa81386\"},\"headline\":\"Beneficiar\u00e1n recursos federales a 600 mil hermosillenses de forma directa con rehabilitaci\u00f3n de calles\",\"datePublished\":\"2020-10-08T22:42:27+00:00\",\"dateModified\":\"2020-10-09T13:51:08+00:00\",\"mainEntityOfPage\":{\"@id\":\"https:\/\/www.sonoraenequipo.com.mx\/beneficiaran-recursos-federales-a-600-mil-hermosillenses-de-forma-directa-con-rehabilitacion-de-calles\/\"},\"wordCount\":355,\"commentCount\":0,\"publisher\":{\"@id\":\"https:\/\/www.sonoraenequipo.com.mx\/#organization\"},\"image\":{\"@id\":\"https:\/\/www.sonoraenequipo.com.mx\/beneficiaran-recursos-federales-a-600-mil-hermosillenses-de-forma-directa-con-rehabilitacion-de-calles\/#primaryimage\"},\"thumbnailUrl\":\"https:\/\/www.sonoraenequipo.com.mx\/storage\/2020\/10\/vialidadese.jpg\",\"articleSection\":[\"Municipios\"],\"inLanguage\":\"es\",\"potentialAction\":[{\"@type\":\"CommentAction\",\"name\":\"Comment\",\"target\":[\"https:\/\/www.sonoraenequipo.com.mx\/beneficiaran-recursos-federales-a-600-mil-hermosillenses-de-forma-directa-con-rehabilitacion-de-calles\/#respond\"]}]},{\"@type\":\"WebPage\",\"@id\":\"https:\/\/www.sonoraenequipo.com.mx\/beneficiaran-recursos-federales-a-600-mil-hermosillenses-de-forma-directa-con-rehabilitacion-de-calles\/\",\"url\":\"https:\/\/www.sonoraenequipo.com.mx\/beneficiaran-recursos-federales-a-600-mil-hermosillenses-de-forma-directa-con-rehabilitacion-de-calles\/\",\"name\":\"Sonora en Equipo. Beneficiar\u00e1n recursos federales a 600 mil hermosillenses de forma directa con rehabilitaci\u00f3n de calles Municipios\",\"isPartOf\":{\"@id\":\"https:\/\/www.sonoraenequipo.com.mx\/#website\"},\"primaryImageOfPage\":{\"@id\":\"https:\/\/www.sonoraenequipo.com.mx\/beneficiaran-recursos-federales-a-600-mil-hermosillenses-de-forma-directa-con-rehabilitacion-de-calles\/#primaryimage\"},\"image\":{\"@id\":\"https:\/\/www.sonoraenequipo.com.mx\/beneficiaran-recursos-federales-a-600-mil-hermosillenses-de-forma-directa-con-rehabilitacion-de-calles\/#primaryimage\"},\"thumbnailUrl\":\"https:\/\/www.sonoraenequipo.com.mx\/storage\/2020\/10\/vialidadese.jpg\",\"datePublished\":\"2020-10-08T22:42:27+00:00\",\"dateModified\":\"2020-10-09T13:51:08+00:00\",\"description\":\"&gt;&gt;El titular de CIDUE inform\u00f3 que inici\u00f3 la licitaci\u00f3n para ejercer 175.5 mdp de pesos del convenio entre SEDATU y el Municipio para construir o En Sonora en Equipo publicamos toda la informaci\u00f3n de Sonora, M\u00e9xico y el Mundo de manera oportuna y busca que la libertad de expresi\u00f3n sea real. Visita nuestro medio informativo publicado desde Hermosillo, Sonora. %\",\"breadcrumb\":{\"@id\":\"https:\/\/www.sonoraenequipo.com.mx\/beneficiaran-recursos-federales-a-600-mil-hermosillenses-de-forma-directa-con-rehabilitacion-de-calles\/#breadcrumb\"},\"inLanguage\":\"es\",\"potentialAction\":[{\"@type\":\"ReadAction\",\"target\":[\"https:\/\/www.sonoraenequipo.com.mx\/beneficiaran-recursos-federales-a-600-mil-hermosillenses-de-forma-directa-con-rehabilitacion-de-calles\/\"]}]},{\"@type\":\"ImageObject\",\"inLanguage\":\"es\",\"@id\":\"https:\/\/www.sonoraenequipo.com.mx\/beneficiaran-recursos-federales-a-600-mil-hermosillenses-de-forma-directa-con-rehabilitacion-de-calles\/#primaryimage\",\"url\":\"https:\/\/www.sonoraenequipo.com.mx\/storage\/2020\/10\/vialidadese.jpg\",\"contentUrl\":\"https:\/\/www.sonoraenequipo.com.mx\/storage\/2020\/10\/vialidadese.jpg\",\"width\":600,\"height\":400},{\"@type\":\"BreadcrumbList\",\"@id\":\"https:\/\/www.sonoraenequipo.com.mx\/beneficiaran-recursos-federales-a-600-mil-hermosillenses-de-forma-directa-con-rehabilitacion-de-calles\/#breadcrumb\",\"itemListElement\":[{\"@type\":\"ListItem\",\"position\":1,\"name\":\"Portada\",\"item\":\"https:\/\/www.sonoraenequipo.com.mx\/\"},{\"@type\":\"ListItem\",\"position\":2,\"name\":\"Beneficiar\u00e1n recursos federales a 600 mil hermosillenses de forma directa con rehabilitaci\u00f3n de calles\"}]},{\"@type\":\"WebSite\",\"@id\":\"https:\/\/www.sonoraenequipo.com.mx\/#website\",\"url\":\"https:\/\/www.sonoraenequipo.com.mx\/\",\"name\":\"Sonora en Equipo.\",\"description\":\"Diario en l\u00ednea con Noticias desde Hermosillo, Sonora\",\"publisher\":{\"@id\":\"https:\/\/www.sonoraenequipo.com.mx\/#organization\"},\"potentialAction\":[{\"@type\":\"SearchAction\",\"target\":{\"@type\":\"EntryPoint\",\"urlTemplate\":\"https:\/\/www.sonoraenequipo.com.mx\/?s={search_term_string}\"},\"query-input\":{\"@type\":\"PropertyValueSpecification\",\"valueRequired\":true,\"valueName\":\"search_term_string\"}}],\"inLanguage\":\"es\"},{\"@type\":\"Organization\",\"@id\":\"https:\/\/www.sonoraenequipo.com.mx\/#organization\",\"name\":\"Sonoraenequipo.com.mx\",\"url\":\"https:\/\/www.sonoraenequipo.com.mx\/\",\"logo\":{\"@type\":\"ImageObject\",\"inLanguage\":\"es\",\"@id\":\"https:\/\/www.sonoraenequipo.com.mx\/#\/schema\/logo\/image\/\",\"url\":\"https:\/\/www.sonoraenequipo.com.mx\/storage\/2019\/01\/sonoraenequipo_opt.png\",\"contentUrl\":\"https:\/\/www.sonoraenequipo.com.mx\/storage\/2019\/01\/sonoraenequipo_opt.png\",\"width\":375,\"height\":125,\"caption\":\"Sonoraenequipo.com.mx\"},\"image\":{\"@id\":\"https:\/\/www.sonoraenequipo.com.mx\/#\/schema\/logo\/image\/\"},\"sameAs\":[\"https:\/\/www.facebook.com\/SonoraEE\/\",\"https:\/\/x.com\/sonoraenequipo\",\"https:\/\/www.youtube.com\/channel\/UC338nW-lPEYmJQs4ZABQ1SQ\"]},{\"@type\":\"Person\",\"@id\":\"https:\/\/www.sonoraenequipo.com.mx\/#\/schema\/person\/50102df0fb23a8fa9e8effad8fa81386\",\"name\":\"enequipo\",\"image\":{\"@type\":\"ImageObject\",\"inLanguage\":\"es\",\"@id\":\"https:\/\/www.sonoraenequipo.com.mx\/#\/schema\/person\/image\/\",\"url\":\"https:\/\/secure.gravatar.com\/avatar\/049821681b589dabc0bc20695993ccebb09f5b5d4d790cd9251b97faac7c652b?s=96&d=blank&r=g\",\"contentUrl\":\"https:\/\/secure.gravatar.com\/avatar\/049821681b589dabc0bc20695993ccebb09f5b5d4d790cd9251b97faac7c652b?s=96&d=blank&r=g\",\"caption\":\"enequipo\"},\"sameAs\":[\"https:\/\/www.facebook.com\/SonoraEE\"]}]}<\/script>\n ","yoast_head_json":{"title":"Sonora en Equipo. Beneficiar\u00e1n recursos federales a 600 mil hermosillenses de forma directa con rehabilitaci\u00f3n de calles Municipios","description":"&gt;&gt;El titular de CIDUE inform\u00f3 que inici\u00f3 la licitaci\u00f3n para ejercer 175.5 mdp de pesos del convenio entre SEDATU y el Municipio para construir o En Sonora en Equipo publicamos toda la informaci\u00f3n de Sonora, M\u00e9xico y el Mundo de manera oportuna y busca que la libertad de expresi\u00f3n sea real. Visita nuestro medio informativo publicado desde Hermosillo, Sonora. %","robots":{"index":"index","follow":"follow","max-snippet":"max-snippet:-1","max-image-preview":"max-image-preview:large","max-video-preview":"max-video-preview:-1"},"canonical":"https:\/\/www.sonoraenequipo.com.mx\/beneficiaran-recursos-federales-a-600-mil-hermosillenses-de-forma-directa-con-rehabilitacion-de-calles\/","og_locale":"es_ES","og_type":"article","og_title":"Sonora en Equipo. Beneficiar\u00e1n recursos federales a 600 mil hermosillenses de forma directa con rehabilitaci\u00f3n de calles Municipios","og_description":"&gt;&gt;El titular de CIDUE inform\u00f3 que inici\u00f3 la licitaci\u00f3n para ejercer 175.5 mdp de pesos del convenio entre SEDATU y el Municipio para construir o En Sonora en Equipo publicamos toda la informaci\u00f3n de Sonora, M\u00e9xico y el Mundo de manera oportuna y busca que la libertad de expresi\u00f3n sea real. Visita nuestro medio informativo publicado desde Hermosillo, Sonora. %","og_url":"https:\/\/www.sonoraenequipo.com.mx\/beneficiaran-recursos-federales-a-600-mil-hermosillenses-de-forma-directa-con-rehabilitacion-de-calles\/","og_site_name":"Sonora en Equipo.","article_publisher":"https:\/\/www.facebook.com\/SonoraEE\/","article_author":"https:\/\/www.facebook.com\/SonoraEE","article_published_time":"2020-10-08T22:42:27+00:00","article_modified_time":"2020-10-09T13:51:08+00:00","og_image":[{"width":600,"height":400,"url":"https:\/\/www.sonoraenequipo.com.mx\/storage\/2020\/10\/vialidadese.jpg","type":"image\/jpeg"}],"author":"enequipo","twitter_card":"summary_large_image","twitter_creator":"@sonoraenequipo","twitter_site":"@sonoraenequipo","twitter_misc":{"Escrito por":"enequipo","Tiempo de lectura":"2 minutos"},"schema":{"@context":"https:\/\/schema.org","@graph":[{"@type":"Article","@id":"https:\/\/www.sonoraenequipo.com.mx\/beneficiaran-recursos-federales-a-600-mil-hermosillenses-de-forma-directa-con-rehabilitacion-de-calles\/#article","isPartOf":{"@id":"https:\/\/www.sonoraenequipo.com.mx\/beneficiaran-recursos-federales-a-600-mil-hermosillenses-de-forma-directa-con-rehabilitacion-de-calles\/"},"author":{"name":"enequipo","@id":"https:\/\/www.sonoraenequipo.com.mx\/#\/schema\/person\/50102df0fb23a8fa9e8effad8fa81386"},"headline":"Beneficiar\u00e1n recursos federales a 600 mil hermosillenses de forma directa con rehabilitaci\u00f3n de calles","datePublished":"2020-10-08T22:42:27+00:00","dateModified":"2020-10-09T13:51:08+00:00","mainEntityOfPage":{"@id":"https:\/\/www.sonoraenequipo.com.mx\/beneficiaran-recursos-federales-a-600-mil-hermosillenses-de-forma-directa-con-rehabilitacion-de-calles\/"},"wordCount":355,"commentCount":0,"publisher":{"@id":"https:\/\/www.sonoraenequipo.com.mx\/#organization"},"image":{"@id":"https:\/\/www.sonoraenequipo.com.mx\/beneficiaran-recursos-federales-a-600-mil-hermosillenses-de-forma-directa-con-rehabilitacion-de-calles\/#primaryimage"},"thumbnailUrl":"https:\/\/www.sonoraenequipo.com.mx\/storage\/2020\/10\/vialidadese.jpg","articleSection":["Municipios"],"inLanguage":"es","potentialAction":[{"@type":"CommentAction","name":"Comment","target":["https:\/\/www.sonoraenequipo.com.mx\/beneficiaran-recursos-federales-a-600-mil-hermosillenses-de-forma-directa-con-rehabilitacion-de-calles\/#respond"]}]},{"@type":"WebPage","@id":"https:\/\/www.sonoraenequipo.com.mx\/beneficiaran-recursos-federales-a-600-mil-hermosillenses-de-forma-directa-con-rehabilitacion-de-calles\/","url":"https:\/\/www.sonoraenequipo.com.mx\/beneficiaran-recursos-federales-a-600-mil-hermosillenses-de-forma-directa-con-rehabilitacion-de-calles\/","name":"Sonora en Equipo. Beneficiar\u00e1n recursos federales a 600 mil hermosillenses de forma directa con rehabilitaci\u00f3n de calles Municipios","isPartOf":{"@id":"https:\/\/www.sonoraenequipo.com.mx\/#website"},"primaryImageOfPage":{"@id":"https:\/\/www.sonoraenequipo.com.mx\/beneficiaran-recursos-federales-a-600-mil-hermosillenses-de-forma-directa-con-rehabilitacion-de-calles\/#primaryimage"},"image":{"@id":"https:\/\/www.sonoraenequipo.com.mx\/beneficiaran-recursos-federales-a-600-mil-hermosillenses-de-forma-directa-con-rehabilitacion-de-calles\/#primaryimage"},"thumbnailUrl":"https:\/\/www.sonoraenequipo.com.mx\/storage\/2020\/10\/vialidadese.jpg","datePublished":"2020-10-08T22:42:27+00:00","dateModified":"2020-10-09T13:51:08+00:00","description":"&gt;&gt;El titular de CIDUE inform\u00f3 que inici\u00f3 la licitaci\u00f3n para ejercer 175.5 mdp de pesos del convenio entre SEDATU y el Municipio para construir o En Sonora en Equipo publicamos toda la informaci\u00f3n de Sonora, M\u00e9xico y el Mundo de manera oportuna y busca que la libertad de expresi\u00f3n sea real. Visita nuestro medio informativo publicado desde Hermosillo, Sonora. %","breadcrumb":{"@id":"https:\/\/www.sonoraenequipo.com.mx\/beneficiaran-recursos-federales-a-600-mil-hermosillenses-de-forma-directa-con-rehabilitacion-de-calles\/#breadcrumb"},"inLanguage":"es","potentialAction":[{"@type":"ReadAction","target":["https:\/\/www.sonoraenequipo.com.mx\/beneficiaran-recursos-federales-a-600-mil-hermosillenses-de-forma-directa-con-rehabilitacion-de-calles\/"]}]},{"@type":"ImageObject","inLanguage":"es","@id":"https:\/\/www.sonoraenequipo.com.mx\/beneficiaran-recursos-federales-a-600-mil-hermosillenses-de-forma-directa-con-rehabilitacion-de-calles\/#primaryimage","url":"https:\/\/www.sonoraenequipo.com.mx\/storage\/2020\/10\/vialidadese.jpg","contentUrl":"https:\/\/www.sonoraenequipo.com.mx\/storage\/2020\/10\/vialidadese.jpg","width":600,"height":400},{"@type":"BreadcrumbList","@id":"https:\/\/www.sonoraenequipo.com.mx\/beneficiaran-recursos-federales-a-600-mil-hermosillenses-de-forma-directa-con-rehabilitacion-de-calles\/#breadcrumb","itemListElement":[{"@type":"ListItem","position":1,"name":"Portada","item":"https:\/\/www.sonoraenequipo.com.mx\/"},{"@type":"ListItem","position":2,"name":"Beneficiar\u00e1n recursos federales a 600 mil hermosillenses de forma directa con rehabilitaci\u00f3n de calles"}]},{"@type":"WebSite","@id":"https:\/\/www.sonoraenequipo.com.mx\/#website","url":"https:\/\/www.sonoraenequipo.com.mx\/","name":"Sonora en Equipo.","description":"Diario en l\u00ednea con Noticias desde Hermosillo, Sonora","publisher":{"@id":"https:\/\/www.sonoraenequipo.com.mx\/#organization"},"potentialAction":[{"@type":"SearchAction","target":{"@type":"EntryPoint","urlTemplate":"https:\/\/www.sonoraenequipo.com.mx\/?s={search_term_string}"},"query-input":{"@type":"PropertyValueSpecification","valueRequired":true,"valueName":"search_term_string"}}],"inLanguage":"es"},{"@type":"Organization","@id":"https:\/\/www.sonoraenequipo.com.mx\/#organization","name":"Sonoraenequipo.com.mx","url":"https:\/\/www.sonoraenequipo.com.mx\/","logo":{"@type":"ImageObject","inLanguage":"es","@id":"https:\/\/www.sonoraenequipo.com.mx\/#\/schema\/logo\/image\/","url":"https:\/\/www.sonoraenequipo.com.mx\/storage\/2019\/01\/sonoraenequipo_opt.png","contentUrl":"https:\/\/www.sonoraenequipo.com.mx\/storage\/2019\/01\/sonoraenequipo_opt.png","width":375,"height":125,"caption":"Sonoraenequipo.com.mx"},"image":{"@id":"https:\/\/www.sonoraenequipo.com.mx\/#\/schema\/logo\/image\/"},"sameAs":["https:\/\/www.facebook.com\/SonoraEE\/","https:\/\/x.com\/sonoraenequipo","https:\/\/www.youtube.com\/channel\/UC338nW-lPEYmJQs4ZABQ1SQ"]},{"@type":"Person","@id":"https:\/\/www.sonoraenequipo.com.mx\/#\/schema\/person\/50102df0fb23a8fa9e8effad8fa81386","name":"enequipo","image":{"@type":"ImageObject","inLanguage":"es","@id":"https:\/\/www.sonoraenequipo.com.mx\/#\/schema\/person\/image\/","url":"https:\/\/secure.gravatar.com\/avatar\/049821681b589dabc0bc20695993ccebb09f5b5d4d790cd9251b97faac7c652b?s=96&d=blank&r=g","contentUrl":"https:\/\/secure.gravatar.com\/avatar\/049821681b589dabc0bc20695993ccebb09f5b5d4d790cd9251b97faac7c652b?s=96&d=blank&r=g","caption":"enequipo"},"sameAs":["https:\/\/www.facebook.com\/SonoraEE"]}]}},"jetpack_featured_media_url":"https:\/\/www.sonoraenequipo.com.mx\/storage\/2020\/10\/vialidadese.jpg","_links":{"self":[{"href":"https:\/\/www.sonoraenequipo.com.mx\/api\/wp\/v2\/posts\/97236","targetHints":{"allow":["GET"]}}],"collection":[{"href":"https:\/\/www.sonoraenequipo.com.mx\/api\/wp\/v2\/posts"}],"about":[{"href":"https:\/\/www.sonoraenequipo.com.mx\/api\/wp\/v2\/types\/post"}],"author":[{"embeddable":true,"href":"https:\/\/www.sonoraenequipo.com.mx\/api\/wp\/v2\/users\/1"}],"replies":[{"embeddable":true,"href":"https:\/\/www.sonoraenequipo.com.mx\/api\/wp\/v2\/comments?post=97236"}],"version-history":[{"count":1,"href":"https:\/\/www.sonoraenequipo.com.mx\/api\/wp\/v2\/posts\/97236\/revisions"}],"predecessor-version":[{"id":97241,"href":"https:\/\/www.sonoraenequipo.com.mx\/api\/wp\/v2\/posts\/97236\/revisions\/97241"}],"wp:featuredmedia":[{"embeddable":true,"href":"https:\/\/www.sonoraenequipo.com.mx\/api\/wp\/v2\/media\/97240"}],"wp:attachment":[{"href":"https:\/\/www.sonoraenequipo.com.mx\/api\/wp\/v2\/media?parent=97236"}],"wp:term":[{"taxonomy":"category","embeddable":true,"href":"https:\/\/www.sonoraenequipo.com.mx\/api\/wp\/v2\/categories?post=97236"},{"taxonomy":"post_tag","embeddable":true,"href":"https:\/\/www.sonoraenequipo.com.mx\/api\/wp\/v2\/tags?post=97236"}],"curies":[{"name":"wp","href":"https:\/\/api.w.org\/{rel}","templated":true}]}}