{"id":97251,"date":"2020-10-08T17:06:31","date_gmt":"2020-10-09T00:06:31","guid":{"rendered":"https:\/\/www.sonoraenequipo.com.mx\/?p=97251"},"modified":"2020-10-08T21:45:34","modified_gmt":"2020-10-09T04:45:34","slug":"no-hay-que-adelantar-nada-dice-amlo-sobre-genaro-garcia-luna","status":"publish","type":"post","link":"https:\/\/www.sonoraenequipo.com.mx\/no-hay-que-adelantar-nada-dice-amlo-sobre-genaro-garcia-luna\/","title":{"rendered":"\u00abNo hay que adelantar nada\u00bb, dice AMLO sobre Genaro Garc\u00eda Luna"},"content":{"rendered":"<p>CIUDAD DE M\u00c9XICO. MX. \u2014 Luego de que el exsecretario de Seguridad, Genaro Garc\u00eda Luna, se declar\u00f3 \u00abinocente\u00bb ante un juez de Estados Unidos, el presidente Andr\u00e9s Manuel L\u00f3pez Obrador (AMLO) pidi\u00f3 no adelantar juicios y esperar a que se lleve a cabo todo el proceso.<\/p>\n<p>&nbsp;<\/p>\n<p> <\/p>\n<p>&nbsp;<\/p>\n<p><em>\u00abVamos a esperarnos, no hay que adelantar nada, es un asunto muy importante, desgraciadamente nunca se hab\u00eda juzgada as\u00ed a una autoridad mexicana de ese nivel, muy influyente y cercano al presidente Calder\u00f3n, no se puede decir que si era cercano, el presidente es c\u00f3mplice, eso tiene que probarse, tiene que haber elementos para demostrarse\u00bb<\/em>, se\u00f1al\u00f3 AMLO.<\/p>\n<p>&nbsp;<\/p>\n<p>&nbsp;<\/p>\n<p>L\u00f3pez Obrador pidi\u00f3 esperar y no hacer conjeturas; \u00ab<em>hay que esperar a que se lleve a cabo todo el proceso, hay mucha informaci\u00f3n, adem\u00e1s est\u00e1n saliendo hasta libros sobre el tema\u00bb.<\/em><\/p>\n<p>&nbsp;<\/p>\n<p>&nbsp;<\/p>\n<p>En su conferencia de prensa, en Palacio Nacional, el titular del Ejecutivo confi\u00f3 en que la informaci\u00f3n aportada por la Fiscal\u00eda General de la Rep\u00fablica (FGR) sirva para este caso.<\/p>\n<p>&nbsp;<\/p>\n<p>Record\u00f3 que la FGR mantiene comunicaci\u00f3n con las autoridades de Estados Unidos para este caso.<\/p>\n<p>&nbsp;<\/p>\n<p>Sobre la decisi\u00f3n del juez Brian Mark Cogan de suspender temporalmente la audiencia por el ruido que hac\u00eda <em>\u00abla prensa mexicana\u00bb,<\/em> AMLO se\u00f1al\u00f3 que solo queda como cuesti\u00f3n anecd\u00f3tica, ya que el fondo son las acusaciones y pruebas contra Garc\u00eda Luna.<\/p>\n<p>&nbsp;<\/p>\n<p><em>\u00abUn expediente de miles de cuartillas, audios, donde lo responsabilizan de varios delitos y \u00e9l se declara inocente, de acuerdo al procedimiento que se sigue habr\u00e1 otra audiencia en diciembre, y luego si se contin\u00faa el juicio y sigue sosteniendo que es inocente viene un fallo, que puede tardar meses y se le podr\u00eda declarar culpable, pero eso depender\u00e1 de los elementos de prueba y lo que decidan los jueces\u00bb<\/em>, dijo.<\/p>\n<p>&nbsp;<\/p>\n<p>(PUBLICADO EL 08\/10\/2020)<\/p>\n","protected":false},"excerpt":{"rendered":"<p>CIUDAD DE M\u00c9XICO. MX. \u2014 Luego de que el exsecretario de Seguridad, Genaro Garc\u00eda Luna,&#8230;<\/p>\n","protected":false},"author":1,"featured_media":97252,"comment_status":"open","ping_status":"open","sticky":false,"template":"","format":"standard","meta":{"_monsterinsights_skip_tracking":false,"_monsterinsights_sitenote_active":false,"_monsterinsights_sitenote_note":"","_monsterinsights_sitenote_category":0,"footnotes":""},"categories":[5],"tags":[],"class_list":["post"],"yoast_head":" \n<title>Sonora en Equipo. &quot;No hay que adelantar nada&quot;, dice AMLO sobre Genaro Garc\u00eda Luna Rep\u00fablica<\/title>\n<meta name=\"description\" content=\"CIUDAD DE M\u00c9XICO. MX. \u2014 Luego de que el exsecretario de Seguridad, Genaro Garc\u00eda Luna, se declar\u00f3 &quot;inocente&quot; ante un juez de Estados Unidos, el presidente En Sonora en Equipo publicamos toda la informaci\u00f3n de Sonora, M\u00e9xico y el Mundo de manera oportuna y busca que la libertad de expresi\u00f3n sea real. Visita nuestro medio informativo publicado desde Hermosillo, Sonora. %\" \/>\n<meta name=\"robots\" content=\"index, follow, max-snippet:-1, max-image-preview:large, max-video-preview:-1\" \/>\n<link rel=\"canonical\" href=\"https:\/\/www.sonoraenequipo.com.mx\/no-hay-que-adelantar-nada-dice-amlo-sobre-genaro-garcia-luna\/\" \/>\n<meta property=\"og:locale\" content=\"es_ES\" \/>\n<meta property=\"og:type\" content=\"article\" \/>\n<meta property=\"og:title\" content=\"Sonora en Equipo. &quot;No hay que adelantar nada&quot;, dice AMLO sobre Genaro Garc\u00eda Luna Rep\u00fablica\" \/>\n<meta property=\"og:description\" content=\"CIUDAD DE M\u00c9XICO. MX. \u2014 Luego de que el exsecretario de Seguridad, Genaro Garc\u00eda Luna, se declar\u00f3 &quot;inocente&quot; ante un juez de Estados Unidos, el presidente En Sonora en Equipo publicamos toda la informaci\u00f3n de Sonora, M\u00e9xico y el Mundo de manera oportuna y busca que la libertad de expresi\u00f3n sea real. Visita nuestro medio informativo publicado desde Hermosillo, Sonora. %\" \/>\n<meta property=\"og:url\" content=\"https:\/\/www.sonoraenequipo.com.mx\/no-hay-que-adelantar-nada-dice-amlo-sobre-genaro-garcia-luna\/\" \/>\n<meta property=\"og:site_name\" content=\"Sonora en Equipo.\" \/>\n<meta property=\"article:publisher\" content=\"https:\/\/www.facebook.com\/SonoraEE\/\" \/>\n<meta property=\"article:author\" content=\"https:\/\/www.facebook.com\/SonoraEE\" \/>\n<meta property=\"article:published_time\" content=\"2020-10-09T00:06:31+00:00\" \/>\n<meta property=\"article:modified_time\" content=\"2020-10-09T04:45:34+00:00\" \/>\n<meta property=\"og:image\" content=\"https:\/\/www.sonoraenequipo.com.mx\/storage\/2020\/10\/genaro-garc\u00eda-luna_opt.jpg\" \/>\n\t<meta property=\"og:image:width\" content=\"615\" \/>\n\t<meta property=\"og:image:height\" content=\"400\" \/>\n\t<meta property=\"og:image:type\" content=\"image\/jpeg\" \/>\n<meta name=\"author\" content=\"enequipo\" \/>\n<meta name=\"twitter:card\" content=\"summary_large_image\" \/>\n<meta name=\"twitter:creator\" content=\"@sonoraenequipo\" \/>\n<meta name=\"twitter:site\" content=\"@sonoraenequipo\" \/>\n<meta name=\"twitter:label1\" content=\"Escrito por\" \/>\n\t<meta name=\"twitter:data1\" content=\"enequipo\" \/>\n\t<meta name=\"twitter:label2\" content=\"Tiempo de lectura\" \/>\n\t<meta name=\"twitter:data2\" content=\"2 minutos\" \/>\n<script type=\"application\/ld+json\" class=\"yoast-schema-graph\">{\"@context\":\"https:\/\/schema.org\",\"@graph\":[{\"@type\":\"Article\",\"@id\":\"https:\/\/www.sonoraenequipo.com.mx\/no-hay-que-adelantar-nada-dice-amlo-sobre-genaro-garcia-luna\/#article\",\"isPartOf\":{\"@id\":\"https:\/\/www.sonoraenequipo.com.mx\/no-hay-que-adelantar-nada-dice-amlo-sobre-genaro-garcia-luna\/\"},\"author\":{\"name\":\"enequipo\",\"@id\":\"https:\/\/www.sonoraenequipo.com.mx\/#\/schema\/person\/50102df0fb23a8fa9e8effad8fa81386\"},\"headline\":\"\u00abNo hay que adelantar nada\u00bb, dice AMLO sobre Genaro Garc\u00eda Luna\",\"datePublished\":\"2020-10-09T00:06:31+00:00\",\"dateModified\":\"2020-10-09T04:45:34+00:00\",\"mainEntityOfPage\":{\"@id\":\"https:\/\/www.sonoraenequipo.com.mx\/no-hay-que-adelantar-nada-dice-amlo-sobre-genaro-garcia-luna\/\"},\"wordCount\":338,\"commentCount\":0,\"publisher\":{\"@id\":\"https:\/\/www.sonoraenequipo.com.mx\/#organization\"},\"image\":{\"@id\":\"https:\/\/www.sonoraenequipo.com.mx\/no-hay-que-adelantar-nada-dice-amlo-sobre-genaro-garcia-luna\/#primaryimage\"},\"thumbnailUrl\":\"https:\/\/www.sonoraenequipo.com.mx\/storage\/2020\/10\/genaro-garc\u00eda-luna_opt.jpg\",\"articleSection\":[\"Rep\u00fablica\"],\"inLanguage\":\"es\",\"potentialAction\":[{\"@type\":\"CommentAction\",\"name\":\"Comment\",\"target\":[\"https:\/\/www.sonoraenequipo.com.mx\/no-hay-que-adelantar-nada-dice-amlo-sobre-genaro-garcia-luna\/#respond\"]}]},{\"@type\":\"WebPage\",\"@id\":\"https:\/\/www.sonoraenequipo.com.mx\/no-hay-que-adelantar-nada-dice-amlo-sobre-genaro-garcia-luna\/\",\"url\":\"https:\/\/www.sonoraenequipo.com.mx\/no-hay-que-adelantar-nada-dice-amlo-sobre-genaro-garcia-luna\/\",\"name\":\"Sonora en Equipo. \\\"No hay que adelantar nada\\\", dice AMLO sobre Genaro Garc\u00eda Luna Rep\u00fablica\",\"isPartOf\":{\"@id\":\"https:\/\/www.sonoraenequipo.com.mx\/#website\"},\"primaryImageOfPage\":{\"@id\":\"https:\/\/www.sonoraenequipo.com.mx\/no-hay-que-adelantar-nada-dice-amlo-sobre-genaro-garcia-luna\/#primaryimage\"},\"image\":{\"@id\":\"https:\/\/www.sonoraenequipo.com.mx\/no-hay-que-adelantar-nada-dice-amlo-sobre-genaro-garcia-luna\/#primaryimage\"},\"thumbnailUrl\":\"https:\/\/www.sonoraenequipo.com.mx\/storage\/2020\/10\/genaro-garc\u00eda-luna_opt.jpg\",\"datePublished\":\"2020-10-09T00:06:31+00:00\",\"dateModified\":\"2020-10-09T04:45:34+00:00\",\"description\":\"CIUDAD DE M\u00c9XICO. MX. \u2014 Luego de que el exsecretario de Seguridad, Genaro Garc\u00eda Luna, se declar\u00f3 \\\"inocente\\\" ante un juez de Estados Unidos, el presidente En Sonora en Equipo publicamos toda la informaci\u00f3n de Sonora, M\u00e9xico y el Mundo de manera oportuna y busca que la libertad de expresi\u00f3n sea real. Visita nuestro medio informativo publicado desde Hermosillo, Sonora. %\",\"breadcrumb\":{\"@id\":\"https:\/\/www.sonoraenequipo.com.mx\/no-hay-que-adelantar-nada-dice-amlo-sobre-genaro-garcia-luna\/#breadcrumb\"},\"inLanguage\":\"es\",\"potentialAction\":[{\"@type\":\"ReadAction\",\"target\":[\"https:\/\/www.sonoraenequipo.com.mx\/no-hay-que-adelantar-nada-dice-amlo-sobre-genaro-garcia-luna\/\"]}]},{\"@type\":\"ImageObject\",\"inLanguage\":\"es\",\"@id\":\"https:\/\/www.sonoraenequipo.com.mx\/no-hay-que-adelantar-nada-dice-amlo-sobre-genaro-garcia-luna\/#primaryimage\",\"url\":\"https:\/\/www.sonoraenequipo.com.mx\/storage\/2020\/10\/genaro-garc\u00eda-luna_opt.jpg\",\"contentUrl\":\"https:\/\/www.sonoraenequipo.com.mx\/storage\/2020\/10\/genaro-garc\u00eda-luna_opt.jpg\",\"width\":615,\"height\":400},{\"@type\":\"BreadcrumbList\",\"@id\":\"https:\/\/www.sonoraenequipo.com.mx\/no-hay-que-adelantar-nada-dice-amlo-sobre-genaro-garcia-luna\/#breadcrumb\",\"itemListElement\":[{\"@type\":\"ListItem\",\"position\":1,\"name\":\"Portada\",\"item\":\"https:\/\/www.sonoraenequipo.com.mx\/\"},{\"@type\":\"ListItem\",\"position\":2,\"name\":\"\u00abNo hay que adelantar nada\u00bb, dice AMLO sobre Genaro Garc\u00eda Luna\"}]},{\"@type\":\"WebSite\",\"@id\":\"https:\/\/www.sonoraenequipo.com.mx\/#website\",\"url\":\"https:\/\/www.sonoraenequipo.com.mx\/\",\"name\":\"Sonora en Equipo.\",\"description\":\"Diario en l\u00ednea con Noticias desde Hermosillo, Sonora\",\"publisher\":{\"@id\":\"https:\/\/www.sonoraenequipo.com.mx\/#organization\"},\"potentialAction\":[{\"@type\":\"SearchAction\",\"target\":{\"@type\":\"EntryPoint\",\"urlTemplate\":\"https:\/\/www.sonoraenequipo.com.mx\/?s={search_term_string}\"},\"query-input\":{\"@type\":\"PropertyValueSpecification\",\"valueRequired\":true,\"valueName\":\"search_term_string\"}}],\"inLanguage\":\"es\"},{\"@type\":\"Organization\",\"@id\":\"https:\/\/www.sonoraenequipo.com.mx\/#organization\",\"name\":\"Sonoraenequipo.com.mx\",\"url\":\"https:\/\/www.sonoraenequipo.com.mx\/\",\"logo\":{\"@type\":\"ImageObject\",\"inLanguage\":\"es\",\"@id\":\"https:\/\/www.sonoraenequipo.com.mx\/#\/schema\/logo\/image\/\",\"url\":\"https:\/\/www.sonoraenequipo.com.mx\/storage\/2019\/01\/sonoraenequipo_opt.png\",\"contentUrl\":\"https:\/\/www.sonoraenequipo.com.mx\/storage\/2019\/01\/sonoraenequipo_opt.png\",\"width\":375,\"height\":125,\"caption\":\"Sonoraenequipo.com.mx\"},\"image\":{\"@id\":\"https:\/\/www.sonoraenequipo.com.mx\/#\/schema\/logo\/image\/\"},\"sameAs\":[\"https:\/\/www.facebook.com\/SonoraEE\/\",\"https:\/\/x.com\/sonoraenequipo\",\"https:\/\/www.youtube.com\/channel\/UC338nW-lPEYmJQs4ZABQ1SQ\"]},{\"@type\":\"Person\",\"@id\":\"https:\/\/www.sonoraenequipo.com.mx\/#\/schema\/person\/50102df0fb23a8fa9e8effad8fa81386\",\"name\":\"enequipo\",\"image\":{\"@type\":\"ImageObject\",\"inLanguage\":\"es\",\"@id\":\"https:\/\/www.sonoraenequipo.com.mx\/#\/schema\/person\/image\/\",\"url\":\"https:\/\/secure.gravatar.com\/avatar\/049821681b589dabc0bc20695993ccebb09f5b5d4d790cd9251b97faac7c652b?s=96&d=blank&r=g\",\"contentUrl\":\"https:\/\/secure.gravatar.com\/avatar\/049821681b589dabc0bc20695993ccebb09f5b5d4d790cd9251b97faac7c652b?s=96&d=blank&r=g\",\"caption\":\"enequipo\"},\"sameAs\":[\"https:\/\/www.facebook.com\/SonoraEE\"]}]}<\/script>\n ","yoast_head_json":{"title":"Sonora en Equipo. \"No hay que adelantar nada\", dice AMLO sobre Genaro Garc\u00eda Luna Rep\u00fablica","description":"CIUDAD DE M\u00c9XICO. MX. \u2014 Luego de que el exsecretario de Seguridad, Genaro Garc\u00eda Luna, se declar\u00f3 \"inocente\" ante un juez de Estados Unidos, el presidente En Sonora en Equipo publicamos toda la informaci\u00f3n de Sonora, M\u00e9xico y el Mundo de manera oportuna y busca que la libertad de expresi\u00f3n sea real. Visita nuestro medio informativo publicado desde Hermosillo, Sonora. %","robots":{"index":"index","follow":"follow","max-snippet":"max-snippet:-1","max-image-preview":"max-image-preview:large","max-video-preview":"max-video-preview:-1"},"canonical":"https:\/\/www.sonoraenequipo.com.mx\/no-hay-que-adelantar-nada-dice-amlo-sobre-genaro-garcia-luna\/","og_locale":"es_ES","og_type":"article","og_title":"Sonora en Equipo. \"No hay que adelantar nada\", dice AMLO sobre Genaro Garc\u00eda Luna Rep\u00fablica","og_description":"CIUDAD DE M\u00c9XICO. MX. \u2014 Luego de que el exsecretario de Seguridad, Genaro Garc\u00eda Luna, se declar\u00f3 \"inocente\" ante un juez de Estados Unidos, el presidente En Sonora en Equipo publicamos toda la informaci\u00f3n de Sonora, M\u00e9xico y el Mundo de manera oportuna y busca que la libertad de expresi\u00f3n sea real. Visita nuestro medio informativo publicado desde Hermosillo, Sonora. %","og_url":"https:\/\/www.sonoraenequipo.com.mx\/no-hay-que-adelantar-nada-dice-amlo-sobre-genaro-garcia-luna\/","og_site_name":"Sonora en Equipo.","article_publisher":"https:\/\/www.facebook.com\/SonoraEE\/","article_author":"https:\/\/www.facebook.com\/SonoraEE","article_published_time":"2020-10-09T00:06:31+00:00","article_modified_time":"2020-10-09T04:45:34+00:00","og_image":[{"width":615,"height":400,"url":"https:\/\/www.sonoraenequipo.com.mx\/storage\/2020\/10\/genaro-garc\u00eda-luna_opt.jpg","type":"image\/jpeg"}],"author":"enequipo","twitter_card":"summary_large_image","twitter_creator":"@sonoraenequipo","twitter_site":"@sonoraenequipo","twitter_misc":{"Escrito por":"enequipo","Tiempo de lectura":"2 minutos"},"schema":{"@context":"https:\/\/schema.org","@graph":[{"@type":"Article","@id":"https:\/\/www.sonoraenequipo.com.mx\/no-hay-que-adelantar-nada-dice-amlo-sobre-genaro-garcia-luna\/#article","isPartOf":{"@id":"https:\/\/www.sonoraenequipo.com.mx\/no-hay-que-adelantar-nada-dice-amlo-sobre-genaro-garcia-luna\/"},"author":{"name":"enequipo","@id":"https:\/\/www.sonoraenequipo.com.mx\/#\/schema\/person\/50102df0fb23a8fa9e8effad8fa81386"},"headline":"\u00abNo hay que adelantar nada\u00bb, dice AMLO sobre Genaro Garc\u00eda Luna","datePublished":"2020-10-09T00:06:31+00:00","dateModified":"2020-10-09T04:45:34+00:00","mainEntityOfPage":{"@id":"https:\/\/www.sonoraenequipo.com.mx\/no-hay-que-adelantar-nada-dice-amlo-sobre-genaro-garcia-luna\/"},"wordCount":338,"commentCount":0,"publisher":{"@id":"https:\/\/www.sonoraenequipo.com.mx\/#organization"},"image":{"@id":"https:\/\/www.sonoraenequipo.com.mx\/no-hay-que-adelantar-nada-dice-amlo-sobre-genaro-garcia-luna\/#primaryimage"},"thumbnailUrl":"https:\/\/www.sonoraenequipo.com.mx\/storage\/2020\/10\/genaro-garc\u00eda-luna_opt.jpg","articleSection":["Rep\u00fablica"],"inLanguage":"es","potentialAction":[{"@type":"CommentAction","name":"Comment","target":["https:\/\/www.sonoraenequipo.com.mx\/no-hay-que-adelantar-nada-dice-amlo-sobre-genaro-garcia-luna\/#respond"]}]},{"@type":"WebPage","@id":"https:\/\/www.sonoraenequipo.com.mx\/no-hay-que-adelantar-nada-dice-amlo-sobre-genaro-garcia-luna\/","url":"https:\/\/www.sonoraenequipo.com.mx\/no-hay-que-adelantar-nada-dice-amlo-sobre-genaro-garcia-luna\/","name":"Sonora en Equipo. \"No hay que adelantar nada\", dice AMLO sobre Genaro Garc\u00eda Luna Rep\u00fablica","isPartOf":{"@id":"https:\/\/www.sonoraenequipo.com.mx\/#website"},"primaryImageOfPage":{"@id":"https:\/\/www.sonoraenequipo.com.mx\/no-hay-que-adelantar-nada-dice-amlo-sobre-genaro-garcia-luna\/#primaryimage"},"image":{"@id":"https:\/\/www.sonoraenequipo.com.mx\/no-hay-que-adelantar-nada-dice-amlo-sobre-genaro-garcia-luna\/#primaryimage"},"thumbnailUrl":"https:\/\/www.sonoraenequipo.com.mx\/storage\/2020\/10\/genaro-garc\u00eda-luna_opt.jpg","datePublished":"2020-10-09T00:06:31+00:00","dateModified":"2020-10-09T04:45:34+00:00","description":"CIUDAD DE M\u00c9XICO. MX. \u2014 Luego de que el exsecretario de Seguridad, Genaro Garc\u00eda Luna, se declar\u00f3 \"inocente\" ante un juez de Estados Unidos, el presidente En Sonora en Equipo publicamos toda la informaci\u00f3n de Sonora, M\u00e9xico y el Mundo de manera oportuna y busca que la libertad de expresi\u00f3n sea real. Visita nuestro medio informativo publicado desde Hermosillo, Sonora. %","breadcrumb":{"@id":"https:\/\/www.sonoraenequipo.com.mx\/no-hay-que-adelantar-nada-dice-amlo-sobre-genaro-garcia-luna\/#breadcrumb"},"inLanguage":"es","potentialAction":[{"@type":"ReadAction","target":["https:\/\/www.sonoraenequipo.com.mx\/no-hay-que-adelantar-nada-dice-amlo-sobre-genaro-garcia-luna\/"]}]},{"@type":"ImageObject","inLanguage":"es","@id":"https:\/\/www.sonoraenequipo.com.mx\/no-hay-que-adelantar-nada-dice-amlo-sobre-genaro-garcia-luna\/#primaryimage","url":"https:\/\/www.sonoraenequipo.com.mx\/storage\/2020\/10\/genaro-garc\u00eda-luna_opt.jpg","contentUrl":"https:\/\/www.sonoraenequipo.com.mx\/storage\/2020\/10\/genaro-garc\u00eda-luna_opt.jpg","width":615,"height":400},{"@type":"BreadcrumbList","@id":"https:\/\/www.sonoraenequipo.com.mx\/no-hay-que-adelantar-nada-dice-amlo-sobre-genaro-garcia-luna\/#breadcrumb","itemListElement":[{"@type":"ListItem","position":1,"name":"Portada","item":"https:\/\/www.sonoraenequipo.com.mx\/"},{"@type":"ListItem","position":2,"name":"\u00abNo hay que adelantar nada\u00bb, dice AMLO sobre Genaro Garc\u00eda Luna"}]},{"@type":"WebSite","@id":"https:\/\/www.sonoraenequipo.com.mx\/#website","url":"https:\/\/www.sonoraenequipo.com.mx\/","name":"Sonora en Equipo.","description":"Diario en l\u00ednea con Noticias desde Hermosillo, Sonora","publisher":{"@id":"https:\/\/www.sonoraenequipo.com.mx\/#organization"},"potentialAction":[{"@type":"SearchAction","target":{"@type":"EntryPoint","urlTemplate":"https:\/\/www.sonoraenequipo.com.mx\/?s={search_term_string}"},"query-input":{"@type":"PropertyValueSpecification","valueRequired":true,"valueName":"search_term_string"}}],"inLanguage":"es"},{"@type":"Organization","@id":"https:\/\/www.sonoraenequipo.com.mx\/#organization","name":"Sonoraenequipo.com.mx","url":"https:\/\/www.sonoraenequipo.com.mx\/","logo":{"@type":"ImageObject","inLanguage":"es","@id":"https:\/\/www.sonoraenequipo.com.mx\/#\/schema\/logo\/image\/","url":"https:\/\/www.sonoraenequipo.com.mx\/storage\/2019\/01\/sonoraenequipo_opt.png","contentUrl":"https:\/\/www.sonoraenequipo.com.mx\/storage\/2019\/01\/sonoraenequipo_opt.png","width":375,"height":125,"caption":"Sonoraenequipo.com.mx"},"image":{"@id":"https:\/\/www.sonoraenequipo.com.mx\/#\/schema\/logo\/image\/"},"sameAs":["https:\/\/www.facebook.com\/SonoraEE\/","https:\/\/x.com\/sonoraenequipo","https:\/\/www.youtube.com\/channel\/UC338nW-lPEYmJQs4ZABQ1SQ"]},{"@type":"Person","@id":"https:\/\/www.sonoraenequipo.com.mx\/#\/schema\/person\/50102df0fb23a8fa9e8effad8fa81386","name":"enequipo","image":{"@type":"ImageObject","inLanguage":"es","@id":"https:\/\/www.sonoraenequipo.com.mx\/#\/schema\/person\/image\/","url":"https:\/\/secure.gravatar.com\/avatar\/049821681b589dabc0bc20695993ccebb09f5b5d4d790cd9251b97faac7c652b?s=96&d=blank&r=g","contentUrl":"https:\/\/secure.gravatar.com\/avatar\/049821681b589dabc0bc20695993ccebb09f5b5d4d790cd9251b97faac7c652b?s=96&d=blank&r=g","caption":"enequipo"},"sameAs":["https:\/\/www.facebook.com\/SonoraEE"]}]}},"jetpack_featured_media_url":"https:\/\/www.sonoraenequipo.com.mx\/storage\/2020\/10\/genaro-garc\u00eda-luna_opt.jpg","_links":{"self":[{"href":"https:\/\/www.sonoraenequipo.com.mx\/api\/wp\/v2\/posts\/97251","targetHints":{"allow":["GET"]}}],"collection":[{"href":"https:\/\/www.sonoraenequipo.com.mx\/api\/wp\/v2\/posts"}],"about":[{"href":"https:\/\/www.sonoraenequipo.com.mx\/api\/wp\/v2\/types\/post"}],"author":[{"embeddable":true,"href":"https:\/\/www.sonoraenequipo.com.mx\/api\/wp\/v2\/users\/1"}],"replies":[{"embeddable":true,"href":"https:\/\/www.sonoraenequipo.com.mx\/api\/wp\/v2\/comments?post=97251"}],"version-history":[{"count":1,"href":"https:\/\/www.sonoraenequipo.com.mx\/api\/wp\/v2\/posts\/97251\/revisions"}],"predecessor-version":[{"id":97253,"href":"https:\/\/www.sonoraenequipo.com.mx\/api\/wp\/v2\/posts\/97251\/revisions\/97253"}],"wp:featuredmedia":[{"embeddable":true,"href":"https:\/\/www.sonoraenequipo.com.mx\/api\/wp\/v2\/media\/97252"}],"wp:attachment":[{"href":"https:\/\/www.sonoraenequipo.com.mx\/api\/wp\/v2\/media?parent=97251"}],"wp:term":[{"taxonomy":"category","embeddable":true,"href":"https:\/\/www.sonoraenequipo.com.mx\/api\/wp\/v2\/categories?post=97251"},{"taxonomy":"post_tag","embeddable":true,"href":"https:\/\/www.sonoraenequipo.com.mx\/api\/wp\/v2\/tags?post=97251"}],"curies":[{"name":"wp","href":"https:\/\/api.w.org\/{rel}","templated":true}]}}