{"id":989,"date":"2015-11-17T13:33:22","date_gmt":"2015-11-17T13:33:22","guid":{"rendered":"http:\/\/www.sonoraenequipo.com.mx\/?p=989"},"modified":"2015-11-18T13:35:28","modified_gmt":"2015-11-18T13:35:28","slug":"aumentara-turismo-en-sonora-por-pajaros-de-la-nieve","status":"publish","type":"post","link":"https:\/\/www.sonoraenequipo.com.mx\/aumentara-turismo-en-sonora-por-pajaros-de-la-nieve\/","title":{"rendered":"Aumentar\u00e1 turismo en Sonora por \u00abP\u00e1jaros de la nieve\u00bb"},"content":{"rendered":"<p>17112015. HERMOSILLO, SONORA.MX. \u2014 Con el ingreso de las bajas temperaturas, se espera que desde finales de noviembre los llamados \u201cp\u00e1jaros de la nieve\u201d lleguen a las playas de Bah\u00eda de Kino, por el periodo invernal. <\/p>\n<p>Eduardo Lemmen Meyer Gonz\u00e1lez, director de Turismo en Hermosillo, record\u00f3 que durante diciembre y enero los extranjeros llegan a la playa, procedentes de algunas ciudades de Estados Unidos, en busca de un clima menos fr\u00edo y de tranquilidad.<\/p>\n<p>Asegur\u00f3 que se preparan para recibirlos con actividades culturales, que buscan se realicen cada fin de semana, tanto en el \u00e1rea de playa, como en las plazas de la comunidad.<\/p>\n<p>Indic\u00f3 que con esto se fortalecer\u00e1 la econom\u00eda de las familias de Kino, con la organizaci\u00f3n de actividades cada fin de semana, venta de productos artesanales y promoci\u00f3n de la cultura Seri.<\/p>\n<p>\u201cHaremos la mayor cantidad de eventos posibles, porque el hacer eventos genera flujos de visitantes (\u2026) desde luego una de las grandes fortalezas de Bah\u00eda de Kino, son los Seris, quienes dan una idea del turismo, hay gente que viene solamente a conocer a los Seris\u201d, manifest\u00f3.<\/p>\n","protected":false},"excerpt":{"rendered":"<p>17112015. HERMOSILLO, SONORA.MX. \u2014 Con el ingreso de las bajas temperaturas, se espera que desde&#8230;<\/p>\n","protected":false},"author":1,"featured_media":0,"comment_status":"open","ping_status":"open","sticky":false,"template":"","format":"standard","meta":{"_monsterinsights_skip_tracking":false,"_monsterinsights_sitenote_active":false,"_monsterinsights_sitenote_note":"","_monsterinsights_sitenote_category":0,"footnotes":""},"categories":[4,1],"tags":[1006,1005,15,706],"class_list":["post"],"yoast_head":" \n<title>Sonora en Equipo. Aumentar\u00e1 turismo en Sonora por &quot;P\u00e1jaros de la nieve&quot;<\/title>\n<meta name=\"description\" content=\"17112015. HERMOSILLO, SONORA.MX. \u2014 Con el ingreso de las bajas temperaturas, se espera que desde finales de noviembre los llamados \u201cp\u00e1jaros de la nieve\u201d En Sonora en Equipo publicamos toda la informaci\u00f3n de Sonora, M\u00e9xico y el Mundo de manera oportuna y busca que la libertad de expresi\u00f3n sea real. Visita nuestro medio informativo publicado desde Hermosillo, Sonora. %\" \/>\n<meta name=\"robots\" content=\"index, follow, max-snippet:-1, max-image-preview:large, max-video-preview:-1\" \/>\n<link rel=\"canonical\" href=\"https:\/\/www.sonoraenequipo.com.mx\/aumentara-turismo-en-sonora-por-pajaros-de-la-nieve\/\" \/>\n<meta property=\"og:locale\" content=\"es_ES\" \/>\n<meta property=\"og:type\" content=\"article\" \/>\n<meta property=\"og:title\" content=\"Sonora en Equipo. Aumentar\u00e1 turismo en Sonora por &quot;P\u00e1jaros de la nieve&quot;\" \/>\n<meta property=\"og:description\" content=\"17112015. HERMOSILLO, SONORA.MX. \u2014 Con el ingreso de las bajas temperaturas, se espera que desde finales de noviembre los llamados \u201cp\u00e1jaros de la nieve\u201d En Sonora en Equipo publicamos toda la informaci\u00f3n de Sonora, M\u00e9xico y el Mundo de manera oportuna y busca que la libertad de expresi\u00f3n sea real. Visita nuestro medio informativo publicado desde Hermosillo, Sonora. %\" \/>\n<meta property=\"og:url\" content=\"https:\/\/www.sonoraenequipo.com.mx\/aumentara-turismo-en-sonora-por-pajaros-de-la-nieve\/\" \/>\n<meta property=\"og:site_name\" content=\"Sonora en Equipo.\" \/>\n<meta property=\"article:publisher\" content=\"https:\/\/www.facebook.com\/SonoraEE\/\" \/>\n<meta property=\"article:author\" content=\"https:\/\/www.facebook.com\/SonoraEE\" \/>\n<meta property=\"article:published_time\" content=\"2015-11-17T13:33:22+00:00\" \/>\n<meta property=\"article:modified_time\" content=\"2015-11-18T13:35:28+00:00\" \/>\n<meta name=\"author\" content=\"enequipo\" \/>\n<meta name=\"twitter:card\" content=\"summary_large_image\" \/>\n<meta name=\"twitter:creator\" content=\"@sonoraenequipo\" \/>\n<meta name=\"twitter:site\" content=\"@sonoraenequipo\" \/>\n<meta name=\"twitter:label1\" content=\"Escrito por\" \/>\n\t<meta name=\"twitter:data1\" content=\"enequipo\" \/>\n\t<meta name=\"twitter:label2\" content=\"Tiempo de lectura\" \/>\n\t<meta name=\"twitter:data2\" content=\"1 minuto\" \/>\n<script type=\"application\/ld+json\" class=\"yoast-schema-graph\">{\"@context\":\"https:\/\/schema.org\",\"@graph\":[{\"@type\":\"Article\",\"@id\":\"https:\/\/www.sonoraenequipo.com.mx\/aumentara-turismo-en-sonora-por-pajaros-de-la-nieve\/#article\",\"isPartOf\":{\"@id\":\"https:\/\/www.sonoraenequipo.com.mx\/aumentara-turismo-en-sonora-por-pajaros-de-la-nieve\/\"},\"author\":{\"name\":\"enequipo\",\"@id\":\"https:\/\/www.sonoraenequipo.com.mx\/#\/schema\/person\/50102df0fb23a8fa9e8effad8fa81386\"},\"headline\":\"Aumentar\u00e1 turismo en Sonora por \u00abP\u00e1jaros de la nieve\u00bb\",\"datePublished\":\"2015-11-17T13:33:22+00:00\",\"dateModified\":\"2015-11-18T13:35:28+00:00\",\"mainEntityOfPage\":{\"@id\":\"https:\/\/www.sonoraenequipo.com.mx\/aumentara-turismo-en-sonora-por-pajaros-de-la-nieve\/\"},\"wordCount\":199,\"commentCount\":0,\"publisher\":{\"@id\":\"https:\/\/www.sonoraenequipo.com.mx\/#organization\"},\"keywords\":[\"Eduardo Lemmen Meyer Gonz\u00e1lez\",\"p\u00e1jaros de la nieve\",\"Sonora\",\"turismo\"],\"articleSection\":[\"Municipios\",\"Sin categorizar\"],\"inLanguage\":\"es\",\"potentialAction\":[{\"@type\":\"CommentAction\",\"name\":\"Comment\",\"target\":[\"https:\/\/www.sonoraenequipo.com.mx\/aumentara-turismo-en-sonora-por-pajaros-de-la-nieve\/#respond\"]}]},{\"@type\":\"WebPage\",\"@id\":\"https:\/\/www.sonoraenequipo.com.mx\/aumentara-turismo-en-sonora-por-pajaros-de-la-nieve\/\",\"url\":\"https:\/\/www.sonoraenequipo.com.mx\/aumentara-turismo-en-sonora-por-pajaros-de-la-nieve\/\",\"name\":\"Sonora en Equipo. Aumentar\u00e1 turismo en Sonora por \\\"P\u00e1jaros de la nieve\\\"\",\"isPartOf\":{\"@id\":\"https:\/\/www.sonoraenequipo.com.mx\/#website\"},\"datePublished\":\"2015-11-17T13:33:22+00:00\",\"dateModified\":\"2015-11-18T13:35:28+00:00\",\"description\":\"17112015. HERMOSILLO, SONORA.MX. \u2014 Con el ingreso de las bajas temperaturas, se espera que desde finales de noviembre los llamados \u201cp\u00e1jaros de la nieve\u201d En Sonora en Equipo publicamos toda la informaci\u00f3n de Sonora, M\u00e9xico y el Mundo de manera oportuna y busca que la libertad de expresi\u00f3n sea real. Visita nuestro medio informativo publicado desde Hermosillo, Sonora. %\",\"breadcrumb\":{\"@id\":\"https:\/\/www.sonoraenequipo.com.mx\/aumentara-turismo-en-sonora-por-pajaros-de-la-nieve\/#breadcrumb\"},\"inLanguage\":\"es\",\"potentialAction\":[{\"@type\":\"ReadAction\",\"target\":[\"https:\/\/www.sonoraenequipo.com.mx\/aumentara-turismo-en-sonora-por-pajaros-de-la-nieve\/\"]}]},{\"@type\":\"BreadcrumbList\",\"@id\":\"https:\/\/www.sonoraenequipo.com.mx\/aumentara-turismo-en-sonora-por-pajaros-de-la-nieve\/#breadcrumb\",\"itemListElement\":[{\"@type\":\"ListItem\",\"position\":1,\"name\":\"Portada\",\"item\":\"https:\/\/www.sonoraenequipo.com.mx\/\"},{\"@type\":\"ListItem\",\"position\":2,\"name\":\"Aumentar\u00e1 turismo en Sonora por \u00abP\u00e1jaros de la nieve\u00bb\"}]},{\"@type\":\"WebSite\",\"@id\":\"https:\/\/www.sonoraenequipo.com.mx\/#website\",\"url\":\"https:\/\/www.sonoraenequipo.com.mx\/\",\"name\":\"Sonora en Equipo.\",\"description\":\"Diario en l\u00ednea con Noticias desde Hermosillo, Sonora\",\"publisher\":{\"@id\":\"https:\/\/www.sonoraenequipo.com.mx\/#organization\"},\"potentialAction\":[{\"@type\":\"SearchAction\",\"target\":{\"@type\":\"EntryPoint\",\"urlTemplate\":\"https:\/\/www.sonoraenequipo.com.mx\/?s={search_term_string}\"},\"query-input\":{\"@type\":\"PropertyValueSpecification\",\"valueRequired\":true,\"valueName\":\"search_term_string\"}}],\"inLanguage\":\"es\"},{\"@type\":\"Organization\",\"@id\":\"https:\/\/www.sonoraenequipo.com.mx\/#organization\",\"name\":\"Sonoraenequipo.com.mx\",\"url\":\"https:\/\/www.sonoraenequipo.com.mx\/\",\"logo\":{\"@type\":\"ImageObject\",\"inLanguage\":\"es\",\"@id\":\"https:\/\/www.sonoraenequipo.com.mx\/#\/schema\/logo\/image\/\",\"url\":\"https:\/\/www.sonoraenequipo.com.mx\/storage\/2019\/01\/sonoraenequipo_opt.png\",\"contentUrl\":\"https:\/\/www.sonoraenequipo.com.mx\/storage\/2019\/01\/sonoraenequipo_opt.png\",\"width\":375,\"height\":125,\"caption\":\"Sonoraenequipo.com.mx\"},\"image\":{\"@id\":\"https:\/\/www.sonoraenequipo.com.mx\/#\/schema\/logo\/image\/\"},\"sameAs\":[\"https:\/\/www.facebook.com\/SonoraEE\/\",\"https:\/\/x.com\/sonoraenequipo\",\"https:\/\/www.youtube.com\/channel\/UC338nW-lPEYmJQs4ZABQ1SQ\"]},{\"@type\":\"Person\",\"@id\":\"https:\/\/www.sonoraenequipo.com.mx\/#\/schema\/person\/50102df0fb23a8fa9e8effad8fa81386\",\"name\":\"enequipo\",\"image\":{\"@type\":\"ImageObject\",\"inLanguage\":\"es\",\"@id\":\"https:\/\/www.sonoraenequipo.com.mx\/#\/schema\/person\/image\/\",\"url\":\"https:\/\/secure.gravatar.com\/avatar\/049821681b589dabc0bc20695993ccebb09f5b5d4d790cd9251b97faac7c652b?s=96&d=blank&r=g\",\"contentUrl\":\"https:\/\/secure.gravatar.com\/avatar\/049821681b589dabc0bc20695993ccebb09f5b5d4d790cd9251b97faac7c652b?s=96&d=blank&r=g\",\"caption\":\"enequipo\"},\"sameAs\":[\"https:\/\/www.facebook.com\/SonoraEE\"]}]}<\/script>\n ","yoast_head_json":{"title":"Sonora en Equipo. Aumentar\u00e1 turismo en Sonora por \"P\u00e1jaros de la nieve\"","description":"17112015. HERMOSILLO, SONORA.MX. \u2014 Con el ingreso de las bajas temperaturas, se espera que desde finales de noviembre los llamados \u201cp\u00e1jaros de la nieve\u201d En Sonora en Equipo publicamos toda la informaci\u00f3n de Sonora, M\u00e9xico y el Mundo de manera oportuna y busca que la libertad de expresi\u00f3n sea real. Visita nuestro medio informativo publicado desde Hermosillo, Sonora. %","robots":{"index":"index","follow":"follow","max-snippet":"max-snippet:-1","max-image-preview":"max-image-preview:large","max-video-preview":"max-video-preview:-1"},"canonical":"https:\/\/www.sonoraenequipo.com.mx\/aumentara-turismo-en-sonora-por-pajaros-de-la-nieve\/","og_locale":"es_ES","og_type":"article","og_title":"Sonora en Equipo. Aumentar\u00e1 turismo en Sonora por \"P\u00e1jaros de la nieve\"","og_description":"17112015. HERMOSILLO, SONORA.MX. \u2014 Con el ingreso de las bajas temperaturas, se espera que desde finales de noviembre los llamados \u201cp\u00e1jaros de la nieve\u201d En Sonora en Equipo publicamos toda la informaci\u00f3n de Sonora, M\u00e9xico y el Mundo de manera oportuna y busca que la libertad de expresi\u00f3n sea real. Visita nuestro medio informativo publicado desde Hermosillo, Sonora. %","og_url":"https:\/\/www.sonoraenequipo.com.mx\/aumentara-turismo-en-sonora-por-pajaros-de-la-nieve\/","og_site_name":"Sonora en Equipo.","article_publisher":"https:\/\/www.facebook.com\/SonoraEE\/","article_author":"https:\/\/www.facebook.com\/SonoraEE","article_published_time":"2015-11-17T13:33:22+00:00","article_modified_time":"2015-11-18T13:35:28+00:00","author":"enequipo","twitter_card":"summary_large_image","twitter_creator":"@sonoraenequipo","twitter_site":"@sonoraenequipo","twitter_misc":{"Escrito por":"enequipo","Tiempo de lectura":"1 minuto"},"schema":{"@context":"https:\/\/schema.org","@graph":[{"@type":"Article","@id":"https:\/\/www.sonoraenequipo.com.mx\/aumentara-turismo-en-sonora-por-pajaros-de-la-nieve\/#article","isPartOf":{"@id":"https:\/\/www.sonoraenequipo.com.mx\/aumentara-turismo-en-sonora-por-pajaros-de-la-nieve\/"},"author":{"name":"enequipo","@id":"https:\/\/www.sonoraenequipo.com.mx\/#\/schema\/person\/50102df0fb23a8fa9e8effad8fa81386"},"headline":"Aumentar\u00e1 turismo en Sonora por \u00abP\u00e1jaros de la nieve\u00bb","datePublished":"2015-11-17T13:33:22+00:00","dateModified":"2015-11-18T13:35:28+00:00","mainEntityOfPage":{"@id":"https:\/\/www.sonoraenequipo.com.mx\/aumentara-turismo-en-sonora-por-pajaros-de-la-nieve\/"},"wordCount":199,"commentCount":0,"publisher":{"@id":"https:\/\/www.sonoraenequipo.com.mx\/#organization"},"keywords":["Eduardo Lemmen Meyer Gonz\u00e1lez","p\u00e1jaros de la nieve","Sonora","turismo"],"articleSection":["Municipios","Sin categorizar"],"inLanguage":"es","potentialAction":[{"@type":"CommentAction","name":"Comment","target":["https:\/\/www.sonoraenequipo.com.mx\/aumentara-turismo-en-sonora-por-pajaros-de-la-nieve\/#respond"]}]},{"@type":"WebPage","@id":"https:\/\/www.sonoraenequipo.com.mx\/aumentara-turismo-en-sonora-por-pajaros-de-la-nieve\/","url":"https:\/\/www.sonoraenequipo.com.mx\/aumentara-turismo-en-sonora-por-pajaros-de-la-nieve\/","name":"Sonora en Equipo. Aumentar\u00e1 turismo en Sonora por \"P\u00e1jaros de la nieve\"","isPartOf":{"@id":"https:\/\/www.sonoraenequipo.com.mx\/#website"},"datePublished":"2015-11-17T13:33:22+00:00","dateModified":"2015-11-18T13:35:28+00:00","description":"17112015. HERMOSILLO, SONORA.MX. \u2014 Con el ingreso de las bajas temperaturas, se espera que desde finales de noviembre los llamados \u201cp\u00e1jaros de la nieve\u201d En Sonora en Equipo publicamos toda la informaci\u00f3n de Sonora, M\u00e9xico y el Mundo de manera oportuna y busca que la libertad de expresi\u00f3n sea real. Visita nuestro medio informativo publicado desde Hermosillo, Sonora. %","breadcrumb":{"@id":"https:\/\/www.sonoraenequipo.com.mx\/aumentara-turismo-en-sonora-por-pajaros-de-la-nieve\/#breadcrumb"},"inLanguage":"es","potentialAction":[{"@type":"ReadAction","target":["https:\/\/www.sonoraenequipo.com.mx\/aumentara-turismo-en-sonora-por-pajaros-de-la-nieve\/"]}]},{"@type":"BreadcrumbList","@id":"https:\/\/www.sonoraenequipo.com.mx\/aumentara-turismo-en-sonora-por-pajaros-de-la-nieve\/#breadcrumb","itemListElement":[{"@type":"ListItem","position":1,"name":"Portada","item":"https:\/\/www.sonoraenequipo.com.mx\/"},{"@type":"ListItem","position":2,"name":"Aumentar\u00e1 turismo en Sonora por \u00abP\u00e1jaros de la nieve\u00bb"}]},{"@type":"WebSite","@id":"https:\/\/www.sonoraenequipo.com.mx\/#website","url":"https:\/\/www.sonoraenequipo.com.mx\/","name":"Sonora en Equipo.","description":"Diario en l\u00ednea con Noticias desde Hermosillo, Sonora","publisher":{"@id":"https:\/\/www.sonoraenequipo.com.mx\/#organization"},"potentialAction":[{"@type":"SearchAction","target":{"@type":"EntryPoint","urlTemplate":"https:\/\/www.sonoraenequipo.com.mx\/?s={search_term_string}"},"query-input":{"@type":"PropertyValueSpecification","valueRequired":true,"valueName":"search_term_string"}}],"inLanguage":"es"},{"@type":"Organization","@id":"https:\/\/www.sonoraenequipo.com.mx\/#organization","name":"Sonoraenequipo.com.mx","url":"https:\/\/www.sonoraenequipo.com.mx\/","logo":{"@type":"ImageObject","inLanguage":"es","@id":"https:\/\/www.sonoraenequipo.com.mx\/#\/schema\/logo\/image\/","url":"https:\/\/www.sonoraenequipo.com.mx\/storage\/2019\/01\/sonoraenequipo_opt.png","contentUrl":"https:\/\/www.sonoraenequipo.com.mx\/storage\/2019\/01\/sonoraenequipo_opt.png","width":375,"height":125,"caption":"Sonoraenequipo.com.mx"},"image":{"@id":"https:\/\/www.sonoraenequipo.com.mx\/#\/schema\/logo\/image\/"},"sameAs":["https:\/\/www.facebook.com\/SonoraEE\/","https:\/\/x.com\/sonoraenequipo","https:\/\/www.youtube.com\/channel\/UC338nW-lPEYmJQs4ZABQ1SQ"]},{"@type":"Person","@id":"https:\/\/www.sonoraenequipo.com.mx\/#\/schema\/person\/50102df0fb23a8fa9e8effad8fa81386","name":"enequipo","image":{"@type":"ImageObject","inLanguage":"es","@id":"https:\/\/www.sonoraenequipo.com.mx\/#\/schema\/person\/image\/","url":"https:\/\/secure.gravatar.com\/avatar\/049821681b589dabc0bc20695993ccebb09f5b5d4d790cd9251b97faac7c652b?s=96&d=blank&r=g","contentUrl":"https:\/\/secure.gravatar.com\/avatar\/049821681b589dabc0bc20695993ccebb09f5b5d4d790cd9251b97faac7c652b?s=96&d=blank&r=g","caption":"enequipo"},"sameAs":["https:\/\/www.facebook.com\/SonoraEE"]}]}},"jetpack_featured_media_url":"","_links":{"self":[{"href":"https:\/\/www.sonoraenequipo.com.mx\/api\/wp\/v2\/posts\/989","targetHints":{"allow":["GET"]}}],"collection":[{"href":"https:\/\/www.sonoraenequipo.com.mx\/api\/wp\/v2\/posts"}],"about":[{"href":"https:\/\/www.sonoraenequipo.com.mx\/api\/wp\/v2\/types\/post"}],"author":[{"embeddable":true,"href":"https:\/\/www.sonoraenequipo.com.mx\/api\/wp\/v2\/users\/1"}],"replies":[{"embeddable":true,"href":"https:\/\/www.sonoraenequipo.com.mx\/api\/wp\/v2\/comments?post=989"}],"version-history":[{"count":0,"href":"https:\/\/www.sonoraenequipo.com.mx\/api\/wp\/v2\/posts\/989\/revisions"}],"wp:attachment":[{"href":"https:\/\/www.sonoraenequipo.com.mx\/api\/wp\/v2\/media?parent=989"}],"wp:term":[{"taxonomy":"category","embeddable":true,"href":"https:\/\/www.sonoraenequipo.com.mx\/api\/wp\/v2\/categories?post=989"},{"taxonomy":"post_tag","embeddable":true,"href":"https:\/\/www.sonoraenequipo.com.mx\/api\/wp\/v2\/tags?post=989"}],"curies":[{"name":"wp","href":"https:\/\/api.w.org\/{rel}","templated":true}]}}