{"id":992,"date":"2015-11-17T13:35:41","date_gmt":"2015-11-17T13:35:41","guid":{"rendered":"http:\/\/www.sonoraenequipo.com.mx\/?p=992"},"modified":"2015-11-18T13:38:08","modified_gmt":"2015-11-18T13:38:08","slug":"tendran-en-bc-habra-mas-renuncias-por-candidaturas","status":"publish","type":"post","link":"https:\/\/www.sonoraenequipo.com.mx\/tendran-en-bc-habra-mas-renuncias-por-candidaturas\/","title":{"rendered":"Tendr\u00e1n En BC habr\u00e1 m\u00e1s renuncias por candidaturas"},"content":{"rendered":"<p>17112015.TIJUANA, BAJA CALIFORNIA.MX.HAMLET ASLC\u00c1NTARA.\u2014 La Secretar\u00eda General de Gobierno y la Secretar\u00eda de Desarrollo Social en el Estado (Sedesoe) podr\u00edan ser las dependencias con m\u00e1s renuncias este 30 de noviembre, debido al emplazamiento que realiz\u00f3 el empresario y gobernador de Baja California, Francisco Vega de Lamadrid ante las pr\u00f3ximas elecciones en la entidad. <\/p>\n<p>\u00c1reas sensibles de la administraci\u00f3n estatal podr\u00edan quedar ac\u00e9falas dadas las aspiraciones de sus titulares para buscar una candidatura, ya sea a una alcald\u00eda o bien una diputaci\u00f3n.<\/p>\n<p>En el caso de Sedesoe, ser\u00edan dos las ausencias importantes; la primera de ellas del propio titular Ricardo Maga\u00f1a Mosqueda, quien en su momento reconoci\u00f3 que le gustar\u00eda buscar la alcald\u00eda de Tijuana por el Partido Acci\u00f3n Nacional (PAN); y lo mismo suceder\u00e1 con el delegado de ese misma dependencia, Arnulfo Guerrero, quien tambi\u00e9n ha aceptado que buscar\u00eda una diputaci\u00f3n.<\/p>\n<p>En la Secretaria General de Gobierno, aunque el titular Francisco Rueda se descart\u00f3 para buscar la alcald\u00eda de Mexicali, donde se dec\u00eda encabezaba las encuestas, se sabe que su delegado en Rosarito, Ignacio Garc\u00eda Dworak, buscar\u00e1 de nueva cuenta la candidatura, a pesar de haber perdido en su momento con el exalcalde Javier Robles Aguirre, del PRI.<\/p>\n<p>En el caso de esta ciudad, fuentes panistas consultadas por La Jornada Baja California confirmaron que el subsecretario Ra\u00fal Casta\u00f1eda Pomposo tambi\u00e9n buscar\u00eda participar en la b\u00fasqueda una diputaci\u00f3n.<\/p>\n<p>Otra de las oficinas que podr\u00eda quedarse sin titular es la de Cofepris en Tijuana, donde actualmente despacha Juan Manuel Gast\u00e9lum, hijo del exdiputado y aspirante a la alcald\u00eda de Tijuana, Juan Manuel Gast\u00e9lum Buenrostro, quien se dice que tambi\u00e9n dejar\u00eda el cargo no solamente para integrarse a la campa\u00f1a de su padre, sino porque trascendi\u00f3 que existe un arreglo pol\u00edtico en el que podr\u00eda recibir la titularidad de una notar\u00eda p\u00fablica que supuestamente le correspond\u00eda a su padre, pero que por obvias razones no podr\u00eda asumir.<\/p>\n<p>Esto deja a Vega de Lamadrid con una tarea para buscar los perfiles adecuados de estos y otros funcionarios, que seguramente se sumar\u00e1n a la lista, y que tendr\u00edan que ser reemplazados si atienden el llamado de renunciar el 30 de noviembre para contender en las pr\u00f3ximas elecciones por el PAN.<\/p>\n","protected":false},"excerpt":{"rendered":"<p>17112015.TIJUANA, BAJA CALIFORNIA.MX.HAMLET ASLC\u00c1NTARA.\u2014 La Secretar\u00eda General de Gobierno y la Secretar\u00eda de Desarrollo Social&#8230;<\/p>\n","protected":false},"author":1,"featured_media":0,"comment_status":"open","ping_status":"open","sticky":false,"template":"","format":"standard","meta":{"_monsterinsights_skip_tracking":false,"_monsterinsights_sitenote_active":false,"_monsterinsights_sitenote_note":"","_monsterinsights_sitenote_category":0,"footnotes":""},"categories":[5,1],"tags":[167,111,108,106,109,107,105],"class_list":["post"],"yoast_head":" \n<title>Sonora en Equipo. Tendr\u00e1n En BC habr\u00e1 m\u00e1s renuncias por candidaturas<\/title>\n<meta name=\"description\" content=\"17112015.TIJUANA, BAJA CALIFORNIA.MX.HAMLET ASLC\u00c1NTARA.\u2014 La Secretar\u00eda General de Gobierno y la Secretar\u00eda de Desarrollo Social en el Estado (Sedesoe) En Sonora en Equipo publicamos toda la informaci\u00f3n de Sonora, M\u00e9xico y el Mundo de manera oportuna y busca que la libertad de expresi\u00f3n sea real. Visita nuestro medio informativo publicado desde Hermosillo, Sonora. %\" \/>\n<meta name=\"robots\" content=\"index, follow, max-snippet:-1, max-image-preview:large, max-video-preview:-1\" \/>\n<link rel=\"canonical\" href=\"https:\/\/www.sonoraenequipo.com.mx\/tendran-en-bc-habra-mas-renuncias-por-candidaturas\/\" \/>\n<meta property=\"og:locale\" content=\"es_ES\" \/>\n<meta property=\"og:type\" content=\"article\" \/>\n<meta property=\"og:title\" content=\"Sonora en Equipo. Tendr\u00e1n En BC habr\u00e1 m\u00e1s renuncias por candidaturas\" \/>\n<meta property=\"og:description\" content=\"17112015.TIJUANA, BAJA CALIFORNIA.MX.HAMLET ASLC\u00c1NTARA.\u2014 La Secretar\u00eda General de Gobierno y la Secretar\u00eda de Desarrollo Social en el Estado (Sedesoe) En Sonora en Equipo publicamos toda la informaci\u00f3n de Sonora, M\u00e9xico y el Mundo de manera oportuna y busca que la libertad de expresi\u00f3n sea real. Visita nuestro medio informativo publicado desde Hermosillo, Sonora. %\" \/>\n<meta property=\"og:url\" content=\"https:\/\/www.sonoraenequipo.com.mx\/tendran-en-bc-habra-mas-renuncias-por-candidaturas\/\" \/>\n<meta property=\"og:site_name\" content=\"Sonora en Equipo.\" \/>\n<meta property=\"article:publisher\" content=\"https:\/\/www.facebook.com\/SonoraEE\/\" \/>\n<meta property=\"article:author\" content=\"https:\/\/www.facebook.com\/SonoraEE\" \/>\n<meta property=\"article:published_time\" content=\"2015-11-17T13:35:41+00:00\" \/>\n<meta property=\"article:modified_time\" content=\"2015-11-18T13:38:08+00:00\" \/>\n<meta name=\"author\" content=\"enequipo\" \/>\n<meta name=\"twitter:card\" content=\"summary_large_image\" \/>\n<meta name=\"twitter:creator\" content=\"@sonoraenequipo\" \/>\n<meta name=\"twitter:site\" content=\"@sonoraenequipo\" \/>\n<meta name=\"twitter:label1\" content=\"Escrito por\" \/>\n\t<meta name=\"twitter:data1\" content=\"enequipo\" \/>\n\t<meta name=\"twitter:label2\" content=\"Tiempo de lectura\" \/>\n\t<meta name=\"twitter:data2\" content=\"2 minutos\" \/>\n<script type=\"application\/ld+json\" class=\"yoast-schema-graph\">{\"@context\":\"https:\/\/schema.org\",\"@graph\":[{\"@type\":\"Article\",\"@id\":\"https:\/\/www.sonoraenequipo.com.mx\/tendran-en-bc-habra-mas-renuncias-por-candidaturas\/#article\",\"isPartOf\":{\"@id\":\"https:\/\/www.sonoraenequipo.com.mx\/tendran-en-bc-habra-mas-renuncias-por-candidaturas\/\"},\"author\":{\"name\":\"enequipo\",\"@id\":\"https:\/\/www.sonoraenequipo.com.mx\/#\/schema\/person\/50102df0fb23a8fa9e8effad8fa81386\"},\"headline\":\"Tendr\u00e1n En BC habr\u00e1 m\u00e1s renuncias por candidaturas\",\"datePublished\":\"2015-11-17T13:35:41+00:00\",\"dateModified\":\"2015-11-18T13:38:08+00:00\",\"mainEntityOfPage\":{\"@id\":\"https:\/\/www.sonoraenequipo.com.mx\/tendran-en-bc-habra-mas-renuncias-por-candidaturas\/\"},\"wordCount\":419,\"commentCount\":0,\"publisher\":{\"@id\":\"https:\/\/www.sonoraenequipo.com.mx\/#organization\"},\"keywords\":[\"Baja California\",\"elecciones\",\"morena\",\"pan\",\"partidos politicos\",\"prd\",\"pri\"],\"articleSection\":[\"Rep\u00fablica\",\"Sin categorizar\"],\"inLanguage\":\"es\",\"potentialAction\":[{\"@type\":\"CommentAction\",\"name\":\"Comment\",\"target\":[\"https:\/\/www.sonoraenequipo.com.mx\/tendran-en-bc-habra-mas-renuncias-por-candidaturas\/#respond\"]}]},{\"@type\":\"WebPage\",\"@id\":\"https:\/\/www.sonoraenequipo.com.mx\/tendran-en-bc-habra-mas-renuncias-por-candidaturas\/\",\"url\":\"https:\/\/www.sonoraenequipo.com.mx\/tendran-en-bc-habra-mas-renuncias-por-candidaturas\/\",\"name\":\"Sonora en Equipo. Tendr\u00e1n En BC habr\u00e1 m\u00e1s renuncias por candidaturas\",\"isPartOf\":{\"@id\":\"https:\/\/www.sonoraenequipo.com.mx\/#website\"},\"datePublished\":\"2015-11-17T13:35:41+00:00\",\"dateModified\":\"2015-11-18T13:38:08+00:00\",\"description\":\"17112015.TIJUANA, BAJA CALIFORNIA.MX.HAMLET ASLC\u00c1NTARA.\u2014 La Secretar\u00eda General de Gobierno y la Secretar\u00eda de Desarrollo Social en el Estado (Sedesoe) En Sonora en Equipo publicamos toda la informaci\u00f3n de Sonora, M\u00e9xico y el Mundo de manera oportuna y busca que la libertad de expresi\u00f3n sea real. Visita nuestro medio informativo publicado desde Hermosillo, Sonora. %\",\"breadcrumb\":{\"@id\":\"https:\/\/www.sonoraenequipo.com.mx\/tendran-en-bc-habra-mas-renuncias-por-candidaturas\/#breadcrumb\"},\"inLanguage\":\"es\",\"potentialAction\":[{\"@type\":\"ReadAction\",\"target\":[\"https:\/\/www.sonoraenequipo.com.mx\/tendran-en-bc-habra-mas-renuncias-por-candidaturas\/\"]}]},{\"@type\":\"BreadcrumbList\",\"@id\":\"https:\/\/www.sonoraenequipo.com.mx\/tendran-en-bc-habra-mas-renuncias-por-candidaturas\/#breadcrumb\",\"itemListElement\":[{\"@type\":\"ListItem\",\"position\":1,\"name\":\"Portada\",\"item\":\"https:\/\/www.sonoraenequipo.com.mx\/\"},{\"@type\":\"ListItem\",\"position\":2,\"name\":\"Tendr\u00e1n En BC habr\u00e1 m\u00e1s renuncias por candidaturas\"}]},{\"@type\":\"WebSite\",\"@id\":\"https:\/\/www.sonoraenequipo.com.mx\/#website\",\"url\":\"https:\/\/www.sonoraenequipo.com.mx\/\",\"name\":\"Sonora en Equipo.\",\"description\":\"Diario en l\u00ednea con Noticias desde Hermosillo, Sonora\",\"publisher\":{\"@id\":\"https:\/\/www.sonoraenequipo.com.mx\/#organization\"},\"potentialAction\":[{\"@type\":\"SearchAction\",\"target\":{\"@type\":\"EntryPoint\",\"urlTemplate\":\"https:\/\/www.sonoraenequipo.com.mx\/?s={search_term_string}\"},\"query-input\":{\"@type\":\"PropertyValueSpecification\",\"valueRequired\":true,\"valueName\":\"search_term_string\"}}],\"inLanguage\":\"es\"},{\"@type\":\"Organization\",\"@id\":\"https:\/\/www.sonoraenequipo.com.mx\/#organization\",\"name\":\"Sonoraenequipo.com.mx\",\"url\":\"https:\/\/www.sonoraenequipo.com.mx\/\",\"logo\":{\"@type\":\"ImageObject\",\"inLanguage\":\"es\",\"@id\":\"https:\/\/www.sonoraenequipo.com.mx\/#\/schema\/logo\/image\/\",\"url\":\"https:\/\/www.sonoraenequipo.com.mx\/storage\/2019\/01\/sonoraenequipo_opt.png\",\"contentUrl\":\"https:\/\/www.sonoraenequipo.com.mx\/storage\/2019\/01\/sonoraenequipo_opt.png\",\"width\":375,\"height\":125,\"caption\":\"Sonoraenequipo.com.mx\"},\"image\":{\"@id\":\"https:\/\/www.sonoraenequipo.com.mx\/#\/schema\/logo\/image\/\"},\"sameAs\":[\"https:\/\/www.facebook.com\/SonoraEE\/\",\"https:\/\/x.com\/sonoraenequipo\",\"https:\/\/www.youtube.com\/channel\/UC338nW-lPEYmJQs4ZABQ1SQ\"]},{\"@type\":\"Person\",\"@id\":\"https:\/\/www.sonoraenequipo.com.mx\/#\/schema\/person\/50102df0fb23a8fa9e8effad8fa81386\",\"name\":\"enequipo\",\"image\":{\"@type\":\"ImageObject\",\"inLanguage\":\"es\",\"@id\":\"https:\/\/www.sonoraenequipo.com.mx\/#\/schema\/person\/image\/\",\"url\":\"https:\/\/secure.gravatar.com\/avatar\/049821681b589dabc0bc20695993ccebb09f5b5d4d790cd9251b97faac7c652b?s=96&d=blank&r=g\",\"contentUrl\":\"https:\/\/secure.gravatar.com\/avatar\/049821681b589dabc0bc20695993ccebb09f5b5d4d790cd9251b97faac7c652b?s=96&d=blank&r=g\",\"caption\":\"enequipo\"},\"sameAs\":[\"https:\/\/www.facebook.com\/SonoraEE\"]}]}<\/script>\n ","yoast_head_json":{"title":"Sonora en Equipo. Tendr\u00e1n En BC habr\u00e1 m\u00e1s renuncias por candidaturas","description":"17112015.TIJUANA, BAJA CALIFORNIA.MX.HAMLET ASLC\u00c1NTARA.\u2014 La Secretar\u00eda General de Gobierno y la Secretar\u00eda de Desarrollo Social en el Estado (Sedesoe) En Sonora en Equipo publicamos toda la informaci\u00f3n de Sonora, M\u00e9xico y el Mundo de manera oportuna y busca que la libertad de expresi\u00f3n sea real. Visita nuestro medio informativo publicado desde Hermosillo, Sonora. %","robots":{"index":"index","follow":"follow","max-snippet":"max-snippet:-1","max-image-preview":"max-image-preview:large","max-video-preview":"max-video-preview:-1"},"canonical":"https:\/\/www.sonoraenequipo.com.mx\/tendran-en-bc-habra-mas-renuncias-por-candidaturas\/","og_locale":"es_ES","og_type":"article","og_title":"Sonora en Equipo. Tendr\u00e1n En BC habr\u00e1 m\u00e1s renuncias por candidaturas","og_description":"17112015.TIJUANA, BAJA CALIFORNIA.MX.HAMLET ASLC\u00c1NTARA.\u2014 La Secretar\u00eda General de Gobierno y la Secretar\u00eda de Desarrollo Social en el Estado (Sedesoe) En Sonora en Equipo publicamos toda la informaci\u00f3n de Sonora, M\u00e9xico y el Mundo de manera oportuna y busca que la libertad de expresi\u00f3n sea real. Visita nuestro medio informativo publicado desde Hermosillo, Sonora. %","og_url":"https:\/\/www.sonoraenequipo.com.mx\/tendran-en-bc-habra-mas-renuncias-por-candidaturas\/","og_site_name":"Sonora en Equipo.","article_publisher":"https:\/\/www.facebook.com\/SonoraEE\/","article_author":"https:\/\/www.facebook.com\/SonoraEE","article_published_time":"2015-11-17T13:35:41+00:00","article_modified_time":"2015-11-18T13:38:08+00:00","author":"enequipo","twitter_card":"summary_large_image","twitter_creator":"@sonoraenequipo","twitter_site":"@sonoraenequipo","twitter_misc":{"Escrito por":"enequipo","Tiempo de lectura":"2 minutos"},"schema":{"@context":"https:\/\/schema.org","@graph":[{"@type":"Article","@id":"https:\/\/www.sonoraenequipo.com.mx\/tendran-en-bc-habra-mas-renuncias-por-candidaturas\/#article","isPartOf":{"@id":"https:\/\/www.sonoraenequipo.com.mx\/tendran-en-bc-habra-mas-renuncias-por-candidaturas\/"},"author":{"name":"enequipo","@id":"https:\/\/www.sonoraenequipo.com.mx\/#\/schema\/person\/50102df0fb23a8fa9e8effad8fa81386"},"headline":"Tendr\u00e1n En BC habr\u00e1 m\u00e1s renuncias por candidaturas","datePublished":"2015-11-17T13:35:41+00:00","dateModified":"2015-11-18T13:38:08+00:00","mainEntityOfPage":{"@id":"https:\/\/www.sonoraenequipo.com.mx\/tendran-en-bc-habra-mas-renuncias-por-candidaturas\/"},"wordCount":419,"commentCount":0,"publisher":{"@id":"https:\/\/www.sonoraenequipo.com.mx\/#organization"},"keywords":["Baja California","elecciones","morena","pan","partidos politicos","prd","pri"],"articleSection":["Rep\u00fablica","Sin categorizar"],"inLanguage":"es","potentialAction":[{"@type":"CommentAction","name":"Comment","target":["https:\/\/www.sonoraenequipo.com.mx\/tendran-en-bc-habra-mas-renuncias-por-candidaturas\/#respond"]}]},{"@type":"WebPage","@id":"https:\/\/www.sonoraenequipo.com.mx\/tendran-en-bc-habra-mas-renuncias-por-candidaturas\/","url":"https:\/\/www.sonoraenequipo.com.mx\/tendran-en-bc-habra-mas-renuncias-por-candidaturas\/","name":"Sonora en Equipo. Tendr\u00e1n En BC habr\u00e1 m\u00e1s renuncias por candidaturas","isPartOf":{"@id":"https:\/\/www.sonoraenequipo.com.mx\/#website"},"datePublished":"2015-11-17T13:35:41+00:00","dateModified":"2015-11-18T13:38:08+00:00","description":"17112015.TIJUANA, BAJA CALIFORNIA.MX.HAMLET ASLC\u00c1NTARA.\u2014 La Secretar\u00eda General de Gobierno y la Secretar\u00eda de Desarrollo Social en el Estado (Sedesoe) En Sonora en Equipo publicamos toda la informaci\u00f3n de Sonora, M\u00e9xico y el Mundo de manera oportuna y busca que la libertad de expresi\u00f3n sea real. Visita nuestro medio informativo publicado desde Hermosillo, Sonora. %","breadcrumb":{"@id":"https:\/\/www.sonoraenequipo.com.mx\/tendran-en-bc-habra-mas-renuncias-por-candidaturas\/#breadcrumb"},"inLanguage":"es","potentialAction":[{"@type":"ReadAction","target":["https:\/\/www.sonoraenequipo.com.mx\/tendran-en-bc-habra-mas-renuncias-por-candidaturas\/"]}]},{"@type":"BreadcrumbList","@id":"https:\/\/www.sonoraenequipo.com.mx\/tendran-en-bc-habra-mas-renuncias-por-candidaturas\/#breadcrumb","itemListElement":[{"@type":"ListItem","position":1,"name":"Portada","item":"https:\/\/www.sonoraenequipo.com.mx\/"},{"@type":"ListItem","position":2,"name":"Tendr\u00e1n En BC habr\u00e1 m\u00e1s renuncias por candidaturas"}]},{"@type":"WebSite","@id":"https:\/\/www.sonoraenequipo.com.mx\/#website","url":"https:\/\/www.sonoraenequipo.com.mx\/","name":"Sonora en Equipo.","description":"Diario en l\u00ednea con Noticias desde Hermosillo, Sonora","publisher":{"@id":"https:\/\/www.sonoraenequipo.com.mx\/#organization"},"potentialAction":[{"@type":"SearchAction","target":{"@type":"EntryPoint","urlTemplate":"https:\/\/www.sonoraenequipo.com.mx\/?s={search_term_string}"},"query-input":{"@type":"PropertyValueSpecification","valueRequired":true,"valueName":"search_term_string"}}],"inLanguage":"es"},{"@type":"Organization","@id":"https:\/\/www.sonoraenequipo.com.mx\/#organization","name":"Sonoraenequipo.com.mx","url":"https:\/\/www.sonoraenequipo.com.mx\/","logo":{"@type":"ImageObject","inLanguage":"es","@id":"https:\/\/www.sonoraenequipo.com.mx\/#\/schema\/logo\/image\/","url":"https:\/\/www.sonoraenequipo.com.mx\/storage\/2019\/01\/sonoraenequipo_opt.png","contentUrl":"https:\/\/www.sonoraenequipo.com.mx\/storage\/2019\/01\/sonoraenequipo_opt.png","width":375,"height":125,"caption":"Sonoraenequipo.com.mx"},"image":{"@id":"https:\/\/www.sonoraenequipo.com.mx\/#\/schema\/logo\/image\/"},"sameAs":["https:\/\/www.facebook.com\/SonoraEE\/","https:\/\/x.com\/sonoraenequipo","https:\/\/www.youtube.com\/channel\/UC338nW-lPEYmJQs4ZABQ1SQ"]},{"@type":"Person","@id":"https:\/\/www.sonoraenequipo.com.mx\/#\/schema\/person\/50102df0fb23a8fa9e8effad8fa81386","name":"enequipo","image":{"@type":"ImageObject","inLanguage":"es","@id":"https:\/\/www.sonoraenequipo.com.mx\/#\/schema\/person\/image\/","url":"https:\/\/secure.gravatar.com\/avatar\/049821681b589dabc0bc20695993ccebb09f5b5d4d790cd9251b97faac7c652b?s=96&d=blank&r=g","contentUrl":"https:\/\/secure.gravatar.com\/avatar\/049821681b589dabc0bc20695993ccebb09f5b5d4d790cd9251b97faac7c652b?s=96&d=blank&r=g","caption":"enequipo"},"sameAs":["https:\/\/www.facebook.com\/SonoraEE"]}]}},"jetpack_featured_media_url":"","_links":{"self":[{"href":"https:\/\/www.sonoraenequipo.com.mx\/api\/wp\/v2\/posts\/992","targetHints":{"allow":["GET"]}}],"collection":[{"href":"https:\/\/www.sonoraenequipo.com.mx\/api\/wp\/v2\/posts"}],"about":[{"href":"https:\/\/www.sonoraenequipo.com.mx\/api\/wp\/v2\/types\/post"}],"author":[{"embeddable":true,"href":"https:\/\/www.sonoraenequipo.com.mx\/api\/wp\/v2\/users\/1"}],"replies":[{"embeddable":true,"href":"https:\/\/www.sonoraenequipo.com.mx\/api\/wp\/v2\/comments?post=992"}],"version-history":[{"count":0,"href":"https:\/\/www.sonoraenequipo.com.mx\/api\/wp\/v2\/posts\/992\/revisions"}],"wp:attachment":[{"href":"https:\/\/www.sonoraenequipo.com.mx\/api\/wp\/v2\/media?parent=992"}],"wp:term":[{"taxonomy":"category","embeddable":true,"href":"https:\/\/www.sonoraenequipo.com.mx\/api\/wp\/v2\/categories?post=992"},{"taxonomy":"post_tag","embeddable":true,"href":"https:\/\/www.sonoraenequipo.com.mx\/api\/wp\/v2\/tags?post=992"}],"curies":[{"name":"wp","href":"https:\/\/api.w.org\/{rel}","templated":true}]}}