{"id":994,"date":"2015-11-17T13:38:22","date_gmt":"2015-11-17T13:38:22","guid":{"rendered":"http:\/\/www.sonoraenequipo.com.mx\/?p=994"},"modified":"2015-11-18T13:41:46","modified_gmt":"2015-11-18T13:41:46","slug":"padres-de-familia-piden-que-adelanten-horario-escolar-de-invierno","status":"publish","type":"post","link":"https:\/\/www.sonoraenequipo.com.mx\/padres-de-familia-piden-que-adelanten-horario-escolar-de-invierno\/","title":{"rendered":"Padres de familia piden que adelanten horario escolar de invierno"},"content":{"rendered":"<p>17112015.HERMOSILLO, SONORA.MX.\u2014 Debido al registro de las bajas temperaturas, padres de familia solicitan a la Secretar\u00eda de Educaci\u00f3n y Cultura se adelante el horario de invierno en algunos puntos de la entidad, para evitar riesgo en la salud de los estudiantes de nivel b\u00e1sico. <\/p>\n<p>Hasta el momento la SEC no ha definido si se adelantar\u00e1 la aplicaci\u00f3n del horario de invierno, pues seg\u00fan calendarios escolares anteriores inicia en la primera semana de diciembre, se\u00f1al\u00f3 Cecilio Luna Salazar, presidente de la Asociaci\u00f3n de Padres de Familia.<\/p>\n<p>En tanto, dijo, algunos padres de familia han manifestado su solicitud de que se aplique por el fr\u00edo que se ha empezado a sentir en los \u00faltimos d\u00edas.<\/p>\n<p>\u00abLa verdad no sabemos a ciencia cierta si se va a autorizar o se va a esperar lo que habitualmente es, ya ves que en la primera semana de diciembre de cada ciclo escolar, hay el cambio de 7:30 a 8:00 en caso de primarias y en el preescolar y tambi\u00e9n en secundaria, hay los diversos cambios de horario\u00bb, inform\u00f3.<\/p>\n<p>Como en cada temporada invernal, la Asociaci\u00f3n Estatal de Padres de Familia pide abrigar debidamente a los menores, al recordar que directivos deben ser flexibles con la vestimenta.<\/p>\n<p>\u00abNosotros hemos estado haci\u00e9ndoles un llamado a que estemos al pendiente a que abriguemos a nuestros hijos, por parte de la autoridad educativa hay flexibilidad de llevar diversas prendas que cubran el fr\u00edo, no tienen porqu\u00e9 regresarlos nuestros docentes y directivos\u00bb, se\u00f1al\u00f3.<\/p>\n","protected":false},"excerpt":{"rendered":"<p>17112015.HERMOSILLO, SONORA.MX.\u2014 Debido al registro de las bajas temperaturas, padres de familia solicitan a la&#8230;<\/p>\n","protected":false},"author":1,"featured_media":0,"comment_status":"open","ping_status":"open","sticky":false,"template":"","format":"standard","meta":{"_monsterinsights_skip_tracking":false,"_monsterinsights_sitenote_active":false,"_monsterinsights_sitenote_note":"","_monsterinsights_sitenote_category":0,"footnotes":""},"categories":[4,1],"tags":[1009,1008,483,1007],"class_list":["post"],"yoast_head":" \n<title>Sonora en Equipo. Padres de familia piden que adelanten horario escolar de invierno<\/title>\n<meta name=\"description\" content=\"17112015.HERMOSILLO, SONORA.MX.\u2014 Debido al registro de las bajas temperaturas, padres de familia solicitan a la Secretar\u00eda de Educaci\u00f3n y Cultura se En Sonora en Equipo publicamos toda la informaci\u00f3n de Sonora, M\u00e9xico y el Mundo de manera oportuna y busca que la libertad de expresi\u00f3n sea real. Visita nuestro medio informativo publicado desde Hermosillo, Sonora. %\" \/>\n<meta name=\"robots\" content=\"index, follow, max-snippet:-1, max-image-preview:large, max-video-preview:-1\" \/>\n<link rel=\"canonical\" href=\"https:\/\/www.sonoraenequipo.com.mx\/padres-de-familia-piden-que-adelanten-horario-escolar-de-invierno\/\" \/>\n<meta property=\"og:locale\" content=\"es_ES\" \/>\n<meta property=\"og:type\" content=\"article\" \/>\n<meta property=\"og:title\" content=\"Sonora en Equipo. Padres de familia piden que adelanten horario escolar de invierno\" \/>\n<meta property=\"og:description\" content=\"17112015.HERMOSILLO, SONORA.MX.\u2014 Debido al registro de las bajas temperaturas, padres de familia solicitan a la Secretar\u00eda de Educaci\u00f3n y Cultura se En Sonora en Equipo publicamos toda la informaci\u00f3n de Sonora, M\u00e9xico y el Mundo de manera oportuna y busca que la libertad de expresi\u00f3n sea real. Visita nuestro medio informativo publicado desde Hermosillo, Sonora. %\" \/>\n<meta property=\"og:url\" content=\"https:\/\/www.sonoraenequipo.com.mx\/padres-de-familia-piden-que-adelanten-horario-escolar-de-invierno\/\" \/>\n<meta property=\"og:site_name\" content=\"Sonora en Equipo.\" \/>\n<meta property=\"article:publisher\" content=\"https:\/\/www.facebook.com\/SonoraEE\/\" \/>\n<meta property=\"article:author\" content=\"https:\/\/www.facebook.com\/SonoraEE\" \/>\n<meta property=\"article:published_time\" content=\"2015-11-17T13:38:22+00:00\" \/>\n<meta property=\"article:modified_time\" content=\"2015-11-18T13:41:46+00:00\" \/>\n<meta name=\"author\" content=\"enequipo\" \/>\n<meta name=\"twitter:card\" content=\"summary_large_image\" \/>\n<meta name=\"twitter:creator\" content=\"@sonoraenequipo\" \/>\n<meta name=\"twitter:site\" content=\"@sonoraenequipo\" \/>\n<meta name=\"twitter:label1\" content=\"Escrito por\" \/>\n\t<meta name=\"twitter:data1\" content=\"enequipo\" \/>\n\t<meta name=\"twitter:label2\" content=\"Tiempo de lectura\" \/>\n\t<meta name=\"twitter:data2\" content=\"1 minuto\" \/>\n<script type=\"application\/ld+json\" class=\"yoast-schema-graph\">{\"@context\":\"https:\/\/schema.org\",\"@graph\":[{\"@type\":\"Article\",\"@id\":\"https:\/\/www.sonoraenequipo.com.mx\/padres-de-familia-piden-que-adelanten-horario-escolar-de-invierno\/#article\",\"isPartOf\":{\"@id\":\"https:\/\/www.sonoraenequipo.com.mx\/padres-de-familia-piden-que-adelanten-horario-escolar-de-invierno\/\"},\"author\":{\"name\":\"enequipo\",\"@id\":\"https:\/\/www.sonoraenequipo.com.mx\/#\/schema\/person\/50102df0fb23a8fa9e8effad8fa81386\"},\"headline\":\"Padres de familia piden que adelanten horario escolar de invierno\",\"datePublished\":\"2015-11-17T13:38:22+00:00\",\"dateModified\":\"2015-11-18T13:41:46+00:00\",\"mainEntityOfPage\":{\"@id\":\"https:\/\/www.sonoraenequipo.com.mx\/padres-de-familia-piden-que-adelanten-horario-escolar-de-invierno\/\"},\"wordCount\":266,\"commentCount\":0,\"publisher\":{\"@id\":\"https:\/\/www.sonoraenequipo.com.mx\/#organization\"},\"keywords\":[\"HORARIO DE INVIERNO\",\"INVIERNO\",\"SEC\",\"SOCIEDAD DE PADRES DE FAMILIA DE SONORA\"],\"articleSection\":[\"Municipios\",\"Sin categorizar\"],\"inLanguage\":\"es\",\"potentialAction\":[{\"@type\":\"CommentAction\",\"name\":\"Comment\",\"target\":[\"https:\/\/www.sonoraenequipo.com.mx\/padres-de-familia-piden-que-adelanten-horario-escolar-de-invierno\/#respond\"]}]},{\"@type\":\"WebPage\",\"@id\":\"https:\/\/www.sonoraenequipo.com.mx\/padres-de-familia-piden-que-adelanten-horario-escolar-de-invierno\/\",\"url\":\"https:\/\/www.sonoraenequipo.com.mx\/padres-de-familia-piden-que-adelanten-horario-escolar-de-invierno\/\",\"name\":\"Sonora en Equipo. Padres de familia piden que adelanten horario escolar de invierno\",\"isPartOf\":{\"@id\":\"https:\/\/www.sonoraenequipo.com.mx\/#website\"},\"datePublished\":\"2015-11-17T13:38:22+00:00\",\"dateModified\":\"2015-11-18T13:41:46+00:00\",\"description\":\"17112015.HERMOSILLO, SONORA.MX.\u2014 Debido al registro de las bajas temperaturas, padres de familia solicitan a la Secretar\u00eda de Educaci\u00f3n y Cultura se En Sonora en Equipo publicamos toda la informaci\u00f3n de Sonora, M\u00e9xico y el Mundo de manera oportuna y busca que la libertad de expresi\u00f3n sea real. Visita nuestro medio informativo publicado desde Hermosillo, Sonora. %\",\"breadcrumb\":{\"@id\":\"https:\/\/www.sonoraenequipo.com.mx\/padres-de-familia-piden-que-adelanten-horario-escolar-de-invierno\/#breadcrumb\"},\"inLanguage\":\"es\",\"potentialAction\":[{\"@type\":\"ReadAction\",\"target\":[\"https:\/\/www.sonoraenequipo.com.mx\/padres-de-familia-piden-que-adelanten-horario-escolar-de-invierno\/\"]}]},{\"@type\":\"BreadcrumbList\",\"@id\":\"https:\/\/www.sonoraenequipo.com.mx\/padres-de-familia-piden-que-adelanten-horario-escolar-de-invierno\/#breadcrumb\",\"itemListElement\":[{\"@type\":\"ListItem\",\"position\":1,\"name\":\"Portada\",\"item\":\"https:\/\/www.sonoraenequipo.com.mx\/\"},{\"@type\":\"ListItem\",\"position\":2,\"name\":\"Padres de familia piden que adelanten horario escolar de invierno\"}]},{\"@type\":\"WebSite\",\"@id\":\"https:\/\/www.sonoraenequipo.com.mx\/#website\",\"url\":\"https:\/\/www.sonoraenequipo.com.mx\/\",\"name\":\"Sonora en Equipo.\",\"description\":\"Diario en l\u00ednea con Noticias desde Hermosillo, Sonora\",\"publisher\":{\"@id\":\"https:\/\/www.sonoraenequipo.com.mx\/#organization\"},\"potentialAction\":[{\"@type\":\"SearchAction\",\"target\":{\"@type\":\"EntryPoint\",\"urlTemplate\":\"https:\/\/www.sonoraenequipo.com.mx\/?s={search_term_string}\"},\"query-input\":{\"@type\":\"PropertyValueSpecification\",\"valueRequired\":true,\"valueName\":\"search_term_string\"}}],\"inLanguage\":\"es\"},{\"@type\":\"Organization\",\"@id\":\"https:\/\/www.sonoraenequipo.com.mx\/#organization\",\"name\":\"Sonoraenequipo.com.mx\",\"url\":\"https:\/\/www.sonoraenequipo.com.mx\/\",\"logo\":{\"@type\":\"ImageObject\",\"inLanguage\":\"es\",\"@id\":\"https:\/\/www.sonoraenequipo.com.mx\/#\/schema\/logo\/image\/\",\"url\":\"https:\/\/www.sonoraenequipo.com.mx\/storage\/2019\/01\/sonoraenequipo_opt.png\",\"contentUrl\":\"https:\/\/www.sonoraenequipo.com.mx\/storage\/2019\/01\/sonoraenequipo_opt.png\",\"width\":375,\"height\":125,\"caption\":\"Sonoraenequipo.com.mx\"},\"image\":{\"@id\":\"https:\/\/www.sonoraenequipo.com.mx\/#\/schema\/logo\/image\/\"},\"sameAs\":[\"https:\/\/www.facebook.com\/SonoraEE\/\",\"https:\/\/x.com\/sonoraenequipo\",\"https:\/\/www.youtube.com\/channel\/UC338nW-lPEYmJQs4ZABQ1SQ\"]},{\"@type\":\"Person\",\"@id\":\"https:\/\/www.sonoraenequipo.com.mx\/#\/schema\/person\/50102df0fb23a8fa9e8effad8fa81386\",\"name\":\"enequipo\",\"image\":{\"@type\":\"ImageObject\",\"inLanguage\":\"es\",\"@id\":\"https:\/\/www.sonoraenequipo.com.mx\/#\/schema\/person\/image\/\",\"url\":\"https:\/\/secure.gravatar.com\/avatar\/049821681b589dabc0bc20695993ccebb09f5b5d4d790cd9251b97faac7c652b?s=96&d=blank&r=g\",\"contentUrl\":\"https:\/\/secure.gravatar.com\/avatar\/049821681b589dabc0bc20695993ccebb09f5b5d4d790cd9251b97faac7c652b?s=96&d=blank&r=g\",\"caption\":\"enequipo\"},\"sameAs\":[\"https:\/\/www.facebook.com\/SonoraEE\"]}]}<\/script>\n ","yoast_head_json":{"title":"Sonora en Equipo. Padres de familia piden que adelanten horario escolar de invierno","description":"17112015.HERMOSILLO, SONORA.MX.\u2014 Debido al registro de las bajas temperaturas, padres de familia solicitan a la Secretar\u00eda de Educaci\u00f3n y Cultura se En Sonora en Equipo publicamos toda la informaci\u00f3n de Sonora, M\u00e9xico y el Mundo de manera oportuna y busca que la libertad de expresi\u00f3n sea real. Visita nuestro medio informativo publicado desde Hermosillo, Sonora. %","robots":{"index":"index","follow":"follow","max-snippet":"max-snippet:-1","max-image-preview":"max-image-preview:large","max-video-preview":"max-video-preview:-1"},"canonical":"https:\/\/www.sonoraenequipo.com.mx\/padres-de-familia-piden-que-adelanten-horario-escolar-de-invierno\/","og_locale":"es_ES","og_type":"article","og_title":"Sonora en Equipo. Padres de familia piden que adelanten horario escolar de invierno","og_description":"17112015.HERMOSILLO, SONORA.MX.\u2014 Debido al registro de las bajas temperaturas, padres de familia solicitan a la Secretar\u00eda de Educaci\u00f3n y Cultura se En Sonora en Equipo publicamos toda la informaci\u00f3n de Sonora, M\u00e9xico y el Mundo de manera oportuna y busca que la libertad de expresi\u00f3n sea real. Visita nuestro medio informativo publicado desde Hermosillo, Sonora. %","og_url":"https:\/\/www.sonoraenequipo.com.mx\/padres-de-familia-piden-que-adelanten-horario-escolar-de-invierno\/","og_site_name":"Sonora en Equipo.","article_publisher":"https:\/\/www.facebook.com\/SonoraEE\/","article_author":"https:\/\/www.facebook.com\/SonoraEE","article_published_time":"2015-11-17T13:38:22+00:00","article_modified_time":"2015-11-18T13:41:46+00:00","author":"enequipo","twitter_card":"summary_large_image","twitter_creator":"@sonoraenequipo","twitter_site":"@sonoraenequipo","twitter_misc":{"Escrito por":"enequipo","Tiempo de lectura":"1 minuto"},"schema":{"@context":"https:\/\/schema.org","@graph":[{"@type":"Article","@id":"https:\/\/www.sonoraenequipo.com.mx\/padres-de-familia-piden-que-adelanten-horario-escolar-de-invierno\/#article","isPartOf":{"@id":"https:\/\/www.sonoraenequipo.com.mx\/padres-de-familia-piden-que-adelanten-horario-escolar-de-invierno\/"},"author":{"name":"enequipo","@id":"https:\/\/www.sonoraenequipo.com.mx\/#\/schema\/person\/50102df0fb23a8fa9e8effad8fa81386"},"headline":"Padres de familia piden que adelanten horario escolar de invierno","datePublished":"2015-11-17T13:38:22+00:00","dateModified":"2015-11-18T13:41:46+00:00","mainEntityOfPage":{"@id":"https:\/\/www.sonoraenequipo.com.mx\/padres-de-familia-piden-que-adelanten-horario-escolar-de-invierno\/"},"wordCount":266,"commentCount":0,"publisher":{"@id":"https:\/\/www.sonoraenequipo.com.mx\/#organization"},"keywords":["HORARIO DE INVIERNO","INVIERNO","SEC","SOCIEDAD DE PADRES DE FAMILIA DE SONORA"],"articleSection":["Municipios","Sin categorizar"],"inLanguage":"es","potentialAction":[{"@type":"CommentAction","name":"Comment","target":["https:\/\/www.sonoraenequipo.com.mx\/padres-de-familia-piden-que-adelanten-horario-escolar-de-invierno\/#respond"]}]},{"@type":"WebPage","@id":"https:\/\/www.sonoraenequipo.com.mx\/padres-de-familia-piden-que-adelanten-horario-escolar-de-invierno\/","url":"https:\/\/www.sonoraenequipo.com.mx\/padres-de-familia-piden-que-adelanten-horario-escolar-de-invierno\/","name":"Sonora en Equipo. Padres de familia piden que adelanten horario escolar de invierno","isPartOf":{"@id":"https:\/\/www.sonoraenequipo.com.mx\/#website"},"datePublished":"2015-11-17T13:38:22+00:00","dateModified":"2015-11-18T13:41:46+00:00","description":"17112015.HERMOSILLO, SONORA.MX.\u2014 Debido al registro de las bajas temperaturas, padres de familia solicitan a la Secretar\u00eda de Educaci\u00f3n y Cultura se En Sonora en Equipo publicamos toda la informaci\u00f3n de Sonora, M\u00e9xico y el Mundo de manera oportuna y busca que la libertad de expresi\u00f3n sea real. Visita nuestro medio informativo publicado desde Hermosillo, Sonora. %","breadcrumb":{"@id":"https:\/\/www.sonoraenequipo.com.mx\/padres-de-familia-piden-que-adelanten-horario-escolar-de-invierno\/#breadcrumb"},"inLanguage":"es","potentialAction":[{"@type":"ReadAction","target":["https:\/\/www.sonoraenequipo.com.mx\/padres-de-familia-piden-que-adelanten-horario-escolar-de-invierno\/"]}]},{"@type":"BreadcrumbList","@id":"https:\/\/www.sonoraenequipo.com.mx\/padres-de-familia-piden-que-adelanten-horario-escolar-de-invierno\/#breadcrumb","itemListElement":[{"@type":"ListItem","position":1,"name":"Portada","item":"https:\/\/www.sonoraenequipo.com.mx\/"},{"@type":"ListItem","position":2,"name":"Padres de familia piden que adelanten horario escolar de invierno"}]},{"@type":"WebSite","@id":"https:\/\/www.sonoraenequipo.com.mx\/#website","url":"https:\/\/www.sonoraenequipo.com.mx\/","name":"Sonora en Equipo.","description":"Diario en l\u00ednea con Noticias desde Hermosillo, Sonora","publisher":{"@id":"https:\/\/www.sonoraenequipo.com.mx\/#organization"},"potentialAction":[{"@type":"SearchAction","target":{"@type":"EntryPoint","urlTemplate":"https:\/\/www.sonoraenequipo.com.mx\/?s={search_term_string}"},"query-input":{"@type":"PropertyValueSpecification","valueRequired":true,"valueName":"search_term_string"}}],"inLanguage":"es"},{"@type":"Organization","@id":"https:\/\/www.sonoraenequipo.com.mx\/#organization","name":"Sonoraenequipo.com.mx","url":"https:\/\/www.sonoraenequipo.com.mx\/","logo":{"@type":"ImageObject","inLanguage":"es","@id":"https:\/\/www.sonoraenequipo.com.mx\/#\/schema\/logo\/image\/","url":"https:\/\/www.sonoraenequipo.com.mx\/storage\/2019\/01\/sonoraenequipo_opt.png","contentUrl":"https:\/\/www.sonoraenequipo.com.mx\/storage\/2019\/01\/sonoraenequipo_opt.png","width":375,"height":125,"caption":"Sonoraenequipo.com.mx"},"image":{"@id":"https:\/\/www.sonoraenequipo.com.mx\/#\/schema\/logo\/image\/"},"sameAs":["https:\/\/www.facebook.com\/SonoraEE\/","https:\/\/x.com\/sonoraenequipo","https:\/\/www.youtube.com\/channel\/UC338nW-lPEYmJQs4ZABQ1SQ"]},{"@type":"Person","@id":"https:\/\/www.sonoraenequipo.com.mx\/#\/schema\/person\/50102df0fb23a8fa9e8effad8fa81386","name":"enequipo","image":{"@type":"ImageObject","inLanguage":"es","@id":"https:\/\/www.sonoraenequipo.com.mx\/#\/schema\/person\/image\/","url":"https:\/\/secure.gravatar.com\/avatar\/049821681b589dabc0bc20695993ccebb09f5b5d4d790cd9251b97faac7c652b?s=96&d=blank&r=g","contentUrl":"https:\/\/secure.gravatar.com\/avatar\/049821681b589dabc0bc20695993ccebb09f5b5d4d790cd9251b97faac7c652b?s=96&d=blank&r=g","caption":"enequipo"},"sameAs":["https:\/\/www.facebook.com\/SonoraEE"]}]}},"jetpack_featured_media_url":"","_links":{"self":[{"href":"https:\/\/www.sonoraenequipo.com.mx\/api\/wp\/v2\/posts\/994","targetHints":{"allow":["GET"]}}],"collection":[{"href":"https:\/\/www.sonoraenequipo.com.mx\/api\/wp\/v2\/posts"}],"about":[{"href":"https:\/\/www.sonoraenequipo.com.mx\/api\/wp\/v2\/types\/post"}],"author":[{"embeddable":true,"href":"https:\/\/www.sonoraenequipo.com.mx\/api\/wp\/v2\/users\/1"}],"replies":[{"embeddable":true,"href":"https:\/\/www.sonoraenequipo.com.mx\/api\/wp\/v2\/comments?post=994"}],"version-history":[{"count":0,"href":"https:\/\/www.sonoraenequipo.com.mx\/api\/wp\/v2\/posts\/994\/revisions"}],"wp:attachment":[{"href":"https:\/\/www.sonoraenequipo.com.mx\/api\/wp\/v2\/media?parent=994"}],"wp:term":[{"taxonomy":"category","embeddable":true,"href":"https:\/\/www.sonoraenequipo.com.mx\/api\/wp\/v2\/categories?post=994"},{"taxonomy":"post_tag","embeddable":true,"href":"https:\/\/www.sonoraenequipo.com.mx\/api\/wp\/v2\/tags?post=994"}],"curies":[{"name":"wp","href":"https:\/\/api.w.org\/{rel}","templated":true}]}}